{"id":2890,"date":"2026-04-25T11:15:56","date_gmt":"2026-04-25T09:15:56","guid":{"rendered":"https:\/\/nisacar.ch\/?p=2890"},"modified":"2026-04-02T11:19:40","modified_gmt":"2026-04-02T09:19:40","slug":"frontscheibe-beschaedigt-in-emmen-reparieren-oder-ersetzen","status":"publish","type":"post","link":"https:\/\/nisacar.ch\/it\/frontscheibe-beschaedigt-in-emmen-reparieren-oder-ersetzen\/","title":{"rendered":"Frontscheibe besch\u00e4digt in Emmen \u2013 reparieren oder ersetzen?"},"content":{"rendered":"\n<p class=\"\">Eine besch\u00e4digte Frontscheibe ist etwas, das viele Autofahrer zun\u00e4chst herunterspielen. Ein kleiner Steinschlag, ein feiner Riss oder eine auff\u00e4llige Stelle im Glas wirkt im ersten Moment oft nicht dramatisch. Gerade wenn das Auto noch normal fahrbar ist und die Sicht scheinbar nicht direkt eingeschr\u00e4nkt wirkt, wird das Thema schnell auf sp\u00e4ter verschoben. Genau das ist jedoch oft der Moment, in dem aus einem kleinen Glasschaden ein deutlich gr\u00f6sseres Problem wird.<\/p>\n\n\n\n<p class=\"\">Die Frontscheibe ist im Alltag permanent Belastungen ausgesetzt. Temperaturunterschiede, Schlagl\u00f6cher, Vibrationen, Regen, K\u00e4lte und direkte Sonneneinstrahlung wirken auf das Glas ein. In Emmen und Umgebung, wo Fahrzeuge t\u00e4glich im normalen Pendelverkehr, auf Landstrassen und auf der Autobahn genutzt werden, kann sich ein zun\u00e4chst kleiner Schaden deshalb schneller verschlechtern, als viele erwarten. Was heute noch punktuell wirkt, kann morgen schon deutlich gr\u00f6sser sein.<\/p>\n\n\n\n<p class=\"\">In diesem Beitrag erfahren Sie, worauf es ankommt, wenn die <strong>Frontscheibe besch\u00e4digt Emmen<\/strong> ist, wann eine Reparatur noch ausreicht und wann ein Austausch die bessere oder notwendige L\u00f6sung wird. Weitere hilfreiche Themen finden Sie auch auf unserer <a href=\"https:\/\/nisacar.ch\/blog\/\">Blog-\u00dcbersicht<\/a>.<\/p>\n\n\n\n<h2 class=\"wp-block-heading\">Warum die Frontscheibe so wichtig ist<\/h2>\n\n\n\n<p class=\"\">Viele betrachten die Frontscheibe nur als Glasfl\u00e4che, die Wind und Wetter abh\u00e4lt. Tats\u00e4chlich ist sie aber ein sicherheitsrelevanter Teil des Fahrzeugs. Sie sorgt nicht nur f\u00fcr klare Sicht, sondern tr\u00e4gt auch zur Stabilit\u00e4t der Karosserie bei. Zudem spielt sie bei modernen Fahrzeugen h\u00e4ufig eine Rolle f\u00fcr Sensorik, Kameras und Fahrerassistenzsysteme.<\/p>\n\n\n\n<p class=\"\">Das bedeutet: Ein Schaden an der Frontscheibe ist nie nur ein optisches Thema. Selbst wenn die Besch\u00e4digung klein wirkt, kann sie die Struktur des Glases beeintr\u00e4chtigen oder bei ung\u00fcnstigen Lichtverh\u00e4ltnissen die Sicht st\u00f6render machen, als zun\u00e4chst gedacht. Genau deshalb sollte man Glassch\u00e4den nicht als nebens\u00e4chliche Kleinigkeit behandeln.<\/p>\n\n\n\n<p class=\"\">Eine intakte Frontscheibe geh\u00f6rt zu den Grundlagen eines sicheren und ruhigen Fahrgef\u00fchls.<\/p>\n\n\n\n<h2 class=\"wp-block-heading\">Welche Sch\u00e4den an der Frontscheibe h\u00e4ufig vorkommen<\/h2>\n\n\n\n<p class=\"\">Die meisten Besch\u00e4digungen entstehen im normalen Fahralltag. Besonders h\u00e4ufig sind kleine Steinschl\u00e4ge durch aufgewirbelte Steinchen anderer Fahrzeuge. Diese treten oft auf Autobahnen, Landstrassen oder in Baustellenbereichen auf. Daneben gibt es Risse, die sich aus einem bestehenden Schaden entwickeln, oder punktuelle Besch\u00e4digungen, die zun\u00e4chst klein bleiben, aber strukturell bereits problematisch sein k\u00f6nnen.<\/p>\n\n\n\n<p class=\"\">Typische Sch\u00e4den sind:<\/p>\n\n\n\n<ul class=\"wp-block-list\">\n<li class=\"\">kleine Steinschl\u00e4ge,<\/li>\n\n\n\n<li class=\"\">punktuelle Einschl\u00e4ge im Glas,<\/li>\n\n\n\n<li class=\"\">feine oder l\u00e4ngere Risse,<\/li>\n\n\n\n<li class=\"\">Besch\u00e4digungen nahe am Scheibenrand,<\/li>\n\n\n\n<li class=\"\">Sch\u00e4den im Sichtbereich des Fahrers.<\/li>\n<\/ul>\n\n\n\n<p class=\"\">Nicht jeder dieser Sch\u00e4den f\u00fchrt automatisch zum Austausch. Aber jeder einzelne verdient Aufmerksamkeit und eine fachliche Einsch\u00e4tzung.<\/p>\n\n\n\n<h2 class=\"wp-block-heading\">Wann eine Reparatur noch m\u00f6glich ist<\/h2>\n\n\n\n<p class=\"\">Eine Reparatur kommt vor allem dann infrage, wenn der Schaden klein, lokal begrenzt und noch nicht kritisch gelegen ist. Gerade bei frischen Steinschl\u00e4gen besteht oft noch eine gute Chance, dass keine neue Scheibe n\u00f6tig ist. Voraussetzung ist jedoch, dass sich der Schaden noch nicht weiterentwickelt hat.<\/p>\n\n\n\n<p class=\"\">Eine Reparatur ist meist dann m\u00f6glich, wenn:<\/p>\n\n\n\n<ul class=\"wp-block-list\">\n<li class=\"\">der Schaden klein und punktuell ist,<\/li>\n\n\n\n<li class=\"\">noch kein l\u00e4ngerer Riss entstanden ist,<\/li>\n\n\n\n<li class=\"\">die Besch\u00e4digung nicht direkt im Sichtfeld liegt,<\/li>\n\n\n\n<li class=\"\">der Randbereich der Scheibe nicht betroffen ist.<\/li>\n<\/ul>\n\n\n\n<p class=\"\">Genau deshalb lohnt sich schnelles Handeln. Wer einen frischen Steinschlag fr\u00fch pr\u00fcfen l\u00e4sst, erh\u00f6ht die Chance deutlich, dass eine Reparatur noch ausreicht. Passend dazu lesen Sie auch <a href=\"https:\/\/nisacar.ch\/it\/steinschlag-reparieren-emmen-rothenburg\/\">Steinschlag reparieren in Emmen und Rothenburg \u2013 wann reicht eine Reparatur?<\/a>.<\/p>\n\n\n\n<h2 class=\"wp-block-heading\">Wann ein Austausch die bessere L\u00f6sung ist<\/h2>\n\n\n\n<p class=\"\">Ein Austausch wird notwendig, wenn eine Reparatur die Sicht, Stabilit\u00e4t oder Sicherheit nicht mehr zuverl\u00e4ssig gew\u00e4hrleisten kann. Das ist vor allem bei Rissen, gr\u00f6sseren Sch\u00e4den oder ung\u00fcnstiger Lage der Fall. In solchen F\u00e4llen geht es nicht mehr darum, den Schaden optisch zu verbessern, sondern darum, die volle Funktion des Fahrzeugs wiederherzustellen.<\/p>\n\n\n\n<p class=\"\">Ein Ersatz der Scheibe ist meist sinnvoll oder notwendig, wenn:<\/p>\n\n\n\n<ul class=\"wp-block-list\">\n<li class=\"\">ein Riss vorhanden ist,<\/li>\n\n\n\n<li class=\"\">der Schaden im direkten Sichtbereich liegt,<\/li>\n\n\n\n<li class=\"\">der Randbereich der Scheibe betroffen ist,<\/li>\n\n\n\n<li class=\"\">mehrere Sch\u00e4den vorhanden sind,<\/li>\n\n\n\n<li class=\"\">die Besch\u00e4digung sich bereits weiterentwickelt hat.<\/li>\n<\/ul>\n\n\n\n<p class=\"\">Gerade bei einer bereits ausgedehnten oder strukturell kritischen Besch\u00e4digung sollte nicht zu lange gewartet werden. Ein intakter Zustand der Frontscheibe ist im Alltag schlicht zu wichtig.<\/p>\n\n\n\n<h2 class=\"wp-block-heading\">Warum die Lage des Schadens entscheidend ist<\/h2>\n\n\n\n<p class=\"\">Bei Glassch\u00e4den geht es nicht nur um die Gr\u00f6sse, sondern sehr stark auch um die Position. Ein kleiner Schaden kann an einer unkritischen Stelle noch gut reparierbar sein, w\u00e4hrend eine \u00e4hnliche Besch\u00e4digung an anderer Position bereits problematisch ist.<\/p>\n\n\n\n<p class=\"\">Besonders sensibel sind der direkte Sichtbereich des Fahrers und der Randbereich der Scheibe. Im Sichtfeld k\u00f6nnen Lichtreflexe, Verzerrungen oder optische Unruhe st\u00f6rend wirken. Am Rand ist die Scheibenstruktur besonders wichtig, und Sch\u00e4den in diesem Bereich neigen oft eher dazu, sich weiter auszudehnen.<\/p>\n\n\n\n<p class=\"\">Genau deshalb sollte eine besch\u00e4digte Frontscheibe nie nur nach dem Motto beurteilt werden: \u201eSo gross ist es doch gar nicht.\u201c Die Position ist oft genauso entscheidend wie die Ausdehnung.<\/p>\n\n\n\n<h2 class=\"wp-block-heading\">Warum Risse fast immer ein klares Zeichen sind<\/h2>\n\n\n\n<p class=\"\">Sobald aus einem kleinen Steinschlag ein Riss geworden ist, ver\u00e4ndert sich die Einsch\u00e4tzung meist deutlich. Ein Riss bedeutet in der Regel, dass die Struktur des Glases bereits st\u00e4rker betroffen ist. Das Risiko einer weiteren Ausdehnung steigt, und die Wahrscheinlichkeit, dass eine einfache Reparatur noch sinnvoll ist, sinkt deutlich.<\/p>\n\n\n\n<p class=\"\">Im Alltag kann sich ein Riss schnell verl\u00e4ngern. Schon normale Ersch\u00fctterungen, starke Sonneneinstrahlung oder Temperaturwechsel zwischen Aussenluft und Innenraum reichen daf\u00fcr manchmal aus. Genau deshalb sollte man mit einem Riss nicht weiter warten, nur weil das Fahrzeug scheinbar noch normal f\u00e4hrt.<\/p>\n\n\n\n<p class=\"\">Wenn dieses Thema bei Ihnen bereits konkret ist, lesen Sie auch <a href=\"https:\/\/nisacar.ch\/it\/riss-in-der-frontscheibe-kriens-malters\/\">Was tun bei einem Riss in der Frontscheibe in Kriens und Malters?<\/a>.<\/p>\n\n\n\n<h2 class=\"wp-block-heading\">Frontscheibe besch\u00e4digt in Emmen \u2013 warum schnelles Handeln sinnvoll ist<\/h2>\n\n\n\n<p class=\"\">Viele Autofahrer hoffen, dass ein kleiner Schaden erstmal so bleibt. Diese Hoffnung ist verst\u00e4ndlich, aber selten eine gute Strategie. Wer fr\u00fch reagiert, hat bessere Chancen auf eine einfache L\u00f6sung und mehr Klarheit dar\u00fcber, wie dringend gehandelt werden sollte.<\/p>\n\n\n\n<p class=\"\">Auch wenn sich am Ende herausstellt, dass ein Austausch n\u00f6tig ist, ist eine fr\u00fche Einsch\u00e4tzung fast immer besser als sp\u00e4tes Reagieren. Denn dann l\u00e4sst sich der n\u00e4chste Schritt geplanter und entspannter umsetzen. Niemand m\u00f6chte pl\u00f6tzlich vor einer deutlich gr\u00f6sseren Besch\u00e4digung stehen, wenn das Auto dringend gebraucht wird.<\/p>\n\n\n\n<p class=\"\">Gerade bei sicherheitsrelevanten Themen ist fr\u00fchzeitige Klarheit immer wertvoller als langes Abwarten.<\/p>\n\n\n\n<h2 class=\"wp-block-heading\">Welche Rolle Wetter und Alltag dabei spielen<\/h2>\n\n\n\n<p class=\"\">Glassch\u00e4den entwickeln sich nicht im luftleeren Raum, sondern unter realen Alltagsbedingungen. K\u00e4lte und Heizung im Winter, starke Hitze im Sommer, Regen, Vibrationen und Bodenunebenheiten beeinflussen die Scheibe laufend. Deshalb kann sich ein Schaden auch dann verschlechtern, wenn man vermeintlich besonders vorsichtig f\u00e4hrt.<\/p>\n\n\n\n<p class=\"\">Besonders t\u00fcckisch ist, dass sich die Entwicklung manchmal nicht langsam, sondern sprunghaft zeigt. Genau deshalb sollte man bei besch\u00e4digter Frontscheibe nicht davon ausgehen, dass der heutige Zustand noch lange stabil bleibt.<\/p>\n\n\n\n<p class=\"\">Wer das Auto t\u00e4glich braucht, profitiert daher besonders von einer fr\u00fchzeitigen Beurteilung.<\/p>\n\n\n\n<h2 class=\"wp-block-heading\">Auch beim Fahrzeugwert ist die Scheibe wichtig<\/h2>\n\n\n\n<p class=\"\">Eine besch\u00e4digte Frontscheibe beeinflusst nicht nur Sicherheit und Sicht, sondern auch den Gesamteindruck des Fahrzeugs. Ein sichtbarer Glasschaden f\u00e4llt sofort auf und l\u00e4sst ein Auto schnell ungepflegt erscheinen. Gerade beim sp\u00e4teren Verkauf ist das ein unn\u00f6tiger Nachteil.<\/p>\n\n\n\n<p class=\"\">Interessenten bewerten sichtbare M\u00e4ngel oft st\u00e4rker, als man denkt. Eine intakte Frontscheibe schafft Vertrauen und tr\u00e4gt dazu bei, dass das Fahrzeug stimmig und ordentlich wirkt. Wenn Sie sich mit dem Verkauf besch\u00e4ftigen, lesen Sie auch <a href=\"https:\/\/nisacar.ch\/it\/auto-verkaufen-ohne-stress-luzern\/\">Auto verkaufen ohne Stress in Luzern \u2013 so bereiten Sie sich richtig vor<\/a> und <a href=\"https:\/\/nisacar.ch\/it\/auto-verkaufen-mit-maengeln-luzern\/\">Auto verkaufen mit M\u00e4ngeln in Luzern \u2013 geht das problemlos?<\/a>.<\/p>\n\n\n\n<p class=\"\">Ein guter Gesamtzustand beginnt oft bei genau den Dingen, die auf den ersten Blick sichtbar sind.<\/p>\n\n\n\n<h2 class=\"wp-block-heading\">Was beim Scheibenwechsel wichtig ist<\/h2>\n\n\n\n<p class=\"\">Wenn ein Austausch notwendig wird, sollte die neue Scheibe fachgerecht eingesetzt werden. Es geht nicht nur darum, besch\u00e4digtes Glas gegen neues Glas zu ersetzen. Entscheidend ist, dass die Scheibe korrekt sitzt, die Dichtigkeit stimmt und die volle Funktion des Fahrzeugs wiederhergestellt wird.<\/p>\n\n\n\n<p class=\"\">Gerade bei modernen Fahrzeugen spielt die Pr\u00e4zision dabei eine wichtige Rolle. Die Frontscheibe ist heute oft enger mit Technik und Fahrkomfort verbunden, als viele erwarten. Genau deshalb sollte ein Scheibenwechsel nie als nebens\u00e4chliche Standardarbeit untersch\u00e4tzt werden.<\/p>\n\n\n\n<p class=\"\">Das Ziel ist immer ein Fahrzeug, das wieder mit klarer Sicht und sicherem Gef\u00fchl genutzt werden kann.<\/p>\n\n\n\n<h2 class=\"wp-block-heading\">Warum regionale Hilfe in Emmen sinnvoll ist<\/h2>\n\n\n\n<p class=\"\">Bei einer besch\u00e4digten Frontscheibe m\u00f6chten die meisten Autofahrer vor allem schnelle und ehrliche Klarheit. Ein regionaler Ansprechpartner ist dabei ein echter Vorteil. Kurze Wege, direkte Einsch\u00e4tzung und pers\u00f6nliche Beratung machen die Situation einfacher und transparenter.<\/p>\n\n\n\n<p class=\"\">Bei NISA Car legen wir Wert auf klare Empfehlungen und nachvollziehbare Einsch\u00e4tzungen. Wir pr\u00fcfen den Glasschaden ehrlich und sagen offen, wann eine Reparatur noch sinnvoll ist und wann ein Austausch die bessere L\u00f6sung darstellt. Mehr zu unseren Angeboten finden Sie auch unter <a href=\"https:\/\/nisacar.ch\/leistungen\/\">Leistungen<\/a> sowie bei unseren aktuellen <a href=\"https:\/\/nisacar.ch\/automobile\/\">Automobilen<\/a>.<\/p>\n\n\n\n<h2 class=\"wp-block-heading\">Fazit: Reparieren, wenn es noch sinnvoll ist \u2013 ersetzen, wenn Sicherheit und Sicht es verlangen<\/h2>\n\n\n\n<p class=\"\"><strong>Frontscheibe besch\u00e4digt Emmen<\/strong> bedeutet nicht automatisch, dass die Scheibe sofort ersetzt werden muss. Kleine, frische Steinschl\u00e4ge k\u00f6nnen in vielen F\u00e4llen noch repariert werden. Sobald jedoch Risse entstehen, der Schaden im Sichtbereich liegt oder die Struktur der Scheibe deutlich beeintr\u00e4chtigt ist, wird ein Austausch oft zur richtigen L\u00f6sung.<\/p>\n\n\n\n<p class=\"\">Wichtig ist vor allem, das Thema nicht auf die lange Bank zu schieben. Je fr\u00fcher ein Glasschaden beurteilt wird, desto besser l\u00e4sst sich entscheiden, welcher Weg sinnvoll ist. Genau das spart oft Aufwand, schafft Klarheit und sorgt f\u00fcr mehr Sicherheit im Alltag.<\/p>\n\n\n\n<p class=\"\">Wenn Ihre Frontscheibe besch\u00e4digt ist und Sie eine ehrliche Einsch\u00e4tzung m\u00f6chten, nehmen Sie gerne <a href=\"https:\/\/nisacar.ch\/kontakt\/\">Kontakt<\/a> mit uns auf. Wir unterst\u00fctzen Sie mit einer transparenten Beurteilung und der passenden L\u00f6sung f\u00fcr Ihr Fahrzeug.<\/p>\n\n\n\n<h2 class=\"wp-block-heading\">Weitere hilfreiche Artikel<\/h2>\n\n\n\n<ul class=\"wp-block-list\">\n<li class=\"\"><a href=\"https:\/\/nisacar.ch\/it\/windschutzscheibe-wechseln-luzern\/\">Windschutzscheibe wechseln in Luzern \u2013 wann ist es wirklich notwendig?<\/a><\/li>\n\n\n\n<li class=\"\"><a href=\"https:\/\/nisacar.ch\/it\/steinschlag-reparieren-emmen-rothenburg\/\">Steinschlag reparieren in Emmen und Rothenburg \u2013 wann reicht eine Reparatur?<\/a><\/li>\n\n\n\n<li class=\"\"><a href=\"https:\/\/nisacar.ch\/it\/windschutzscheibe-wechseln-sursee-sempach\/\">Windschutzscheibe wechseln in Sursee und Sempach \u2013 wann ist ein Austausch n\u00f6tig?<\/a><\/li>\n<\/ul>\n","protected":false},"excerpt":{"rendered":"<p>Eine besch\u00e4digte Frontscheibe ist etwas, das viele Autofahrer zun\u00e4chst herunterspielen. Ein kleiner Steinschlag, ein feiner Riss oder eine auff\u00e4llige Stelle im Glas wirkt im ersten Moment<span class=\"excerpt-hellip\"> [\u2026]<\/span><\/p>\n","protected":false},"author":2,"featured_media":2891,"comment_status":"closed","ping_status":"closed","sticky":false,"template":"","format":"standard","meta":{"_acf_changed":false,"nf_dc_page":"","_jetpack_memberships_contains_paid_content":false,"footnotes":""},"categories":[18],"tags":[230,53,55,229,26],"class_list":["post-2890","post","type-post","status-publish","format-standard","has-post-thumbnail","hentry","category-scheibenservice","tag-autoreparatur","tag-fahrzeugsicherheit","tag-luzern","tag-scheibenaustausch","tag-scheibenreparatur"],"acf":[],"yoast_head":"<!-- This site is optimized with the Yoast SEO plugin v27.5 - https:\/\/yoast.com\/product\/yoast-seo-wordpress\/ -->\n<title>Frontscheibe besch\u00e4digt in Emmen \u2013 reparieren oder ersetzen?<\/title>\n<meta name=\"description\" content=\"Frontscheibe besch\u00e4digt in Emmen: Erfahren Sie, wann eine Reparatur noch m\u00f6glich ist und wann ein Austausch der Scheibe die bessere L\u00f6sung ist.\" \/>\n<meta name=\"robots\" content=\"index, follow, max-snippet:-1, max-image-preview:large, max-video-preview:-1\" \/>\n<link rel=\"canonical\" href=\"https:\/\/nisacar.ch\/it\/frontscheibe-beschaedigt-in-emmen-reparieren-oder-ersetzen\/\" \/>\n<meta property=\"og:locale\" content=\"it_IT\" \/>\n<meta property=\"og:type\" content=\"article\" \/>\n<meta property=\"og:title\" content=\"Frontscheibe besch\u00e4digt in Emmen \u2013 reparieren oder ersetzen?\" \/>\n<meta property=\"og:description\" content=\"Frontscheibe besch\u00e4digt in Emmen: Erfahren Sie, wann eine Reparatur noch m\u00f6glich ist und wann ein Austausch der Scheibe die bessere L\u00f6sung ist.\" \/>\n<meta property=\"og:url\" content=\"https:\/\/nisacar.ch\/it\/frontscheibe-beschaedigt-in-emmen-reparieren-oder-ersetzen\/\" \/>\n<meta property=\"og:site_name\" content=\"NISA Car\" \/>\n<meta property=\"article:publisher\" content=\"https:\/\/www.facebook.com\/nisacar.ch1\" \/>\n<meta property=\"article:published_time\" content=\"2026-04-25T09:15:56+00:00\" \/>\n<meta property=\"og:image\" content=\"https:\/\/i0.wp.com\/nisacar.ch\/wp-content\/uploads\/2026\/04\/Frontscheibe-beschadigt-Emmen-Scheibenservice-Tags-Scheibenreparatur-Scheibenaustausch-Fahrzeugsicherheit-Autoreparatur-Luzern.jpg?fit=1200%2C850&ssl=1\" \/>\n\t<meta property=\"og:image:width\" content=\"1200\" \/>\n\t<meta property=\"og:image:height\" content=\"850\" \/>\n\t<meta property=\"og:image:type\" content=\"image\/jpeg\" \/>\n<meta name=\"author\" content=\"Bojan Atanasov\" \/>\n<meta name=\"twitter:card\" content=\"summary_large_image\" \/>\n<meta name=\"twitter:label1\" content=\"Scritto da\" \/>\n\t<meta name=\"twitter:data1\" content=\"Bojan Atanasov\" \/>\n\t<meta name=\"twitter:label2\" content=\"Tempo di lettura stimato\" \/>\n\t<meta name=\"twitter:data2\" content=\"7 minuti\" \/>\n<script type=\"application\/ld+json\" class=\"yoast-schema-graph\">{\"@context\":\"https:\\\/\\\/schema.org\",\"@graph\":[{\"@type\":\"Article\",\"@id\":\"https:\\\/\\\/nisacar.ch\\\/it\\\/frontscheibe-beschaedigt-in-emmen-reparieren-oder-ersetzen\\\/#article\",\"isPartOf\":{\"@id\":\"https:\\\/\\\/nisacar.ch\\\/it\\\/frontscheibe-beschaedigt-in-emmen-reparieren-oder-ersetzen\\\/\"},\"author\":{\"name\":\"Bojan Atanasov\",\"@id\":\"https:\\\/\\\/nisacar.ch\\\/it\\\/#\\\/schema\\\/person\\\/d92360346fc54e6f3ccb5f67baa14403\"},\"headline\":\"Frontscheibe besch\u00e4digt in Emmen \u2013 reparieren oder ersetzen?\",\"datePublished\":\"2026-04-25T09:15:56+00:00\",\"mainEntityOfPage\":{\"@id\":\"https:\\\/\\\/nisacar.ch\\\/it\\\/frontscheibe-beschaedigt-in-emmen-reparieren-oder-ersetzen\\\/\"},\"wordCount\":1687,\"publisher\":{\"@id\":\"https:\\\/\\\/nisacar.ch\\\/it\\\/#organization\"},\"image\":{\"@id\":\"https:\\\/\\\/nisacar.ch\\\/it\\\/frontscheibe-beschaedigt-in-emmen-reparieren-oder-ersetzen\\\/#primaryimage\"},\"thumbnailUrl\":\"https:\\\/\\\/i0.wp.com\\\/nisacar.ch\\\/wp-content\\\/uploads\\\/2026\\\/04\\\/Frontscheibe-beschadigt-Emmen-Scheibenservice-Tags-Scheibenreparatur-Scheibenaustausch-Fahrzeugsicherheit-Autoreparatur-Luzern.jpg?fit=1200%2C850&ssl=1\",\"keywords\":[\"Autoreparatur\",\"Fahrzeugsicherheit\",\"Luzern\",\"Scheibenaustausch\",\"Scheibenreparatur\"],\"articleSection\":[\"Scheibenservice\"],\"inLanguage\":\"it-IT\"},{\"@type\":\"WebPage\",\"@id\":\"https:\\\/\\\/nisacar.ch\\\/it\\\/frontscheibe-beschaedigt-in-emmen-reparieren-oder-ersetzen\\\/\",\"url\":\"https:\\\/\\\/nisacar.ch\\\/it\\\/frontscheibe-beschaedigt-in-emmen-reparieren-oder-ersetzen\\\/\",\"name\":\"Frontscheibe besch\u00e4digt in Emmen \u2013 reparieren oder ersetzen?\",\"isPartOf\":{\"@id\":\"https:\\\/\\\/nisacar.ch\\\/it\\\/#website\"},\"primaryImageOfPage\":{\"@id\":\"https:\\\/\\\/nisacar.ch\\\/it\\\/frontscheibe-beschaedigt-in-emmen-reparieren-oder-ersetzen\\\/#primaryimage\"},\"image\":{\"@id\":\"https:\\\/\\\/nisacar.ch\\\/it\\\/frontscheibe-beschaedigt-in-emmen-reparieren-oder-ersetzen\\\/#primaryimage\"},\"thumbnailUrl\":\"https:\\\/\\\/i0.wp.com\\\/nisacar.ch\\\/wp-content\\\/uploads\\\/2026\\\/04\\\/Frontscheibe-beschadigt-Emmen-Scheibenservice-Tags-Scheibenreparatur-Scheibenaustausch-Fahrzeugsicherheit-Autoreparatur-Luzern.jpg?fit=1200%2C850&ssl=1\",\"datePublished\":\"2026-04-25T09:15:56+00:00\",\"description\":\"Frontscheibe besch\u00e4digt in Emmen: Erfahren Sie, wann eine Reparatur noch m\u00f6glich ist und wann ein Austausch der Scheibe die bessere L\u00f6sung ist.\",\"breadcrumb\":{\"@id\":\"https:\\\/\\\/nisacar.ch\\\/it\\\/frontscheibe-beschaedigt-in-emmen-reparieren-oder-ersetzen\\\/#breadcrumb\"},\"inLanguage\":\"it-IT\",\"potentialAction\":[{\"@type\":\"ReadAction\",\"target\":[\"https:\\\/\\\/nisacar.ch\\\/it\\\/frontscheibe-beschaedigt-in-emmen-reparieren-oder-ersetzen\\\/\"]}]},{\"@type\":\"ImageObject\",\"inLanguage\":\"it-IT\",\"@id\":\"https:\\\/\\\/nisacar.ch\\\/it\\\/frontscheibe-beschaedigt-in-emmen-reparieren-oder-ersetzen\\\/#primaryimage\",\"url\":\"https:\\\/\\\/i0.wp.com\\\/nisacar.ch\\\/wp-content\\\/uploads\\\/2026\\\/04\\\/Frontscheibe-beschadigt-Emmen-Scheibenservice-Tags-Scheibenreparatur-Scheibenaustausch-Fahrzeugsicherheit-Autoreparatur-Luzern.jpg?fit=1200%2C850&ssl=1\",\"contentUrl\":\"https:\\\/\\\/i0.wp.com\\\/nisacar.ch\\\/wp-content\\\/uploads\\\/2026\\\/04\\\/Frontscheibe-beschadigt-Emmen-Scheibenservice-Tags-Scheibenreparatur-Scheibenaustausch-Fahrzeugsicherheit-Autoreparatur-Luzern.jpg?fit=1200%2C850&ssl=1\",\"width\":1200,\"height\":850,\"caption\":\"Frontscheibe besch\u00e4digt Emmen Scheibenservice Tags Scheibenreparatur, Scheibenaustausch, Fahrzeugsicherheit, Autoreparatur, Luzern\"},{\"@type\":\"BreadcrumbList\",\"@id\":\"https:\\\/\\\/nisacar.ch\\\/it\\\/frontscheibe-beschaedigt-in-emmen-reparieren-oder-ersetzen\\\/#breadcrumb\",\"itemListElement\":[{\"@type\":\"ListItem\",\"position\":1,\"name\":\"Home\",\"item\":\"https:\\\/\\\/nisacar.ch\\\/it\\\/\"},{\"@type\":\"ListItem\",\"position\":2,\"name\":\"Frontscheibe besch\u00e4digt in Emmen \u2013 reparieren oder ersetzen?\"}]},{\"@type\":\"WebSite\",\"@id\":\"https:\\\/\\\/nisacar.ch\\\/it\\\/#website\",\"url\":\"https:\\\/\\\/nisacar.ch\\\/it\\\/\",\"name\":\"NISA Car\",\"description\":\"Perfekte Pflege. Faire Preise. Schweizer Qualit\u00e4t.\",\"publisher\":{\"@id\":\"https:\\\/\\\/nisacar.ch\\\/it\\\/#organization\"},\"potentialAction\":[{\"@type\":\"SearchAction\",\"target\":{\"@type\":\"EntryPoint\",\"urlTemplate\":\"https:\\\/\\\/nisacar.ch\\\/it\\\/?s={search_term_string}\"},\"query-input\":{\"@type\":\"PropertyValueSpecification\",\"valueRequired\":true,\"valueName\":\"search_term_string\"}}],\"inLanguage\":\"it-IT\"},{\"@type\":\"Organization\",\"@id\":\"https:\\\/\\\/nisacar.ch\\\/it\\\/#organization\",\"name\":\"NISA Car Angelov\",\"url\":\"https:\\\/\\\/nisacar.ch\\\/it\\\/\",\"logo\":{\"@type\":\"ImageObject\",\"inLanguage\":\"it-IT\",\"@id\":\"https:\\\/\\\/nisacar.ch\\\/it\\\/#\\\/schema\\\/logo\\\/image\\\/\",\"url\":\"https:\\\/\\\/i0.wp.com\\\/nisacar.ch\\\/wp-content\\\/uploads\\\/2025\\\/10\\\/cropped-za_autoscout-removebg-preview-Copy.png?fit=420%2C150&ssl=1\",\"contentUrl\":\"https:\\\/\\\/i0.wp.com\\\/nisacar.ch\\\/wp-content\\\/uploads\\\/2025\\\/10\\\/cropped-za_autoscout-removebg-preview-Copy.png?fit=420%2C150&ssl=1\",\"width\":420,\"height\":150,\"caption\":\"NISA Car Angelov\"},\"image\":{\"@id\":\"https:\\\/\\\/nisacar.ch\\\/it\\\/#\\\/schema\\\/logo\\\/image\\\/\"},\"sameAs\":[\"https:\\\/\\\/www.facebook.com\\\/nisacar.ch1\",\"https:\\\/\\\/www.instagram.com\\\/nisacar_ch\\\/\"]},{\"@type\":\"Person\",\"@id\":\"https:\\\/\\\/nisacar.ch\\\/it\\\/#\\\/schema\\\/person\\\/d92360346fc54e6f3ccb5f67baa14403\",\"name\":\"Bojan Atanasov\",\"image\":{\"@type\":\"ImageObject\",\"inLanguage\":\"it-IT\",\"@id\":\"https:\\\/\\\/secure.gravatar.com\\\/avatar\\\/2bed02e9a515199a35221b37b3e7871dfba34ba0309d41356bb19e8e3795914d?s=96&d=mm&r=g\",\"url\":\"https:\\\/\\\/secure.gravatar.com\\\/avatar\\\/2bed02e9a515199a35221b37b3e7871dfba34ba0309d41356bb19e8e3795914d?s=96&d=mm&r=g\",\"contentUrl\":\"https:\\\/\\\/secure.gravatar.com\\\/avatar\\\/2bed02e9a515199a35221b37b3e7871dfba34ba0309d41356bb19e8e3795914d?s=96&d=mm&r=g\",\"caption\":\"Bojan Atanasov\"},\"sameAs\":[\"https:\\\/\\\/lumovo.ch\"],\"url\":\"https:\\\/\\\/nisacar.ch\\\/it\\\/author\\\/atanasov1995\\\/\"}]}<\/script>\n<!-- \/ Yoast SEO plugin. -->","yoast_head_json":{"title":"Frontscheibe besch\u00e4digt in Emmen \u2013 reparieren oder ersetzen?","description":"Frontscheibe besch\u00e4digt in Emmen: Erfahren Sie, wann eine Reparatur noch m\u00f6glich ist und wann ein Austausch der Scheibe die bessere L\u00f6sung ist.","robots":{"index":"index","follow":"follow","max-snippet":"max-snippet:-1","max-image-preview":"max-image-preview:large","max-video-preview":"max-video-preview:-1"},"canonical":"https:\/\/nisacar.ch\/it\/frontscheibe-beschaedigt-in-emmen-reparieren-oder-ersetzen\/","og_locale":"it_IT","og_type":"article","og_title":"Frontscheibe besch\u00e4digt in Emmen \u2013 reparieren oder ersetzen?","og_description":"Frontscheibe besch\u00e4digt in Emmen: Erfahren Sie, wann eine Reparatur noch m\u00f6glich ist und wann ein Austausch der Scheibe die bessere L\u00f6sung ist.","og_url":"https:\/\/nisacar.ch\/it\/frontscheibe-beschaedigt-in-emmen-reparieren-oder-ersetzen\/","og_site_name":"NISA Car","article_publisher":"https:\/\/www.facebook.com\/nisacar.ch1","article_published_time":"2026-04-25T09:15:56+00:00","og_image":[{"width":1200,"height":850,"url":"https:\/\/i0.wp.com\/nisacar.ch\/wp-content\/uploads\/2026\/04\/Frontscheibe-beschadigt-Emmen-Scheibenservice-Tags-Scheibenreparatur-Scheibenaustausch-Fahrzeugsicherheit-Autoreparatur-Luzern.jpg?fit=1200%2C850&ssl=1","type":"image\/jpeg"}],"author":"Bojan Atanasov","twitter_card":"summary_large_image","twitter_misc":{"Scritto da":"Bojan Atanasov","Tempo di lettura stimato":"7 minuti"},"schema":{"@context":"https:\/\/schema.org","@graph":[{"@type":"Article","@id":"https:\/\/nisacar.ch\/it\/frontscheibe-beschaedigt-in-emmen-reparieren-oder-ersetzen\/#article","isPartOf":{"@id":"https:\/\/nisacar.ch\/it\/frontscheibe-beschaedigt-in-emmen-reparieren-oder-ersetzen\/"},"author":{"name":"Bojan Atanasov","@id":"https:\/\/nisacar.ch\/it\/#\/schema\/person\/d92360346fc54e6f3ccb5f67baa14403"},"headline":"Frontscheibe besch\u00e4digt in Emmen \u2013 reparieren oder ersetzen?","datePublished":"2026-04-25T09:15:56+00:00","mainEntityOfPage":{"@id":"https:\/\/nisacar.ch\/it\/frontscheibe-beschaedigt-in-emmen-reparieren-oder-ersetzen\/"},"wordCount":1687,"publisher":{"@id":"https:\/\/nisacar.ch\/it\/#organization"},"image":{"@id":"https:\/\/nisacar.ch\/it\/frontscheibe-beschaedigt-in-emmen-reparieren-oder-ersetzen\/#primaryimage"},"thumbnailUrl":"https:\/\/i0.wp.com\/nisacar.ch\/wp-content\/uploads\/2026\/04\/Frontscheibe-beschadigt-Emmen-Scheibenservice-Tags-Scheibenreparatur-Scheibenaustausch-Fahrzeugsicherheit-Autoreparatur-Luzern.jpg?fit=1200%2C850&ssl=1","keywords":["Autoreparatur","Fahrzeugsicherheit","Luzern","Scheibenaustausch","Scheibenreparatur"],"articleSection":["Scheibenservice"],"inLanguage":"it-IT"},{"@type":"WebPage","@id":"https:\/\/nisacar.ch\/it\/frontscheibe-beschaedigt-in-emmen-reparieren-oder-ersetzen\/","url":"https:\/\/nisacar.ch\/it\/frontscheibe-beschaedigt-in-emmen-reparieren-oder-ersetzen\/","name":"Frontscheibe besch\u00e4digt in Emmen \u2013 reparieren oder ersetzen?","isPartOf":{"@id":"https:\/\/nisacar.ch\/it\/#website"},"primaryImageOfPage":{"@id":"https:\/\/nisacar.ch\/it\/frontscheibe-beschaedigt-in-emmen-reparieren-oder-ersetzen\/#primaryimage"},"image":{"@id":"https:\/\/nisacar.ch\/it\/frontscheibe-beschaedigt-in-emmen-reparieren-oder-ersetzen\/#primaryimage"},"thumbnailUrl":"https:\/\/i0.wp.com\/nisacar.ch\/wp-content\/uploads\/2026\/04\/Frontscheibe-beschadigt-Emmen-Scheibenservice-Tags-Scheibenreparatur-Scheibenaustausch-Fahrzeugsicherheit-Autoreparatur-Luzern.jpg?fit=1200%2C850&ssl=1","datePublished":"2026-04-25T09:15:56+00:00","description":"Frontscheibe besch\u00e4digt in Emmen: Erfahren Sie, wann eine Reparatur noch m\u00f6glich ist und wann ein Austausch der Scheibe die bessere L\u00f6sung ist.","breadcrumb":{"@id":"https:\/\/nisacar.ch\/it\/frontscheibe-beschaedigt-in-emmen-reparieren-oder-ersetzen\/#breadcrumb"},"inLanguage":"it-IT","potentialAction":[{"@type":"ReadAction","target":["https:\/\/nisacar.ch\/it\/frontscheibe-beschaedigt-in-emmen-reparieren-oder-ersetzen\/"]}]},{"@type":"ImageObject","inLanguage":"it-IT","@id":"https:\/\/nisacar.ch\/it\/frontscheibe-beschaedigt-in-emmen-reparieren-oder-ersetzen\/#primaryimage","url":"https:\/\/i0.wp.com\/nisacar.ch\/wp-content\/uploads\/2026\/04\/Frontscheibe-beschadigt-Emmen-Scheibenservice-Tags-Scheibenreparatur-Scheibenaustausch-Fahrzeugsicherheit-Autoreparatur-Luzern.jpg?fit=1200%2C850&ssl=1","contentUrl":"https:\/\/i0.wp.com\/nisacar.ch\/wp-content\/uploads\/2026\/04\/Frontscheibe-beschadigt-Emmen-Scheibenservice-Tags-Scheibenreparatur-Scheibenaustausch-Fahrzeugsicherheit-Autoreparatur-Luzern.jpg?fit=1200%2C850&ssl=1","width":1200,"height":850,"caption":"Frontscheibe besch\u00e4digt Emmen Scheibenservice Tags Scheibenreparatur, Scheibenaustausch, Fahrzeugsicherheit, Autoreparatur, Luzern"},{"@type":"BreadcrumbList","@id":"https:\/\/nisacar.ch\/it\/frontscheibe-beschaedigt-in-emmen-reparieren-oder-ersetzen\/#breadcrumb","itemListElement":[{"@type":"ListItem","position":1,"name":"Home","item":"https:\/\/nisacar.ch\/it\/"},{"@type":"ListItem","position":2,"name":"Frontscheibe besch\u00e4digt in Emmen \u2013 reparieren oder ersetzen?"}]},{"@type":"WebSite","@id":"https:\/\/nisacar.ch\/it\/#website","url":"https:\/\/nisacar.ch\/it\/","name":"NISA Car","description":"Perfekte Pflege. Faire Preise. Schweizer Qualit\u00e4t.","publisher":{"@id":"https:\/\/nisacar.ch\/it\/#organization"},"potentialAction":[{"@type":"SearchAction","target":{"@type":"EntryPoint","urlTemplate":"https:\/\/nisacar.ch\/it\/?s={search_term_string}"},"query-input":{"@type":"PropertyValueSpecification","valueRequired":true,"valueName":"search_term_string"}}],"inLanguage":"it-IT"},{"@type":"Organization","@id":"https:\/\/nisacar.ch\/it\/#organization","name":"NISA Car Angelov","url":"https:\/\/nisacar.ch\/it\/","logo":{"@type":"ImageObject","inLanguage":"it-IT","@id":"https:\/\/nisacar.ch\/it\/#\/schema\/logo\/image\/","url":"https:\/\/i0.wp.com\/nisacar.ch\/wp-content\/uploads\/2025\/10\/cropped-za_autoscout-removebg-preview-Copy.png?fit=420%2C150&ssl=1","contentUrl":"https:\/\/i0.wp.com\/nisacar.ch\/wp-content\/uploads\/2025\/10\/cropped-za_autoscout-removebg-preview-Copy.png?fit=420%2C150&ssl=1","width":420,"height":150,"caption":"NISA Car Angelov"},"image":{"@id":"https:\/\/nisacar.ch\/it\/#\/schema\/logo\/image\/"},"sameAs":["https:\/\/www.facebook.com\/nisacar.ch1","https:\/\/www.instagram.com\/nisacar_ch\/"]},{"@type":"Person","@id":"https:\/\/nisacar.ch\/it\/#\/schema\/person\/d92360346fc54e6f3ccb5f67baa14403","name":"Bojan Atanasov","image":{"@type":"ImageObject","inLanguage":"it-IT","@id":"https:\/\/secure.gravatar.com\/avatar\/2bed02e9a515199a35221b37b3e7871dfba34ba0309d41356bb19e8e3795914d?s=96&d=mm&r=g","url":"https:\/\/secure.gravatar.com\/avatar\/2bed02e9a515199a35221b37b3e7871dfba34ba0309d41356bb19e8e3795914d?s=96&d=mm&r=g","contentUrl":"https:\/\/secure.gravatar.com\/avatar\/2bed02e9a515199a35221b37b3e7871dfba34ba0309d41356bb19e8e3795914d?s=96&d=mm&r=g","caption":"Bojan Atanasov"},"sameAs":["https:\/\/lumovo.ch"],"url":"https:\/\/nisacar.ch\/it\/author\/atanasov1995\/"}]}},"jetpack_featured_media_url":"https:\/\/i0.wp.com\/nisacar.ch\/wp-content\/uploads\/2026\/04\/Frontscheibe-beschadigt-Emmen-Scheibenservice-Tags-Scheibenreparatur-Scheibenaustausch-Fahrzeugsicherheit-Autoreparatur-Luzern.jpg?fit=1200%2C850&ssl=1","jetpack_sharing_enabled":true,"_links":{"self":[{"href":"https:\/\/nisacar.ch\/it\/wp-json\/wp\/v2\/posts\/2890","targetHints":{"allow":["GET"]}}],"collection":[{"href":"https:\/\/nisacar.ch\/it\/wp-json\/wp\/v2\/posts"}],"about":[{"href":"https:\/\/nisacar.ch\/it\/wp-json\/wp\/v2\/types\/post"}],"author":[{"embeddable":true,"href":"https:\/\/nisacar.ch\/it\/wp-json\/wp\/v2\/users\/2"}],"replies":[{"embeddable":true,"href":"https:\/\/nisacar.ch\/it\/wp-json\/wp\/v2\/comments?post=2890"}],"version-history":[{"count":1,"href":"https:\/\/nisacar.ch\/it\/wp-json\/wp\/v2\/posts\/2890\/revisions"}],"predecessor-version":[{"id":2892,"href":"https:\/\/nisacar.ch\/it\/wp-json\/wp\/v2\/posts\/2890\/revisions\/2892"}],"wp:featuredmedia":[{"embeddable":true,"href":"https:\/\/nisacar.ch\/it\/wp-json\/wp\/v2\/media\/2891"}],"wp:attachment":[{"href":"https:\/\/nisacar.ch\/it\/wp-json\/wp\/v2\/media?parent=2890"}],"wp:term":[{"taxonomy":"category","embeddable":true,"href":"https:\/\/nisacar.ch\/it\/wp-json\/wp\/v2\/categories?post=2890"},{"taxonomy":"post_tag","embeddable":true,"href":"https:\/\/nisacar.ch\/it\/wp-json\/wp\/v2\/tags?post=2890"}],"curies":[{"name":"wp","href":"https:\/\/api.w.org\/{rel}","templated":true}]}}