{"id":2846,"date":"2026-04-09T11:01:56","date_gmt":"2026-04-09T09:01:56","guid":{"rendered":"https:\/\/nisacar.ch\/?p=2846"},"modified":"2026-03-19T11:05:14","modified_gmt":"2026-03-19T10:05:14","slug":"fahrzeugaufbereitung-firmenautos-luzern-zug","status":"publish","type":"post","link":"https:\/\/nisacar.ch\/it\/fahrzeugaufbereitung-firmenautos-luzern-zug\/","title":{"rendered":"Fahrzeugaufbereitung f\u00fcr Firmenautos in Luzern und Zug \u2013 warum sie sich lohnt"},"content":{"rendered":"\n<p class=\"\">Firmenautos sind f\u00fcr viele Unternehmen weit mehr als nur praktische Transportmittel. Sie sind t\u00e4glich unterwegs, werden von Mitarbeitenden genutzt, stehen bei Kunden vor Ort, begleiten Termine und sind oft ein sichtbarer Teil des Unternehmensauftritts. Genau deshalb spielt ihr Zustand eine gr\u00f6ssere Rolle, als viele zun\u00e4chst denken. Ein gepflegtes Gesch\u00e4ftsfahrzeug wirkt professionell, ordentlich und vertrauensw\u00fcrdig. Ein ungepflegtes Fahrzeug sendet dagegen schnell das falsche Signal.<\/p>\n\n\n\n<p class=\"\">Trotzdem werden Firmenautos im Alltag h\u00e4ufig st\u00e4rker beansprucht als Privatfahrzeuge. Viele Ein- und Ausstiege, wechselnde Fahrer, Materialtransporte, enge Zeitpl\u00e4ne, lange Strecken und unterschiedliche Witterungsbedingungen hinterlassen Spuren. Gerade deshalb ist eine professionelle Aufbereitung keine unn\u00f6tige Luxusmassnahme, sondern oft ein sinnvoller Teil der Fahrzeugpflege und des gesamten Aussenauftritts.<\/p>\n\n\n\n<p class=\"\">In diesem Beitrag erfahren Sie, warum sich <strong>Fahrzeugaufbereitung Firmenautos Luzern Zug<\/strong> lohnt, welche Vorteile sie f\u00fcr Unternehmen bringt und warum sie nicht nur mit Optik, sondern auch mit Werterhalt und Professionalit\u00e4t zu tun hat. Weitere hilfreiche Beitr\u00e4ge finden Sie auch auf unserer <a href=\"https:\/\/nisacar.ch\/blog\/\">Blog-\u00dcbersicht<\/a>.<\/p>\n\n\n\n<h2 class=\"wp-block-heading\">Warum Firmenautos mehr als nur Fahrzeuge sind<\/h2>\n\n\n\n<p class=\"\">Ein Gesch\u00e4ftsfahrzeug ist oft gleichzeitig Arbeitsmittel und Visitenkarte. Es ist im Strassenbild sichtbar, steht auf Kundenparkpl\u00e4tzen, f\u00e4hrt zu Terminen und wird von aussen wie innen wahrgenommen. Gerade in Branchen, in denen Vertrauen, Zuverl\u00e4ssigkeit und ein guter Eindruck wichtig sind, ist der Zustand eines Firmenautos deshalb kein Nebenthema.<\/p>\n\n\n\n<p class=\"\">Ein sauberes und gepflegtes Fahrzeug signalisiert Ordnung, Sorgfalt und Professionalit\u00e4t. Das gilt nicht nur bei bewusstem Hinsehen. Viele Menschen nehmen solche Eindr\u00fccke unbewusst auf. Wenn ein Unternehmen Wert auf Details legt, zeigt sich das oft auch am Zustand seiner Fahrzeuge.<\/p>\n\n\n\n<p class=\"\">Genau deshalb sollte die Pflege von Firmenautos nicht nur funktional gesehen werden. Sie geh\u00f6rt in vielen F\u00e4llen direkt zum Marken- und Qualit\u00e4tsbild eines Unternehmens.<\/p>\n\n\n\n<h2 class=\"wp-block-heading\">Warum Gesch\u00e4ftsfahrzeuge oft st\u00e4rker beansprucht werden<\/h2>\n\n\n\n<p class=\"\">Firmenautos haben meist einen intensiveren Alltag als viele Privatfahrzeuge. Sie werden h\u00e4ufiger gefahren, stehen seltener lange ungenutzt und sind oft mit unterschiedlichen Anforderungen konfrontiert. Dazu kommen Einfl\u00fcsse wie h\u00e4ufiges \u00d6ffnen und Schliessen, Material oder Gep\u00e4ck im Fahrzeug, verschiedene Fahrer und insgesamt mehr Nutzung in k\u00fcrzerer Zeit.<\/p>\n\n\n\n<p class=\"\">Im Innenraum zeigt sich das oft durch Staub, Flecken, verschmutzte Fussr\u00e4ume oder allgemein st\u00e4rkere Gebrauchsspuren. Aussen leiden Lack, Felgen und Scheiben durch viele Kilometer, Waschanlagen, Schmutz, Wetter und hohe Alltagsbelastung. Genau deshalb altern Firmenfahrzeuge optisch oft schneller, wenn sie nicht bewusst gepflegt werden.<\/p>\n\n\n\n<p class=\"\">Die Aufbereitung ist deshalb nicht einfach \u201eKosmetik\u201c, sondern eine sinnvolle Antwort auf reale Beanspruchung im Alltag.<\/p>\n\n\n\n<h2 class=\"wp-block-heading\">Der erste Eindruck bei Kunden beginnt oft vor dem Gespr\u00e4ch<\/h2>\n\n\n\n<p class=\"\">Gerade bei Kundenbesuchen z\u00e4hlt oft schon der Moment vor dem eigentlichen Kontakt. Ein Fahrzeug, das auf den Hof f\u00e4hrt oder vor einem Geb\u00e4ude steht, vermittelt bereits einen ersten Eindruck. Dieser erste Eindruck ist selten neutral. Ein ordentliches, sauberes Auto wirkt professionell. Ein sichtbar ungepflegtes Fahrzeug wirkt schnell nach Hektik, Vernachl\u00e4ssigung oder mangelnder Sorgfalt.<\/p>\n\n\n\n<p class=\"\">Das bedeutet nicht, dass jeder Kunde bewusst jede Kleinigkeit bewertet. Aber im Gesch\u00e4ftsleben entsteht Vertrauen oft aus vielen kleinen Signalen. Gepflegte Firmenfahrzeuge geh\u00f6ren genau zu diesen Signalen. Sie zeigen, dass ein Unternehmen Wert auf Qualit\u00e4t und Erscheinungsbild legt.<\/p>\n\n\n\n<p class=\"\">Gerade bei Dienstleistungsbetrieben, Handwerksunternehmen, Lieferdiensten oder Beratern mit Kundenkontakt ist dieser Punkt besonders relevant.<\/p>\n\n\n\n<h2 class=\"wp-block-heading\">Fahrzeugaufbereitung f\u00fcr Firmenautos in Luzern und Zug \u2013 warum sie wirtschaftlich sinnvoll ist<\/h2>\n\n\n\n<p class=\"\">Viele Unternehmen betrachten Fahrzeugpflege zuerst als Kostenpunkt. Das ist verst\u00e4ndlich, greift aber oft zu kurz. Denn eine regelm\u00e4ssige Aufbereitung hilft nicht nur optisch, sondern unterst\u00fctzt auch den Werterhalt. Je besser ein Fahrzeug \u00fcber l\u00e4ngere Zeit gepflegt wird, desto \u00fcberzeugender bleibt sein Zustand.<\/p>\n\n\n\n<p class=\"\">Gerade bei geleasten Fahrzeugen, bei Wiederverkauf oder bei l\u00e4ngerer Nutzung im Unternehmen zahlt sich ein gepflegter Zustand aus. Ein sauberes Fahrzeug mit gutem Innenraum, ordentlichem Lack und stimmigem Gesamteindruck wirkt nicht nur besser, sondern bleibt auch in der Wahrnehmung hochwertiger.<\/p>\n\n\n\n<p class=\"\">Wirtschaftlich sinnvoll ist die Aufbereitung also nicht nur dann, wenn das Fahrzeug verkauft werden soll. Sie ist auch ein Beitrag dazu, dass Gesch\u00e4ftsfahrzeuge im Alltag ihren Wert und ihren professionellen Eindruck besser behalten.<\/p>\n\n\n\n<h2 class=\"wp-block-heading\">Welche Bereiche bei Firmenautos besonders wichtig sind<\/h2>\n\n\n\n<p class=\"\">Nicht jede Fl\u00e4che ist gleich entscheidend. Bei Gesch\u00e4ftsfahrzeugen gibt es einige Bereiche, die besonders stark wahrgenommen werden und gleichzeitig besonders schnell Gebrauchsspuren zeigen.<\/p>\n\n\n\n<h3 class=\"wp-block-heading\">Innenraum<\/h3>\n\n\n\n<p class=\"\">Der Innenraum wird h\u00e4ufig untersch\u00e4tzt. Gerade bei Firmenautos mit mehreren Nutzern entstehen hier schnell Staub, Schmutz und Abnutzung. Sitze, Teppiche, Cockpit, T\u00fcrverkleidungen und Kofferraum sollten deshalb regelm\u00e4ssig gepflegt werden. Mehr dazu lesen Sie auch hier: <a href=\"https:\/\/nisacar.ch\/it\/innenraumreinigung-auto-emmen-ebikon\/\">Innenraumreinigung f\u00fcrs Auto in Emmen und Ebikon \u2013 warum sie mehr bringt als nur Sauberkeit<\/a>.<\/p>\n\n\n\n<h3 class=\"wp-block-heading\">Lack und Karosserie<\/h3>\n\n\n\n<p class=\"\">Firmenautos sind oft viel draussen unterwegs. Sonne, Schmutz, Insekten, Regen und Waschanlagen beanspruchen den Lack stark. Eine regelm\u00e4ssige Lackpflege hilft, dass das Fahrzeug gepflegt und repr\u00e4sentativ bleibt. Passend dazu lesen Sie auch <a href=\"https:\/\/nisacar.ch\/it\/auto-polieren-luzern-kriens\/\">Auto polieren in Luzern oder Kriens \u2013 wann lohnt sich eine professionelle Aufbereitung?<\/a> sowie <a href=\"https:\/\/nisacar.ch\/it\/lackaufbereitung-zug-cham\/\">Lackaufbereitung in Zug und Cham \u2013 wie bekommt Ihr Auto neuen Glanz?<\/a>.<\/p>\n\n\n\n<h3 class=\"wp-block-heading\">Scheiben und Details<\/h3>\n\n\n\n<p class=\"\">Saubere Scheiben, ordentliche Felgen und ein insgesamt stimmiger Zustand machen viel aus. Gerade bei Gesch\u00e4ftsfahrzeugen wird ein gepflegtes Gesamtbild stark \u00fcber diese Details vermittelt.<\/p>\n\n\n\n<h2 class=\"wp-block-heading\">Firmenfahrzeuge mit Branding brauchen noch mehr Pflege<\/h2>\n\n\n\n<p class=\"\">Wenn ein Fahrzeug beschriftet ist oder sichtbar zur Marke geh\u00f6rt, wird sein Zustand noch wichtiger. Denn dann steht nicht nur ein Auto im Blickfeld, sondern direkt das Unternehmen selbst. Jede Fahrt, jeder Parkplatz und jeder Kundentermin wird gleichzeitig zu einer kleinen Markenpr\u00e4senz.<\/p>\n\n\n\n<p class=\"\">Je sichtbarer die Verbindung zwischen Fahrzeug und Firma, desto st\u00e4rker beeinflusst der Zustand des Autos die Aussenwirkung. Ein sauber aufbereitetes Fahrzeug mit Firmenbranding wirkt professionell und stark. Ein ungepflegtes wirkt dagegen schnell gegenteilig.<\/p>\n\n\n\n<p class=\"\">Gerade f\u00fcr Unternehmen, die bewusst auf Sichtbarkeit und einen guten Markenauftritt setzen, ist dieser Punkt besonders relevant.<\/p>\n\n\n\n<h2 class=\"wp-block-heading\">Warum Aufbereitung nicht nur f\u00fcr teure Fahrzeuge sinnvoll ist<\/h2>\n\n\n\n<p class=\"\">Viele verbinden professionelle Fahrzeugaufbereitung zuerst mit hochwertigen Autos, Sportwagen oder Premiumfahrzeugen. Bei Firmenfahrzeugen ist das Denken oft \u00e4hnlich. Dabei profitieren gerade ganz normale Gesch\u00e4ftsfahrzeuge stark von regelm\u00e4ssiger Pflege. Denn ihr Nutzen ist hoch, ihre Beanspruchung ebenfalls \u2013 und genau deshalb f\u00e4llt ein guter oder schlechter Zustand besonders auf.<\/p>\n\n\n\n<p class=\"\">Ob Lieferfahrzeug, Aussendienstauto, Servicewagen oder kleiner Firmenwagen: Ein gepflegtes Auto wirkt in jeder Klasse besser als ein ungepflegtes. Es geht also nicht darum, welches Fahrzeugsegment genutzt wird, sondern wie ordentlich und professionell es im Alltag erscheint.<\/p>\n\n\n\n<p class=\"\">Der Nutzen liegt damit nicht im Luxus, sondern in Klarheit, Wirkung und Werterhalt.<\/p>\n\n\n\n<h2 class=\"wp-block-heading\">Aufbereitung lohnt sich auch vor Verkauf oder R\u00fcckgabe<\/h2>\n\n\n\n<p class=\"\">Gerade vor einer Fahrzeugr\u00fcckgabe, einem Austausch oder einem Verkauf ist eine Aufbereitung besonders sinnvoll. Ein ordentlicher Zustand verbessert den Gesamteindruck und macht sofort sichtbar, dass das Fahrzeug nicht vernachl\u00e4ssigt wurde. Das ist gerade bei Firmenfahrzeugen wichtig, die im Alltag naturgem\u00e4ss mehr Spuren sammeln.<\/p>\n\n\n\n<p class=\"\">Wenn ein Firmenauto verkauft werden soll, gelten \u00e4hnliche Grunds\u00e4tze wie bei privaten Fahrzeugen. Mehr dazu lesen Sie in unserem Beitrag <a href=\"https:\/\/nisacar.ch\/it\/auto-aufbereiten-vor-dem-verkauf-sursee-emmen\/\">Auto aufbereiten vor dem Verkauf in Sursee und Emmen \u2013 lohnt sich das?<\/a>.<\/p>\n\n\n\n<p class=\"\">Wer den richtigen Zeitpunkt w\u00e4hlt, kann mit einer Aufbereitung oft deutlich mehr Wirkung erzielen, als viele zun\u00e4chst annehmen.<\/p>\n\n\n\n<h2 class=\"wp-block-heading\">Warum Mitarbeitende ebenfalls von gepflegten Fahrzeugen profitieren<\/h2>\n\n\n\n<p class=\"\">Ein gepflegtes Firmenauto wirkt nicht nur auf Kunden, sondern auch auf Mitarbeitende. Wer t\u00e4glich in ein sauberes, ordentliches Fahrzeug einsteigt, arbeitet oft angenehmer und bewusster damit. Das Fahrzeug f\u00fchlt sich wertiger an und wird meist auch achtsamer genutzt.<\/p>\n\n\n\n<p class=\"\">Ein ungepflegtes Auto dagegen kann schnell den Eindruck vermitteln, dass das Fahrzeug nur als reine Gebrauchssache gesehen wird. Auf Dauer wirkt sich das oft auch auf den Umgang damit aus. Unternehmen, die ihre Fahrzeuge ordentlich halten, senden deshalb nicht nur nach aussen, sondern auch intern ein positives Signal.<\/p>\n\n\n\n<p class=\"\">Gerade im Alltag macht dieser Unterschied oft mehr aus, als man zuerst erwartet.<\/p>\n\n\n\n<h2 class=\"wp-block-heading\">Regelm\u00e4ssigkeit ist wichtiger als seltene Grossaktionen<\/h2>\n\n\n\n<p class=\"\">Bei Firmenautos ist es meist sinnvoller, regelm\u00e4ssig f\u00fcr einen guten Zustand zu sorgen, statt erst bei starkem Verschleiss oder vor einem Termin hektisch zu reagieren. Denn je l\u00e4nger Schmutz, Gebrauchsspuren oder Nachl\u00e4ssigkeit sichtbar bleiben, desto st\u00e4rker setzt sich ein ungepflegter Eindruck fest.<\/p>\n\n\n\n<p class=\"\">Regelm\u00e4ssige Aufbereitung oder bewusste Pflege hilft dabei, den Zustand konstant ordentlich zu halten. Das spart oft auch Aufwand, weil das Fahrzeug nicht erst aus einem deutlich schlechteren Zustand wieder auf ein gutes Niveau gebracht werden muss.<\/p>\n\n\n\n<p class=\"\">Gerade bei mehreren Fahrzeugen oder einer kleinen Flotte ist ein strukturierter Ansatz fast immer die bessere L\u00f6sung.<\/p>\n\n\n\n<h2 class=\"wp-block-heading\">Warum regionale Unterst\u00fctzung in Luzern und Zug sinnvoll ist<\/h2>\n\n\n\n<p class=\"\">Unternehmen m\u00f6chten bei ihren Fahrzeugen meist keine komplizierten Abl\u00e4ufe, sondern klare, effiziente und verl\u00e4ssliche L\u00f6sungen. Ein regionaler Ansprechpartner ist dabei ein klarer Vorteil. Kurze Wege, pers\u00f6nliche Abstimmung und ein realistischer Blick auf die Fahrzeuge helfen, genau die Pflege umzusetzen, die wirklich sinnvoll ist.<\/p>\n\n\n\n<p class=\"\">Bei NISA Car legen wir Wert auf ehrliche Empfehlungen, saubere Ergebnisse und einen praxisnahen Umgang mit Gesch\u00e4ftsfahrzeugen. Wir helfen dabei, Firmenautos so aufzubereiten, dass sie im Alltag, beim Kundenkontakt und langfristig im Werterhalt \u00fcberzeugen. Mehr zu unseren Angeboten finden Sie auch unter <a href=\"https:\/\/nisacar.ch\/leistungen\/\">Leistungen<\/a> sowie bei unseren aktuellen <a href=\"https:\/\/nisacar.ch\/automobile\/\">Automobilen<\/a>.<\/p>\n\n\n\n<h2 class=\"wp-block-heading\">Fazit: Gepflegte Firmenautos st\u00e4rken Eindruck, Werterhalt und Professionalit\u00e4t<\/h2>\n\n\n\n<p class=\"\"><strong>Fahrzeugaufbereitung Firmenautos Luzern Zug<\/strong> ist keine Nebensache, sondern f\u00fcr viele Unternehmen ein sinnvoller Teil eines professionellen Gesamtauftritts. Firmenfahrzeuge sind sichtbar, stark beansprucht und oft direkt mit der Aussenwirkung des Unternehmens verbunden. Genau deshalb lohnt sich eine regelm\u00e4ssige Aufbereitung nicht nur optisch, sondern auch wirtschaftlich.<\/p>\n\n\n\n<p class=\"\">Ein gepflegtes Gesch\u00e4ftsfahrzeug wirkt ordentlicher, vertrauensw\u00fcrdiger und hochwertiger. Es unterst\u00fctzt den Werterhalt, verbessert das Gef\u00fchl bei Mitarbeitenden und st\u00e4rkt den Eindruck bei Kunden. Wer Firmenautos bewusst pflegt, investiert damit nicht nur ins Fahrzeug, sondern auch ins Bild des eigenen Unternehmens.<\/p>\n\n\n\n<p class=\"\">Wenn Sie Ihre Firmenfahrzeuge professionell aufbereiten oder deren Zustand ehrlich einsch\u00e4tzen lassen m\u00f6chten, nehmen Sie gerne <a href=\"https:\/\/nisacar.ch\/kontakt\/\">Kontakt<\/a> mit uns auf. Wir unterst\u00fctzen Sie mit einer transparenten Einsch\u00e4tzung und der passenden L\u00f6sung f\u00fcr Ihre Fahrzeuge.<\/p>\n\n\n\n<h2 class=\"wp-block-heading\">Weitere hilfreiche Artikel<\/h2>\n\n\n\n<ul class=\"wp-block-list\">\n<li class=\"\"><a href=\"https:\/\/nisacar.ch\/it\/innenraumreinigung-auto-emmen-ebikon\/\">Innenraumreinigung f\u00fcrs Auto in Emmen und Ebikon \u2013 warum sie mehr bringt als nur Sauberkeit<\/a><\/li>\n\n\n\n<li class=\"\"><a href=\"https:\/\/nisacar.ch\/it\/lackaufbereitung-zug-cham\/\">Lackaufbereitung in Zug und Cham \u2013 wie bekommt Ihr Auto neuen Glanz?<\/a><\/li>\n\n\n\n<li class=\"\"><a href=\"https:\/\/nisacar.ch\/it\/auto-aufbereiten-vor-dem-verkauf-sursee-emmen\/\">Auto aufbereiten vor dem Verkauf in Sursee und Emmen \u2013 lohnt sich das?<\/a><\/li>\n<\/ul>\n","protected":false},"excerpt":{"rendered":"<p>Firmenautos sind f\u00fcr viele Unternehmen weit mehr als nur praktische Transportmittel. Sie sind t\u00e4glich unterwegs, werden von Mitarbeitenden genutzt, stehen bei Kunden vor Ort, begleiten Termine<span class=\"excerpt-hellip\"> [\u2026]<\/span><\/p>\n","protected":false},"author":2,"featured_media":2847,"comment_status":"closed","ping_status":"closed","sticky":false,"template":"","format":"standard","meta":{"_acf_changed":false,"nf_dc_page":"","_jetpack_memberships_contains_paid_content":false,"footnotes":""},"categories":[20],"tags":[],"class_list":["post-2846","post","type-post","status-publish","format-standard","has-post-thumbnail","hentry","category-autoaufbereitung"],"acf":[],"yoast_head":"<!-- This site is optimized with the Yoast SEO plugin v27.5 - https:\/\/yoast.com\/product\/yoast-seo-wordpress\/ -->\n<title>Fahrzeugaufbereitung f\u00fcr Firmenautos in Luzern und Zug \u2013 warum sie sich lohnt<\/title>\n<meta name=\"description\" content=\"Fahrzeugaufbereitung f\u00fcr Firmenautos in Luzern und Zug: Erfahren Sie, warum gepflegte Gesch\u00e4ftsfahrzeuge den Eindruck st\u00e4rken, den Werterhalt verbessern und im Alltag sinnvoll sind\" \/>\n<meta name=\"robots\" content=\"index, follow, max-snippet:-1, max-image-preview:large, max-video-preview:-1\" \/>\n<link rel=\"canonical\" href=\"https:\/\/nisacar.ch\/it\/fahrzeugaufbereitung-firmenautos-luzern-zug\/\" \/>\n<meta property=\"og:locale\" content=\"it_IT\" \/>\n<meta property=\"og:type\" content=\"article\" \/>\n<meta property=\"og:title\" content=\"Fahrzeugaufbereitung f\u00fcr Firmenautos in Luzern und Zug \u2013 warum sie sich lohnt\" \/>\n<meta property=\"og:description\" content=\"Fahrzeugaufbereitung f\u00fcr Firmenautos in Luzern und Zug: Erfahren Sie, warum gepflegte Gesch\u00e4ftsfahrzeuge den Eindruck st\u00e4rken, den Werterhalt verbessern und im Alltag sinnvoll sind\" \/>\n<meta property=\"og:url\" content=\"https:\/\/nisacar.ch\/it\/fahrzeugaufbereitung-firmenautos-luzern-zug\/\" \/>\n<meta property=\"og:site_name\" content=\"NISA Car\" \/>\n<meta property=\"article:publisher\" content=\"https:\/\/www.facebook.com\/nisacar.ch1\" \/>\n<meta property=\"article:published_time\" content=\"2026-04-09T09:01:56+00:00\" \/>\n<meta property=\"og:image\" content=\"https:\/\/i0.wp.com\/nisacar.ch\/wp-content\/uploads\/2026\/03\/Fahrzeugaufbereitung-Firmenautos-Luzern-Zug-Autoaufbereitung-Tags-Firmenauto-Fahrzeugaufbereitung-Geschaftsfahrzeuge-Luzern-Zug.jpg?fit=1200%2C850&ssl=1\" \/>\n\t<meta property=\"og:image:width\" content=\"1200\" \/>\n\t<meta property=\"og:image:height\" content=\"850\" \/>\n\t<meta property=\"og:image:type\" content=\"image\/jpeg\" \/>\n<meta name=\"author\" content=\"Bojan Atanasov\" \/>\n<meta name=\"twitter:card\" content=\"summary_large_image\" \/>\n<meta name=\"twitter:label1\" content=\"Scritto da\" \/>\n\t<meta name=\"twitter:data1\" content=\"Bojan Atanasov\" \/>\n\t<meta name=\"twitter:label2\" content=\"Tempo di lettura stimato\" \/>\n\t<meta name=\"twitter:data2\" content=\"8 minuti\" \/>\n<script type=\"application\/ld+json\" class=\"yoast-schema-graph\">{\"@context\":\"https:\\\/\\\/schema.org\",\"@graph\":[{\"@type\":\"Article\",\"@id\":\"https:\\\/\\\/nisacar.ch\\\/it\\\/fahrzeugaufbereitung-firmenautos-luzern-zug\\\/#article\",\"isPartOf\":{\"@id\":\"https:\\\/\\\/nisacar.ch\\\/it\\\/fahrzeugaufbereitung-firmenautos-luzern-zug\\\/\"},\"author\":{\"name\":\"Bojan Atanasov\",\"@id\":\"https:\\\/\\\/nisacar.ch\\\/it\\\/#\\\/schema\\\/person\\\/d92360346fc54e6f3ccb5f67baa14403\"},\"headline\":\"Fahrzeugaufbereitung f\u00fcr Firmenautos in Luzern und Zug \u2013 warum sie sich lohnt\",\"datePublished\":\"2026-04-09T09:01:56+00:00\",\"mainEntityOfPage\":{\"@id\":\"https:\\\/\\\/nisacar.ch\\\/it\\\/fahrzeugaufbereitung-firmenautos-luzern-zug\\\/\"},\"wordCount\":1684,\"publisher\":{\"@id\":\"https:\\\/\\\/nisacar.ch\\\/it\\\/#organization\"},\"image\":{\"@id\":\"https:\\\/\\\/nisacar.ch\\\/it\\\/fahrzeugaufbereitung-firmenautos-luzern-zug\\\/#primaryimage\"},\"thumbnailUrl\":\"https:\\\/\\\/i0.wp.com\\\/nisacar.ch\\\/wp-content\\\/uploads\\\/2026\\\/03\\\/Fahrzeugaufbereitung-Firmenautos-Luzern-Zug-Autoaufbereitung-Tags-Firmenauto-Fahrzeugaufbereitung-Geschaftsfahrzeuge-Luzern-Zug.jpg?fit=1200%2C850&ssl=1\",\"articleSection\":[\"Autoaufbereitung\"],\"inLanguage\":\"it-IT\"},{\"@type\":\"WebPage\",\"@id\":\"https:\\\/\\\/nisacar.ch\\\/it\\\/fahrzeugaufbereitung-firmenautos-luzern-zug\\\/\",\"url\":\"https:\\\/\\\/nisacar.ch\\\/it\\\/fahrzeugaufbereitung-firmenautos-luzern-zug\\\/\",\"name\":\"Fahrzeugaufbereitung f\u00fcr Firmenautos in Luzern und Zug \u2013 warum sie sich lohnt\",\"isPartOf\":{\"@id\":\"https:\\\/\\\/nisacar.ch\\\/it\\\/#website\"},\"primaryImageOfPage\":{\"@id\":\"https:\\\/\\\/nisacar.ch\\\/it\\\/fahrzeugaufbereitung-firmenautos-luzern-zug\\\/#primaryimage\"},\"image\":{\"@id\":\"https:\\\/\\\/nisacar.ch\\\/it\\\/fahrzeugaufbereitung-firmenautos-luzern-zug\\\/#primaryimage\"},\"thumbnailUrl\":\"https:\\\/\\\/i0.wp.com\\\/nisacar.ch\\\/wp-content\\\/uploads\\\/2026\\\/03\\\/Fahrzeugaufbereitung-Firmenautos-Luzern-Zug-Autoaufbereitung-Tags-Firmenauto-Fahrzeugaufbereitung-Geschaftsfahrzeuge-Luzern-Zug.jpg?fit=1200%2C850&ssl=1\",\"datePublished\":\"2026-04-09T09:01:56+00:00\",\"description\":\"Fahrzeugaufbereitung f\u00fcr Firmenautos in Luzern und Zug: Erfahren Sie, warum gepflegte Gesch\u00e4ftsfahrzeuge den Eindruck st\u00e4rken, den Werterhalt verbessern und im Alltag sinnvoll sind\",\"breadcrumb\":{\"@id\":\"https:\\\/\\\/nisacar.ch\\\/it\\\/fahrzeugaufbereitung-firmenautos-luzern-zug\\\/#breadcrumb\"},\"inLanguage\":\"it-IT\",\"potentialAction\":[{\"@type\":\"ReadAction\",\"target\":[\"https:\\\/\\\/nisacar.ch\\\/it\\\/fahrzeugaufbereitung-firmenautos-luzern-zug\\\/\"]}]},{\"@type\":\"ImageObject\",\"inLanguage\":\"it-IT\",\"@id\":\"https:\\\/\\\/nisacar.ch\\\/it\\\/fahrzeugaufbereitung-firmenautos-luzern-zug\\\/#primaryimage\",\"url\":\"https:\\\/\\\/i0.wp.com\\\/nisacar.ch\\\/wp-content\\\/uploads\\\/2026\\\/03\\\/Fahrzeugaufbereitung-Firmenautos-Luzern-Zug-Autoaufbereitung-Tags-Firmenauto-Fahrzeugaufbereitung-Geschaftsfahrzeuge-Luzern-Zug.jpg?fit=1200%2C850&ssl=1\",\"contentUrl\":\"https:\\\/\\\/i0.wp.com\\\/nisacar.ch\\\/wp-content\\\/uploads\\\/2026\\\/03\\\/Fahrzeugaufbereitung-Firmenautos-Luzern-Zug-Autoaufbereitung-Tags-Firmenauto-Fahrzeugaufbereitung-Geschaftsfahrzeuge-Luzern-Zug.jpg?fit=1200%2C850&ssl=1\",\"width\":1200,\"height\":850,\"caption\":\"Fahrzeugaufbereitung Firmenautos Luzern Zug Autoaufbereitung Tags Firmenauto, Fahrzeugaufbereitung, Gesch\u00e4ftsfahrzeuge, Luzern, Zug\"},{\"@type\":\"BreadcrumbList\",\"@id\":\"https:\\\/\\\/nisacar.ch\\\/it\\\/fahrzeugaufbereitung-firmenautos-luzern-zug\\\/#breadcrumb\",\"itemListElement\":[{\"@type\":\"ListItem\",\"position\":1,\"name\":\"Home\",\"item\":\"https:\\\/\\\/nisacar.ch\\\/it\\\/\"},{\"@type\":\"ListItem\",\"position\":2,\"name\":\"Fahrzeugaufbereitung f\u00fcr Firmenautos in Luzern und Zug \u2013 warum sie sich lohnt\"}]},{\"@type\":\"WebSite\",\"@id\":\"https:\\\/\\\/nisacar.ch\\\/it\\\/#website\",\"url\":\"https:\\\/\\\/nisacar.ch\\\/it\\\/\",\"name\":\"NISA Car\",\"description\":\"Perfekte Pflege. Faire Preise. Schweizer Qualit\u00e4t.\",\"publisher\":{\"@id\":\"https:\\\/\\\/nisacar.ch\\\/it\\\/#organization\"},\"potentialAction\":[{\"@type\":\"SearchAction\",\"target\":{\"@type\":\"EntryPoint\",\"urlTemplate\":\"https:\\\/\\\/nisacar.ch\\\/it\\\/?s={search_term_string}\"},\"query-input\":{\"@type\":\"PropertyValueSpecification\",\"valueRequired\":true,\"valueName\":\"search_term_string\"}}],\"inLanguage\":\"it-IT\"},{\"@type\":\"Organization\",\"@id\":\"https:\\\/\\\/nisacar.ch\\\/it\\\/#organization\",\"name\":\"NISA Car Angelov\",\"url\":\"https:\\\/\\\/nisacar.ch\\\/it\\\/\",\"logo\":{\"@type\":\"ImageObject\",\"inLanguage\":\"it-IT\",\"@id\":\"https:\\\/\\\/nisacar.ch\\\/it\\\/#\\\/schema\\\/logo\\\/image\\\/\",\"url\":\"https:\\\/\\\/i0.wp.com\\\/nisacar.ch\\\/wp-content\\\/uploads\\\/2025\\\/10\\\/cropped-za_autoscout-removebg-preview-Copy.png?fit=420%2C150&ssl=1\",\"contentUrl\":\"https:\\\/\\\/i0.wp.com\\\/nisacar.ch\\\/wp-content\\\/uploads\\\/2025\\\/10\\\/cropped-za_autoscout-removebg-preview-Copy.png?fit=420%2C150&ssl=1\",\"width\":420,\"height\":150,\"caption\":\"NISA Car Angelov\"},\"image\":{\"@id\":\"https:\\\/\\\/nisacar.ch\\\/it\\\/#\\\/schema\\\/logo\\\/image\\\/\"},\"sameAs\":[\"https:\\\/\\\/www.facebook.com\\\/nisacar.ch1\",\"https:\\\/\\\/www.instagram.com\\\/nisacar_ch\\\/\"]},{\"@type\":\"Person\",\"@id\":\"https:\\\/\\\/nisacar.ch\\\/it\\\/#\\\/schema\\\/person\\\/d92360346fc54e6f3ccb5f67baa14403\",\"name\":\"Bojan Atanasov\",\"image\":{\"@type\":\"ImageObject\",\"inLanguage\":\"it-IT\",\"@id\":\"https:\\\/\\\/secure.gravatar.com\\\/avatar\\\/2bed02e9a515199a35221b37b3e7871dfba34ba0309d41356bb19e8e3795914d?s=96&d=mm&r=g\",\"url\":\"https:\\\/\\\/secure.gravatar.com\\\/avatar\\\/2bed02e9a515199a35221b37b3e7871dfba34ba0309d41356bb19e8e3795914d?s=96&d=mm&r=g\",\"contentUrl\":\"https:\\\/\\\/secure.gravatar.com\\\/avatar\\\/2bed02e9a515199a35221b37b3e7871dfba34ba0309d41356bb19e8e3795914d?s=96&d=mm&r=g\",\"caption\":\"Bojan Atanasov\"},\"sameAs\":[\"https:\\\/\\\/lumovo.ch\"],\"url\":\"https:\\\/\\\/nisacar.ch\\\/it\\\/author\\\/atanasov1995\\\/\"}]}<\/script>\n<!-- \/ Yoast SEO plugin. -->","yoast_head_json":{"title":"Fahrzeugaufbereitung f\u00fcr Firmenautos in Luzern und Zug \u2013 warum sie sich lohnt","description":"Fahrzeugaufbereitung f\u00fcr Firmenautos in Luzern und Zug: Erfahren Sie, warum gepflegte Gesch\u00e4ftsfahrzeuge den Eindruck st\u00e4rken, den Werterhalt verbessern und im Alltag sinnvoll sind","robots":{"index":"index","follow":"follow","max-snippet":"max-snippet:-1","max-image-preview":"max-image-preview:large","max-video-preview":"max-video-preview:-1"},"canonical":"https:\/\/nisacar.ch\/it\/fahrzeugaufbereitung-firmenautos-luzern-zug\/","og_locale":"it_IT","og_type":"article","og_title":"Fahrzeugaufbereitung f\u00fcr Firmenautos in Luzern und Zug \u2013 warum sie sich lohnt","og_description":"Fahrzeugaufbereitung f\u00fcr Firmenautos in Luzern und Zug: Erfahren Sie, warum gepflegte Gesch\u00e4ftsfahrzeuge den Eindruck st\u00e4rken, den Werterhalt verbessern und im Alltag sinnvoll sind","og_url":"https:\/\/nisacar.ch\/it\/fahrzeugaufbereitung-firmenautos-luzern-zug\/","og_site_name":"NISA Car","article_publisher":"https:\/\/www.facebook.com\/nisacar.ch1","article_published_time":"2026-04-09T09:01:56+00:00","og_image":[{"width":1200,"height":850,"url":"https:\/\/i0.wp.com\/nisacar.ch\/wp-content\/uploads\/2026\/03\/Fahrzeugaufbereitung-Firmenautos-Luzern-Zug-Autoaufbereitung-Tags-Firmenauto-Fahrzeugaufbereitung-Geschaftsfahrzeuge-Luzern-Zug.jpg?fit=1200%2C850&ssl=1","type":"image\/jpeg"}],"author":"Bojan Atanasov","twitter_card":"summary_large_image","twitter_misc":{"Scritto da":"Bojan Atanasov","Tempo di lettura stimato":"8 minuti"},"schema":{"@context":"https:\/\/schema.org","@graph":[{"@type":"Article","@id":"https:\/\/nisacar.ch\/it\/fahrzeugaufbereitung-firmenautos-luzern-zug\/#article","isPartOf":{"@id":"https:\/\/nisacar.ch\/it\/fahrzeugaufbereitung-firmenautos-luzern-zug\/"},"author":{"name":"Bojan Atanasov","@id":"https:\/\/nisacar.ch\/it\/#\/schema\/person\/d92360346fc54e6f3ccb5f67baa14403"},"headline":"Fahrzeugaufbereitung f\u00fcr Firmenautos in Luzern und Zug \u2013 warum sie sich lohnt","datePublished":"2026-04-09T09:01:56+00:00","mainEntityOfPage":{"@id":"https:\/\/nisacar.ch\/it\/fahrzeugaufbereitung-firmenautos-luzern-zug\/"},"wordCount":1684,"publisher":{"@id":"https:\/\/nisacar.ch\/it\/#organization"},"image":{"@id":"https:\/\/nisacar.ch\/it\/fahrzeugaufbereitung-firmenautos-luzern-zug\/#primaryimage"},"thumbnailUrl":"https:\/\/i0.wp.com\/nisacar.ch\/wp-content\/uploads\/2026\/03\/Fahrzeugaufbereitung-Firmenautos-Luzern-Zug-Autoaufbereitung-Tags-Firmenauto-Fahrzeugaufbereitung-Geschaftsfahrzeuge-Luzern-Zug.jpg?fit=1200%2C850&ssl=1","articleSection":["Autoaufbereitung"],"inLanguage":"it-IT"},{"@type":"WebPage","@id":"https:\/\/nisacar.ch\/it\/fahrzeugaufbereitung-firmenautos-luzern-zug\/","url":"https:\/\/nisacar.ch\/it\/fahrzeugaufbereitung-firmenautos-luzern-zug\/","name":"Fahrzeugaufbereitung f\u00fcr Firmenautos in Luzern und Zug \u2013 warum sie sich lohnt","isPartOf":{"@id":"https:\/\/nisacar.ch\/it\/#website"},"primaryImageOfPage":{"@id":"https:\/\/nisacar.ch\/it\/fahrzeugaufbereitung-firmenautos-luzern-zug\/#primaryimage"},"image":{"@id":"https:\/\/nisacar.ch\/it\/fahrzeugaufbereitung-firmenautos-luzern-zug\/#primaryimage"},"thumbnailUrl":"https:\/\/i0.wp.com\/nisacar.ch\/wp-content\/uploads\/2026\/03\/Fahrzeugaufbereitung-Firmenautos-Luzern-Zug-Autoaufbereitung-Tags-Firmenauto-Fahrzeugaufbereitung-Geschaftsfahrzeuge-Luzern-Zug.jpg?fit=1200%2C850&ssl=1","datePublished":"2026-04-09T09:01:56+00:00","description":"Fahrzeugaufbereitung f\u00fcr Firmenautos in Luzern und Zug: Erfahren Sie, warum gepflegte Gesch\u00e4ftsfahrzeuge den Eindruck st\u00e4rken, den Werterhalt verbessern und im Alltag sinnvoll sind","breadcrumb":{"@id":"https:\/\/nisacar.ch\/it\/fahrzeugaufbereitung-firmenautos-luzern-zug\/#breadcrumb"},"inLanguage":"it-IT","potentialAction":[{"@type":"ReadAction","target":["https:\/\/nisacar.ch\/it\/fahrzeugaufbereitung-firmenautos-luzern-zug\/"]}]},{"@type":"ImageObject","inLanguage":"it-IT","@id":"https:\/\/nisacar.ch\/it\/fahrzeugaufbereitung-firmenautos-luzern-zug\/#primaryimage","url":"https:\/\/i0.wp.com\/nisacar.ch\/wp-content\/uploads\/2026\/03\/Fahrzeugaufbereitung-Firmenautos-Luzern-Zug-Autoaufbereitung-Tags-Firmenauto-Fahrzeugaufbereitung-Geschaftsfahrzeuge-Luzern-Zug.jpg?fit=1200%2C850&ssl=1","contentUrl":"https:\/\/i0.wp.com\/nisacar.ch\/wp-content\/uploads\/2026\/03\/Fahrzeugaufbereitung-Firmenautos-Luzern-Zug-Autoaufbereitung-Tags-Firmenauto-Fahrzeugaufbereitung-Geschaftsfahrzeuge-Luzern-Zug.jpg?fit=1200%2C850&ssl=1","width":1200,"height":850,"caption":"Fahrzeugaufbereitung Firmenautos Luzern Zug Autoaufbereitung Tags Firmenauto, Fahrzeugaufbereitung, Gesch\u00e4ftsfahrzeuge, Luzern, Zug"},{"@type":"BreadcrumbList","@id":"https:\/\/nisacar.ch\/it\/fahrzeugaufbereitung-firmenautos-luzern-zug\/#breadcrumb","itemListElement":[{"@type":"ListItem","position":1,"name":"Home","item":"https:\/\/nisacar.ch\/it\/"},{"@type":"ListItem","position":2,"name":"Fahrzeugaufbereitung f\u00fcr Firmenautos in Luzern und Zug \u2013 warum sie sich lohnt"}]},{"@type":"WebSite","@id":"https:\/\/nisacar.ch\/it\/#website","url":"https:\/\/nisacar.ch\/it\/","name":"NISA Car","description":"Perfekte Pflege. Faire Preise. Schweizer Qualit\u00e4t.","publisher":{"@id":"https:\/\/nisacar.ch\/it\/#organization"},"potentialAction":[{"@type":"SearchAction","target":{"@type":"EntryPoint","urlTemplate":"https:\/\/nisacar.ch\/it\/?s={search_term_string}"},"query-input":{"@type":"PropertyValueSpecification","valueRequired":true,"valueName":"search_term_string"}}],"inLanguage":"it-IT"},{"@type":"Organization","@id":"https:\/\/nisacar.ch\/it\/#organization","name":"NISA Car Angelov","url":"https:\/\/nisacar.ch\/it\/","logo":{"@type":"ImageObject","inLanguage":"it-IT","@id":"https:\/\/nisacar.ch\/it\/#\/schema\/logo\/image\/","url":"https:\/\/i0.wp.com\/nisacar.ch\/wp-content\/uploads\/2025\/10\/cropped-za_autoscout-removebg-preview-Copy.png?fit=420%2C150&ssl=1","contentUrl":"https:\/\/i0.wp.com\/nisacar.ch\/wp-content\/uploads\/2025\/10\/cropped-za_autoscout-removebg-preview-Copy.png?fit=420%2C150&ssl=1","width":420,"height":150,"caption":"NISA Car Angelov"},"image":{"@id":"https:\/\/nisacar.ch\/it\/#\/schema\/logo\/image\/"},"sameAs":["https:\/\/www.facebook.com\/nisacar.ch1","https:\/\/www.instagram.com\/nisacar_ch\/"]},{"@type":"Person","@id":"https:\/\/nisacar.ch\/it\/#\/schema\/person\/d92360346fc54e6f3ccb5f67baa14403","name":"Bojan Atanasov","image":{"@type":"ImageObject","inLanguage":"it-IT","@id":"https:\/\/secure.gravatar.com\/avatar\/2bed02e9a515199a35221b37b3e7871dfba34ba0309d41356bb19e8e3795914d?s=96&d=mm&r=g","url":"https:\/\/secure.gravatar.com\/avatar\/2bed02e9a515199a35221b37b3e7871dfba34ba0309d41356bb19e8e3795914d?s=96&d=mm&r=g","contentUrl":"https:\/\/secure.gravatar.com\/avatar\/2bed02e9a515199a35221b37b3e7871dfba34ba0309d41356bb19e8e3795914d?s=96&d=mm&r=g","caption":"Bojan Atanasov"},"sameAs":["https:\/\/lumovo.ch"],"url":"https:\/\/nisacar.ch\/it\/author\/atanasov1995\/"}]}},"jetpack_featured_media_url":"https:\/\/i0.wp.com\/nisacar.ch\/wp-content\/uploads\/2026\/03\/Fahrzeugaufbereitung-Firmenautos-Luzern-Zug-Autoaufbereitung-Tags-Firmenauto-Fahrzeugaufbereitung-Geschaftsfahrzeuge-Luzern-Zug.jpg?fit=1200%2C850&ssl=1","jetpack_sharing_enabled":true,"_links":{"self":[{"href":"https:\/\/nisacar.ch\/it\/wp-json\/wp\/v2\/posts\/2846","targetHints":{"allow":["GET"]}}],"collection":[{"href":"https:\/\/nisacar.ch\/it\/wp-json\/wp\/v2\/posts"}],"about":[{"href":"https:\/\/nisacar.ch\/it\/wp-json\/wp\/v2\/types\/post"}],"author":[{"embeddable":true,"href":"https:\/\/nisacar.ch\/it\/wp-json\/wp\/v2\/users\/2"}],"replies":[{"embeddable":true,"href":"https:\/\/nisacar.ch\/it\/wp-json\/wp\/v2\/comments?post=2846"}],"version-history":[{"count":1,"href":"https:\/\/nisacar.ch\/it\/wp-json\/wp\/v2\/posts\/2846\/revisions"}],"predecessor-version":[{"id":2848,"href":"https:\/\/nisacar.ch\/it\/wp-json\/wp\/v2\/posts\/2846\/revisions\/2848"}],"wp:featuredmedia":[{"embeddable":true,"href":"https:\/\/nisacar.ch\/it\/wp-json\/wp\/v2\/media\/2847"}],"wp:attachment":[{"href":"https:\/\/nisacar.ch\/it\/wp-json\/wp\/v2\/media?parent=2846"}],"wp:term":[{"taxonomy":"category","embeddable":true,"href":"https:\/\/nisacar.ch\/it\/wp-json\/wp\/v2\/categories?post=2846"},{"taxonomy":"post_tag","embeddable":true,"href":"https:\/\/nisacar.ch\/it\/wp-json\/wp\/v2\/tags?post=2846"}],"curies":[{"name":"wp","href":"https:\/\/api.w.org\/{rel}","templated":true}]}}