{"id":2843,"date":"2026-04-08T10:59:40","date_gmt":"2026-04-08T08:59:40","guid":{"rendered":"https:\/\/nisacar.ch\/?p=2843"},"modified":"2026-03-19T11:01:51","modified_gmt":"2026-03-19T10:01:51","slug":"sommercheck-auto-sursee-sempach","status":"publish","type":"post","link":"https:\/\/nisacar.ch\/it\/sommercheck-auto-sursee-sempach\/","title":{"rendered":"Sommercheck f\u00fcrs Auto in Sursee und Sempach \u2013 was ist wichtig?"},"content":{"rendered":"\n<p class=\"\">Wenn die Temperaturen steigen und die Tage l\u00e4nger werden, denken viele Autofahrer vor allem an angenehmere Fahrten, Ferienpl\u00e4ne und weniger winterliche Belastung f\u00fcr das Fahrzeug. Genau deshalb wird oft untersch\u00e4tzt, dass auch der Sommer eigene Anforderungen an ein Auto stellt. Hitze, l\u00e4ngere Fahrten, h\u00f6here Belastung auf Autobahnen, warme Innenr\u00e4ume und st\u00e4rker beanspruchte Reifen machen eine gute Vorbereitung sinnvoll.<\/p>\n\n\n\n<p class=\"\">Ein Sommercheck ist deshalb keine unn\u00f6tige Routine, sondern eine praktische M\u00f6glichkeit, das Fahrzeug bewusst f\u00fcr die warme Jahreszeit fit zu machen. Gerade wenn Ausfl\u00fcge, Ferienfahrten oder l\u00e4ngere Strecken bevorstehen, ist es sinnvoll, vorher die wichtigsten Punkte zu pr\u00fcfen. So lassen sich kleinere Probleme fr\u00fch erkennen und unn\u00f6tige \u00dcberraschungen vermeiden.<\/p>\n\n\n\n<p class=\"\">In diesem Beitrag erfahren Sie, worauf es beim <strong>Sommercheck Auto Sursee Sempach<\/strong> ankommt, welche Bereiche besonders wichtig sind und warum eine gute Vorbereitung Sicherheit, Komfort und Werterhalt unterst\u00fctzt. Weitere hilfreiche Beitr\u00e4ge rund ums Fahrzeug finden Sie auch auf unserer <a href=\"https:\/\/nisacar.ch\/blog\/\">Blog-\u00dcbersicht<\/a>.<\/p>\n\n\n\n<h2 class=\"wp-block-heading\">Warum ein Sommercheck sinnvoll ist<\/h2>\n\n\n\n<p class=\"\">Viele Fahrer verbinden Fahrzeugchecks eher mit dem Winter oder dem Fr\u00fchling. Das ist verst\u00e4ndlich, aber nur ein Teil des Bildes. Auch der Sommer bringt besondere Belastungen mit sich. Hohe Temperaturen wirken auf Reifen, Motor, Innenraum und allgemeine Fahrzeugnutzung. Gleichzeitig wird das Auto in dieser Zeit oft intensiver genutzt \u2013 f\u00fcr Wochenendtrips, Ferien, spontane l\u00e4ngere Fahrten oder Reisen mit voller Beladung.<\/p>\n\n\n\n<p class=\"\">Ein Sommercheck hilft dabei, das Fahrzeug nicht einfach nur weiterzufahren, sondern bewusst auf die w\u00e4rmere Saison vorzubereiten. Wer vorab pr\u00fcft, ob alles in Ordnung ist, f\u00e4hrt meist entspannter. Genau das ist der praktische Nutzen: weniger Unsicherheit, bessere Alltagstauglichkeit und ein geringeres Risiko f\u00fcr vermeidbare Probleme unterwegs.<\/p>\n\n\n\n<p class=\"\">Gerade in Sursee, Sempach und Umgebung, wo Fahrzeuge sowohl im Alltag als auch f\u00fcr Freizeitfahrten stark genutzt werden, ist dieser Check besonders sinnvoll.<\/p>\n\n\n\n<h2 class=\"wp-block-heading\">Reifen geh\u00f6ren zu den wichtigsten Punkten<\/h2>\n\n\n\n<p class=\"\">Im Sommer sind Reifen besonders stark gefordert. H\u00f6here Asphalttemperaturen, l\u00e4ngere Fahrten und Autobahnstrecken wirken sich direkt auf ihren Zustand aus. Deshalb sollte ein Sommercheck immer mit einem genauen Blick auf die Reifen beginnen. Dabei geht es nicht nur darum, ob Sommerreifen montiert sind, sondern auch um deren tats\u00e4chlichen Zustand.<\/p>\n\n\n\n<p class=\"\">Wichtige Punkte sind:<\/p>\n\n\n\n<ul class=\"wp-block-list\">\n<li class=\"\">ausreichendes Profil,<\/li>\n\n\n\n<li class=\"\">gleichm\u00e4ssige Abnutzung,<\/li>\n\n\n\n<li class=\"\">korrekter Luftdruck,<\/li>\n\n\n\n<li class=\"\">keine sichtbaren Besch\u00e4digungen,<\/li>\n\n\n\n<li class=\"\">allgemein stimmiger Eindruck des Reifenbildes.<\/li>\n<\/ul>\n\n\n\n<p class=\"\">Gerade im Sommer kann schlechter Reifenzustand den Bremsweg und die Fahrstabilit\u00e4t negativ beeinflussen \u2013 besonders bei pl\u00f6tzlichem Regen auf heissem Asphalt. Wer sich intensiver mit diesem Thema befassen m\u00f6chte, liest hier weiter: <a href=\"https:\/\/nisacar.ch\/it\/sommerreifen-oder-ganzjahresreifen-luzern\/\">Sommerreifen oder Ganzjahresreifen in Luzern \u2013 was ist die bessere Wahl?<\/a> sowie <a href=\"https:\/\/nisacar.ch\/it\/reifenprofil-sicherheit-sursee-willisau\/\">Bremsweg, Reifenprofil und Sicherheit \u2013 wichtige Tipps f\u00fcr Autofahrer in Sursee und Willisau<\/a>.<\/p>\n\n\n\n<h2 class=\"wp-block-heading\">Bremsen vor l\u00e4ngeren Sommerfahrten nicht vergessen<\/h2>\n\n\n\n<p class=\"\">Wenn im Sommer mehr gefahren wird, steigen auch die Anforderungen an die Bremsanlage. Gerade bei l\u00e4ngeren Fahrten, Fahrten mit voller Beladung oder Strecken mit Gef\u00e4lle ist es wichtig, dass Bremsen sauber und zuverl\u00e4ssig arbeiten. Ger\u00e4usche, Vibrationen oder ein ver\u00e4ndertes Pedalgef\u00fchl sollten deshalb nicht ignoriert werden.<\/p>\n\n\n\n<p class=\"\">Zum Sommercheck geh\u00f6rt deshalb auch ein bewusster Blick auf das Bremsverhalten. Wer schon im Alltag Auff\u00e4lligkeiten bemerkt, sollte das vor l\u00e4ngeren Fahrten ernst nehmen. Passend dazu lesen Sie auch unsere Beitr\u00e4ge <a href=\"https:\/\/nisacar.ch\/it\/bremsen-quietschen-luzern-emmen\/\">Bremsen quietschen in Luzern und Emmen \u2013 was Autofahrer wissen sollten<\/a>, <a href=\"https:\/\/nisacar.ch\/bremsscheiben-wechseln-luzern-umgebung\/\">Wann sollte man Bremsscheiben wechseln in Luzern und Umgebung?<\/a> und <a href=\"https:\/\/nisacar.ch\/it\/bremsbelaege-pruefen-emmen-rothenburg\/\">Bremsbel\u00e4ge pr\u00fcfen lassen in Emmen und Rothenburg \u2013 wann ist es Zeit?<\/a>.<\/p>\n\n\n\n<p class=\"\">Gerade bei Sicherheitsfragen gilt: lieber vor der Saison pr\u00fcfen als w\u00e4hrend einer Fahrt unter Unsicherheit reagieren m\u00fcssen.<\/p>\n\n\n\n<h2 class=\"wp-block-heading\">Fl\u00fcssigkeiten kontrollieren \u2013 gerade im Sommer besonders wichtig<\/h2>\n\n\n\n<p class=\"\">Wenn es w\u00e4rmer wird, sollte auch ein Blick auf die wichtigsten Fl\u00fcssigkeiten nicht fehlen. Ein Auto ist auf funktionierende Systeme angewiesen, und gerade bei h\u00f6heren Temperaturen kann sich zeigen, ob alles sauber vorbereitet ist. Besonders relevant sind Motor\u00f6l, K\u00fchlmittel und Scheibenwischwasser.<\/p>\n\n\n\n<p class=\"\">Das K\u00fchlsystem ist im Sommer naturgem\u00e4ss st\u00e4rker gefragt als in der kalten Jahreszeit. Hohe Aussentemperaturen und l\u00e4ngere Fahrten erh\u00f6hen die Belastung. Gerade deshalb ist es sinnvoll, hier nicht nur auf den F\u00fcllstand zu schauen, sondern aufmerksam zu bleiben, wenn im Betrieb etwas auff\u00e4llig erscheint.<\/p>\n\n\n\n<p class=\"\">Auch das Scheibenwischwasser ist wichtig. Sommer bedeutet nicht automatisch nur trockene Strassen. Staub, Pollen, Insektenreste und pl\u00f6tzliche Sommerregen k\u00f6nnen die Sicht schnell beeintr\u00e4chtigen. Gute Sicht bleibt zu jeder Jahreszeit ein zentrales Thema.<\/p>\n\n\n\n<h2 class=\"wp-block-heading\">Scheiben und Wischer f\u00fcr Sommerregen und klare Sicht vorbereiten<\/h2>\n\n\n\n<p class=\"\">Viele denken bei Scheibenwischern eher an Herbst und Winter. Doch auch im Sommer spielen sie eine wichtige Rolle. Insektenreste, Staub, Pollen und pl\u00f6tzlich einsetzender Regen fordern Wischer und Scheiben oft st\u00e4rker, als man erwartet. Wenn die Wischer schmieren oder nicht mehr sauber arbeiten, ist die Sicht schnell unn\u00f6tig eingeschr\u00e4nkt.<\/p>\n\n\n\n<p class=\"\">Deshalb sollten beim Sommercheck Scheiben und Wischer bewusst kontrolliert werden. Auch kleine Sch\u00e4den an der Frontscheibe verdienen Aufmerksamkeit, weil sie sich bei Hitze und Temperaturunterschieden weiterentwickeln k\u00f6nnen. Mehr dazu lesen Sie hier: <a href=\"https:\/\/nisacar.ch\/it\/steinschlag-reparieren-emmen-rothenburg\/\">Steinschlag reparieren in Emmen und Rothenburg \u2013 wann reicht eine Reparatur?<\/a> und <a href=\"https:\/\/nisacar.ch\/it\/windschutzscheibe-wechseln-sursee-sempach\/\">Windschutzscheibe wechseln in Sursee und Sempach \u2013 wann ist ein Austausch n\u00f6tig?<\/a>.<\/p>\n\n\n\n<p class=\"\">Klare Sicht ist im Sommer genauso wichtig wie im Winter \u2013 nur werden die Risiken oft weniger ernst genommen.<\/p>\n\n\n\n<h2 class=\"wp-block-heading\">Klimaanlage und Innenraumkomfort nicht untersch\u00e4tzen<\/h2>\n\n\n\n<p class=\"\">Im Sommer wird schnell sp\u00fcrbar, wie wichtig ein angenehmer Innenraum ist. Gerade bei l\u00e4ngeren Fahrten, Stau, warmen Tagen oder Familienfahrten macht es einen grossen Unterschied, ob sich das Fahrzeug innen frisch und angenehm anf\u00fchlt. Deshalb geh\u00f6rt auch der Innenraum zum Sommercheck.<\/p>\n\n\n\n<p class=\"\">Ein aufger\u00e4umter, gepflegter und angenehm nutzbarer Innenraum steigert den Komfort deutlich. Mehr dazu lesen Sie auch in unserem Beitrag <a href=\"https:\/\/nisacar.ch\/it\/innenraumreinigung-auto-emmen-ebikon\/\">Innenraumreinigung f\u00fcrs Auto in Emmen und Ebikon \u2013 warum sie mehr bringt als nur Sauberkeit<\/a>.<\/p>\n\n\n\n<p class=\"\">Gerade wenn das Fahrzeug im Sommer st\u00e4rker genutzt wird, lohnt sich dieser Punkt besonders. Denn lange Fahrten f\u00fchlen sich in einem sauberen, gepflegten Auto einfach angenehmer an.<\/p>\n\n\n\n<h2 class=\"wp-block-heading\">Lack und Aussenpflege im Sommer ernst nehmen<\/h2>\n\n\n\n<p class=\"\">Hohe Temperaturen, Sonne, Staub, Insekten und lange Standzeiten im Freien belasten auch den Lack. Deshalb ist Sommer nicht nur Reisezeit, sondern auch eine Jahreszeit, in der Lackpflege sinnvoll ist. Ein sauberer, gepflegter Lack sieht nicht nur besser aus, sondern tr\u00e4gt auch zum Werterhalt des Fahrzeugs bei.<\/p>\n\n\n\n<p class=\"\">Wer sein Auto nach dem Fr\u00fchjahr oder vor l\u00e4ngeren Sommerfahrten optisch auffrischen m\u00f6chte, profitiert oft von einer professionellen Aufbereitung. Passend dazu lesen Sie unsere Beitr\u00e4ge <a href=\"https:\/\/nisacar.ch\/it\/auto-polieren-luzern-kriens\/\">Auto polieren in Luzern oder Kriens \u2013 wann lohnt sich eine professionelle Aufbereitung?<\/a> und <a href=\"https:\/\/nisacar.ch\/it\/lackaufbereitung-zug-cham\/\">Lackaufbereitung in Zug und Cham \u2013 wie bekommt Ihr Auto neuen Glanz?<\/a>.<\/p>\n\n\n\n<p class=\"\">Gerade bei Alltagsfahrzeugen wird dieser Bereich oft \u00fcbersehen, obwohl er den Gesamteindruck stark pr\u00e4gt.<\/p>\n\n\n\n<h2 class=\"wp-block-heading\">Ein Sommercheck ist besonders sinnvoll vor Ferienfahrten<\/h2>\n\n\n\n<p class=\"\">Viele Fahrzeuge werden im Sommer spontaner und intensiver genutzt. Wochenendausfl\u00fcge, Fahrten an Seen, Reisen in andere Regionen oder l\u00e4ngere Familienfahrten bedeuten, dass das Auto oft mehr leisten muss als im normalen Pendelalltag. Genau deshalb ist der Zeitpunkt vor einer solchen Fahrt ideal f\u00fcr einen bewussten Check.<\/p>\n\n\n\n<p class=\"\">Wer vorher Reifen, Bremsen, Fl\u00fcssigkeiten, Scheiben und allgemeine Alltagstauglichkeit \u00fcberpr\u00fcft, reduziert das Risiko von unn\u00f6tigen Problemen unterwegs. Niemand m\u00f6chte im Urlaub oder auf dem Weg zu einem Ausflug pl\u00f6tzlich feststellen, dass etwas nicht in Ordnung ist, das man vorher leicht h\u00e4tte bemerken k\u00f6nnen.<\/p>\n\n\n\n<p class=\"\">Ein Sommercheck ist also nicht nur Wartung, sondern auch Vorbereitung auf entspanntere Mobilit\u00e4t.<\/p>\n\n\n\n<h2 class=\"wp-block-heading\">Auch die Beladung im Sommer beeinflusst das Fahrzeug<\/h2>\n\n\n\n<p class=\"\">Gerade in der warmen Jahreszeit fahren viele Menschen mit mehr Gep\u00e4ck, Sportausr\u00fcstung, Kinderwagen oder vollerem Fahrzeug los. Diese zus\u00e4tzliche Belastung ver\u00e4ndert das Fahrverhalten. Reifen und Bremsen werden st\u00e4rker beansprucht, und das Auto reagiert insgesamt anders als im leeren Alltagszustand.<\/p>\n\n\n\n<p class=\"\">Deshalb sollte man das Fahrzeug nicht nur im normalen Zustand denken, sondern auch in realen Sommerschaupl\u00e4tzen. Wenn Ferien oder Ausfl\u00fcge geplant sind, lohnt sich ein Check besonders. Wer die Belastung mitdenkt, f\u00e4hrt realistischer und sicherer.<\/p>\n\n\n\n<p class=\"\">Gerade dieser Punkt macht den Sommercheck oft wertvoller als eine rein theoretische Routinekontrolle.<\/p>\n\n\n\n<h2 class=\"wp-block-heading\">Warum sich der Sommercheck auch wirtschaftlich lohnt<\/h2>\n\n\n\n<p class=\"\">Ein bewusst gepr\u00fcfter Zustand hilft nicht nur bei Sicherheit und Komfort, sondern oft auch beim Sparen. Kleinere Probleme, die fr\u00fch erkannt werden, lassen sich meist einfacher und g\u00fcnstiger einordnen als Themen, die auf l\u00e4ngeren Fahrten oder bei st\u00e4rkerer Sommernutzung pl\u00f6tzlich auffallen.<\/p>\n\n\n\n<p class=\"\">Das gilt f\u00fcr Reifen genauso wie f\u00fcr Bremsen, Scheiben oder den allgemeinen Fahrzeugzustand. Wer das Auto regelm\u00e4ssig im Blick beh\u00e4lt, sch\u00fctzt damit nicht nur den Alltag, sondern oft auch den sp\u00e4teren Werterhalt. Ein gepflegtes Fahrzeug l\u00e4sst sich langfristig besser erhalten \u2013 und bei Bedarf auch \u00fcberzeugender verkaufen.<\/p>\n\n\n\n<p class=\"\">Wenn Sie sich auch mit dem Fahrzeugverkauf besch\u00e4ftigen, lesen Sie weiter unter <a href=\"https:\/\/nisacar.ch\/it\/auto-verkaufen-kriens-horw\/\">Auto verkaufen in Kriens und Horw \u2013 privat oder an einen H\u00e4ndler?<\/a>.<\/p>\n\n\n\n<h2 class=\"wp-block-heading\">Warum regionale Unterst\u00fctzung in Sursee und Sempach sinnvoll ist<\/h2>\n\n\n\n<p class=\"\">Viele Autofahrer m\u00f6chten beim Sommercheck keine pauschale Liste, sondern eine ehrliche Einsch\u00e4tzung zum tats\u00e4chlichen Zustand ihres Fahrzeugs. Genau hier bringt ein regionaler Ansprechpartner klare Vorteile. Kurze Wege, pers\u00f6nliche Beratung und ein praxisnaher Blick auf das Auto helfen dabei, die wirklich wichtigen Punkte einzuordnen.<\/p>\n\n\n\n<p class=\"\">Bei NISA Car legen wir Wert auf transparente Empfehlungen und L\u00f6sungen, die zu Ihrem Alltag passen. Wir schauen uns das Fahrzeug an und helfen Ihnen dabei, sicher und gut vorbereitet in die warme Jahreszeit zu starten. Mehr zu unseren Angeboten finden Sie auch unter <a href=\"https:\/\/nisacar.ch\/leistungen\/\">Leistungen<\/a> sowie bei unseren aktuellen <a href=\"https:\/\/nisacar.ch\/automobile\/\">Automobilen<\/a>.<\/p>\n\n\n\n<h2 class=\"wp-block-heading\">Fazit: Der Sommercheck sorgt f\u00fcr mehr Sicherheit, Komfort und Gelassenheit<\/h2>\n\n\n\n<p class=\"\"><strong>Sommercheck Auto Sursee Sempach<\/strong> ist eine sinnvolle Vorbereitung f\u00fcr alle, die ihr Fahrzeug nicht einfach nur weiterfahren, sondern bewusst fit f\u00fcr die warme Jahreszeit machen m\u00f6chten. Reifen, Bremsen, Fl\u00fcssigkeiten, Scheiben, Innenraum und allgemeiner Zustand verdienen vor Sommerfahrten und intensiver Nutzung besondere Aufmerksamkeit.<\/p>\n\n\n\n<p class=\"\">Wer fr\u00fch pr\u00fcft, f\u00e4hrt entspannter, reduziert das Risiko f\u00fcr unn\u00f6tige \u00dcberraschungen und sorgt gleichzeitig daf\u00fcr, dass das Fahrzeug auch im Sommer gepflegt und zuverl\u00e4ssig bleibt. Genau das macht den Unterschied zwischen einfach fahren und gut vorbereitet fahren.<\/p>\n\n\n\n<p class=\"\">Wenn Sie Ihr Fahrzeug fit f\u00fcr den Sommer machen oder eine ehrliche Einsch\u00e4tzung zum aktuellen Zustand w\u00fcnschen, nehmen Sie gerne <a href=\"https:\/\/nisacar.ch\/kontakt\/\">Kontakt<\/a> mit uns auf. Wir unterst\u00fctzen Sie mit einer transparenten Beurteilung und der passenden L\u00f6sung f\u00fcr Ihr Auto.<\/p>\n\n\n\n<h2 class=\"wp-block-heading\">Weitere hilfreiche Artikel<\/h2>\n\n\n\n<ul class=\"wp-block-list\">\n<li class=\"\"><a href=\"https:\/\/nisacar.ch\/it\/fruehjahrscheck-auto-luzern-umgebung\/\">Fr\u00fchjahrscheck f\u00fcrs Auto in Luzern und Umgebung \u2013 diese Punkte sollten Sie pr\u00fcfen<\/a><\/li>\n\n\n\n<li class=\"\"><a href=\"https:\/\/nisacar.ch\/it\/sommerreifen-oder-ganzjahresreifen-luzern\/\">Sommerreifen oder Ganzjahresreifen in Luzern \u2013 was ist die bessere Wahl?<\/a><\/li>\n\n\n\n<li class=\"\"><a href=\"https:\/\/nisacar.ch\/bremsscheiben-wechseln-luzern-umgebung\/\">Wann sollte man Bremsscheiben wechseln in Luzern und Umgebung?<\/a><\/li>\n<\/ul>\n","protected":false},"excerpt":{"rendered":"<p>Wenn die Temperaturen steigen und die Tage l\u00e4nger werden, denken viele Autofahrer vor allem an angenehmere Fahrten, Ferienpl\u00e4ne und weniger winterliche Belastung f\u00fcr das Fahrzeug. Genau<span class=\"excerpt-hellip\"> [\u2026]<\/span><\/p>\n","protected":false},"author":2,"featured_media":2844,"comment_status":"closed","ping_status":"closed","sticky":false,"template":"","format":"standard","meta":{"_acf_changed":false,"nf_dc_page":"","_jetpack_memberships_contains_paid_content":false,"footnotes":""},"categories":[21],"tags":[],"class_list":["post-2843","post","type-post","status-publish","format-standard","has-post-thumbnail","hentry","category-auto-ratgeber"],"acf":[],"yoast_head":"<!-- This site is optimized with the Yoast SEO plugin v27.5 - https:\/\/yoast.com\/product\/yoast-seo-wordpress\/ -->\n<title>Sommercheck f\u00fcrs Auto in Sursee und Sempach \u2013 was ist wichtig?<\/title>\n<meta name=\"description\" content=\"Sommercheck f\u00fcrs Auto in Sursee und Sempach: Erfahren Sie, welche Punkte vor der warmen Jahreszeit besonders wichtig sind und wie Sie Ihr Fahrzeug fit f\u00fcr Sommer und l\u00e4ngere Fahrten machen.\" \/>\n<meta name=\"robots\" content=\"index, follow, max-snippet:-1, max-image-preview:large, max-video-preview:-1\" \/>\n<link rel=\"canonical\" href=\"https:\/\/nisacar.ch\/it\/sommercheck-auto-sursee-sempach\/\" \/>\n<meta property=\"og:locale\" content=\"it_IT\" \/>\n<meta property=\"og:type\" content=\"article\" \/>\n<meta property=\"og:title\" content=\"Sommercheck f\u00fcrs Auto in Sursee und Sempach \u2013 was ist wichtig?\" \/>\n<meta property=\"og:description\" content=\"Sommercheck f\u00fcrs Auto in Sursee und Sempach: Erfahren Sie, welche Punkte vor der warmen Jahreszeit besonders wichtig sind und wie Sie Ihr Fahrzeug fit f\u00fcr Sommer und l\u00e4ngere Fahrten machen.\" \/>\n<meta property=\"og:url\" content=\"https:\/\/nisacar.ch\/it\/sommercheck-auto-sursee-sempach\/\" \/>\n<meta property=\"og:site_name\" content=\"NISA Car\" \/>\n<meta property=\"article:publisher\" content=\"https:\/\/www.facebook.com\/nisacar.ch1\" \/>\n<meta property=\"article:published_time\" content=\"2026-04-08T08:59:40+00:00\" \/>\n<meta property=\"og:image\" content=\"https:\/\/i0.wp.com\/nisacar.ch\/wp-content\/uploads\/2026\/03\/Sommercheck-Auto-Sursee-Sempach-Auto-Ratgeber-Tags-Sommercheck-Auto-Check-Fahrzeugpflege-Sursee-Sempach.jpg?fit=1200%2C850&ssl=1\" \/>\n\t<meta property=\"og:image:width\" content=\"1200\" \/>\n\t<meta property=\"og:image:height\" content=\"850\" \/>\n\t<meta property=\"og:image:type\" content=\"image\/jpeg\" \/>\n<meta name=\"author\" content=\"Bojan Atanasov\" \/>\n<meta name=\"twitter:card\" content=\"summary_large_image\" \/>\n<meta name=\"twitter:label1\" content=\"Scritto da\" \/>\n\t<meta name=\"twitter:data1\" content=\"Bojan Atanasov\" \/>\n\t<meta name=\"twitter:label2\" content=\"Tempo di lettura stimato\" \/>\n\t<meta name=\"twitter:data2\" content=\"8 minuti\" \/>\n<script type=\"application\/ld+json\" class=\"yoast-schema-graph\">{\"@context\":\"https:\\\/\\\/schema.org\",\"@graph\":[{\"@type\":\"Article\",\"@id\":\"https:\\\/\\\/nisacar.ch\\\/it\\\/sommercheck-auto-sursee-sempach\\\/#article\",\"isPartOf\":{\"@id\":\"https:\\\/\\\/nisacar.ch\\\/it\\\/sommercheck-auto-sursee-sempach\\\/\"},\"author\":{\"name\":\"Bojan Atanasov\",\"@id\":\"https:\\\/\\\/nisacar.ch\\\/it\\\/#\\\/schema\\\/person\\\/d92360346fc54e6f3ccb5f67baa14403\"},\"headline\":\"Sommercheck f\u00fcrs Auto in Sursee und Sempach \u2013 was ist wichtig?\",\"datePublished\":\"2026-04-08T08:59:40+00:00\",\"mainEntityOfPage\":{\"@id\":\"https:\\\/\\\/nisacar.ch\\\/it\\\/sommercheck-auto-sursee-sempach\\\/\"},\"wordCount\":1761,\"publisher\":{\"@id\":\"https:\\\/\\\/nisacar.ch\\\/it\\\/#organization\"},\"image\":{\"@id\":\"https:\\\/\\\/nisacar.ch\\\/it\\\/sommercheck-auto-sursee-sempach\\\/#primaryimage\"},\"thumbnailUrl\":\"https:\\\/\\\/i0.wp.com\\\/nisacar.ch\\\/wp-content\\\/uploads\\\/2026\\\/03\\\/Sommercheck-Auto-Sursee-Sempach-Auto-Ratgeber-Tags-Sommercheck-Auto-Check-Fahrzeugpflege-Sursee-Sempach.jpg?fit=1200%2C850&ssl=1\",\"articleSection\":[\"Auto Ratgeber\"],\"inLanguage\":\"it-IT\"},{\"@type\":\"WebPage\",\"@id\":\"https:\\\/\\\/nisacar.ch\\\/it\\\/sommercheck-auto-sursee-sempach\\\/\",\"url\":\"https:\\\/\\\/nisacar.ch\\\/it\\\/sommercheck-auto-sursee-sempach\\\/\",\"name\":\"Sommercheck f\u00fcrs Auto in Sursee und Sempach \u2013 was ist wichtig?\",\"isPartOf\":{\"@id\":\"https:\\\/\\\/nisacar.ch\\\/it\\\/#website\"},\"primaryImageOfPage\":{\"@id\":\"https:\\\/\\\/nisacar.ch\\\/it\\\/sommercheck-auto-sursee-sempach\\\/#primaryimage\"},\"image\":{\"@id\":\"https:\\\/\\\/nisacar.ch\\\/it\\\/sommercheck-auto-sursee-sempach\\\/#primaryimage\"},\"thumbnailUrl\":\"https:\\\/\\\/i0.wp.com\\\/nisacar.ch\\\/wp-content\\\/uploads\\\/2026\\\/03\\\/Sommercheck-Auto-Sursee-Sempach-Auto-Ratgeber-Tags-Sommercheck-Auto-Check-Fahrzeugpflege-Sursee-Sempach.jpg?fit=1200%2C850&ssl=1\",\"datePublished\":\"2026-04-08T08:59:40+00:00\",\"description\":\"Sommercheck f\u00fcrs Auto in Sursee und Sempach: Erfahren Sie, welche Punkte vor der warmen Jahreszeit besonders wichtig sind und wie Sie Ihr Fahrzeug fit f\u00fcr Sommer und l\u00e4ngere Fahrten machen.\",\"breadcrumb\":{\"@id\":\"https:\\\/\\\/nisacar.ch\\\/it\\\/sommercheck-auto-sursee-sempach\\\/#breadcrumb\"},\"inLanguage\":\"it-IT\",\"potentialAction\":[{\"@type\":\"ReadAction\",\"target\":[\"https:\\\/\\\/nisacar.ch\\\/it\\\/sommercheck-auto-sursee-sempach\\\/\"]}]},{\"@type\":\"ImageObject\",\"inLanguage\":\"it-IT\",\"@id\":\"https:\\\/\\\/nisacar.ch\\\/it\\\/sommercheck-auto-sursee-sempach\\\/#primaryimage\",\"url\":\"https:\\\/\\\/i0.wp.com\\\/nisacar.ch\\\/wp-content\\\/uploads\\\/2026\\\/03\\\/Sommercheck-Auto-Sursee-Sempach-Auto-Ratgeber-Tags-Sommercheck-Auto-Check-Fahrzeugpflege-Sursee-Sempach.jpg?fit=1200%2C850&ssl=1\",\"contentUrl\":\"https:\\\/\\\/i0.wp.com\\\/nisacar.ch\\\/wp-content\\\/uploads\\\/2026\\\/03\\\/Sommercheck-Auto-Sursee-Sempach-Auto-Ratgeber-Tags-Sommercheck-Auto-Check-Fahrzeugpflege-Sursee-Sempach.jpg?fit=1200%2C850&ssl=1\",\"width\":1200,\"height\":850,\"caption\":\"Sommercheck Auto Sursee Sempach Auto Ratgeber Tags Sommercheck, Auto Check, Fahrzeugpflege, Sursee, Sempach\"},{\"@type\":\"BreadcrumbList\",\"@id\":\"https:\\\/\\\/nisacar.ch\\\/it\\\/sommercheck-auto-sursee-sempach\\\/#breadcrumb\",\"itemListElement\":[{\"@type\":\"ListItem\",\"position\":1,\"name\":\"Home\",\"item\":\"https:\\\/\\\/nisacar.ch\\\/it\\\/\"},{\"@type\":\"ListItem\",\"position\":2,\"name\":\"Sommercheck f\u00fcrs Auto in Sursee und Sempach \u2013 was ist wichtig?\"}]},{\"@type\":\"WebSite\",\"@id\":\"https:\\\/\\\/nisacar.ch\\\/it\\\/#website\",\"url\":\"https:\\\/\\\/nisacar.ch\\\/it\\\/\",\"name\":\"NISA Car\",\"description\":\"Perfekte Pflege. Faire Preise. Schweizer Qualit\u00e4t.\",\"publisher\":{\"@id\":\"https:\\\/\\\/nisacar.ch\\\/it\\\/#organization\"},\"potentialAction\":[{\"@type\":\"SearchAction\",\"target\":{\"@type\":\"EntryPoint\",\"urlTemplate\":\"https:\\\/\\\/nisacar.ch\\\/it\\\/?s={search_term_string}\"},\"query-input\":{\"@type\":\"PropertyValueSpecification\",\"valueRequired\":true,\"valueName\":\"search_term_string\"}}],\"inLanguage\":\"it-IT\"},{\"@type\":\"Organization\",\"@id\":\"https:\\\/\\\/nisacar.ch\\\/it\\\/#organization\",\"name\":\"NISA Car Angelov\",\"url\":\"https:\\\/\\\/nisacar.ch\\\/it\\\/\",\"logo\":{\"@type\":\"ImageObject\",\"inLanguage\":\"it-IT\",\"@id\":\"https:\\\/\\\/nisacar.ch\\\/it\\\/#\\\/schema\\\/logo\\\/image\\\/\",\"url\":\"https:\\\/\\\/i0.wp.com\\\/nisacar.ch\\\/wp-content\\\/uploads\\\/2025\\\/10\\\/cropped-za_autoscout-removebg-preview-Copy.png?fit=420%2C150&ssl=1\",\"contentUrl\":\"https:\\\/\\\/i0.wp.com\\\/nisacar.ch\\\/wp-content\\\/uploads\\\/2025\\\/10\\\/cropped-za_autoscout-removebg-preview-Copy.png?fit=420%2C150&ssl=1\",\"width\":420,\"height\":150,\"caption\":\"NISA Car Angelov\"},\"image\":{\"@id\":\"https:\\\/\\\/nisacar.ch\\\/it\\\/#\\\/schema\\\/logo\\\/image\\\/\"},\"sameAs\":[\"https:\\\/\\\/www.facebook.com\\\/nisacar.ch1\",\"https:\\\/\\\/www.instagram.com\\\/nisacar_ch\\\/\"]},{\"@type\":\"Person\",\"@id\":\"https:\\\/\\\/nisacar.ch\\\/it\\\/#\\\/schema\\\/person\\\/d92360346fc54e6f3ccb5f67baa14403\",\"name\":\"Bojan Atanasov\",\"image\":{\"@type\":\"ImageObject\",\"inLanguage\":\"it-IT\",\"@id\":\"https:\\\/\\\/secure.gravatar.com\\\/avatar\\\/2bed02e9a515199a35221b37b3e7871dfba34ba0309d41356bb19e8e3795914d?s=96&d=mm&r=g\",\"url\":\"https:\\\/\\\/secure.gravatar.com\\\/avatar\\\/2bed02e9a515199a35221b37b3e7871dfba34ba0309d41356bb19e8e3795914d?s=96&d=mm&r=g\",\"contentUrl\":\"https:\\\/\\\/secure.gravatar.com\\\/avatar\\\/2bed02e9a515199a35221b37b3e7871dfba34ba0309d41356bb19e8e3795914d?s=96&d=mm&r=g\",\"caption\":\"Bojan Atanasov\"},\"sameAs\":[\"https:\\\/\\\/lumovo.ch\"],\"url\":\"https:\\\/\\\/nisacar.ch\\\/it\\\/author\\\/atanasov1995\\\/\"}]}<\/script>\n<!-- \/ Yoast SEO plugin. -->","yoast_head_json":{"title":"Sommercheck f\u00fcrs Auto in Sursee und Sempach \u2013 was ist wichtig?","description":"Sommercheck f\u00fcrs Auto in Sursee und Sempach: Erfahren Sie, welche Punkte vor der warmen Jahreszeit besonders wichtig sind und wie Sie Ihr Fahrzeug fit f\u00fcr Sommer und l\u00e4ngere Fahrten machen.","robots":{"index":"index","follow":"follow","max-snippet":"max-snippet:-1","max-image-preview":"max-image-preview:large","max-video-preview":"max-video-preview:-1"},"canonical":"https:\/\/nisacar.ch\/it\/sommercheck-auto-sursee-sempach\/","og_locale":"it_IT","og_type":"article","og_title":"Sommercheck f\u00fcrs Auto in Sursee und Sempach \u2013 was ist wichtig?","og_description":"Sommercheck f\u00fcrs Auto in Sursee und Sempach: Erfahren Sie, welche Punkte vor der warmen Jahreszeit besonders wichtig sind und wie Sie Ihr Fahrzeug fit f\u00fcr Sommer und l\u00e4ngere Fahrten machen.","og_url":"https:\/\/nisacar.ch\/it\/sommercheck-auto-sursee-sempach\/","og_site_name":"NISA Car","article_publisher":"https:\/\/www.facebook.com\/nisacar.ch1","article_published_time":"2026-04-08T08:59:40+00:00","og_image":[{"width":1200,"height":850,"url":"https:\/\/i0.wp.com\/nisacar.ch\/wp-content\/uploads\/2026\/03\/Sommercheck-Auto-Sursee-Sempach-Auto-Ratgeber-Tags-Sommercheck-Auto-Check-Fahrzeugpflege-Sursee-Sempach.jpg?fit=1200%2C850&ssl=1","type":"image\/jpeg"}],"author":"Bojan Atanasov","twitter_card":"summary_large_image","twitter_misc":{"Scritto da":"Bojan Atanasov","Tempo di lettura stimato":"8 minuti"},"schema":{"@context":"https:\/\/schema.org","@graph":[{"@type":"Article","@id":"https:\/\/nisacar.ch\/it\/sommercheck-auto-sursee-sempach\/#article","isPartOf":{"@id":"https:\/\/nisacar.ch\/it\/sommercheck-auto-sursee-sempach\/"},"author":{"name":"Bojan Atanasov","@id":"https:\/\/nisacar.ch\/it\/#\/schema\/person\/d92360346fc54e6f3ccb5f67baa14403"},"headline":"Sommercheck f\u00fcrs Auto in Sursee und Sempach \u2013 was ist wichtig?","datePublished":"2026-04-08T08:59:40+00:00","mainEntityOfPage":{"@id":"https:\/\/nisacar.ch\/it\/sommercheck-auto-sursee-sempach\/"},"wordCount":1761,"publisher":{"@id":"https:\/\/nisacar.ch\/it\/#organization"},"image":{"@id":"https:\/\/nisacar.ch\/it\/sommercheck-auto-sursee-sempach\/#primaryimage"},"thumbnailUrl":"https:\/\/i0.wp.com\/nisacar.ch\/wp-content\/uploads\/2026\/03\/Sommercheck-Auto-Sursee-Sempach-Auto-Ratgeber-Tags-Sommercheck-Auto-Check-Fahrzeugpflege-Sursee-Sempach.jpg?fit=1200%2C850&ssl=1","articleSection":["Auto Ratgeber"],"inLanguage":"it-IT"},{"@type":"WebPage","@id":"https:\/\/nisacar.ch\/it\/sommercheck-auto-sursee-sempach\/","url":"https:\/\/nisacar.ch\/it\/sommercheck-auto-sursee-sempach\/","name":"Sommercheck f\u00fcrs Auto in Sursee und Sempach \u2013 was ist wichtig?","isPartOf":{"@id":"https:\/\/nisacar.ch\/it\/#website"},"primaryImageOfPage":{"@id":"https:\/\/nisacar.ch\/it\/sommercheck-auto-sursee-sempach\/#primaryimage"},"image":{"@id":"https:\/\/nisacar.ch\/it\/sommercheck-auto-sursee-sempach\/#primaryimage"},"thumbnailUrl":"https:\/\/i0.wp.com\/nisacar.ch\/wp-content\/uploads\/2026\/03\/Sommercheck-Auto-Sursee-Sempach-Auto-Ratgeber-Tags-Sommercheck-Auto-Check-Fahrzeugpflege-Sursee-Sempach.jpg?fit=1200%2C850&ssl=1","datePublished":"2026-04-08T08:59:40+00:00","description":"Sommercheck f\u00fcrs Auto in Sursee und Sempach: Erfahren Sie, welche Punkte vor der warmen Jahreszeit besonders wichtig sind und wie Sie Ihr Fahrzeug fit f\u00fcr Sommer und l\u00e4ngere Fahrten machen.","breadcrumb":{"@id":"https:\/\/nisacar.ch\/it\/sommercheck-auto-sursee-sempach\/#breadcrumb"},"inLanguage":"it-IT","potentialAction":[{"@type":"ReadAction","target":["https:\/\/nisacar.ch\/it\/sommercheck-auto-sursee-sempach\/"]}]},{"@type":"ImageObject","inLanguage":"it-IT","@id":"https:\/\/nisacar.ch\/it\/sommercheck-auto-sursee-sempach\/#primaryimage","url":"https:\/\/i0.wp.com\/nisacar.ch\/wp-content\/uploads\/2026\/03\/Sommercheck-Auto-Sursee-Sempach-Auto-Ratgeber-Tags-Sommercheck-Auto-Check-Fahrzeugpflege-Sursee-Sempach.jpg?fit=1200%2C850&ssl=1","contentUrl":"https:\/\/i0.wp.com\/nisacar.ch\/wp-content\/uploads\/2026\/03\/Sommercheck-Auto-Sursee-Sempach-Auto-Ratgeber-Tags-Sommercheck-Auto-Check-Fahrzeugpflege-Sursee-Sempach.jpg?fit=1200%2C850&ssl=1","width":1200,"height":850,"caption":"Sommercheck Auto Sursee Sempach Auto Ratgeber Tags Sommercheck, Auto Check, Fahrzeugpflege, Sursee, Sempach"},{"@type":"BreadcrumbList","@id":"https:\/\/nisacar.ch\/it\/sommercheck-auto-sursee-sempach\/#breadcrumb","itemListElement":[{"@type":"ListItem","position":1,"name":"Home","item":"https:\/\/nisacar.ch\/it\/"},{"@type":"ListItem","position":2,"name":"Sommercheck f\u00fcrs Auto in Sursee und Sempach \u2013 was ist wichtig?"}]},{"@type":"WebSite","@id":"https:\/\/nisacar.ch\/it\/#website","url":"https:\/\/nisacar.ch\/it\/","name":"NISA Car","description":"Perfekte Pflege. Faire Preise. Schweizer Qualit\u00e4t.","publisher":{"@id":"https:\/\/nisacar.ch\/it\/#organization"},"potentialAction":[{"@type":"SearchAction","target":{"@type":"EntryPoint","urlTemplate":"https:\/\/nisacar.ch\/it\/?s={search_term_string}"},"query-input":{"@type":"PropertyValueSpecification","valueRequired":true,"valueName":"search_term_string"}}],"inLanguage":"it-IT"},{"@type":"Organization","@id":"https:\/\/nisacar.ch\/it\/#organization","name":"NISA Car Angelov","url":"https:\/\/nisacar.ch\/it\/","logo":{"@type":"ImageObject","inLanguage":"it-IT","@id":"https:\/\/nisacar.ch\/it\/#\/schema\/logo\/image\/","url":"https:\/\/i0.wp.com\/nisacar.ch\/wp-content\/uploads\/2025\/10\/cropped-za_autoscout-removebg-preview-Copy.png?fit=420%2C150&ssl=1","contentUrl":"https:\/\/i0.wp.com\/nisacar.ch\/wp-content\/uploads\/2025\/10\/cropped-za_autoscout-removebg-preview-Copy.png?fit=420%2C150&ssl=1","width":420,"height":150,"caption":"NISA Car Angelov"},"image":{"@id":"https:\/\/nisacar.ch\/it\/#\/schema\/logo\/image\/"},"sameAs":["https:\/\/www.facebook.com\/nisacar.ch1","https:\/\/www.instagram.com\/nisacar_ch\/"]},{"@type":"Person","@id":"https:\/\/nisacar.ch\/it\/#\/schema\/person\/d92360346fc54e6f3ccb5f67baa14403","name":"Bojan Atanasov","image":{"@type":"ImageObject","inLanguage":"it-IT","@id":"https:\/\/secure.gravatar.com\/avatar\/2bed02e9a515199a35221b37b3e7871dfba34ba0309d41356bb19e8e3795914d?s=96&d=mm&r=g","url":"https:\/\/secure.gravatar.com\/avatar\/2bed02e9a515199a35221b37b3e7871dfba34ba0309d41356bb19e8e3795914d?s=96&d=mm&r=g","contentUrl":"https:\/\/secure.gravatar.com\/avatar\/2bed02e9a515199a35221b37b3e7871dfba34ba0309d41356bb19e8e3795914d?s=96&d=mm&r=g","caption":"Bojan Atanasov"},"sameAs":["https:\/\/lumovo.ch"],"url":"https:\/\/nisacar.ch\/it\/author\/atanasov1995\/"}]}},"jetpack_featured_media_url":"https:\/\/i0.wp.com\/nisacar.ch\/wp-content\/uploads\/2026\/03\/Sommercheck-Auto-Sursee-Sempach-Auto-Ratgeber-Tags-Sommercheck-Auto-Check-Fahrzeugpflege-Sursee-Sempach.jpg?fit=1200%2C850&ssl=1","jetpack_sharing_enabled":true,"_links":{"self":[{"href":"https:\/\/nisacar.ch\/it\/wp-json\/wp\/v2\/posts\/2843","targetHints":{"allow":["GET"]}}],"collection":[{"href":"https:\/\/nisacar.ch\/it\/wp-json\/wp\/v2\/posts"}],"about":[{"href":"https:\/\/nisacar.ch\/it\/wp-json\/wp\/v2\/types\/post"}],"author":[{"embeddable":true,"href":"https:\/\/nisacar.ch\/it\/wp-json\/wp\/v2\/users\/2"}],"replies":[{"embeddable":true,"href":"https:\/\/nisacar.ch\/it\/wp-json\/wp\/v2\/comments?post=2843"}],"version-history":[{"count":1,"href":"https:\/\/nisacar.ch\/it\/wp-json\/wp\/v2\/posts\/2843\/revisions"}],"predecessor-version":[{"id":2845,"href":"https:\/\/nisacar.ch\/it\/wp-json\/wp\/v2\/posts\/2843\/revisions\/2845"}],"wp:featuredmedia":[{"embeddable":true,"href":"https:\/\/nisacar.ch\/it\/wp-json\/wp\/v2\/media\/2844"}],"wp:attachment":[{"href":"https:\/\/nisacar.ch\/it\/wp-json\/wp\/v2\/media?parent=2843"}],"wp:term":[{"taxonomy":"category","embeddable":true,"href":"https:\/\/nisacar.ch\/it\/wp-json\/wp\/v2\/categories?post=2843"},{"taxonomy":"post_tag","embeddable":true,"href":"https:\/\/nisacar.ch\/it\/wp-json\/wp\/v2\/tags?post=2843"}],"curies":[{"name":"wp","href":"https:\/\/api.w.org\/{rel}","templated":true}]}}