{"id":2836,"date":"2026-04-07T10:36:36","date_gmt":"2026-04-07T08:36:36","guid":{"rendered":"https:\/\/nisacar.ch\/?p=2836"},"modified":"2026-03-19T10:39:41","modified_gmt":"2026-03-19T09:39:41","slug":"bremsbelaege-pruefen-emmen-rothenburg","status":"publish","type":"post","link":"https:\/\/nisacar.ch\/it\/bremsbelaege-pruefen-emmen-rothenburg\/","title":{"rendered":"Bremsbel\u00e4ge pr\u00fcfen lassen in Emmen und Rothenburg \u2013 wann ist es Zeit?"},"content":{"rendered":"\n<p class=\"\">Bremsen geh\u00f6ren zu den wichtigsten Sicherheitskomponenten eines Autos. Trotzdem werden sie im Alltag oft erst dann bewusst wahrgenommen, wenn etwas auff\u00e4llig wird: ein Ger\u00e4usch, ein ver\u00e4ndertes Pedalgef\u00fchl oder das Gef\u00fchl, dass das Auto nicht mehr ganz so sauber verz\u00f6gert wie fr\u00fcher. Gerade die Bremsbel\u00e4ge spielen dabei eine zentrale Rolle. Sie sind t\u00e4glich im Einsatz und z\u00e4hlen zu den klassischen Verschleissteilen eines Fahrzeugs.<\/p>\n\n\n\n<p class=\"\">Viele Autofahrer wissen grunds\u00e4tzlich, dass Bremsbel\u00e4ge nicht ewig halten. Unsicher sind jedoch viele bei der Frage, wann eine Kontrolle wirklich sinnvoll ist. Muss man erst warten, bis Ger\u00e4usche auftreten? Reicht eine Pr\u00fcfung beim Service? Und welche Anzeichen deuten \u00fcberhaupt darauf hin, dass Bremsbel\u00e4ge bereits deutlich abgenutzt sein k\u00f6nnten?<\/p>\n\n\n\n<p class=\"\">In diesem Beitrag erfahren Sie, worauf es ankommt, wenn Sie <strong>Bremsbel\u00e4ge pr\u00fcfen Emmen Rothenburg<\/strong> m\u00f6chten. Sie lesen, welche Warnzeichen ernst genommen werden sollten, warum regelm\u00e4ssige Kontrolle sinnvoll ist und weshalb man das Thema nicht auf die lange Bank schieben sollte. Weitere hilfreiche Themen rund ums Fahrzeug finden Sie auch auf unserer <a href=\"https:\/\/nisacar.ch\/blog\/\">Blog-\u00dcbersicht<\/a>.<\/p>\n\n\n\n<h2 class=\"wp-block-heading\">Welche Aufgabe Bremsbel\u00e4ge haben<\/h2>\n\n\n\n<p class=\"\">Bremsbel\u00e4ge arbeiten direkt mit den Bremsscheiben zusammen. Wenn Sie das Bremspedal bet\u00e4tigen, dr\u00fccken sich die Bel\u00e4ge gegen die Bremsscheiben. Durch diese Reibung wird das Fahrzeug abgebremst. Genau deshalb sind die Bremsbel\u00e4ge bei jeder Fahrt in Gebrauch \u2013 mal nur leicht, mal unter st\u00e4rkerer Belastung.<\/p>\n\n\n\n<p class=\"\">Diese Funktion zeigt auch sofort, warum Bremsbel\u00e4ge typische Verschleissteile sind. Bei jedem Bremsvorgang wird Material abgetragen. Das geschieht langsam und oft unbemerkt. \u00dcber viele Fahrten hinweg nimmt die St\u00e4rke der Bel\u00e4ge Schritt f\u00fcr Schritt ab, bis irgendwann eine Kontrolle oder ein Wechsel notwendig wird.<\/p>\n\n\n\n<p class=\"\">Weil die Bremsbel\u00e4ge direkt f\u00fcr die Verz\u00f6gerung verantwortlich sind, sollte ihr Zustand nie untersch\u00e4tzt werden. Es geht nicht nur um Komfort, sondern um einen wesentlichen Teil der aktiven Fahrsicherheit.<\/p>\n\n\n\n<h2 class=\"wp-block-heading\">Warum Bremsbel\u00e4ge nicht bei jedem Auto gleich lange halten<\/h2>\n\n\n\n<p class=\"\">Es gibt keinen festen Zeitpunkt, der bei jedem Fahrzeug gleich w\u00e4re. Die Lebensdauer von Bremsbel\u00e4gen h\u00e4ngt stark davon ab, wie das Auto genutzt wird. Wer viel im Stadtverkehr unterwegs ist, h\u00e4ufig bremst oder kurze Strecken f\u00e4hrt, beansprucht die Bremsen meist st\u00e4rker als jemand, der vorausschauend und oft auf l\u00e4ngeren Strecken unterwegs ist.<\/p>\n\n\n\n<p class=\"\">Auch Fahrzeuggewicht, Fahrstil und Fahrgebiet spielen eine Rolle. Ein schwereres Auto, ein SUV oder ein Fahrzeug mit h\u00e4ufiger Beladung belastet die Bremsanlage oft st\u00e4rker. Dazu kommen Stop-and-go-Verkehr, Kreisverkehre, Gef\u00e4lle oder einfach eine Fahrweise, bei der \u00f6fter kr\u00e4ftig verz\u00f6gert wird.<\/p>\n\n\n\n<p class=\"\">Genau deshalb kann ein Fahrzeug mit relativ moderater Laufleistung bereits deutlich verschlissene Bremsbel\u00e4ge haben, w\u00e4hrend ein anderes bei \u00e4hnlicher Kilometerzahl noch in besserem Zustand ist. Entscheidend ist nicht nur, wie weit gefahren wurde, sondern wie.<\/p>\n\n\n\n<h2 class=\"wp-block-heading\">Woran merkt man, dass die Bremsbel\u00e4ge gepr\u00fcft werden sollten?<\/h2>\n\n\n\n<p class=\"\">Viele Anzeichen machen sich im Alltag bemerkbar, bevor der Verschleiss zu weit fortgeschritten ist. Manche Hinweise sind deutlich, andere eher subtil. Typische Signale daf\u00fcr, dass eine Kontrolle der Bremsbel\u00e4ge sinnvoll w\u00e4re, sind:<\/p>\n\n\n\n<ul class=\"wp-block-list\">\n<li class=\"\">quietschende oder schleifende Ger\u00e4usche beim Bremsen,<\/li>\n\n\n\n<li class=\"\">ein ver\u00e4ndertes Bremsgef\u00fchl,<\/li>\n\n\n\n<li class=\"\">ein l\u00e4ngerer Bremsweg,<\/li>\n\n\n\n<li class=\"\">Vibrationen oder Unruhe beim Verz\u00f6gern,<\/li>\n\n\n\n<li class=\"\">ein unsicheres Gef\u00fchl beim Bremsen,<\/li>\n\n\n\n<li class=\"\">sichtbarer allgemeiner Verschleiss an der Bremsanlage.<\/li>\n<\/ul>\n\n\n\n<p class=\"\">Nicht jedes dieser Zeichen bedeutet automatisch, dass die Bremsbel\u00e4ge sofort ersetzt werden m\u00fcssen. Sie zeigen aber klar, dass eine fachliche Beurteilung sinnvoll ist. Gerade bei Bremsen ist es nie klug, nur zu hoffen, dass sich das Problem von selbst erledigt.<\/p>\n\n\n\n<h2 class=\"wp-block-heading\">Ger\u00e4usche beim Bremsen sind oft das erste Warnsignal<\/h2>\n\n\n\n<p class=\"\">Ein sehr h\u00e4ufiges erstes Zeichen sind Ger\u00e4usche. Viele Fahrer bemerken ein Quietschen, Schleifen oder ein ungewohntes Ger\u00e4uschbild zuerst beim langsamen Fahren oder im Stadtverkehr. Solche T\u00f6ne k\u00f6nnen verschiedene Ursachen haben, doch Bremsbel\u00e4ge geh\u00f6ren oft zu den ersten Punkten, die gepr\u00fcft werden sollten.<\/p>\n\n\n\n<p class=\"\">Besonders dann, wenn das Ger\u00e4usch regelm\u00e4ssig auftritt und nicht nur kurz nach Regen oder l\u00e4ngerer Standzeit h\u00f6rbar ist, sollte man aufmerksam werden. Wer mehr dazu lesen m\u00f6chte, findet hier den passenden Beitrag: <a href=\"https:\/\/nisacar.ch\/it\/bremsen-quietschen-luzern-emmen\/\">Bremsen quietschen in Luzern und Emmen \u2013 was Autofahrer wissen sollten<\/a>.<\/p>\n\n\n\n<p class=\"\">Ger\u00e4usche sind nicht immer ein Beweis f\u00fcr akuten Handlungsbedarf, aber fast immer ein guter Grund, sich das Bremssystem genauer ansehen zu lassen.<\/p>\n\n\n\n<h2 class=\"wp-block-heading\">Ein ver\u00e4ndertes Pedalgef\u00fchl sollte nicht ignoriert werden<\/h2>\n\n\n\n<p class=\"\">Neben Ger\u00e4uschen ist das Pedalgef\u00fchl ein wichtiger Hinweis. Wenn sich das Bremspedal anders anf\u00fchlt als sonst, weicher wirkt oder das Fahrzeug beim Bremsen nicht mehr so direkt reagiert, kann das ein Zeichen f\u00fcr Ver\u00e4nderungen im Bremssystem sein. Dazu geh\u00f6ren auch abgenutzte Bremsbel\u00e4ge.<\/p>\n\n\n\n<p class=\"\">Viele Fahrer sp\u00fcren solche Unterschiede zun\u00e4chst nur unbewusst. Man merkt, dass etwas nicht mehr ganz so selbstverst\u00e4ndlich funktioniert wie zuvor. Gerade solche fr\u00fchen Ver\u00e4nderungen sind wichtig, weil sie oft auftreten, bevor ein Problem deutlich gr\u00f6sser wird.<\/p>\n\n\n\n<p class=\"\">Wer sein Fahrzeug regelm\u00e4ssig f\u00e4hrt, kennt normalerweise dessen normales Verhalten. Deshalb sollte man auf Ver\u00e4nderungen im Bremsgef\u00fchl immer h\u00f6ren \u2013 auch wenn sie zun\u00e4chst nicht dramatisch erscheinen.<\/p>\n\n\n\n<h2 class=\"wp-block-heading\">Bremsbel\u00e4ge pr\u00fcfen in Emmen und Rothenburg \u2013 warum rechtzeitige Kontrolle sinnvoller ist als sp\u00e4tes Reagieren<\/h2>\n\n\n\n<p class=\"\">Bei Bremsen ist rechtzeitiges Handeln fast immer besser als sp\u00e4tes Reagieren. Wer die Bremsbel\u00e4ge pr\u00fcfen l\u00e4sst, bevor der Verschleiss zu weit fortgeschritten ist, verhindert oft unn\u00f6tige Folgekosten und reduziert das Risiko, dass auch andere Teile st\u00e4rker belastet werden.<\/p>\n\n\n\n<p class=\"\">Vor allem geht es aber um Sicherheit. Bremsbel\u00e4ge sollen nicht nur noch \u201eirgendwie funktionieren\u201c, sondern zuverl\u00e4ssig und gleichm\u00e4ssig arbeiten. Gerade im Alltag \u2013 bei Regen, im dichten Verkehr, bei pl\u00f6tzlichen Bremsman\u00f6vern oder auf Pendelstrecken \u2013 muss die Bremsanlage sauber reagieren.<\/p>\n\n\n\n<p class=\"\">Eine fr\u00fche Kontrolle schafft Klarheit. Sie wissen danach, ob alles in Ordnung ist, ob ein Wechsel bald ansteht oder ob bereits zeitnah gehandelt werden sollte. Dieses Wissen ist deutlich besser als Unsicherheit im Alltag.<\/p>\n\n\n\n<h2 class=\"wp-block-heading\">Die Bremsbel\u00e4ge nie isoliert betrachten<\/h2>\n\n\n\n<p class=\"\">Auch wenn Bremsbel\u00e4ge ein zentrales Verschleissteil sind, arbeiten sie nie allein. Sie sind immer Teil des gesamten Bremssystems. Deshalb sollte bei einer Kontrolle nicht nur auf die Bel\u00e4ge selbst geschaut werden, sondern auch auf die Bremsscheiben und das gesamte Bremsverhalten des Fahrzeugs.<\/p>\n\n\n\n<p class=\"\">Gerade wenn Bremsbel\u00e4ge stark abgenutzt sind, k\u00f6nnen auch die Bremsscheiben st\u00e4rker betroffen sein. Umgekehrt beeinflussen ungleichm\u00e4ssige oder problematische Bremsscheiben ebenfalls das Verhalten der Bel\u00e4ge. Mehr dazu lesen Sie auch hier: <a href=\"https:\/\/nisacar.ch\/bremsscheiben-wechseln-luzern-umgebung\/\">Wann sollte man Bremsscheiben wechseln in Luzern und Umgebung?<\/a><\/p>\n\n\n\n<p class=\"\">Wer Bremsprobleme sauber beurteilen m\u00f6chte, sollte deshalb immer das Zusammenspiel der Komponenten im Blick behalten.<\/p>\n\n\n\n<h2 class=\"wp-block-heading\">Wie sich Stadtverkehr und Kurzstrecken auswirken<\/h2>\n\n\n\n<p class=\"\">Gerade Fahrzeuge, die viel im Stadtverkehr oder auf kurzen Alltagsstrecken unterwegs sind, beanspruchen die Bremsanlage oft besonders stark. H\u00e4ufiges Anhalten, Ampeln, Kreisverkehre und Stop-and-go-Verkehr sorgen daf\u00fcr, dass Bremsbel\u00e4ge sehr regelm\u00e4ssig arbeiten m\u00fcssen.<\/p>\n\n\n\n<p class=\"\">In Regionen wie Emmen und Rothenburg, wo viele Autofahrer im gemischten Alltag zwischen Stadt, Gewerbegebieten und Pendelverkehr unterwegs sind, ist das ein typisches Nutzungsprofil. Genau deshalb ist es sinnvoll, bei solchen Fahrzeugen nicht nur nach Gef\u00fchl zu gehen, sondern den Zustand der Bremsanlage bewusst im Blick zu behalten.<\/p>\n\n\n\n<p class=\"\">Wer haupts\u00e4chlich kurze Strecken f\u00e4hrt, sollte also besonders aufmerksam sein \u2013 auch wenn die Laufleistung insgesamt nicht extrem hoch erscheint.<\/p>\n\n\n\n<h2 class=\"wp-block-heading\">Warum auch Reifen und Fahrverhalten mit hineinspielen<\/h2>\n\n\n\n<p class=\"\">Bremsen allein machen ein Fahrzeug nicht sicher. Auch Reifen und allgemeines Fahrverhalten beeinflussen, wie gut ein Auto tats\u00e4chlich verz\u00f6gert. Selbst gute Bremsbel\u00e4ge bringen wenig, wenn die Reifen abgenutzt sind oder das Fahrzeug insgesamt nicht sauber auf der Strasse steht.<\/p>\n\n\n\n<p class=\"\">Deshalb lohnt sich der Blick auf das Zusammenspiel. Wenn Sie sich mit Reifenzustand und Sicherheit besch\u00e4ftigen m\u00f6chten, finden Sie hier weitere Informationen: <a href=\"https:\/\/nisacar.ch\/it\/reifenprofil-sicherheit-sursee-willisau\/\">Bremsweg, Reifenprofil und Sicherheit \u2013 wichtige Tipps f\u00fcr Autofahrer in Sursee und Willisau<\/a> sowie <a href=\"https:\/\/nisacar.ch\/it\/sommerreifen-oder-ganzjahresreifen-luzern\/\">Sommerreifen oder Ganzjahresreifen in Luzern \u2013 was ist die bessere Wahl?<\/a>.<\/p>\n\n\n\n<p class=\"\">Am Ende z\u00e4hlt immer das Gesamtbild: Bremsbel\u00e4ge, Bremsscheiben, Reifen und Fahrzeugverhalten m\u00fcssen zusammenpassen.<\/p>\n\n\n\n<h2 class=\"wp-block-heading\">Auch beim Fahrzeugverkauf ein wichtiger Punkt<\/h2>\n\n\n\n<p class=\"\">Ein Fahrzeug mit nachvollziehbar gepflegter Bremsanlage wirkt beim sp\u00e4teren Verkauf deutlich \u00fcberzeugender. K\u00e4ufer achten zunehmend darauf, ob sicherheitsrelevante Verschleissteile im Blick behalten wurden. Stark abgenutzte Bremsbel\u00e4ge oder auff\u00e4lliges Bremsverhalten werfen dagegen schnell Fragen auf.<\/p>\n\n\n\n<p class=\"\">Wer sein Auto langfristig gepflegt halten oder sp\u00e4ter verkaufen m\u00f6chte, profitiert also auch wirtschaftlich von einer rechtzeitigen Kontrolle. Passend dazu lesen Sie auch <a href=\"https:\/\/nisacar.ch\/it\/auto-verkaufen-kriens-horw\/\">Auto verkaufen in Kriens und Horw \u2013 privat oder an einen H\u00e4ndler?<\/a> sowie <a href=\"https:\/\/nisacar.ch\/it\/auto-verkaufen-mit-maengeln-luzern\/\">Auto verkaufen mit M\u00e4ngeln in Luzern \u2013 geht das problemlos?<\/a>.<\/p>\n\n\n\n<p class=\"\">Ein gut betreutes Bremssystem ist nicht nur ein Sicherheitsvorteil, sondern auch ein Plus f\u00fcr die Wertwahrnehmung des Fahrzeugs.<\/p>\n\n\n\n<h2 class=\"wp-block-heading\">Wann man nicht mehr warten sollte<\/h2>\n\n\n\n<p class=\"\">Es gibt Momente, in denen man mit dem Thema Bremsbel\u00e4ge nicht l\u00e4nger z\u00f6gern sollte. Dazu geh\u00f6ren deutlich wiederkehrende Ger\u00e4usche, sp\u00fcrbar schlechteres Bremsverhalten, Unsicherheit beim Fahren oder sichtbare Hinweise auf st\u00e4rkeren Verschleiss. Gerade wenn mehrere dieser Punkte zusammenkommen, ist schnelles Handeln sinnvoll.<\/p>\n\n\n\n<p class=\"\">Bremsen geh\u00f6ren nicht zu den Bereichen, bei denen man lange spekulieren sollte. Selbst wenn das Auto noch fahrbar erscheint, heisst das nicht, dass die Bremsanlage noch in gutem Zustand ist. Wer fr\u00fch reagiert, vermeidet meist mehr Probleme als jemand, der nur hofft, dass es schon noch geht.<\/p>\n\n\n\n<p class=\"\">Bei sicherheitsrelevanten Themen ist Klarheit fast immer wertvoller als Abwarten.<\/p>\n\n\n\n<h2 class=\"wp-block-heading\">Warum regionale Kontrolle in Emmen und Rothenburg sinnvoll ist<\/h2>\n\n\n\n<p class=\"\">Viele Autofahrer m\u00f6chten bei Bremsfragen keine vagen Vermutungen, sondern eine klare und ehrliche Einsch\u00e4tzung. Genau hier bringt ein regionaler Ansprechpartner klare Vorteile. Kurze Wege, pers\u00f6nliche Beratung und eine praxisnahe Beurteilung helfen dabei, schnell die richtige Entscheidung zu treffen.<\/p>\n\n\n\n<p class=\"\">Bei NISA Car legen wir Wert auf transparente Empfehlungen und verst\u00e4ndliche Beratung. Wir pr\u00fcfen den Zustand der Bremsanlage ehrlich und sagen offen, wann eine Kontrolle ausreicht und wann ein Wechsel sinnvoll wird. Weitere Informationen zu unseren Angeboten finden Sie auch unter <a href=\"https:\/\/nisacar.ch\/leistungen\/\">Leistungen<\/a> sowie bei unseren aktuellen <a href=\"https:\/\/nisacar.ch\/automobile\/\">Automobilen<\/a>.<\/p>\n\n\n\n<h2 class=\"wp-block-heading\">Fazit: Bremsbel\u00e4ge regelm\u00e4ssig pr\u00fcfen lassen ist ein wichtiger Teil der Fahrzeugsicherheit<\/h2>\n\n\n\n<p class=\"\"><strong>Bremsbel\u00e4ge pr\u00fcfen Emmen Rothenburg<\/strong> ist kein Thema, das man erst angehen sollte, wenn das Auto deutlich Probleme macht. Ger\u00e4usche, ver\u00e4ndertes Bremsgef\u00fchl oder Unsicherheit beim Verz\u00f6gern sind klare Hinweise, dass eine Kontrolle sinnvoll ist. Weil Bremsbel\u00e4ge klassische Verschleissteile sind, geh\u00f6rt ihre regelm\u00e4ssige Pr\u00fcfung zu einer verantwortungsvollen Fahrzeugpflege dazu.<\/p>\n\n\n\n<p class=\"\">Wer fr\u00fch reagiert, sch\u00fctzt nicht nur die Sicherheit im Alltag, sondern oft auch vor unn\u00f6tigen Folgekosten. Gerade bei Bremsen gilt: lieber einmal mehr pr\u00fcfen als einmal zu lange warten.<\/p>\n\n\n\n<p class=\"\">Wenn Sie das Gef\u00fchl haben, dass Ihre Bremsbel\u00e4ge gepr\u00fcft werden sollten, oder eine ehrliche Einsch\u00e4tzung w\u00fcnschen, nehmen Sie gerne <a href=\"https:\/\/nisacar.ch\/kontakt\/\">Kontakt<\/a> mit uns auf. Wir unterst\u00fctzen Sie mit einer klaren Beurteilung und der passenden L\u00f6sung f\u00fcr Ihr Fahrzeug.<\/p>\n\n\n\n<h2 class=\"wp-block-heading\">Weitere hilfreiche Artikel<\/h2>\n\n\n\n<ul class=\"wp-block-list\">\n<li class=\"\"><a href=\"https:\/\/nisacar.ch\/bremsscheiben-wechseln-luzern-umgebung\/\">Wann sollte man Bremsscheiben wechseln in Luzern und Umgebung?<\/a><\/li>\n\n\n\n<li class=\"\"><a href=\"https:\/\/nisacar.ch\/it\/bremsen-quietschen-luzern-emmen\/\">Bremsen quietschen in Luzern und Emmen \u2013 was Autofahrer wissen sollten<\/a><\/li>\n\n\n\n<li class=\"\"><a href=\"https:\/\/nisacar.ch\/it\/reifenprofil-sicherheit-sursee-willisau\/\">Bremsweg, Reifenprofil und Sicherheit \u2013 wichtige Tipps f\u00fcr Autofahrer in Sursee und Willisau<\/a><\/li>\n<\/ul>\n","protected":false},"excerpt":{"rendered":"<p>Bremsen geh\u00f6ren zu den wichtigsten Sicherheitskomponenten eines Autos. Trotzdem werden sie im Alltag oft erst dann bewusst wahrgenommen, wenn etwas auff\u00e4llig wird: ein Ger\u00e4usch, ein ver\u00e4ndertes<span class=\"excerpt-hellip\"> [\u2026]<\/span><\/p>\n","protected":false},"author":2,"featured_media":2837,"comment_status":"closed","ping_status":"closed","sticky":false,"template":"","format":"standard","meta":{"_acf_changed":false,"nf_dc_page":"","_jetpack_memberships_contains_paid_content":false,"footnotes":""},"categories":[19],"tags":[33,58,53,106],"class_list":["post-2836","post","type-post","status-publish","format-standard","has-post-thumbnail","hentry","category-reifen-bremsen","tag-bremsbelaege","tag-emmen","tag-fahrzeugsicherheit","tag-rothenburg"],"acf":[],"yoast_head":"<!-- This site is optimized with the Yoast SEO plugin v27.5 - https:\/\/yoast.com\/product\/yoast-seo-wordpress\/ -->\n<title>Bremsbel\u00e4ge pr\u00fcfen lassen in Emmen und Rothenburg \u2013 wann ist es Zeit?<\/title>\n<meta name=\"description\" content=\"Meta description: Bremsbel\u00e4ge pr\u00fcfen lassen in Emmen und Rothenburg: Erfahren Sie, welche Anzeichen auf Verschleiss hindeuten und warum..\" \/>\n<meta name=\"robots\" content=\"index, follow, max-snippet:-1, max-image-preview:large, max-video-preview:-1\" \/>\n<link rel=\"canonical\" href=\"https:\/\/nisacar.ch\/it\/bremsbelaege-pruefen-emmen-rothenburg\/\" \/>\n<meta property=\"og:locale\" content=\"it_IT\" \/>\n<meta property=\"og:type\" content=\"article\" \/>\n<meta property=\"og:title\" content=\"Bremsbel\u00e4ge pr\u00fcfen lassen in Emmen und Rothenburg \u2013 wann ist es Zeit?\" \/>\n<meta property=\"og:description\" content=\"Meta description: Bremsbel\u00e4ge pr\u00fcfen lassen in Emmen und Rothenburg: Erfahren Sie, welche Anzeichen auf Verschleiss hindeuten und warum eine rechtzeitige Kontrolle wichtig ist.\" \/>\n<meta property=\"og:url\" content=\"https:\/\/nisacar.ch\/it\/bremsbelaege-pruefen-emmen-rothenburg\/\" \/>\n<meta property=\"og:site_name\" content=\"NISA Car\" \/>\n<meta property=\"article:publisher\" content=\"https:\/\/www.facebook.com\/nisacar.ch1\" \/>\n<meta property=\"article:published_time\" content=\"2026-04-07T08:36:36+00:00\" \/>\n<meta property=\"og:image\" content=\"https:\/\/i0.wp.com\/nisacar.ch\/wp-content\/uploads\/2026\/03\/Bremsbelage-prufen-Emmen-Rothenburg-Reifen-Bremsen-Tags-Bremsbelage-Bremsenservice-Fahrzeugsicherheit-Emmen-Rothenburg.jpg?fit=1200%2C850&ssl=1\" \/>\n\t<meta property=\"og:image:width\" content=\"1200\" \/>\n\t<meta property=\"og:image:height\" content=\"850\" \/>\n\t<meta property=\"og:image:type\" content=\"image\/jpeg\" \/>\n<meta name=\"author\" content=\"Bojan Atanasov\" \/>\n<meta name=\"twitter:card\" content=\"summary_large_image\" \/>\n<meta name=\"twitter:label1\" content=\"Scritto da\" \/>\n\t<meta name=\"twitter:data1\" content=\"Bojan Atanasov\" \/>\n\t<meta name=\"twitter:label2\" content=\"Tempo di lettura stimato\" \/>\n\t<meta name=\"twitter:data2\" content=\"8 minuti\" \/>\n<script type=\"application\/ld+json\" class=\"yoast-schema-graph\">{\"@context\":\"https:\\\/\\\/schema.org\",\"@graph\":[{\"@type\":\"Article\",\"@id\":\"https:\\\/\\\/nisacar.ch\\\/it\\\/bremsbelaege-pruefen-emmen-rothenburg\\\/#article\",\"isPartOf\":{\"@id\":\"https:\\\/\\\/nisacar.ch\\\/it\\\/bremsbelaege-pruefen-emmen-rothenburg\\\/\"},\"author\":{\"name\":\"Bojan Atanasov\",\"@id\":\"https:\\\/\\\/nisacar.ch\\\/it\\\/#\\\/schema\\\/person\\\/d92360346fc54e6f3ccb5f67baa14403\"},\"headline\":\"Bremsbel\u00e4ge pr\u00fcfen lassen in Emmen und Rothenburg \u2013 wann ist es Zeit?\",\"datePublished\":\"2026-04-07T08:36:36+00:00\",\"mainEntityOfPage\":{\"@id\":\"https:\\\/\\\/nisacar.ch\\\/it\\\/bremsbelaege-pruefen-emmen-rothenburg\\\/\"},\"wordCount\":1848,\"publisher\":{\"@id\":\"https:\\\/\\\/nisacar.ch\\\/it\\\/#organization\"},\"image\":{\"@id\":\"https:\\\/\\\/nisacar.ch\\\/it\\\/bremsbelaege-pruefen-emmen-rothenburg\\\/#primaryimage\"},\"thumbnailUrl\":\"https:\\\/\\\/i0.wp.com\\\/nisacar.ch\\\/wp-content\\\/uploads\\\/2026\\\/03\\\/Bremsbelage-prufen-Emmen-Rothenburg-Reifen-Bremsen-Tags-Bremsbelage-Bremsenservice-Fahrzeugsicherheit-Emmen-Rothenburg.jpg?fit=1200%2C850&ssl=1\",\"keywords\":[\"Bremsbel\u00e4ge\",\"Emmen\",\"Fahrzeugsicherheit\",\"Rothenburg\"],\"articleSection\":[\"Reifen &amp; Bremsen\"],\"inLanguage\":\"it-IT\"},{\"@type\":\"WebPage\",\"@id\":\"https:\\\/\\\/nisacar.ch\\\/it\\\/bremsbelaege-pruefen-emmen-rothenburg\\\/\",\"url\":\"https:\\\/\\\/nisacar.ch\\\/it\\\/bremsbelaege-pruefen-emmen-rothenburg\\\/\",\"name\":\"Bremsbel\u00e4ge pr\u00fcfen lassen in Emmen und Rothenburg \u2013 wann ist es Zeit?\",\"isPartOf\":{\"@id\":\"https:\\\/\\\/nisacar.ch\\\/it\\\/#website\"},\"primaryImageOfPage\":{\"@id\":\"https:\\\/\\\/nisacar.ch\\\/it\\\/bremsbelaege-pruefen-emmen-rothenburg\\\/#primaryimage\"},\"image\":{\"@id\":\"https:\\\/\\\/nisacar.ch\\\/it\\\/bremsbelaege-pruefen-emmen-rothenburg\\\/#primaryimage\"},\"thumbnailUrl\":\"https:\\\/\\\/i0.wp.com\\\/nisacar.ch\\\/wp-content\\\/uploads\\\/2026\\\/03\\\/Bremsbelage-prufen-Emmen-Rothenburg-Reifen-Bremsen-Tags-Bremsbelage-Bremsenservice-Fahrzeugsicherheit-Emmen-Rothenburg.jpg?fit=1200%2C850&ssl=1\",\"datePublished\":\"2026-04-07T08:36:36+00:00\",\"description\":\"Meta description: Bremsbel\u00e4ge pr\u00fcfen lassen in Emmen und Rothenburg: Erfahren Sie, welche Anzeichen auf Verschleiss hindeuten und warum..\",\"breadcrumb\":{\"@id\":\"https:\\\/\\\/nisacar.ch\\\/it\\\/bremsbelaege-pruefen-emmen-rothenburg\\\/#breadcrumb\"},\"inLanguage\":\"it-IT\",\"potentialAction\":[{\"@type\":\"ReadAction\",\"target\":[\"https:\\\/\\\/nisacar.ch\\\/it\\\/bremsbelaege-pruefen-emmen-rothenburg\\\/\"]}]},{\"@type\":\"ImageObject\",\"inLanguage\":\"it-IT\",\"@id\":\"https:\\\/\\\/nisacar.ch\\\/it\\\/bremsbelaege-pruefen-emmen-rothenburg\\\/#primaryimage\",\"url\":\"https:\\\/\\\/i0.wp.com\\\/nisacar.ch\\\/wp-content\\\/uploads\\\/2026\\\/03\\\/Bremsbelage-prufen-Emmen-Rothenburg-Reifen-Bremsen-Tags-Bremsbelage-Bremsenservice-Fahrzeugsicherheit-Emmen-Rothenburg.jpg?fit=1200%2C850&ssl=1\",\"contentUrl\":\"https:\\\/\\\/i0.wp.com\\\/nisacar.ch\\\/wp-content\\\/uploads\\\/2026\\\/03\\\/Bremsbelage-prufen-Emmen-Rothenburg-Reifen-Bremsen-Tags-Bremsbelage-Bremsenservice-Fahrzeugsicherheit-Emmen-Rothenburg.jpg?fit=1200%2C850&ssl=1\",\"width\":1200,\"height\":850,\"caption\":\"Bremsbel\u00e4ge pr\u00fcfen Emmen Rothenburg Reifen & Bremsen Tags Bremsbel\u00e4ge, Bremsenservice, Fahrzeugsicherheit, Emmen, Rothenburg\"},{\"@type\":\"BreadcrumbList\",\"@id\":\"https:\\\/\\\/nisacar.ch\\\/it\\\/bremsbelaege-pruefen-emmen-rothenburg\\\/#breadcrumb\",\"itemListElement\":[{\"@type\":\"ListItem\",\"position\":1,\"name\":\"Home\",\"item\":\"https:\\\/\\\/nisacar.ch\\\/it\\\/\"},{\"@type\":\"ListItem\",\"position\":2,\"name\":\"Bremsbel\u00e4ge pr\u00fcfen lassen in Emmen und Rothenburg \u2013 wann ist es Zeit?\"}]},{\"@type\":\"WebSite\",\"@id\":\"https:\\\/\\\/nisacar.ch\\\/it\\\/#website\",\"url\":\"https:\\\/\\\/nisacar.ch\\\/it\\\/\",\"name\":\"NISA Car\",\"description\":\"Perfekte Pflege. Faire Preise. Schweizer Qualit\u00e4t.\",\"publisher\":{\"@id\":\"https:\\\/\\\/nisacar.ch\\\/it\\\/#organization\"},\"potentialAction\":[{\"@type\":\"SearchAction\",\"target\":{\"@type\":\"EntryPoint\",\"urlTemplate\":\"https:\\\/\\\/nisacar.ch\\\/it\\\/?s={search_term_string}\"},\"query-input\":{\"@type\":\"PropertyValueSpecification\",\"valueRequired\":true,\"valueName\":\"search_term_string\"}}],\"inLanguage\":\"it-IT\"},{\"@type\":\"Organization\",\"@id\":\"https:\\\/\\\/nisacar.ch\\\/it\\\/#organization\",\"name\":\"NISA Car Angelov\",\"url\":\"https:\\\/\\\/nisacar.ch\\\/it\\\/\",\"logo\":{\"@type\":\"ImageObject\",\"inLanguage\":\"it-IT\",\"@id\":\"https:\\\/\\\/nisacar.ch\\\/it\\\/#\\\/schema\\\/logo\\\/image\\\/\",\"url\":\"https:\\\/\\\/i0.wp.com\\\/nisacar.ch\\\/wp-content\\\/uploads\\\/2025\\\/10\\\/cropped-za_autoscout-removebg-preview-Copy.png?fit=420%2C150&ssl=1\",\"contentUrl\":\"https:\\\/\\\/i0.wp.com\\\/nisacar.ch\\\/wp-content\\\/uploads\\\/2025\\\/10\\\/cropped-za_autoscout-removebg-preview-Copy.png?fit=420%2C150&ssl=1\",\"width\":420,\"height\":150,\"caption\":\"NISA Car Angelov\"},\"image\":{\"@id\":\"https:\\\/\\\/nisacar.ch\\\/it\\\/#\\\/schema\\\/logo\\\/image\\\/\"},\"sameAs\":[\"https:\\\/\\\/www.facebook.com\\\/nisacar.ch1\",\"https:\\\/\\\/www.instagram.com\\\/nisacar_ch\\\/\"]},{\"@type\":\"Person\",\"@id\":\"https:\\\/\\\/nisacar.ch\\\/it\\\/#\\\/schema\\\/person\\\/d92360346fc54e6f3ccb5f67baa14403\",\"name\":\"Bojan Atanasov\",\"image\":{\"@type\":\"ImageObject\",\"inLanguage\":\"it-IT\",\"@id\":\"https:\\\/\\\/secure.gravatar.com\\\/avatar\\\/2bed02e9a515199a35221b37b3e7871dfba34ba0309d41356bb19e8e3795914d?s=96&d=mm&r=g\",\"url\":\"https:\\\/\\\/secure.gravatar.com\\\/avatar\\\/2bed02e9a515199a35221b37b3e7871dfba34ba0309d41356bb19e8e3795914d?s=96&d=mm&r=g\",\"contentUrl\":\"https:\\\/\\\/secure.gravatar.com\\\/avatar\\\/2bed02e9a515199a35221b37b3e7871dfba34ba0309d41356bb19e8e3795914d?s=96&d=mm&r=g\",\"caption\":\"Bojan Atanasov\"},\"sameAs\":[\"https:\\\/\\\/lumovo.ch\"],\"url\":\"https:\\\/\\\/nisacar.ch\\\/it\\\/author\\\/atanasov1995\\\/\"}]}<\/script>\n<!-- \/ Yoast SEO plugin. -->","yoast_head_json":{"title":"Bremsbel\u00e4ge pr\u00fcfen lassen in Emmen und Rothenburg \u2013 wann ist es Zeit?","description":"Meta description: Bremsbel\u00e4ge pr\u00fcfen lassen in Emmen und Rothenburg: Erfahren Sie, welche Anzeichen auf Verschleiss hindeuten und warum..","robots":{"index":"index","follow":"follow","max-snippet":"max-snippet:-1","max-image-preview":"max-image-preview:large","max-video-preview":"max-video-preview:-1"},"canonical":"https:\/\/nisacar.ch\/it\/bremsbelaege-pruefen-emmen-rothenburg\/","og_locale":"it_IT","og_type":"article","og_title":"Bremsbel\u00e4ge pr\u00fcfen lassen in Emmen und Rothenburg \u2013 wann ist es Zeit?","og_description":"Meta description: Bremsbel\u00e4ge pr\u00fcfen lassen in Emmen und Rothenburg: Erfahren Sie, welche Anzeichen auf Verschleiss hindeuten und warum eine rechtzeitige Kontrolle wichtig ist.","og_url":"https:\/\/nisacar.ch\/it\/bremsbelaege-pruefen-emmen-rothenburg\/","og_site_name":"NISA Car","article_publisher":"https:\/\/www.facebook.com\/nisacar.ch1","article_published_time":"2026-04-07T08:36:36+00:00","og_image":[{"width":1200,"height":850,"url":"https:\/\/i0.wp.com\/nisacar.ch\/wp-content\/uploads\/2026\/03\/Bremsbelage-prufen-Emmen-Rothenburg-Reifen-Bremsen-Tags-Bremsbelage-Bremsenservice-Fahrzeugsicherheit-Emmen-Rothenburg.jpg?fit=1200%2C850&ssl=1","type":"image\/jpeg"}],"author":"Bojan Atanasov","twitter_card":"summary_large_image","twitter_misc":{"Scritto da":"Bojan Atanasov","Tempo di lettura stimato":"8 minuti"},"schema":{"@context":"https:\/\/schema.org","@graph":[{"@type":"Article","@id":"https:\/\/nisacar.ch\/it\/bremsbelaege-pruefen-emmen-rothenburg\/#article","isPartOf":{"@id":"https:\/\/nisacar.ch\/it\/bremsbelaege-pruefen-emmen-rothenburg\/"},"author":{"name":"Bojan Atanasov","@id":"https:\/\/nisacar.ch\/it\/#\/schema\/person\/d92360346fc54e6f3ccb5f67baa14403"},"headline":"Bremsbel\u00e4ge pr\u00fcfen lassen in Emmen und Rothenburg \u2013 wann ist es Zeit?","datePublished":"2026-04-07T08:36:36+00:00","mainEntityOfPage":{"@id":"https:\/\/nisacar.ch\/it\/bremsbelaege-pruefen-emmen-rothenburg\/"},"wordCount":1848,"publisher":{"@id":"https:\/\/nisacar.ch\/it\/#organization"},"image":{"@id":"https:\/\/nisacar.ch\/it\/bremsbelaege-pruefen-emmen-rothenburg\/#primaryimage"},"thumbnailUrl":"https:\/\/i0.wp.com\/nisacar.ch\/wp-content\/uploads\/2026\/03\/Bremsbelage-prufen-Emmen-Rothenburg-Reifen-Bremsen-Tags-Bremsbelage-Bremsenservice-Fahrzeugsicherheit-Emmen-Rothenburg.jpg?fit=1200%2C850&ssl=1","keywords":["Bremsbel\u00e4ge","Emmen","Fahrzeugsicherheit","Rothenburg"],"articleSection":["Reifen &amp; Bremsen"],"inLanguage":"it-IT"},{"@type":"WebPage","@id":"https:\/\/nisacar.ch\/it\/bremsbelaege-pruefen-emmen-rothenburg\/","url":"https:\/\/nisacar.ch\/it\/bremsbelaege-pruefen-emmen-rothenburg\/","name":"Bremsbel\u00e4ge pr\u00fcfen lassen in Emmen und Rothenburg \u2013 wann ist es Zeit?","isPartOf":{"@id":"https:\/\/nisacar.ch\/it\/#website"},"primaryImageOfPage":{"@id":"https:\/\/nisacar.ch\/it\/bremsbelaege-pruefen-emmen-rothenburg\/#primaryimage"},"image":{"@id":"https:\/\/nisacar.ch\/it\/bremsbelaege-pruefen-emmen-rothenburg\/#primaryimage"},"thumbnailUrl":"https:\/\/i0.wp.com\/nisacar.ch\/wp-content\/uploads\/2026\/03\/Bremsbelage-prufen-Emmen-Rothenburg-Reifen-Bremsen-Tags-Bremsbelage-Bremsenservice-Fahrzeugsicherheit-Emmen-Rothenburg.jpg?fit=1200%2C850&ssl=1","datePublished":"2026-04-07T08:36:36+00:00","description":"Meta description: Bremsbel\u00e4ge pr\u00fcfen lassen in Emmen und Rothenburg: Erfahren Sie, welche Anzeichen auf Verschleiss hindeuten und warum..","breadcrumb":{"@id":"https:\/\/nisacar.ch\/it\/bremsbelaege-pruefen-emmen-rothenburg\/#breadcrumb"},"inLanguage":"it-IT","potentialAction":[{"@type":"ReadAction","target":["https:\/\/nisacar.ch\/it\/bremsbelaege-pruefen-emmen-rothenburg\/"]}]},{"@type":"ImageObject","inLanguage":"it-IT","@id":"https:\/\/nisacar.ch\/it\/bremsbelaege-pruefen-emmen-rothenburg\/#primaryimage","url":"https:\/\/i0.wp.com\/nisacar.ch\/wp-content\/uploads\/2026\/03\/Bremsbelage-prufen-Emmen-Rothenburg-Reifen-Bremsen-Tags-Bremsbelage-Bremsenservice-Fahrzeugsicherheit-Emmen-Rothenburg.jpg?fit=1200%2C850&ssl=1","contentUrl":"https:\/\/i0.wp.com\/nisacar.ch\/wp-content\/uploads\/2026\/03\/Bremsbelage-prufen-Emmen-Rothenburg-Reifen-Bremsen-Tags-Bremsbelage-Bremsenservice-Fahrzeugsicherheit-Emmen-Rothenburg.jpg?fit=1200%2C850&ssl=1","width":1200,"height":850,"caption":"Bremsbel\u00e4ge pr\u00fcfen Emmen Rothenburg Reifen & Bremsen Tags Bremsbel\u00e4ge, Bremsenservice, Fahrzeugsicherheit, Emmen, Rothenburg"},{"@type":"BreadcrumbList","@id":"https:\/\/nisacar.ch\/it\/bremsbelaege-pruefen-emmen-rothenburg\/#breadcrumb","itemListElement":[{"@type":"ListItem","position":1,"name":"Home","item":"https:\/\/nisacar.ch\/it\/"},{"@type":"ListItem","position":2,"name":"Bremsbel\u00e4ge pr\u00fcfen lassen in Emmen und Rothenburg \u2013 wann ist es Zeit?"}]},{"@type":"WebSite","@id":"https:\/\/nisacar.ch\/it\/#website","url":"https:\/\/nisacar.ch\/it\/","name":"NISA Car","description":"Perfekte Pflege. Faire Preise. Schweizer Qualit\u00e4t.","publisher":{"@id":"https:\/\/nisacar.ch\/it\/#organization"},"potentialAction":[{"@type":"SearchAction","target":{"@type":"EntryPoint","urlTemplate":"https:\/\/nisacar.ch\/it\/?s={search_term_string}"},"query-input":{"@type":"PropertyValueSpecification","valueRequired":true,"valueName":"search_term_string"}}],"inLanguage":"it-IT"},{"@type":"Organization","@id":"https:\/\/nisacar.ch\/it\/#organization","name":"NISA Car Angelov","url":"https:\/\/nisacar.ch\/it\/","logo":{"@type":"ImageObject","inLanguage":"it-IT","@id":"https:\/\/nisacar.ch\/it\/#\/schema\/logo\/image\/","url":"https:\/\/i0.wp.com\/nisacar.ch\/wp-content\/uploads\/2025\/10\/cropped-za_autoscout-removebg-preview-Copy.png?fit=420%2C150&ssl=1","contentUrl":"https:\/\/i0.wp.com\/nisacar.ch\/wp-content\/uploads\/2025\/10\/cropped-za_autoscout-removebg-preview-Copy.png?fit=420%2C150&ssl=1","width":420,"height":150,"caption":"NISA Car Angelov"},"image":{"@id":"https:\/\/nisacar.ch\/it\/#\/schema\/logo\/image\/"},"sameAs":["https:\/\/www.facebook.com\/nisacar.ch1","https:\/\/www.instagram.com\/nisacar_ch\/"]},{"@type":"Person","@id":"https:\/\/nisacar.ch\/it\/#\/schema\/person\/d92360346fc54e6f3ccb5f67baa14403","name":"Bojan Atanasov","image":{"@type":"ImageObject","inLanguage":"it-IT","@id":"https:\/\/secure.gravatar.com\/avatar\/2bed02e9a515199a35221b37b3e7871dfba34ba0309d41356bb19e8e3795914d?s=96&d=mm&r=g","url":"https:\/\/secure.gravatar.com\/avatar\/2bed02e9a515199a35221b37b3e7871dfba34ba0309d41356bb19e8e3795914d?s=96&d=mm&r=g","contentUrl":"https:\/\/secure.gravatar.com\/avatar\/2bed02e9a515199a35221b37b3e7871dfba34ba0309d41356bb19e8e3795914d?s=96&d=mm&r=g","caption":"Bojan Atanasov"},"sameAs":["https:\/\/lumovo.ch"],"url":"https:\/\/nisacar.ch\/it\/author\/atanasov1995\/"}]}},"jetpack_featured_media_url":"https:\/\/i0.wp.com\/nisacar.ch\/wp-content\/uploads\/2026\/03\/Bremsbelage-prufen-Emmen-Rothenburg-Reifen-Bremsen-Tags-Bremsbelage-Bremsenservice-Fahrzeugsicherheit-Emmen-Rothenburg.jpg?fit=1200%2C850&ssl=1","jetpack_sharing_enabled":true,"_links":{"self":[{"href":"https:\/\/nisacar.ch\/it\/wp-json\/wp\/v2\/posts\/2836","targetHints":{"allow":["GET"]}}],"collection":[{"href":"https:\/\/nisacar.ch\/it\/wp-json\/wp\/v2\/posts"}],"about":[{"href":"https:\/\/nisacar.ch\/it\/wp-json\/wp\/v2\/types\/post"}],"author":[{"embeddable":true,"href":"https:\/\/nisacar.ch\/it\/wp-json\/wp\/v2\/users\/2"}],"replies":[{"embeddable":true,"href":"https:\/\/nisacar.ch\/it\/wp-json\/wp\/v2\/comments?post=2836"}],"version-history":[{"count":1,"href":"https:\/\/nisacar.ch\/it\/wp-json\/wp\/v2\/posts\/2836\/revisions"}],"predecessor-version":[{"id":2838,"href":"https:\/\/nisacar.ch\/it\/wp-json\/wp\/v2\/posts\/2836\/revisions\/2838"}],"wp:featuredmedia":[{"embeddable":true,"href":"https:\/\/nisacar.ch\/it\/wp-json\/wp\/v2\/media\/2837"}],"wp:attachment":[{"href":"https:\/\/nisacar.ch\/it\/wp-json\/wp\/v2\/media?parent=2836"}],"wp:term":[{"taxonomy":"category","embeddable":true,"href":"https:\/\/nisacar.ch\/it\/wp-json\/wp\/v2\/categories?post=2836"},{"taxonomy":"post_tag","embeddable":true,"href":"https:\/\/nisacar.ch\/it\/wp-json\/wp\/v2\/tags?post=2836"}],"curies":[{"name":"wp","href":"https:\/\/api.w.org\/{rel}","templated":true}]}}