{"id":2830,"date":"2026-04-04T10:31:06","date_gmt":"2026-04-04T08:31:06","guid":{"rendered":"https:\/\/nisacar.ch\/?p=2830"},"modified":"2026-03-19T10:33:48","modified_gmt":"2026-03-19T09:33:48","slug":"kratzer-im-lack-kriens-horw","status":"publish","type":"post","link":"https:\/\/nisacar.ch\/it\/kratzer-im-lack-kriens-horw\/","title":{"rendered":"Was tun bei Kratzern im Lack in Kriens und Horw?"},"content":{"rendered":"\n<p class=\"\">Kratzer im Lack geh\u00f6ren zu den h\u00e4ufigsten optischen Problemen am Auto. Manchmal entdeckt man sie pl\u00f6tzlich nach dem Waschen, manchmal fallen sie erst im Sonnenlicht auf. In vielen F\u00e4llen sind sie harmlos und eher ein Sch\u00f6nheitsproblem. Trotzdem st\u00f6ren sie den Gesamteindruck des Fahrzeugs oft deutlich mehr, als man zun\u00e4chst denkt. Gerade bei gepflegten Autos wirken selbst kleinere Kratzer schnell wie ein unn\u00f6tiger Makel.<\/p>\n\n\n\n<p class=\"\">Viele Autofahrer fragen sich dann: Muss das direkt repariert werden? Reicht eine Politur? Ist der Schaden nur oberfl\u00e4chlich oder geht er tiefer? Die Antwort h\u00e4ngt davon ab, wie stark der Kratzer ist, wo er sich befindet und wie wichtig Ihnen der optische Zustand Ihres Fahrzeugs ist. Klar ist aber: Nicht jeder Kratzer braucht denselben Aufwand, und nicht jeder sichtbare Lackschaden ist automatisch ein grosses Problem.<\/p>\n\n\n\n<p class=\"\">In diesem Beitrag erfahren Sie, was bei <strong>Kratzer im Lack Kriens Horw<\/strong> sinnvoll ist, wann eine professionelle Aufbereitung lohnt und warum es wichtig ist, Lacksch\u00e4den richtig einzuordnen. Weitere hilfreiche Themen finden Sie auch auf unserer <a href=\"https:\/\/nisacar.ch\/blog\/\">Blog-\u00dcbersicht<\/a>.<\/p>\n\n\n\n<h2 class=\"wp-block-heading\">Warum Kratzer im Lack so h\u00e4ufig sind<\/h2>\n\n\n\n<p class=\"\">Der Fahrzeuglack ist im Alltag st\u00e4ndig Belastungen ausgesetzt. Schon ganz normale Nutzung reicht aus, damit mit der Zeit kleine Kratzer und optische Spuren entstehen. Enge Parkpl\u00e4tze, Taschen, Fingern\u00e4gel an T\u00fcrgriffen, Waschanlagen, Schmutzpartikel beim Reinigen oder kleine Ber\u00fchrungen im Alltag \u2013 all das kann sichtbare Spuren hinterlassen.<\/p>\n\n\n\n<p class=\"\">Hinzu kommen \u00e4ussere Einfl\u00fcsse wie Staub, Witterung, UV-Strahlung und feine Partikel auf der Fahrbahn. Gerade dunkle Lacke zeigen diese Ver\u00e4nderungen besonders schnell. Viele Kratzer sind deshalb kein Zeichen f\u00fcr grobe Besch\u00e4digung, sondern normale Gebrauchsspuren. Trotzdem heisst das nicht, dass sie ignoriert werden sollten, wenn Ihnen der optische Zustand wichtig ist.<\/p>\n\n\n\n<p class=\"\">Gerade in Kriens, Horw und Umgebung, wo Fahrzeuge t\u00e4glich genutzt und in ganz unterschiedlichen Alltagssituationen bewegt werden, sind solche Lackspuren ganz normal. Entscheidend ist deshalb weniger, ob Kratzer vorkommen, sondern wie man mit ihnen umgeht.<\/p>\n\n\n\n<h2 class=\"wp-block-heading\">Nicht jeder Kratzer ist gleich schlimm<\/h2>\n\n\n\n<p class=\"\">Ein wichtiger Punkt ist die richtige Einordnung. Viele Kratzer sehen schlimmer aus, als sie tats\u00e4chlich sind. Andere wirken klein, sind aber tiefer, als man denkt. Genau deshalb sollte man Lackkratzer nicht nur nach dem ersten Blick beurteilen, sondern nach ihrer Art und Tiefe.<\/p>\n\n\n\n<p class=\"\">Grunds\u00e4tzlich gibt es oberfl\u00e4chliche Kratzer, die vor allem die obere Lackschicht betreffen, und tiefere Kratzer, bei denen der Schaden st\u00e4rker in die Lackstruktur hineinreicht. Oberfl\u00e4chliche Spuren lassen sich optisch oft deutlich verbessern. Tiefere Kratzer brauchen dagegen eine andere Herangehensweise.<\/p>\n\n\n\n<p class=\"\">F\u00fcr viele Autofahrer ist diese Unterscheidung nicht leicht zu erkennen. Genau deshalb ist eine professionelle Einsch\u00e4tzung oft sinnvoll, wenn man Klarheit m\u00f6chte, was tats\u00e4chlich machbar ist.<\/p>\n\n\n\n<h2 class=\"wp-block-heading\">Oberfl\u00e4chliche Kratzer \u2013 oft optisch gut verbesserbar<\/h2>\n\n\n\n<p class=\"\">Viele feine Kratzer entstehen durch Waschanlagen, unsaubere T\u00fccher oder leichte Alltagseinfl\u00fcsse. Diese Spuren fallen oft besonders im Sonnenlicht oder unter direkter Beleuchtung auf. Sie beeintr\u00e4chtigen den Gesamteindruck des Fahrzeugs, sind aber h\u00e4ufig eher oberfl\u00e4chlich.<\/p>\n\n\n\n<p class=\"\">In solchen F\u00e4llen kann eine professionelle Politur oder Lackaufbereitung oft viel bewirken. Der Lack wirkt danach ruhiger, gleichm\u00e4ssiger und wieder deutlich gepflegter. Gerade bei Fahrzeugen, die insgesamt in gutem Zustand sind, ist der Unterschied oft sehr sichtbar.<\/p>\n\n\n\n<p class=\"\">Mehr dazu lesen Sie auch hier: <a href=\"https:\/\/nisacar.ch\/it\/auto-polieren-luzern-kriens\/\">Auto polieren in Luzern oder Kriens \u2013 wann lohnt sich eine professionelle Aufbereitung?<\/a> und <a href=\"https:\/\/nisacar.ch\/it\/lackaufbereitung-zug-cham\/\">Lackaufbereitung in Zug und Cham \u2013 wie bekommt Ihr Auto neuen Glanz?<\/a>.<\/p>\n\n\n\n<h2 class=\"wp-block-heading\">Tiefere Kratzer \u2013 warum man sie anders bewerten sollte<\/h2>\n\n\n\n<p class=\"\">Nicht jeder Kratzer l\u00e4sst sich einfach wegpolieren. Wenn ein Schaden tiefer in die Lackschicht geht, ist eine reine Aufbereitung oft nicht ausreichend, um ihn vollst\u00e4ndig verschwinden zu lassen. Trotzdem kann auch in solchen F\u00e4llen eine professionelle Bearbeitung optisch viel verbessern und den Gesamteindruck deutlich aufwerten.<\/p>\n\n\n\n<p class=\"\">Wichtig ist, realistisch zu bleiben. Ziel ist nicht immer vollst\u00e4ndige Unsichtbarkeit, sondern eine sinnvolle optische Verbesserung. Gerade bei gebrauchten Fahrzeugen oder Alltagsautos reicht oft schon eine sichtbare Aufwertung, damit das Auto wieder deutlich gepflegter wirkt.<\/p>\n\n\n\n<p class=\"\">Genau deshalb sollte man Kratzer nicht nur mit dem Gedanken \u201eganz weg oder gar nicht\u201c betrachten. In vielen F\u00e4llen gibt es sinnvolle Zwischenl\u00f6sungen, die den Zustand klar verbessern.<\/p>\n\n\n\n<h2 class=\"wp-block-heading\">Warum Kratzer den Gesamteindruck st\u00e4rker beeinflussen, als viele denken<\/h2>\n\n\n\n<p class=\"\">Ein einzelner Kratzer macht aus einem Auto nat\u00fcrlich kein schlechtes Fahrzeug. Trotzdem wirken Lackspuren auf den ersten Eindruck oft st\u00e4rker, als man erwartet. Der Lack ist eine der gr\u00f6ssten sichtbaren Fl\u00e4chen des Autos. Wenn dort Unruhe, Schleier oder deutliche Kratzer vorhanden sind, wirkt das Fahrzeug schnell \u00e4lter und weniger gepflegt.<\/p>\n\n\n\n<p class=\"\">Gerade bei sonst sauberen und ordentlichen Autos f\u00e4llt das besonders auf. Man merkt sofort, dass etwas die optische Linie st\u00f6rt. Deshalb lohnt es sich gerade bei gepflegten Occasionen oder gut erhaltenen Alltagsfahrzeugen, Lackkratzer nicht einfach dauerhaft hinzunehmen.<\/p>\n\n\n\n<p class=\"\">Ein ruhiger, gl\u00e4nzender Lack hebt das gesamte Fahrzeug. Kratzer nehmen ihm genau diese Wirkung.<\/p>\n\n\n\n<h2 class=\"wp-block-heading\">Kratzer im Lack in Kriens und Horw \u2013 wann lohnt sich professionelle Hilfe?<\/h2>\n\n\n\n<p class=\"\">Professionelle Hilfe lohnt sich vor allem dann, wenn Sie selbst keine klare Einsch\u00e4tzung haben, wenn der Schaden Sie optisch st\u00f6rt oder wenn das Fahrzeug insgesamt gepflegt bleiben soll. Besonders sinnvoll ist das in drei Situationen: vor dem Verkauf, nach l\u00e4ngerer Vernachl\u00e4ssigung der Lackpflege oder wenn ein ansonsten gutes Fahrzeug optisch unn\u00f6tig leidet.<\/p>\n\n\n\n<p class=\"\">Gerade vor einem Verkauf lohnt sich die Verbesserung des Lackbildes fast immer. Ein gepflegtes Fahrzeug schafft Vertrauen und wirkt wertiger. Passend dazu lesen Sie auch: <a href=\"https:\/\/nisacar.ch\/it\/auto-aufbereiten-vor-dem-verkauf-sursee-emmen\/\">Auto aufbereiten vor dem Verkauf in Sursee und Emmen \u2013 lohnt sich das?<\/a><\/p>\n\n\n\n<p class=\"\">Aber auch ohne Verkaufsabsicht ist professionelle Aufbereitung sinnvoll, wenn Sie einfach m\u00f6chten, dass Ihr Auto wieder ordentlich und hochwertig aussieht. Wer sein Fahrzeug gerne gepflegt f\u00e4hrt, merkt den Unterschied im Alltag deutlich.<\/p>\n\n\n\n<h2 class=\"wp-block-heading\">Warum selbst ausprobieren nicht immer die beste L\u00f6sung ist<\/h2>\n\n\n\n<p class=\"\">Viele Fahrer \u00fcberlegen bei kleinen Lackkratzern zuerst, selbst etwas auszuprobieren. Das ist verst\u00e4ndlich. In der Praxis f\u00fchrt fehlende Erfahrung aber oft dazu, dass das Ergebnis ungleichm\u00e4ssig oder sogar schlechter wird. Gerade bei dunklen oder empfindlichen Lacken sieht man Fehler schnell.<\/p>\n\n\n\n<p class=\"\">Problematisch ist vor allem, wenn die Tiefe des Kratzers falsch eingesch\u00e4tzt wird oder ungeeignete Produkte und Methoden verwendet werden. Was wie eine einfache Kleinigkeit wirkt, kann den Lack optisch unruhiger machen, statt ihn zu verbessern.<\/p>\n\n\n\n<p class=\"\">Deshalb ist eine professionelle Einsch\u00e4tzung oft der bessere Weg \u2013 gerade wenn ein sauberes, gleichm\u00e4ssiges Ergebnis wichtig ist.<\/p>\n\n\n\n<h2 class=\"wp-block-heading\">Welche Rolle Licht und Farbe bei der Wahrnehmung spielen<\/h2>\n\n\n\n<p class=\"\">Kratzer fallen nicht auf jedem Lack gleich stark auf. Dunkle Farben zeigen feine Spuren, Waschkratzer und Hologramme meist deutlicher. Bei helleren Fahrzeugen k\u00f6nnen gr\u00f6bere Kratzer dagegen manchmal sichtbarer sein. Auch Licht spielt eine grosse Rolle. Im Schatten wirkt der Lack oft unauff\u00e4llig, w\u00e4hrend direkte Sonne oder Werkstattlicht jedes Detail hervorheben k\u00f6nnen.<\/p>\n\n\n\n<p class=\"\">Deshalb erleben viele Autofahrer den Zustand ihres Fahrzeugs sehr unterschiedlich \u2013 je nach Tageszeit und Umgebung. Genau diese Beobachtung ist oft der Moment, in dem entschieden wird, doch etwas am Lack machen zu lassen.<\/p>\n\n\n\n<p class=\"\">Ein professioneller Blick hilft dabei, den Zustand nicht nur unter Zufallsbedingungen, sondern realistisch zu beurteilen.<\/p>\n\n\n\n<h2 class=\"wp-block-heading\">Auch der Fahrzeugwert profitiert von gepflegtem Lack<\/h2>\n\n\n\n<p class=\"\">Der technische Zustand eines Fahrzeugs ist entscheidend, aber die Optik beeinflusst die Wertwahrnehmung stark. Ein Auto mit sichtbaren Lackkratzern wirkt schneller abgenutzt, auch wenn technisch alles in Ordnung ist. Umgekehrt schafft ein ruhiger, gepflegter Lack sofort einen besseren Eindruck.<\/p>\n\n\n\n<p class=\"\">Besonders beim Verkauf spielt das eine wichtige Rolle. Interessenten achten stark auf den ersten Gesamteindruck. Ein Fahrzeug mit sauberem Lackbild, ordentlichem Innenraum und gepflegtem Auftritt wirkt vertrauensw\u00fcrdiger. Wenn Sie sich mit dem Fahrzeugverkauf besch\u00e4ftigen, lesen Sie auch <a href=\"https:\/\/nisacar.ch\/it\/auto-verkaufen-kriens-horw\/\">Auto verkaufen in Kriens und Horw \u2013 privat oder an einen H\u00e4ndler?<\/a>.<\/p>\n\n\n\n<p class=\"\">Gepflegter Lack ist also nicht nur Sch\u00f6nheitsfrage, sondern auch ein Beitrag zum Werterhalt.<\/p>\n\n\n\n<h2 class=\"wp-block-heading\">Warum gute Lackpflege Kratzer nicht immer verhindert, aber reduziert<\/h2>\n\n\n\n<p class=\"\">Auch ein gut gepflegtes Auto kann mit der Zeit Kratzer bekommen. Lackpflege bedeutet nicht, dass der Wagen dauerhaft perfekt bleibt. Sie hilft aber dabei, den optischen Zustand l\u00e4nger stark zu halten und neue Spuren weniger dominant wirken zu lassen.<\/p>\n\n\n\n<p class=\"\">Wer den Lack regelm\u00e4ssig pflegt, Schmutz nicht zu lange einwirken l\u00e4sst und auf eine sinnvolle Aufbereitung setzt, hat oft deutlich l\u00e4nger Freude am Erscheinungsbild des Autos. Kleine Kratzer bleiben Teil des Alltags, aber ihr Gesamteindruck kann stark reduziert werden.<\/p>\n\n\n\n<p class=\"\">Genau deshalb lohnt sich Lackpflege nicht nur als Reaktion auf Kratzer, sondern auch als langfristige Strategie f\u00fcr ein gepflegtes Fahrzeug.<\/p>\n\n\n\n<h2 class=\"wp-block-heading\">Wann Kratzer eher ignoriert werden k\u00f6nnen<\/h2>\n\n\n\n<p class=\"\">Nicht jeder Kratzer muss sofort bearbeitet werden. Bei \u00e4lteren Alltagsautos, sehr kleinen unauff\u00e4lligen Spuren oder Fahrzeugen, bei denen die Optik im Alltag keine grosse Rolle spielt, kann es sinnvoll sein, pragmatisch zu bleiben. Entscheidend ist immer das Verh\u00e4ltnis zwischen Aufwand, Nutzen und pers\u00f6nlichem Anspruch.<\/p>\n\n\n\n<p class=\"\">Wer sein Fahrzeug jedoch gern gepflegt f\u00e4hrt, vor einem Verkauf steht oder sich an den sichtbaren Spuren st\u00f6rt, wird mit einer professionellen Verbesserung meist zufriedener sein. Genau darum geht es: nicht um Perfektion um jeden Preis, sondern um eine sinnvolle Entscheidung passend zum Fahrzeug.<\/p>\n\n\n\n<p class=\"\">Eine ehrliche Einsch\u00e4tzung hilft dabei, Aufwand und Nutzen richtig abzuw\u00e4gen.<\/p>\n\n\n\n<h2 class=\"wp-block-heading\">Warum regionale Aufbereitung in Kriens und Horw sinnvoll ist<\/h2>\n\n\n\n<p class=\"\">Bei Lackthemen m\u00f6chten viele Fahrzeughalter keine pauschalen Versprechen, sondern eine realistische Einsch\u00e4tzung. Ein regionaler Ansprechpartner ist dabei ein Vorteil. Kurze Wege, pers\u00f6nliche Beratung und ein direkter Blick auf den Zustand des Fahrzeugs machen die Entscheidung einfacher.<\/p>\n\n\n\n<p class=\"\">Bei NISA Car legen wir Wert auf transparente Empfehlungen und saubere Ergebnisse. Wir beurteilen den Lackzustand ehrlich und sagen offen, was optisch sinnvoll verbessert werden kann. Weitere Informationen zu unseren Angeboten finden Sie auch unter <a href=\"https:\/\/nisacar.ch\/leistungen\/\">Leistungen<\/a> sowie bei unseren aktuellen <a href=\"https:\/\/nisacar.ch\/automobile\/\">Automobilen<\/a>.<\/p>\n\n\n\n<h2 class=\"wp-block-heading\">Fazit: Kratzer im Lack sollte man richtig einordnen \u2013 nicht dramatisieren, aber auch nicht ignorieren<\/h2>\n\n\n\n<p class=\"\"><strong>Kratzer im Lack Kriens Horw<\/strong> sind meist kein technisches Drama, aber oft ein klarer optischer St\u00f6rfaktor. Viele oberfl\u00e4chliche Spuren lassen sich sichtbar verbessern, w\u00e4hrend tiefere Kratzer zumindest sinnvoll aufgewertet werden k\u00f6nnen. Entscheidend ist, den Schaden richtig einzusch\u00e4tzen und nicht pauschal anzunehmen, dass entweder alles oder nichts m\u00f6glich ist.<\/p>\n\n\n\n<p class=\"\">Wer Wert auf einen gepflegten Eindruck, Werterhalt oder eine bessere Fahrzeugpr\u00e4sentation legt, profitiert h\u00e4ufig von professioneller Unterst\u00fctzung. Gerade bei ansonsten gut erhaltenen Fahrzeugen ist der Unterschied oft deutlich sichtbar \u2013 und im Alltag sofort sp\u00fcrbar.<\/p>\n\n\n\n<p class=\"\">Wenn Sie Kratzer im Lack Ihres Fahrzeugs professionell einsch\u00e4tzen oder optisch verbessern lassen m\u00f6chten, nehmen Sie gerne <a href=\"https:\/\/nisacar.ch\/kontakt\/\">Kontakt<\/a> mit uns auf. Wir beraten Sie ehrlich und finden die passende L\u00f6sung f\u00fcr Ihr Fahrzeug.<\/p>\n\n\n\n<h2 class=\"wp-block-heading\">Weitere hilfreiche Artikel<\/h2>\n\n\n\n<ul class=\"wp-block-list\">\n<li class=\"\"><a href=\"https:\/\/nisacar.ch\/it\/auto-polieren-luzern-kriens\/\">Auto polieren in Luzern oder Kriens \u2013 wann lohnt sich eine professionelle Aufbereitung?<\/a><\/li>\n\n\n\n<li class=\"\"><a href=\"https:\/\/nisacar.ch\/it\/lackaufbereitung-zug-cham\/\">Lackaufbereitung in Zug und Cham \u2013 wie bekommt Ihr Auto neuen Glanz?<\/a><\/li>\n\n\n\n<li class=\"\"><a href=\"https:\/\/nisacar.ch\/it\/auto-aufbereiten-vor-dem-verkauf-sursee-emmen\/\">Auto aufbereiten vor dem Verkauf in Sursee und Emmen \u2013 lohnt sich das?<\/a><\/li>\n<\/ul>\n","protected":false},"excerpt":{"rendered":"<p>Kratzer im Lack geh\u00f6ren zu den h\u00e4ufigsten optischen Problemen am Auto. Manchmal entdeckt man sie pl\u00f6tzlich nach dem Waschen, manchmal fallen sie erst im Sonnenlicht auf.<span class=\"excerpt-hellip\"> [\u2026]<\/span><\/p>\n","protected":false},"author":2,"featured_media":2831,"comment_status":"closed","ping_status":"closed","sticky":false,"template":"","format":"standard","meta":{"_acf_changed":false,"nf_dc_page":"","_jetpack_memberships_contains_paid_content":false,"footnotes":""},"categories":[20],"tags":[35,78],"class_list":["post-2830","post","type-post","status-publish","format-standard","has-post-thumbnail","hentry","category-autoaufbereitung","tag-autoaufbereitung","tag-lackpflege"],"acf":[],"yoast_head":"<!-- This site is optimized with the Yoast SEO plugin v27.5 - https:\/\/yoast.com\/product\/yoast-seo-wordpress\/ -->\n<title>Was tun bei Kratzern im Lack in Kriens und Horw?<\/title>\n<meta name=\"description\" content=\"Kratzer im Lack in Kriens und Horw: Erfahren Sie, wann Kratzer harmlos sind, wann eine professionelle Aufbereitung sinnvoll ist und wie der Lack optisch verbessert werden kann.\" \/>\n<meta name=\"robots\" content=\"index, follow, max-snippet:-1, max-image-preview:large, max-video-preview:-1\" \/>\n<link rel=\"canonical\" href=\"https:\/\/nisacar.ch\/it\/kratzer-im-lack-kriens-horw\/\" \/>\n<meta property=\"og:locale\" content=\"it_IT\" \/>\n<meta property=\"og:type\" content=\"article\" \/>\n<meta property=\"og:title\" content=\"Was tun bei Kratzern im Lack in Kriens und Horw?\" \/>\n<meta property=\"og:description\" content=\"Kratzer im Lack in Kriens und Horw: Erfahren Sie, wann Kratzer harmlos sind, wann eine professionelle Aufbereitung sinnvoll ist und wie der Lack optisch verbessert werden kann.\" \/>\n<meta property=\"og:url\" content=\"https:\/\/nisacar.ch\/it\/kratzer-im-lack-kriens-horw\/\" \/>\n<meta property=\"og:site_name\" content=\"NISA Car\" \/>\n<meta property=\"article:publisher\" content=\"https:\/\/www.facebook.com\/nisacar.ch1\" \/>\n<meta property=\"article:published_time\" content=\"2026-04-04T08:31:06+00:00\" \/>\n<meta property=\"og:image\" content=\"https:\/\/i0.wp.com\/nisacar.ch\/wp-content\/uploads\/2026\/03\/Kratzer-im-Lack-Kriens-Horw-Autoaufbereitung-Tags-Kratzer-im-Lack-Lackpflege-Autoaufbereitung-Kriens-Horw.jpg?fit=1200%2C850&ssl=1\" \/>\n\t<meta property=\"og:image:width\" content=\"1200\" \/>\n\t<meta property=\"og:image:height\" content=\"850\" \/>\n\t<meta property=\"og:image:type\" content=\"image\/jpeg\" \/>\n<meta name=\"author\" content=\"Bojan Atanasov\" \/>\n<meta name=\"twitter:card\" content=\"summary_large_image\" \/>\n<meta name=\"twitter:label1\" content=\"Scritto da\" \/>\n\t<meta name=\"twitter:data1\" content=\"Bojan Atanasov\" \/>\n\t<meta name=\"twitter:label2\" content=\"Tempo di lettura stimato\" \/>\n\t<meta name=\"twitter:data2\" content=\"8 minuti\" \/>\n<script type=\"application\/ld+json\" class=\"yoast-schema-graph\">{\"@context\":\"https:\\\/\\\/schema.org\",\"@graph\":[{\"@type\":\"Article\",\"@id\":\"https:\\\/\\\/nisacar.ch\\\/it\\\/kratzer-im-lack-kriens-horw\\\/#article\",\"isPartOf\":{\"@id\":\"https:\\\/\\\/nisacar.ch\\\/it\\\/kratzer-im-lack-kriens-horw\\\/\"},\"author\":{\"name\":\"Bojan Atanasov\",\"@id\":\"https:\\\/\\\/nisacar.ch\\\/it\\\/#\\\/schema\\\/person\\\/d92360346fc54e6f3ccb5f67baa14403\"},\"headline\":\"Was tun bei Kratzern im Lack in Kriens und Horw?\",\"datePublished\":\"2026-04-04T08:31:06+00:00\",\"mainEntityOfPage\":{\"@id\":\"https:\\\/\\\/nisacar.ch\\\/it\\\/kratzer-im-lack-kriens-horw\\\/\"},\"wordCount\":1778,\"publisher\":{\"@id\":\"https:\\\/\\\/nisacar.ch\\\/it\\\/#organization\"},\"image\":{\"@id\":\"https:\\\/\\\/nisacar.ch\\\/it\\\/kratzer-im-lack-kriens-horw\\\/#primaryimage\"},\"thumbnailUrl\":\"https:\\\/\\\/i0.wp.com\\\/nisacar.ch\\\/wp-content\\\/uploads\\\/2026\\\/03\\\/Kratzer-im-Lack-Kriens-Horw-Autoaufbereitung-Tags-Kratzer-im-Lack-Lackpflege-Autoaufbereitung-Kriens-Horw.jpg?fit=1200%2C850&ssl=1\",\"keywords\":[\"Autoaufbereitung\",\"Lackpflege\"],\"articleSection\":[\"Autoaufbereitung\"],\"inLanguage\":\"it-IT\"},{\"@type\":\"WebPage\",\"@id\":\"https:\\\/\\\/nisacar.ch\\\/it\\\/kratzer-im-lack-kriens-horw\\\/\",\"url\":\"https:\\\/\\\/nisacar.ch\\\/it\\\/kratzer-im-lack-kriens-horw\\\/\",\"name\":\"Was tun bei Kratzern im Lack in Kriens und Horw?\",\"isPartOf\":{\"@id\":\"https:\\\/\\\/nisacar.ch\\\/it\\\/#website\"},\"primaryImageOfPage\":{\"@id\":\"https:\\\/\\\/nisacar.ch\\\/it\\\/kratzer-im-lack-kriens-horw\\\/#primaryimage\"},\"image\":{\"@id\":\"https:\\\/\\\/nisacar.ch\\\/it\\\/kratzer-im-lack-kriens-horw\\\/#primaryimage\"},\"thumbnailUrl\":\"https:\\\/\\\/i0.wp.com\\\/nisacar.ch\\\/wp-content\\\/uploads\\\/2026\\\/03\\\/Kratzer-im-Lack-Kriens-Horw-Autoaufbereitung-Tags-Kratzer-im-Lack-Lackpflege-Autoaufbereitung-Kriens-Horw.jpg?fit=1200%2C850&ssl=1\",\"datePublished\":\"2026-04-04T08:31:06+00:00\",\"description\":\"Kratzer im Lack in Kriens und Horw: Erfahren Sie, wann Kratzer harmlos sind, wann eine professionelle Aufbereitung sinnvoll ist und wie der Lack optisch verbessert werden kann.\",\"breadcrumb\":{\"@id\":\"https:\\\/\\\/nisacar.ch\\\/it\\\/kratzer-im-lack-kriens-horw\\\/#breadcrumb\"},\"inLanguage\":\"it-IT\",\"potentialAction\":[{\"@type\":\"ReadAction\",\"target\":[\"https:\\\/\\\/nisacar.ch\\\/it\\\/kratzer-im-lack-kriens-horw\\\/\"]}]},{\"@type\":\"ImageObject\",\"inLanguage\":\"it-IT\",\"@id\":\"https:\\\/\\\/nisacar.ch\\\/it\\\/kratzer-im-lack-kriens-horw\\\/#primaryimage\",\"url\":\"https:\\\/\\\/i0.wp.com\\\/nisacar.ch\\\/wp-content\\\/uploads\\\/2026\\\/03\\\/Kratzer-im-Lack-Kriens-Horw-Autoaufbereitung-Tags-Kratzer-im-Lack-Lackpflege-Autoaufbereitung-Kriens-Horw.jpg?fit=1200%2C850&ssl=1\",\"contentUrl\":\"https:\\\/\\\/i0.wp.com\\\/nisacar.ch\\\/wp-content\\\/uploads\\\/2026\\\/03\\\/Kratzer-im-Lack-Kriens-Horw-Autoaufbereitung-Tags-Kratzer-im-Lack-Lackpflege-Autoaufbereitung-Kriens-Horw.jpg?fit=1200%2C850&ssl=1\",\"width\":1200,\"height\":850,\"caption\":\"Kratzer im Lack Kriens Horw Autoaufbereitung Tags Kratzer im Lack, Lackpflege, Autoaufbereitung, Kriens, Horw\"},{\"@type\":\"BreadcrumbList\",\"@id\":\"https:\\\/\\\/nisacar.ch\\\/it\\\/kratzer-im-lack-kriens-horw\\\/#breadcrumb\",\"itemListElement\":[{\"@type\":\"ListItem\",\"position\":1,\"name\":\"Home\",\"item\":\"https:\\\/\\\/nisacar.ch\\\/it\\\/\"},{\"@type\":\"ListItem\",\"position\":2,\"name\":\"Was tun bei Kratzern im Lack in Kriens und Horw?\"}]},{\"@type\":\"WebSite\",\"@id\":\"https:\\\/\\\/nisacar.ch\\\/it\\\/#website\",\"url\":\"https:\\\/\\\/nisacar.ch\\\/it\\\/\",\"name\":\"NISA Car\",\"description\":\"Perfekte Pflege. Faire Preise. Schweizer Qualit\u00e4t.\",\"publisher\":{\"@id\":\"https:\\\/\\\/nisacar.ch\\\/it\\\/#organization\"},\"potentialAction\":[{\"@type\":\"SearchAction\",\"target\":{\"@type\":\"EntryPoint\",\"urlTemplate\":\"https:\\\/\\\/nisacar.ch\\\/it\\\/?s={search_term_string}\"},\"query-input\":{\"@type\":\"PropertyValueSpecification\",\"valueRequired\":true,\"valueName\":\"search_term_string\"}}],\"inLanguage\":\"it-IT\"},{\"@type\":\"Organization\",\"@id\":\"https:\\\/\\\/nisacar.ch\\\/it\\\/#organization\",\"name\":\"NISA Car Angelov\",\"url\":\"https:\\\/\\\/nisacar.ch\\\/it\\\/\",\"logo\":{\"@type\":\"ImageObject\",\"inLanguage\":\"it-IT\",\"@id\":\"https:\\\/\\\/nisacar.ch\\\/it\\\/#\\\/schema\\\/logo\\\/image\\\/\",\"url\":\"https:\\\/\\\/i0.wp.com\\\/nisacar.ch\\\/wp-content\\\/uploads\\\/2025\\\/10\\\/cropped-za_autoscout-removebg-preview-Copy.png?fit=420%2C150&ssl=1\",\"contentUrl\":\"https:\\\/\\\/i0.wp.com\\\/nisacar.ch\\\/wp-content\\\/uploads\\\/2025\\\/10\\\/cropped-za_autoscout-removebg-preview-Copy.png?fit=420%2C150&ssl=1\",\"width\":420,\"height\":150,\"caption\":\"NISA Car Angelov\"},\"image\":{\"@id\":\"https:\\\/\\\/nisacar.ch\\\/it\\\/#\\\/schema\\\/logo\\\/image\\\/\"},\"sameAs\":[\"https:\\\/\\\/www.facebook.com\\\/nisacar.ch1\",\"https:\\\/\\\/www.instagram.com\\\/nisacar_ch\\\/\"]},{\"@type\":\"Person\",\"@id\":\"https:\\\/\\\/nisacar.ch\\\/it\\\/#\\\/schema\\\/person\\\/d92360346fc54e6f3ccb5f67baa14403\",\"name\":\"Bojan Atanasov\",\"image\":{\"@type\":\"ImageObject\",\"inLanguage\":\"it-IT\",\"@id\":\"https:\\\/\\\/secure.gravatar.com\\\/avatar\\\/2bed02e9a515199a35221b37b3e7871dfba34ba0309d41356bb19e8e3795914d?s=96&d=mm&r=g\",\"url\":\"https:\\\/\\\/secure.gravatar.com\\\/avatar\\\/2bed02e9a515199a35221b37b3e7871dfba34ba0309d41356bb19e8e3795914d?s=96&d=mm&r=g\",\"contentUrl\":\"https:\\\/\\\/secure.gravatar.com\\\/avatar\\\/2bed02e9a515199a35221b37b3e7871dfba34ba0309d41356bb19e8e3795914d?s=96&d=mm&r=g\",\"caption\":\"Bojan Atanasov\"},\"sameAs\":[\"https:\\\/\\\/lumovo.ch\"],\"url\":\"https:\\\/\\\/nisacar.ch\\\/it\\\/author\\\/atanasov1995\\\/\"}]}<\/script>\n<!-- \/ Yoast SEO plugin. -->","yoast_head_json":{"title":"Was tun bei Kratzern im Lack in Kriens und Horw?","description":"Kratzer im Lack in Kriens und Horw: Erfahren Sie, wann Kratzer harmlos sind, wann eine professionelle Aufbereitung sinnvoll ist und wie der Lack optisch verbessert werden kann.","robots":{"index":"index","follow":"follow","max-snippet":"max-snippet:-1","max-image-preview":"max-image-preview:large","max-video-preview":"max-video-preview:-1"},"canonical":"https:\/\/nisacar.ch\/it\/kratzer-im-lack-kriens-horw\/","og_locale":"it_IT","og_type":"article","og_title":"Was tun bei Kratzern im Lack in Kriens und Horw?","og_description":"Kratzer im Lack in Kriens und Horw: Erfahren Sie, wann Kratzer harmlos sind, wann eine professionelle Aufbereitung sinnvoll ist und wie der Lack optisch verbessert werden kann.","og_url":"https:\/\/nisacar.ch\/it\/kratzer-im-lack-kriens-horw\/","og_site_name":"NISA Car","article_publisher":"https:\/\/www.facebook.com\/nisacar.ch1","article_published_time":"2026-04-04T08:31:06+00:00","og_image":[{"width":1200,"height":850,"url":"https:\/\/i0.wp.com\/nisacar.ch\/wp-content\/uploads\/2026\/03\/Kratzer-im-Lack-Kriens-Horw-Autoaufbereitung-Tags-Kratzer-im-Lack-Lackpflege-Autoaufbereitung-Kriens-Horw.jpg?fit=1200%2C850&ssl=1","type":"image\/jpeg"}],"author":"Bojan Atanasov","twitter_card":"summary_large_image","twitter_misc":{"Scritto da":"Bojan Atanasov","Tempo di lettura stimato":"8 minuti"},"schema":{"@context":"https:\/\/schema.org","@graph":[{"@type":"Article","@id":"https:\/\/nisacar.ch\/it\/kratzer-im-lack-kriens-horw\/#article","isPartOf":{"@id":"https:\/\/nisacar.ch\/it\/kratzer-im-lack-kriens-horw\/"},"author":{"name":"Bojan Atanasov","@id":"https:\/\/nisacar.ch\/it\/#\/schema\/person\/d92360346fc54e6f3ccb5f67baa14403"},"headline":"Was tun bei Kratzern im Lack in Kriens und Horw?","datePublished":"2026-04-04T08:31:06+00:00","mainEntityOfPage":{"@id":"https:\/\/nisacar.ch\/it\/kratzer-im-lack-kriens-horw\/"},"wordCount":1778,"publisher":{"@id":"https:\/\/nisacar.ch\/it\/#organization"},"image":{"@id":"https:\/\/nisacar.ch\/it\/kratzer-im-lack-kriens-horw\/#primaryimage"},"thumbnailUrl":"https:\/\/i0.wp.com\/nisacar.ch\/wp-content\/uploads\/2026\/03\/Kratzer-im-Lack-Kriens-Horw-Autoaufbereitung-Tags-Kratzer-im-Lack-Lackpflege-Autoaufbereitung-Kriens-Horw.jpg?fit=1200%2C850&ssl=1","keywords":["Autoaufbereitung","Lackpflege"],"articleSection":["Autoaufbereitung"],"inLanguage":"it-IT"},{"@type":"WebPage","@id":"https:\/\/nisacar.ch\/it\/kratzer-im-lack-kriens-horw\/","url":"https:\/\/nisacar.ch\/it\/kratzer-im-lack-kriens-horw\/","name":"Was tun bei Kratzern im Lack in Kriens und Horw?","isPartOf":{"@id":"https:\/\/nisacar.ch\/it\/#website"},"primaryImageOfPage":{"@id":"https:\/\/nisacar.ch\/it\/kratzer-im-lack-kriens-horw\/#primaryimage"},"image":{"@id":"https:\/\/nisacar.ch\/it\/kratzer-im-lack-kriens-horw\/#primaryimage"},"thumbnailUrl":"https:\/\/i0.wp.com\/nisacar.ch\/wp-content\/uploads\/2026\/03\/Kratzer-im-Lack-Kriens-Horw-Autoaufbereitung-Tags-Kratzer-im-Lack-Lackpflege-Autoaufbereitung-Kriens-Horw.jpg?fit=1200%2C850&ssl=1","datePublished":"2026-04-04T08:31:06+00:00","description":"Kratzer im Lack in Kriens und Horw: Erfahren Sie, wann Kratzer harmlos sind, wann eine professionelle Aufbereitung sinnvoll ist und wie der Lack optisch verbessert werden kann.","breadcrumb":{"@id":"https:\/\/nisacar.ch\/it\/kratzer-im-lack-kriens-horw\/#breadcrumb"},"inLanguage":"it-IT","potentialAction":[{"@type":"ReadAction","target":["https:\/\/nisacar.ch\/it\/kratzer-im-lack-kriens-horw\/"]}]},{"@type":"ImageObject","inLanguage":"it-IT","@id":"https:\/\/nisacar.ch\/it\/kratzer-im-lack-kriens-horw\/#primaryimage","url":"https:\/\/i0.wp.com\/nisacar.ch\/wp-content\/uploads\/2026\/03\/Kratzer-im-Lack-Kriens-Horw-Autoaufbereitung-Tags-Kratzer-im-Lack-Lackpflege-Autoaufbereitung-Kriens-Horw.jpg?fit=1200%2C850&ssl=1","contentUrl":"https:\/\/i0.wp.com\/nisacar.ch\/wp-content\/uploads\/2026\/03\/Kratzer-im-Lack-Kriens-Horw-Autoaufbereitung-Tags-Kratzer-im-Lack-Lackpflege-Autoaufbereitung-Kriens-Horw.jpg?fit=1200%2C850&ssl=1","width":1200,"height":850,"caption":"Kratzer im Lack Kriens Horw Autoaufbereitung Tags Kratzer im Lack, Lackpflege, Autoaufbereitung, Kriens, Horw"},{"@type":"BreadcrumbList","@id":"https:\/\/nisacar.ch\/it\/kratzer-im-lack-kriens-horw\/#breadcrumb","itemListElement":[{"@type":"ListItem","position":1,"name":"Home","item":"https:\/\/nisacar.ch\/it\/"},{"@type":"ListItem","position":2,"name":"Was tun bei Kratzern im Lack in Kriens und Horw?"}]},{"@type":"WebSite","@id":"https:\/\/nisacar.ch\/it\/#website","url":"https:\/\/nisacar.ch\/it\/","name":"NISA Car","description":"Perfekte Pflege. Faire Preise. Schweizer Qualit\u00e4t.","publisher":{"@id":"https:\/\/nisacar.ch\/it\/#organization"},"potentialAction":[{"@type":"SearchAction","target":{"@type":"EntryPoint","urlTemplate":"https:\/\/nisacar.ch\/it\/?s={search_term_string}"},"query-input":{"@type":"PropertyValueSpecification","valueRequired":true,"valueName":"search_term_string"}}],"inLanguage":"it-IT"},{"@type":"Organization","@id":"https:\/\/nisacar.ch\/it\/#organization","name":"NISA Car Angelov","url":"https:\/\/nisacar.ch\/it\/","logo":{"@type":"ImageObject","inLanguage":"it-IT","@id":"https:\/\/nisacar.ch\/it\/#\/schema\/logo\/image\/","url":"https:\/\/i0.wp.com\/nisacar.ch\/wp-content\/uploads\/2025\/10\/cropped-za_autoscout-removebg-preview-Copy.png?fit=420%2C150&ssl=1","contentUrl":"https:\/\/i0.wp.com\/nisacar.ch\/wp-content\/uploads\/2025\/10\/cropped-za_autoscout-removebg-preview-Copy.png?fit=420%2C150&ssl=1","width":420,"height":150,"caption":"NISA Car Angelov"},"image":{"@id":"https:\/\/nisacar.ch\/it\/#\/schema\/logo\/image\/"},"sameAs":["https:\/\/www.facebook.com\/nisacar.ch1","https:\/\/www.instagram.com\/nisacar_ch\/"]},{"@type":"Person","@id":"https:\/\/nisacar.ch\/it\/#\/schema\/person\/d92360346fc54e6f3ccb5f67baa14403","name":"Bojan Atanasov","image":{"@type":"ImageObject","inLanguage":"it-IT","@id":"https:\/\/secure.gravatar.com\/avatar\/2bed02e9a515199a35221b37b3e7871dfba34ba0309d41356bb19e8e3795914d?s=96&d=mm&r=g","url":"https:\/\/secure.gravatar.com\/avatar\/2bed02e9a515199a35221b37b3e7871dfba34ba0309d41356bb19e8e3795914d?s=96&d=mm&r=g","contentUrl":"https:\/\/secure.gravatar.com\/avatar\/2bed02e9a515199a35221b37b3e7871dfba34ba0309d41356bb19e8e3795914d?s=96&d=mm&r=g","caption":"Bojan Atanasov"},"sameAs":["https:\/\/lumovo.ch"],"url":"https:\/\/nisacar.ch\/it\/author\/atanasov1995\/"}]}},"jetpack_featured_media_url":"https:\/\/i0.wp.com\/nisacar.ch\/wp-content\/uploads\/2026\/03\/Kratzer-im-Lack-Kriens-Horw-Autoaufbereitung-Tags-Kratzer-im-Lack-Lackpflege-Autoaufbereitung-Kriens-Horw.jpg?fit=1200%2C850&ssl=1","jetpack_sharing_enabled":true,"_links":{"self":[{"href":"https:\/\/nisacar.ch\/it\/wp-json\/wp\/v2\/posts\/2830","targetHints":{"allow":["GET"]}}],"collection":[{"href":"https:\/\/nisacar.ch\/it\/wp-json\/wp\/v2\/posts"}],"about":[{"href":"https:\/\/nisacar.ch\/it\/wp-json\/wp\/v2\/types\/post"}],"author":[{"embeddable":true,"href":"https:\/\/nisacar.ch\/it\/wp-json\/wp\/v2\/users\/2"}],"replies":[{"embeddable":true,"href":"https:\/\/nisacar.ch\/it\/wp-json\/wp\/v2\/comments?post=2830"}],"version-history":[{"count":1,"href":"https:\/\/nisacar.ch\/it\/wp-json\/wp\/v2\/posts\/2830\/revisions"}],"predecessor-version":[{"id":2832,"href":"https:\/\/nisacar.ch\/it\/wp-json\/wp\/v2\/posts\/2830\/revisions\/2832"}],"wp:featuredmedia":[{"embeddable":true,"href":"https:\/\/nisacar.ch\/it\/wp-json\/wp\/v2\/media\/2831"}],"wp:attachment":[{"href":"https:\/\/nisacar.ch\/it\/wp-json\/wp\/v2\/media?parent=2830"}],"wp:term":[{"taxonomy":"category","embeddable":true,"href":"https:\/\/nisacar.ch\/it\/wp-json\/wp\/v2\/categories?post=2830"},{"taxonomy":"post_tag","embeddable":true,"href":"https:\/\/nisacar.ch\/it\/wp-json\/wp\/v2\/tags?post=2830"}],"curies":[{"name":"wp","href":"https:\/\/api.w.org\/{rel}","templated":true}]}}