{"id":2714,"date":"2026-03-28T18:14:50","date_gmt":"2026-03-28T17:14:50","guid":{"rendered":"https:\/\/nisacar.ch\/?p=2714"},"modified":"2026-03-16T18:17:50","modified_gmt":"2026-03-16T17:17:50","slug":"riss-in-der-frontscheibe-kriens-malters","status":"publish","type":"post","link":"https:\/\/nisacar.ch\/it\/riss-in-der-frontscheibe-kriens-malters\/","title":{"rendered":"Was tun bei einem Riss in der Frontscheibe in Kriens und Malters?"},"content":{"rendered":"\n<p class=\"\">Ein Riss in der Frontscheibe ist etwas, das viele Autofahrer zun\u00e4chst untersch\u00e4tzen. Oft beginnt alles mit einem kleinen Steinschlag, der scheinbar harmlos aussieht. Wenige Tage sp\u00e4ter zieht sich pl\u00f6tzlich ein sichtbarer Riss durch das Glas. Sp\u00e4testens dann wird klar: Das Problem ist nicht mehr nur kosmetisch. Eine besch\u00e4digte Frontscheibe betrifft Sicht, Sicherheit und den allgemeinen Zustand des Fahrzeugs direkt.<\/p>\n\n\n\n<p class=\"\">Gerade im Alltag in Kriens, Malters und Umgebung sind Fahrzeuge st\u00e4ndig Belastungen ausgesetzt. Temperaturwechsel, Schlagl\u00f6cher, Ersch\u00fctterungen, Frost, direkte Sonneneinstrahlung und t\u00e4gliche Fahrten sorgen daf\u00fcr, dass sich ein kleiner Glasschaden schnell ausweiten kann. Ein Riss entwickelt sich selten in die bessere Richtung \u2013 meistens wird er mit der Zeit gr\u00f6sser.<\/p>\n\n\n\n<p class=\"\">In diesem Beitrag erfahren Sie, was Sie tun sollten, wenn ein <strong>Riss in der Frontscheibe Kriens Malters<\/strong> auftritt, warum schnelles Handeln wichtig ist und wann ein Austausch der Scheibe notwendig wird. Weitere hilfreiche Themen rund ums Auto finden Sie auch auf unserer <a href=\"https:\/\/nisacar.ch\/blog\/\">Blog-\u00dcbersicht<\/a>.<\/p>\n\n\n\n<h2 class=\"wp-block-heading\">Warum ein Riss in der Frontscheibe ernst genommen werden sollte<\/h2>\n\n\n\n<p class=\"\">Die Frontscheibe ist weit mehr als nur eine Glasscheibe gegen Wind und Wetter. Sie ist ein sicherheitsrelevanter Teil des Fahrzeugs und tr\u00e4gt zur Stabilit\u00e4t der Karosserie bei. Gleichzeitig sorgt sie f\u00fcr klare Sicht \u2013 und genau diese Sicht ist im Alltag entscheidend.<\/p>\n\n\n\n<p class=\"\">Ein Riss beeintr\u00e4chtigt die Frontscheibe gleich mehrfach. Zum einen kann er die Sicht direkt st\u00f6ren, besonders bei Sonne, Gegenlicht, Regen oder Nachtfahrten. Zum anderen schw\u00e4cht er die Struktur des Glases. Selbst wenn das Fahrzeug noch normal fahrbar erscheint, bedeutet das nicht, dass der Schaden harmlos ist.<\/p>\n\n\n\n<p class=\"\">Gerade deshalb sollte ein Riss nicht mit einem kleinen Sch\u00f6nheitsfehler verwechselt werden. Wer zu lange wartet, riskiert nicht nur eine Ausweitung des Schadens, sondern auch mehr Aufwand bei der sp\u00e4teren L\u00f6sung.<\/p>\n\n\n\n<h2 class=\"wp-block-heading\">Wie aus einem kleinen Steinschlag ein Riss wird<\/h2>\n\n\n\n<p class=\"\">Viele Risse entstehen nicht pl\u00f6tzlich aus dem Nichts, sondern entwickeln sich aus einem bestehenden Steinschlag. Solange der Schaden klein bleibt, hoffen viele Fahrer, dass nichts weiter passiert. In der Praxis ist das aber oft nur eine Frage der Zeit. Schon normale Belastungen im Alltag k\u00f6nnen ausreichen, damit sich ein vorhandener Schaden weiterzieht.<\/p>\n\n\n\n<p class=\"\">Typische Ausl\u00f6ser f\u00fcr die Ausbreitung sind:<\/p>\n\n\n\n<ul class=\"wp-block-list\">\n<li class=\"\">starke Temperaturunterschiede,<\/li>\n\n\n\n<li class=\"\">warme Innenraumluft bei kalter Aussentemperatur,<\/li>\n\n\n\n<li class=\"\">Schlagl\u00f6cher und Vibrationen,<\/li>\n\n\n\n<li class=\"\">Spannungen im Glas,<\/li>\n\n\n\n<li class=\"\">bereits vorhandene Vorsch\u00e4den.<\/li>\n<\/ul>\n\n\n\n<p class=\"\">Gerade im Winter und in der \u00dcbergangszeit passiert das besonders h\u00e4ufig. Aber auch im Sommer k\u00f6nnen starke Hitze und direkte Sonneneinstrahlung dazu f\u00fchren, dass ein vorhandener Schaden pl\u00f6tzlich gr\u00f6sser wird.<\/p>\n\n\n\n<h2 class=\"wp-block-heading\">Was Sie direkt tun sollten, wenn Sie einen Riss entdecken<\/h2>\n\n\n\n<p class=\"\">Wenn Sie einen Riss in der Frontscheibe bemerken, ist vor allem eines wichtig: nicht abwarten. Viele hoffen, dass der Schaden erstmal so bleibt. Genau das ist aber unsicher. Ein Riss kann sich jederzeit weiter ausdehnen \u2013 manchmal sogar innerhalb kurzer Zeit.<\/p>\n\n\n\n<p class=\"\">Der beste Schritt ist, die Scheibe so fr\u00fch wie m\u00f6glich pr\u00fcfen zu lassen. So erhalten Sie eine klare Einsch\u00e4tzung, ob der Schaden bereits einen Austausch notwendig macht und wie dringend gehandelt werden sollte. Je fr\u00fcher die Beurteilung erfolgt, desto besser k\u00f6nnen Folgerisiken eingesch\u00e4tzt werden.<\/p>\n\n\n\n<p class=\"\">Wichtig ist ausserdem, keine improvisierten L\u00f6sungen zu versuchen. Bei Glassch\u00e4den helfen provisorische Eigenmassnahmen in der Regel nicht weiter. Entscheidend ist eine fachgerechte Einsch\u00e4tzung und eine saubere L\u00f6sung.<\/p>\n\n\n\n<h2 class=\"wp-block-heading\">Kann ein Riss noch repariert werden?<\/h2>\n\n\n\n<p class=\"\">Diese Frage stellen sich viele sofort. Die kurze Antwort lautet: In den meisten F\u00e4llen nein. W\u00e4hrend ein kleiner, frischer Steinschlag unter bestimmten Bedingungen noch repariert werden kann, ist ein bereits vorhandener Riss meist ein Fall f\u00fcr den Austausch der Scheibe.<\/p>\n\n\n\n<p class=\"\">Der Grund ist einfach: Ein Riss zeigt, dass die Struktur des Glases bereits st\u00e4rker beeintr\u00e4chtigt ist. Eine reine Reparatur reicht dann in der Regel nicht mehr aus, um Sicherheit und Stabilit\u00e4t zuverl\u00e4ssig wiederherzustellen. Genau deshalb ist es so wichtig, Steinschl\u00e4ge fr\u00fch pr\u00fcfen zu lassen, bevor sie sich weiterentwickeln.<\/p>\n\n\n\n<p class=\"\">Wenn es bei Ihnen noch nicht um einen Riss, sondern um einen kleineren Schaden geht, lesen Sie auch unseren Beitrag <a href=\"https:\/\/nisacar.ch\/it\/steinschlag-reparieren-emmen-rothenburg\/\">Steinschlag reparieren in Emmen und Rothenburg \u2013 wann reicht eine Reparatur?<\/a>.<\/p>\n\n\n\n<h2 class=\"wp-block-heading\">Wann ein Austausch der Frontscheibe n\u00f6tig wird<\/h2>\n\n\n\n<p class=\"\">Ein Austausch ist in der Regel notwendig, wenn ein Riss vorhanden ist, der die Sicherheit oder Sicht beeintr\u00e4chtigt. Besonders relevant wird es, wenn sich der Schaden im Sichtfeld des Fahrers befindet oder sich bereits weiter ausgedehnt hat.<\/p>\n\n\n\n<p class=\"\">Ein Wechsel der Frontscheibe ist meist sinnvoll oder notwendig, wenn:<\/p>\n\n\n\n<ul class=\"wp-block-list\">\n<li class=\"\">ein klarer Riss im Glas sichtbar ist,<\/li>\n\n\n\n<li class=\"\">der Schaden im direkten Sichtbereich liegt,<\/li>\n\n\n\n<li class=\"\">der Randbereich der Scheibe betroffen ist,<\/li>\n\n\n\n<li class=\"\">sich der Riss weiter ausdehnt,<\/li>\n\n\n\n<li class=\"\">die Struktur des Glases erkennbar geschw\u00e4cht ist.<\/li>\n<\/ul>\n\n\n\n<p class=\"\">Je l\u00e4nger man mit einem solchen Schaden wartet, desto gr\u00f6sser ist die Wahrscheinlichkeit, dass sich die Situation verschlechtert. Deshalb sollte ein Riss nie als Problem behandelt werden, das \u201esp\u00e4ter irgendwann\u201c erledigt werden kann.<\/p>\n\n\n\n<h2 class=\"wp-block-heading\">Warum die Lage des Risses eine grosse Rolle spielt<\/h2>\n\n\n\n<p class=\"\">Nicht nur die L\u00e4nge, sondern auch die Position des Schadens ist entscheidend. Liegt der Riss direkt im Sichtfeld des Fahrers, wird die Situation besonders relevant. Selbst wenn der Schaden nicht extrem gross ist, kann er die Sicht bei bestimmten Lichtverh\u00e4ltnissen deutlich st\u00f6ren.<\/p>\n\n\n\n<p class=\"\">Bei tiefstehender Sonne, Nachtfahrten oder Regen kann ein Riss Reflexionen erzeugen oder die Blickf\u00fchrung beeintr\u00e4chtigen. Das ist nicht nur unangenehm, sondern kann im Strassenverkehr ein reales Sicherheitsproblem darstellen. Genau deshalb werden Sch\u00e4den im Sichtfeld besonders ernst genommen.<\/p>\n\n\n\n<p class=\"\">Auch Risse im Randbereich der Scheibe sind kritisch, weil dort die Stabilit\u00e4t der Scheibe besonders wichtig ist. In solchen F\u00e4llen ist ein Austausch meist die richtige L\u00f6sung.<\/p>\n\n\n\n<h2 class=\"wp-block-heading\">Riss in der Frontscheibe in Kriens und Malters \u2013 warum schnelles Handeln Geld und Aufwand sparen kann<\/h2>\n\n\n\n<p class=\"\">Auch wenn ein Riss meistens einen Austausch nach sich zieht, lohnt sich fr\u00fches Handeln trotzdem. Wer den Schaden sofort pr\u00fcfen l\u00e4sst, kann den weiteren Ablauf besser planen und vermeidet \u00dcberraschungen im unpassenden Moment. Niemand m\u00f6chte pl\u00f6tzlich vor einer gr\u00f6sseren Ausweitung des Schadens stehen, wenn das Auto dringend gebraucht wird.<\/p>\n\n\n\n<p class=\"\">Gerade im Alltag mit Arbeitsweg, Familie oder Kundenterminen ist es deutlich angenehmer, eine L\u00f6sung rechtzeitig zu organisieren, als durch einen spontanen gr\u00f6sseren Scheibenschaden unter Druck zu geraten. Fr\u00fchzeitige Klarheit ist hier oft der gr\u00f6sste Vorteil.<\/p>\n\n\n\n<p class=\"\">Ausserdem verhindert schnelles Reagieren, dass der Schaden noch st\u00e4rker ins Gewicht f\u00e4llt \u2013 etwa optisch oder in Bezug auf den Gesamteindruck des Fahrzeugs.<\/p>\n\n\n\n<h2 class=\"wp-block-heading\">Welche Risiken ein unbehandelter Riss mit sich bringt<\/h2>\n\n\n\n<p class=\"\">Ein unbehandelter Riss bringt mehrere Risiken mit sich. Erstens kann sich der Schaden jederzeit vergr\u00f6ssern. Zweitens kann die Sicht beeintr\u00e4chtigt sein, auch wenn das im ersten Moment nur leicht auff\u00e4llt. Drittens leidet die strukturelle Integrit\u00e4t der Scheibe.<\/p>\n\n\n\n<p class=\"\">Zus\u00e4tzlich wirkt ein Fahrzeug mit sichtbarem Riss ungepflegt. Gerade wenn Sie Ihr Auto langfristig gut erhalten oder sp\u00e4ter verkaufen m\u00f6chten, sollte dieser Punkt nicht untersch\u00e4tzt werden. Ein klarer, intakter Glaszustand geh\u00f6rt immer zum positiven Gesamteindruck eines Fahrzeugs.<\/p>\n\n\n\n<p class=\"\">Wenn Sie sich mit dem Verkauf Ihres Fahrzeugs besch\u00e4ftigen, lesen Sie auch <a href=\"https:\/\/nisacar.ch\/it\/auto-verkaufen-kriens-horw\/\">Auto verkaufen in Kriens und Horw \u2013 privat oder an einen H\u00e4ndler?<\/a>.<\/p>\n\n\n\n<h2 class=\"wp-block-heading\">Was beim Wechsel der Frontscheibe wichtig ist<\/h2>\n\n\n\n<p class=\"\">Ein Scheibenwechsel sollte fachgerecht durchgef\u00fchrt werden. Es geht dabei nicht nur darum, das besch\u00e4digte Glas zu entfernen und durch neues zu ersetzen. Entscheidend sind auch Dichtigkeit, korrekter Einbau und die Wiederherstellung eines sicheren Fahrzeugzustands.<\/p>\n\n\n\n<p class=\"\">Gerade bei modernen Fahrzeugen ist besondere Sorgfalt wichtig, weil im Bereich der Frontscheibe oft Assistenzsysteme, Sensoren oder Kamerabereiche eine Rolle spielen. Die Scheibe ist deshalb kein nebens\u00e4chliches Bauteil, sondern ein technisch relevanter Bestandteil des Fahrzeugs.<\/p>\n\n\n\n<p class=\"\">Wenn ein Austausch n\u00f6tig ist, sollte er deshalb professionell und sauber ausgef\u00fchrt werden. Genau das gibt Ihnen die Sicherheit, dass Sicht, Funktion und Stabilit\u00e4t wieder vollst\u00e4ndig gew\u00e4hrleistet sind.<\/p>\n\n\n\n<h2 class=\"wp-block-heading\">Auch der Fahrzeugwert leidet unter Glassch\u00e4den<\/h2>\n\n\n\n<p class=\"\">Viele denken bei einer besch\u00e4digten Frontscheibe zuerst nur an Sicht und Sicherheit. Aber auch der Fahrzeugwert wird beeinflusst. Ein sichtbarer Riss macht bei jedem Betrachter sofort einen negativen Eindruck. Selbst wenn das Fahrzeug sonst gepflegt ist, wirkt es dadurch schnell vernachl\u00e4ssigt.<\/p>\n\n\n\n<p class=\"\">Besonders vor einem Verkauf oder bei einem gepflegten Gebrauchtwagen lohnt es sich, Glassch\u00e4den nicht auf die lange Bank zu schieben. Ein Fahrzeug mit intakter Frontscheibe wirkt stimmiger, vertrauensw\u00fcrdiger und insgesamt hochwertiger.<\/p>\n\n\n\n<p class=\"\">Wenn Sie zus\u00e4tzlich den optischen Gesamteindruck verbessern m\u00f6chten, k\u00f6nnte auch dieser Beitrag interessant sein: <a href=\"https:\/\/nisacar.ch\/it\/auto-polieren-luzern-kriens\/\">Auto polieren in Luzern oder Kriens \u2013 wann lohnt sich eine professionelle Aufbereitung?<\/a>.<\/p>\n\n\n\n<h2 class=\"wp-block-heading\">F\u00fcr welche Fahrzeuge ist das Thema besonders relevant?<\/h2>\n\n\n\n<p class=\"\">Grunds\u00e4tzlich f\u00fcr alle. Ob Kleinwagen, Familienauto, SUV, Lieferwagen oder Gesch\u00e4ftsfahrzeug \u2013 jede Frontscheibe kann durch Steinschl\u00e4ge und Spannungen besch\u00e4digt werden. Besonders h\u00e4ufig betrifft es Fahrzeuge, die regelm\u00e4ssig auf Autobahnen oder Landstrassen unterwegs sind, weil dort das Risiko f\u00fcr aufgewirbelte Steinchen h\u00f6her ist.<\/p>\n\n\n\n<p class=\"\">Aber auch Fahrzeuge mit k\u00fcrzeren Alltagsstrecken sind nicht automatisch ausgenommen. Wenn bereits ein kleiner Vorschaden vorhanden ist, k\u00f6nnen auch normale t\u00e4gliche Belastungen reichen, damit daraus ein Riss entsteht. Genau deshalb lohnt sich Aufmerksamkeit unabh\u00e4ngig vom Fahrzeugtyp.<\/p>\n\n\n\n<h2 class=\"wp-block-heading\">Warum regionale Hilfe in Kriens und Malters sinnvoll ist<\/h2>\n\n\n\n<p class=\"\">Bei einem Riss in der Frontscheibe m\u00f6chten die meisten Fahrer vor allem eines: schnelle Klarheit. Ein regionaler Ansprechpartner ist dabei besonders hilfreich. Kurze Wege, pers\u00f6nliche Beratung und eine direkte Einsch\u00e4tzung machen den Prozess einfacher und angenehmer.<\/p>\n\n\n\n<p class=\"\">Bei NISA Car legen wir Wert auf ehrliche Beurteilungen und verst\u00e4ndliche Empfehlungen. Wir pr\u00fcfen den Schaden, sagen offen, was sinnvoll ist, und helfen Ihnen dabei, die passende L\u00f6sung f\u00fcr Ihr Fahrzeug zu finden. Weitere Informationen finden Sie auch unter <a href=\"https:\/\/nisacar.ch\/leistungen\/\">Leistungen<\/a> sowie bei unseren aktuellen <a href=\"https:\/\/nisacar.ch\/automobile\/\">Automobilen<\/a>.<\/p>\n\n\n\n<h2 class=\"wp-block-heading\">Fazit: Einen Riss in der Frontscheibe sollte man nie aufschieben<\/h2>\n\n\n\n<p class=\"\"><strong>Riss in der Frontscheibe Kriens Malters<\/strong> ist ein Thema, bei dem schnelles Handeln wichtig ist. Ein vorhandener Riss ist meist kein Fall mehr f\u00fcr eine einfache Reparatur, sondern ein klares Signal, dass die Scheibe fachlich gepr\u00fcft und h\u00e4ufig ersetzt werden sollte. Je fr\u00fcher das passiert, desto besser l\u00e4sst sich der weitere Ablauf planen und desto geringer ist das Risiko, dass sich der Schaden weiter verschlechtert.<\/p>\n\n\n\n<p class=\"\">Wichtig ist vor allem, das Problem nicht als kleinen Makel abzutun. Frontscheiben betreffen Sicht, Sicherheit und den gesamten Eindruck des Fahrzeugs direkt. Wer fr\u00fch reagiert, f\u00e4hrt am Ende meist ruhiger und sicherer.<\/p>\n\n\n\n<p class=\"\">Wenn Sie einen Riss in Ihrer Frontscheibe entdeckt haben oder eine ehrliche Einsch\u00e4tzung w\u00fcnschen, nehmen Sie gerne <a href=\"https:\/\/nisacar.ch\/kontakt\/\">Kontakt<\/a> mit uns auf. Wir unterst\u00fctzen Sie mit einer transparenten Beurteilung und der passenden L\u00f6sung f\u00fcr Ihr Fahrzeug.<\/p>\n\n\n\n<h2 class=\"wp-block-heading\">Weitere hilfreiche Artikel<\/h2>\n\n\n\n<ul class=\"wp-block-list\">\n<li class=\"\"><a href=\"https:\/\/nisacar.ch\/it\/steinschlag-reparieren-emmen-rothenburg\/\">Steinschlag reparieren in Emmen und Rothenburg \u2013 wann reicht eine Reparatur?<\/a><\/li>\n\n\n\n<li class=\"\"><a href=\"https:\/\/nisacar.ch\/it\/windschutzscheibe-wechseln-sursee-sempach\/\">Windschutzscheibe wechseln in Sursee und Sempach \u2013 wann ist ein Austausch n\u00f6tig?<\/a><\/li>\n\n\n\n<li class=\"\"><a href=\"https:\/\/nisacar.ch\/it\/fruehjahrscheck-auto-luzern-umgebung\/\">Fr\u00fchjahrscheck f\u00fcrs Auto in Luzern und Umgebung \u2013 diese Punkte sollten Sie pr\u00fcfen<\/a><\/li>\n<\/ul>\n","protected":false},"excerpt":{"rendered":"<p>Ein Riss in der Frontscheibe ist etwas, das viele Autofahrer zun\u00e4chst untersch\u00e4tzen. Oft beginnt alles mit einem kleinen Steinschlag, der scheinbar harmlos aussieht. Wenige Tage sp\u00e4ter<span class=\"excerpt-hellip\"> [\u2026]<\/span><\/p>\n","protected":false},"author":2,"featured_media":2715,"comment_status":"closed","ping_status":"closed","sticky":false,"template":"","format":"standard","meta":{"_acf_changed":false,"nf_dc_page":"","_jetpack_memberships_contains_paid_content":false,"footnotes":""},"categories":[18],"tags":[76],"class_list":["post-2714","post","type-post","status-publish","format-standard","has-post-thumbnail","hentry","category-scheibenservice","tag-scheibenservice"],"acf":[],"yoast_head":"<!-- This site is optimized with the Yoast SEO plugin v27.5 - https:\/\/yoast.com\/product\/yoast-seo-wordpress\/ -->\n<title>Was tun bei einem Riss in der Frontscheibe in Kriens und Malters?<\/title>\n<meta name=\"description\" content=\"Riss in der Frontscheibe in Kriens und Malters: Erfahren Sie, warum schnelles Handeln wichtig ist, wann ein Scheibenwechsel n\u00f6tig wird und welche Risiken ein Riss mit sich bringt.\" \/>\n<meta name=\"robots\" content=\"index, follow, max-snippet:-1, max-image-preview:large, max-video-preview:-1\" \/>\n<link rel=\"canonical\" href=\"https:\/\/nisacar.ch\/it\/riss-in-der-frontscheibe-kriens-malters\/\" \/>\n<meta property=\"og:locale\" content=\"it_IT\" \/>\n<meta property=\"og:type\" content=\"article\" \/>\n<meta property=\"og:title\" content=\"Was tun bei einem Riss in der Frontscheibe in Kriens und Malters?\" \/>\n<meta property=\"og:description\" content=\"Riss in der Frontscheibe in Kriens und Malters: Erfahren Sie, warum schnelles Handeln wichtig ist, wann ein Scheibenwechsel n\u00f6tig wird und welche Risiken ein Riss mit sich bringt.\" \/>\n<meta property=\"og:url\" content=\"https:\/\/nisacar.ch\/it\/riss-in-der-frontscheibe-kriens-malters\/\" \/>\n<meta property=\"og:site_name\" content=\"NISA Car\" \/>\n<meta property=\"article:publisher\" content=\"https:\/\/www.facebook.com\/nisacar.ch1\" \/>\n<meta property=\"article:published_time\" content=\"2026-03-28T17:14:50+00:00\" \/>\n<meta property=\"og:image\" content=\"https:\/\/i0.wp.com\/nisacar.ch\/wp-content\/uploads\/2026\/03\/Riss-in-der-Frontscheibe-Kriens-Malters-Scheibenservice-Tags-Frontscheibe-Riss-in-der-Scheibe-Scheibenservice-Kriens-Malters-Was-tun-bei-einem-Riss-in-der-Frontscheibe-in-Kriens-und-Malters.jpg?fit=1200%2C850&ssl=1\" \/>\n\t<meta property=\"og:image:width\" content=\"1200\" \/>\n\t<meta property=\"og:image:height\" content=\"850\" \/>\n\t<meta property=\"og:image:type\" content=\"image\/jpeg\" \/>\n<meta name=\"author\" content=\"Bojan Atanasov\" \/>\n<meta name=\"twitter:card\" content=\"summary_large_image\" \/>\n<meta name=\"twitter:label1\" content=\"Scritto da\" \/>\n\t<meta name=\"twitter:data1\" content=\"Bojan Atanasov\" \/>\n\t<meta name=\"twitter:label2\" content=\"Tempo di lettura stimato\" \/>\n\t<meta name=\"twitter:data2\" content=\"8 minuti\" \/>\n<script type=\"application\/ld+json\" class=\"yoast-schema-graph\">{\"@context\":\"https:\\\/\\\/schema.org\",\"@graph\":[{\"@type\":\"Article\",\"@id\":\"https:\\\/\\\/nisacar.ch\\\/it\\\/riss-in-der-frontscheibe-kriens-malters\\\/#article\",\"isPartOf\":{\"@id\":\"https:\\\/\\\/nisacar.ch\\\/it\\\/riss-in-der-frontscheibe-kriens-malters\\\/\"},\"author\":{\"name\":\"Bojan Atanasov\",\"@id\":\"https:\\\/\\\/nisacar.ch\\\/it\\\/#\\\/schema\\\/person\\\/d92360346fc54e6f3ccb5f67baa14403\"},\"headline\":\"Was tun bei einem Riss in der Frontscheibe in Kriens und Malters?\",\"datePublished\":\"2026-03-28T17:14:50+00:00\",\"mainEntityOfPage\":{\"@id\":\"https:\\\/\\\/nisacar.ch\\\/it\\\/riss-in-der-frontscheibe-kriens-malters\\\/\"},\"wordCount\":1813,\"publisher\":{\"@id\":\"https:\\\/\\\/nisacar.ch\\\/it\\\/#organization\"},\"image\":{\"@id\":\"https:\\\/\\\/nisacar.ch\\\/it\\\/riss-in-der-frontscheibe-kriens-malters\\\/#primaryimage\"},\"thumbnailUrl\":\"https:\\\/\\\/i0.wp.com\\\/nisacar.ch\\\/wp-content\\\/uploads\\\/2026\\\/03\\\/Riss-in-der-Frontscheibe-Kriens-Malters-Scheibenservice-Tags-Frontscheibe-Riss-in-der-Scheibe-Scheibenservice-Kriens-Malters-Was-tun-bei-einem-Riss-in-der-Frontscheibe-in-Kriens-und-Malters.jpg?fit=1200%2C850&ssl=1\",\"keywords\":[\"Scheibenservice\"],\"articleSection\":[\"Scheibenservice\"],\"inLanguage\":\"it-IT\"},{\"@type\":\"WebPage\",\"@id\":\"https:\\\/\\\/nisacar.ch\\\/it\\\/riss-in-der-frontscheibe-kriens-malters\\\/\",\"url\":\"https:\\\/\\\/nisacar.ch\\\/it\\\/riss-in-der-frontscheibe-kriens-malters\\\/\",\"name\":\"Was tun bei einem Riss in der Frontscheibe in Kriens und Malters?\",\"isPartOf\":{\"@id\":\"https:\\\/\\\/nisacar.ch\\\/it\\\/#website\"},\"primaryImageOfPage\":{\"@id\":\"https:\\\/\\\/nisacar.ch\\\/it\\\/riss-in-der-frontscheibe-kriens-malters\\\/#primaryimage\"},\"image\":{\"@id\":\"https:\\\/\\\/nisacar.ch\\\/it\\\/riss-in-der-frontscheibe-kriens-malters\\\/#primaryimage\"},\"thumbnailUrl\":\"https:\\\/\\\/i0.wp.com\\\/nisacar.ch\\\/wp-content\\\/uploads\\\/2026\\\/03\\\/Riss-in-der-Frontscheibe-Kriens-Malters-Scheibenservice-Tags-Frontscheibe-Riss-in-der-Scheibe-Scheibenservice-Kriens-Malters-Was-tun-bei-einem-Riss-in-der-Frontscheibe-in-Kriens-und-Malters.jpg?fit=1200%2C850&ssl=1\",\"datePublished\":\"2026-03-28T17:14:50+00:00\",\"description\":\"Riss in der Frontscheibe in Kriens und Malters: Erfahren Sie, warum schnelles Handeln wichtig ist, wann ein Scheibenwechsel n\u00f6tig wird und welche Risiken ein Riss mit sich bringt.\",\"breadcrumb\":{\"@id\":\"https:\\\/\\\/nisacar.ch\\\/it\\\/riss-in-der-frontscheibe-kriens-malters\\\/#breadcrumb\"},\"inLanguage\":\"it-IT\",\"potentialAction\":[{\"@type\":\"ReadAction\",\"target\":[\"https:\\\/\\\/nisacar.ch\\\/it\\\/riss-in-der-frontscheibe-kriens-malters\\\/\"]}]},{\"@type\":\"ImageObject\",\"inLanguage\":\"it-IT\",\"@id\":\"https:\\\/\\\/nisacar.ch\\\/it\\\/riss-in-der-frontscheibe-kriens-malters\\\/#primaryimage\",\"url\":\"https:\\\/\\\/i0.wp.com\\\/nisacar.ch\\\/wp-content\\\/uploads\\\/2026\\\/03\\\/Riss-in-der-Frontscheibe-Kriens-Malters-Scheibenservice-Tags-Frontscheibe-Riss-in-der-Scheibe-Scheibenservice-Kriens-Malters-Was-tun-bei-einem-Riss-in-der-Frontscheibe-in-Kriens-und-Malters.jpg?fit=1200%2C850&ssl=1\",\"contentUrl\":\"https:\\\/\\\/i0.wp.com\\\/nisacar.ch\\\/wp-content\\\/uploads\\\/2026\\\/03\\\/Riss-in-der-Frontscheibe-Kriens-Malters-Scheibenservice-Tags-Frontscheibe-Riss-in-der-Scheibe-Scheibenservice-Kriens-Malters-Was-tun-bei-einem-Riss-in-der-Frontscheibe-in-Kriens-und-Malters.jpg?fit=1200%2C850&ssl=1\",\"width\":1200,\"height\":850,\"caption\":\"Riss in der Frontscheibe Kriens Malters Scheibenservice Tags Frontscheibe, Riss in der Scheibe, Scheibenservice, Kriens, Malters Was tun bei einem Riss in der Frontscheibe in Kriens und Malters\"},{\"@type\":\"BreadcrumbList\",\"@id\":\"https:\\\/\\\/nisacar.ch\\\/it\\\/riss-in-der-frontscheibe-kriens-malters\\\/#breadcrumb\",\"itemListElement\":[{\"@type\":\"ListItem\",\"position\":1,\"name\":\"Home\",\"item\":\"https:\\\/\\\/nisacar.ch\\\/it\\\/\"},{\"@type\":\"ListItem\",\"position\":2,\"name\":\"Was tun bei einem Riss in der Frontscheibe in Kriens und Malters?\"}]},{\"@type\":\"WebSite\",\"@id\":\"https:\\\/\\\/nisacar.ch\\\/it\\\/#website\",\"url\":\"https:\\\/\\\/nisacar.ch\\\/it\\\/\",\"name\":\"NISA Car\",\"description\":\"Perfekte Pflege. Faire Preise. Schweizer Qualit\u00e4t.\",\"publisher\":{\"@id\":\"https:\\\/\\\/nisacar.ch\\\/it\\\/#organization\"},\"potentialAction\":[{\"@type\":\"SearchAction\",\"target\":{\"@type\":\"EntryPoint\",\"urlTemplate\":\"https:\\\/\\\/nisacar.ch\\\/it\\\/?s={search_term_string}\"},\"query-input\":{\"@type\":\"PropertyValueSpecification\",\"valueRequired\":true,\"valueName\":\"search_term_string\"}}],\"inLanguage\":\"it-IT\"},{\"@type\":\"Organization\",\"@id\":\"https:\\\/\\\/nisacar.ch\\\/it\\\/#organization\",\"name\":\"NISA Car Angelov\",\"url\":\"https:\\\/\\\/nisacar.ch\\\/it\\\/\",\"logo\":{\"@type\":\"ImageObject\",\"inLanguage\":\"it-IT\",\"@id\":\"https:\\\/\\\/nisacar.ch\\\/it\\\/#\\\/schema\\\/logo\\\/image\\\/\",\"url\":\"https:\\\/\\\/i0.wp.com\\\/nisacar.ch\\\/wp-content\\\/uploads\\\/2025\\\/10\\\/cropped-za_autoscout-removebg-preview-Copy.png?fit=420%2C150&ssl=1\",\"contentUrl\":\"https:\\\/\\\/i0.wp.com\\\/nisacar.ch\\\/wp-content\\\/uploads\\\/2025\\\/10\\\/cropped-za_autoscout-removebg-preview-Copy.png?fit=420%2C150&ssl=1\",\"width\":420,\"height\":150,\"caption\":\"NISA Car Angelov\"},\"image\":{\"@id\":\"https:\\\/\\\/nisacar.ch\\\/it\\\/#\\\/schema\\\/logo\\\/image\\\/\"},\"sameAs\":[\"https:\\\/\\\/www.facebook.com\\\/nisacar.ch1\",\"https:\\\/\\\/www.instagram.com\\\/nisacar_ch\\\/\"]},{\"@type\":\"Person\",\"@id\":\"https:\\\/\\\/nisacar.ch\\\/it\\\/#\\\/schema\\\/person\\\/d92360346fc54e6f3ccb5f67baa14403\",\"name\":\"Bojan Atanasov\",\"image\":{\"@type\":\"ImageObject\",\"inLanguage\":\"it-IT\",\"@id\":\"https:\\\/\\\/secure.gravatar.com\\\/avatar\\\/2bed02e9a515199a35221b37b3e7871dfba34ba0309d41356bb19e8e3795914d?s=96&d=mm&r=g\",\"url\":\"https:\\\/\\\/secure.gravatar.com\\\/avatar\\\/2bed02e9a515199a35221b37b3e7871dfba34ba0309d41356bb19e8e3795914d?s=96&d=mm&r=g\",\"contentUrl\":\"https:\\\/\\\/secure.gravatar.com\\\/avatar\\\/2bed02e9a515199a35221b37b3e7871dfba34ba0309d41356bb19e8e3795914d?s=96&d=mm&r=g\",\"caption\":\"Bojan Atanasov\"},\"sameAs\":[\"https:\\\/\\\/lumovo.ch\"],\"url\":\"https:\\\/\\\/nisacar.ch\\\/it\\\/author\\\/atanasov1995\\\/\"}]}<\/script>\n<!-- \/ Yoast SEO plugin. -->","yoast_head_json":{"title":"Was tun bei einem Riss in der Frontscheibe in Kriens und Malters?","description":"Riss in der Frontscheibe in Kriens und Malters: Erfahren Sie, warum schnelles Handeln wichtig ist, wann ein Scheibenwechsel n\u00f6tig wird und welche Risiken ein Riss mit sich bringt.","robots":{"index":"index","follow":"follow","max-snippet":"max-snippet:-1","max-image-preview":"max-image-preview:large","max-video-preview":"max-video-preview:-1"},"canonical":"https:\/\/nisacar.ch\/it\/riss-in-der-frontscheibe-kriens-malters\/","og_locale":"it_IT","og_type":"article","og_title":"Was tun bei einem Riss in der Frontscheibe in Kriens und Malters?","og_description":"Riss in der Frontscheibe in Kriens und Malters: Erfahren Sie, warum schnelles Handeln wichtig ist, wann ein Scheibenwechsel n\u00f6tig wird und welche Risiken ein Riss mit sich bringt.","og_url":"https:\/\/nisacar.ch\/it\/riss-in-der-frontscheibe-kriens-malters\/","og_site_name":"NISA Car","article_publisher":"https:\/\/www.facebook.com\/nisacar.ch1","article_published_time":"2026-03-28T17:14:50+00:00","og_image":[{"width":1200,"height":850,"url":"https:\/\/i0.wp.com\/nisacar.ch\/wp-content\/uploads\/2026\/03\/Riss-in-der-Frontscheibe-Kriens-Malters-Scheibenservice-Tags-Frontscheibe-Riss-in-der-Scheibe-Scheibenservice-Kriens-Malters-Was-tun-bei-einem-Riss-in-der-Frontscheibe-in-Kriens-und-Malters.jpg?fit=1200%2C850&ssl=1","type":"image\/jpeg"}],"author":"Bojan Atanasov","twitter_card":"summary_large_image","twitter_misc":{"Scritto da":"Bojan Atanasov","Tempo di lettura stimato":"8 minuti"},"schema":{"@context":"https:\/\/schema.org","@graph":[{"@type":"Article","@id":"https:\/\/nisacar.ch\/it\/riss-in-der-frontscheibe-kriens-malters\/#article","isPartOf":{"@id":"https:\/\/nisacar.ch\/it\/riss-in-der-frontscheibe-kriens-malters\/"},"author":{"name":"Bojan Atanasov","@id":"https:\/\/nisacar.ch\/it\/#\/schema\/person\/d92360346fc54e6f3ccb5f67baa14403"},"headline":"Was tun bei einem Riss in der Frontscheibe in Kriens und Malters?","datePublished":"2026-03-28T17:14:50+00:00","mainEntityOfPage":{"@id":"https:\/\/nisacar.ch\/it\/riss-in-der-frontscheibe-kriens-malters\/"},"wordCount":1813,"publisher":{"@id":"https:\/\/nisacar.ch\/it\/#organization"},"image":{"@id":"https:\/\/nisacar.ch\/it\/riss-in-der-frontscheibe-kriens-malters\/#primaryimage"},"thumbnailUrl":"https:\/\/i0.wp.com\/nisacar.ch\/wp-content\/uploads\/2026\/03\/Riss-in-der-Frontscheibe-Kriens-Malters-Scheibenservice-Tags-Frontscheibe-Riss-in-der-Scheibe-Scheibenservice-Kriens-Malters-Was-tun-bei-einem-Riss-in-der-Frontscheibe-in-Kriens-und-Malters.jpg?fit=1200%2C850&ssl=1","keywords":["Scheibenservice"],"articleSection":["Scheibenservice"],"inLanguage":"it-IT"},{"@type":"WebPage","@id":"https:\/\/nisacar.ch\/it\/riss-in-der-frontscheibe-kriens-malters\/","url":"https:\/\/nisacar.ch\/it\/riss-in-der-frontscheibe-kriens-malters\/","name":"Was tun bei einem Riss in der Frontscheibe in Kriens und Malters?","isPartOf":{"@id":"https:\/\/nisacar.ch\/it\/#website"},"primaryImageOfPage":{"@id":"https:\/\/nisacar.ch\/it\/riss-in-der-frontscheibe-kriens-malters\/#primaryimage"},"image":{"@id":"https:\/\/nisacar.ch\/it\/riss-in-der-frontscheibe-kriens-malters\/#primaryimage"},"thumbnailUrl":"https:\/\/i0.wp.com\/nisacar.ch\/wp-content\/uploads\/2026\/03\/Riss-in-der-Frontscheibe-Kriens-Malters-Scheibenservice-Tags-Frontscheibe-Riss-in-der-Scheibe-Scheibenservice-Kriens-Malters-Was-tun-bei-einem-Riss-in-der-Frontscheibe-in-Kriens-und-Malters.jpg?fit=1200%2C850&ssl=1","datePublished":"2026-03-28T17:14:50+00:00","description":"Riss in der Frontscheibe in Kriens und Malters: Erfahren Sie, warum schnelles Handeln wichtig ist, wann ein Scheibenwechsel n\u00f6tig wird und welche Risiken ein Riss mit sich bringt.","breadcrumb":{"@id":"https:\/\/nisacar.ch\/it\/riss-in-der-frontscheibe-kriens-malters\/#breadcrumb"},"inLanguage":"it-IT","potentialAction":[{"@type":"ReadAction","target":["https:\/\/nisacar.ch\/it\/riss-in-der-frontscheibe-kriens-malters\/"]}]},{"@type":"ImageObject","inLanguage":"it-IT","@id":"https:\/\/nisacar.ch\/it\/riss-in-der-frontscheibe-kriens-malters\/#primaryimage","url":"https:\/\/i0.wp.com\/nisacar.ch\/wp-content\/uploads\/2026\/03\/Riss-in-der-Frontscheibe-Kriens-Malters-Scheibenservice-Tags-Frontscheibe-Riss-in-der-Scheibe-Scheibenservice-Kriens-Malters-Was-tun-bei-einem-Riss-in-der-Frontscheibe-in-Kriens-und-Malters.jpg?fit=1200%2C850&ssl=1","contentUrl":"https:\/\/i0.wp.com\/nisacar.ch\/wp-content\/uploads\/2026\/03\/Riss-in-der-Frontscheibe-Kriens-Malters-Scheibenservice-Tags-Frontscheibe-Riss-in-der-Scheibe-Scheibenservice-Kriens-Malters-Was-tun-bei-einem-Riss-in-der-Frontscheibe-in-Kriens-und-Malters.jpg?fit=1200%2C850&ssl=1","width":1200,"height":850,"caption":"Riss in der Frontscheibe Kriens Malters Scheibenservice Tags Frontscheibe, Riss in der Scheibe, Scheibenservice, Kriens, Malters Was tun bei einem Riss in der Frontscheibe in Kriens und Malters"},{"@type":"BreadcrumbList","@id":"https:\/\/nisacar.ch\/it\/riss-in-der-frontscheibe-kriens-malters\/#breadcrumb","itemListElement":[{"@type":"ListItem","position":1,"name":"Home","item":"https:\/\/nisacar.ch\/it\/"},{"@type":"ListItem","position":2,"name":"Was tun bei einem Riss in der Frontscheibe in Kriens und Malters?"}]},{"@type":"WebSite","@id":"https:\/\/nisacar.ch\/it\/#website","url":"https:\/\/nisacar.ch\/it\/","name":"NISA Car","description":"Perfekte Pflege. Faire Preise. Schweizer Qualit\u00e4t.","publisher":{"@id":"https:\/\/nisacar.ch\/it\/#organization"},"potentialAction":[{"@type":"SearchAction","target":{"@type":"EntryPoint","urlTemplate":"https:\/\/nisacar.ch\/it\/?s={search_term_string}"},"query-input":{"@type":"PropertyValueSpecification","valueRequired":true,"valueName":"search_term_string"}}],"inLanguage":"it-IT"},{"@type":"Organization","@id":"https:\/\/nisacar.ch\/it\/#organization","name":"NISA Car Angelov","url":"https:\/\/nisacar.ch\/it\/","logo":{"@type":"ImageObject","inLanguage":"it-IT","@id":"https:\/\/nisacar.ch\/it\/#\/schema\/logo\/image\/","url":"https:\/\/i0.wp.com\/nisacar.ch\/wp-content\/uploads\/2025\/10\/cropped-za_autoscout-removebg-preview-Copy.png?fit=420%2C150&ssl=1","contentUrl":"https:\/\/i0.wp.com\/nisacar.ch\/wp-content\/uploads\/2025\/10\/cropped-za_autoscout-removebg-preview-Copy.png?fit=420%2C150&ssl=1","width":420,"height":150,"caption":"NISA Car Angelov"},"image":{"@id":"https:\/\/nisacar.ch\/it\/#\/schema\/logo\/image\/"},"sameAs":["https:\/\/www.facebook.com\/nisacar.ch1","https:\/\/www.instagram.com\/nisacar_ch\/"]},{"@type":"Person","@id":"https:\/\/nisacar.ch\/it\/#\/schema\/person\/d92360346fc54e6f3ccb5f67baa14403","name":"Bojan Atanasov","image":{"@type":"ImageObject","inLanguage":"it-IT","@id":"https:\/\/secure.gravatar.com\/avatar\/2bed02e9a515199a35221b37b3e7871dfba34ba0309d41356bb19e8e3795914d?s=96&d=mm&r=g","url":"https:\/\/secure.gravatar.com\/avatar\/2bed02e9a515199a35221b37b3e7871dfba34ba0309d41356bb19e8e3795914d?s=96&d=mm&r=g","contentUrl":"https:\/\/secure.gravatar.com\/avatar\/2bed02e9a515199a35221b37b3e7871dfba34ba0309d41356bb19e8e3795914d?s=96&d=mm&r=g","caption":"Bojan Atanasov"},"sameAs":["https:\/\/lumovo.ch"],"url":"https:\/\/nisacar.ch\/it\/author\/atanasov1995\/"}]}},"jetpack_featured_media_url":"https:\/\/i0.wp.com\/nisacar.ch\/wp-content\/uploads\/2026\/03\/Riss-in-der-Frontscheibe-Kriens-Malters-Scheibenservice-Tags-Frontscheibe-Riss-in-der-Scheibe-Scheibenservice-Kriens-Malters-Was-tun-bei-einem-Riss-in-der-Frontscheibe-in-Kriens-und-Malters.jpg?fit=1200%2C850&ssl=1","jetpack_sharing_enabled":true,"_links":{"self":[{"href":"https:\/\/nisacar.ch\/it\/wp-json\/wp\/v2\/posts\/2714","targetHints":{"allow":["GET"]}}],"collection":[{"href":"https:\/\/nisacar.ch\/it\/wp-json\/wp\/v2\/posts"}],"about":[{"href":"https:\/\/nisacar.ch\/it\/wp-json\/wp\/v2\/types\/post"}],"author":[{"embeddable":true,"href":"https:\/\/nisacar.ch\/it\/wp-json\/wp\/v2\/users\/2"}],"replies":[{"embeddable":true,"href":"https:\/\/nisacar.ch\/it\/wp-json\/wp\/v2\/comments?post=2714"}],"version-history":[{"count":2,"href":"https:\/\/nisacar.ch\/it\/wp-json\/wp\/v2\/posts\/2714\/revisions"}],"predecessor-version":[{"id":2718,"href":"https:\/\/nisacar.ch\/it\/wp-json\/wp\/v2\/posts\/2714\/revisions\/2718"}],"wp:featuredmedia":[{"embeddable":true,"href":"https:\/\/nisacar.ch\/it\/wp-json\/wp\/v2\/media\/2715"}],"wp:attachment":[{"href":"https:\/\/nisacar.ch\/it\/wp-json\/wp\/v2\/media?parent=2714"}],"wp:term":[{"taxonomy":"category","embeddable":true,"href":"https:\/\/nisacar.ch\/it\/wp-json\/wp\/v2\/categories?post=2714"},{"taxonomy":"post_tag","embeddable":true,"href":"https:\/\/nisacar.ch\/it\/wp-json\/wp\/v2\/tags?post=2714"}],"curies":[{"name":"wp","href":"https:\/\/api.w.org\/{rel}","templated":true}]}}