{"id":2672,"date":"2026-03-18T17:48:09","date_gmt":"2026-03-18T16:48:09","guid":{"rendered":"https:\/\/nisacar.ch\/?p=2672"},"modified":"2026-03-16T17:48:30","modified_gmt":"2026-03-16T16:48:30","slug":"bremsen-quietschen-luzern-emmen","status":"publish","type":"post","link":"https:\/\/nisacar.ch\/it\/bremsen-quietschen-luzern-emmen\/","title":{"rendered":"Bremsen quietschen in Luzern und Emmen \u2013 was Autofahrer wissen sollten"},"content":{"rendered":"\n<p class=\"\">Quietschende Bremsen geh\u00f6ren zu den h\u00e4ufigsten Dingen, die Autofahrer im Alltag verunsichern. Das Ger\u00e4usch ist oft sofort auff\u00e4llig, besonders beim langsamen Fahren, beim Einparken oder im Stadtverkehr. Viele stellen sich dann dieselbe Frage: Ist das nur unangenehm oder steckt ein echtes Problem dahinter?<\/p>\n\n\n\n<p class=\"\">Die Antwort ist nicht immer eindeutig. In manchen F\u00e4llen ist ein leichtes Quietschen harmlos und h\u00e4ngt mit Feuchtigkeit, Staub oder bestimmten Materialeigenschaften zusammen. In anderen F\u00e4llen kann das Ger\u00e4usch aber ein Hinweis auf Verschleiss, ungleichm\u00e4ssige Abnutzung oder einen bevorstehenden Reparaturbedarf sein. Genau deshalb sollte man quietschende Bremsen nicht einfach dauerhaft ignorieren.<\/p>\n\n\n\n<p class=\"\">In diesem Beitrag erfahren Sie, welche Ursachen hinter dem Thema <strong>Bremsen quietschen Luzern Emmen<\/strong> stecken k\u00f6nnen, wann eine Kontrolle sinnvoll ist und worauf Sie im Alltag achten sollten. Wenn Sie sich allgemein f\u00fcr weitere Fahrzeugthemen interessieren, finden Sie auf unserer <a href=\"https:\/\/nisacar.ch\/blog\/\">Blog-\u00dcbersicht<\/a> weitere hilfreiche Beitr\u00e4ge.<\/p>\n\n\n\n<h2 class=\"wp-block-heading\">Warum Bremsen \u00fcberhaupt quietschen k\u00f6nnen<\/h2>\n\n\n\n<p class=\"\">Bremsen arbeiten durch Reibung. Genau diese Reibung sorgt daf\u00fcr, dass Ihr Fahrzeug verlangsamt und sicher zum Stillstand kommt. Dabei treffen Bremsbel\u00e4ge und Bremsscheiben mit Druck aufeinander. Unter bestimmten Umst\u00e4nden entstehen dabei Schwingungen, die als Quietschen h\u00f6rbar werden.<\/p>\n\n\n\n<p class=\"\">Das bedeutet: Das Ger\u00e4usch selbst ist zun\u00e4chst einmal ein akustisches Signal, nicht automatisch ein Beweis f\u00fcr einen schweren Defekt. Trotzdem sollte man das Quietschen ernst nehmen, weil es je nach Ursache auf verschiedene Zust\u00e4nde des Bremssystems hindeuten kann.<\/p>\n\n\n\n<p class=\"\">Gerade im Alltag in Luzern, Emmen und Umgebung, mit h\u00e4ufigem Stop-and-go-Verkehr, kurzen Strecken und wechselnden Wetterbedingungen, werden Bremsen regelm\u00e4ssig stark beansprucht. Deshalb ist es normal, dass sich mit der Zeit Ver\u00e4nderungen im Bremsverhalten oder bei den Ger\u00e4uschen bemerkbar machen.<\/p>\n\n\n\n<h2 class=\"wp-block-heading\">H\u00e4ufige Ursachen f\u00fcr quietschende Bremsen<\/h2>\n\n\n\n<p class=\"\">Es gibt nicht nur einen einzigen Grund, warum Bremsen Ger\u00e4usche machen. Oft kommen mehrere Faktoren zusammen. Einige Ursachen sind eher harmlos, andere sollten m\u00f6glichst zeitnah \u00fcberpr\u00fcft werden.<\/p>\n\n\n\n<h3 class=\"wp-block-heading\">Feuchtigkeit und Witterung<\/h3>\n\n\n\n<p class=\"\">Nach Regen, Waschanlagen oder feuchten N\u00e4chten kann sich auf den Bremsscheiben kurzfristig ein leichter Belag bilden. Beim ersten Bremsen kann das zu ungewohnten Ger\u00e4uschen f\u00fchren. Dieses Quietschen verschwindet oft wieder nach kurzer Fahrt, sobald die Bremse trocken und freigebremst ist.<\/p>\n\n\n\n<h3 class=\"wp-block-heading\">Staub und Schmutz<\/h3>\n\n\n\n<p class=\"\">Auch Bremsstaub, feine Partikel oder Schmutz k\u00f6nnen dazu beitragen, dass Bremsen akustisch auff\u00e4llig werden. Besonders bei Fahrzeugen, die h\u00e4ufig im Stadtverkehr oder auf staubigen Strassen unterwegs sind, kann dies eine Rolle spielen.<\/p>\n\n\n\n<h3 class=\"wp-block-heading\">Verschlissene Bremsbel\u00e4ge<\/h3>\n\n\n\n<p class=\"\">Eine sehr h\u00e4ufige Ursache sind abgenutzte Bremsbel\u00e4ge. Wenn das Material der Bel\u00e4ge stark reduziert ist, kann sich das nicht nur beim Bremsgef\u00fchl, sondern auch akustisch bemerkbar machen. Dann ist eine Kontrolle besonders wichtig.<\/p>\n\n\n\n<h3 class=\"wp-block-heading\">Unregelm\u00e4ssige Abnutzung<\/h3>\n\n\n\n<p class=\"\">Wenn Bremsbel\u00e4ge oder Bremsscheiben nicht gleichm\u00e4ssig abgenutzt sind, kann das zu Vibrationen und Quietschger\u00e4uschen f\u00fchren. Das ist oft ein Hinweis darauf, dass das Bremssystem genauer angeschaut werden sollte.<\/p>\n\n\n\n<h3 class=\"wp-block-heading\">Materialeigenschaften<\/h3>\n\n\n\n<p class=\"\">Manche Bremsbel\u00e4ge neigen materialbedingt eher zu Ger\u00e4uschen als andere. Gerade bei bestimmten Kombinationen von Bel\u00e4gen und Scheiben kann es vorkommen, dass die Bremsleistung in Ordnung ist, aber trotzdem ein Quietschen entsteht. Auch dann lohnt sich eine fachliche Einsch\u00e4tzung.<\/p>\n\n\n\n<h2 class=\"wp-block-heading\">Wann quietschende Bremsen eher harmlos sind<\/h2>\n\n\n\n<p class=\"\">Nicht jedes Bremsger\u00e4usch bedeutet automatisch, dass sofort eine Reparatur n\u00f6tig ist. Es gibt Situationen, in denen ein kurzes oder leichtes Quietschen keine ernsthafte Gefahr darstellt.<\/p>\n\n\n\n<p class=\"\">Beispiele daf\u00fcr sind:<\/p>\n\n\n\n<ul class=\"wp-block-list\">\n<li class=\"\">leichtes Quietschen direkt nach dem Start bei feuchtem Wetter,<\/li>\n\n\n\n<li class=\"\">kurzzeitige Ger\u00e4usche nach einer Fahrzeugw\u00e4sche,<\/li>\n\n\n\n<li class=\"\">ein einmaliges Ger\u00e4usch nach l\u00e4ngerer Standzeit,<\/li>\n\n\n\n<li class=\"\">kurze akustische Auff\u00e4lligkeiten ohne Ver\u00e4nderungen beim Bremsverhalten.<\/li>\n<\/ul>\n\n\n\n<p class=\"\">Wenn das Ger\u00e4usch nur kurz auftritt und danach verschwindet, muss nicht zwingend ein gr\u00f6sseres Problem vorliegen. Trotzdem ist es sinnvoll, aufmerksam zu bleiben. Denn sobald das Quietschen regelm\u00e4ssig, lauter oder in Kombination mit anderen Auff\u00e4lligkeiten auftritt, sollte das Bremssystem gepr\u00fcft werden.<\/p>\n\n\n\n<h2 class=\"wp-block-heading\">Wann Sie das Quietschen nicht ignorieren sollten<\/h2>\n\n\n\n<p class=\"\">Es gibt klare Anzeichen daf\u00fcr, dass quietschende Bremsen nicht nur ein kleines Nebenger\u00e4usch sind. Sp\u00e4testens dann sollte das Fahrzeug kontrolliert werden, damit aus einem \u00fcberschaubaren Problem kein Sicherheitsrisiko wird.<\/p>\n\n\n\n<p class=\"\">Handlungsbedarf besteht vor allem dann, wenn:<\/p>\n\n\n\n<ul class=\"wp-block-list\">\n<li class=\"\">das Quietschen dauerhaft oder deutlich lauter wird,<\/li>\n\n\n\n<li class=\"\">das Fahrzeug beim Bremsen zieht,<\/li>\n\n\n\n<li class=\"\">Vibrationen im Pedal oder Lenkrad sp\u00fcrbar sind,<\/li>\n\n\n\n<li class=\"\">die Bremswirkung schw\u00e4cher erscheint,<\/li>\n\n\n\n<li class=\"\">zus\u00e4tzlich schleifende oder kratzende Ger\u00e4usche auftreten,<\/li>\n\n\n\n<li class=\"\">eine Warnmeldung erscheint oder der letzte Bremsenservice schon l\u00e4nger zur\u00fcckliegt.<\/li>\n<\/ul>\n\n\n\n<p class=\"\">Diese Zeichen deuten darauf hin, dass nicht nur das Ger\u00e4usch selbst, sondern die gesamte Funktion \u00fcberpr\u00fcft werden sollte. Bremsen z\u00e4hlen zu den wichtigsten sicherheitsrelevanten Komponenten eines Fahrzeugs. Deshalb ist Zur\u00fcckhaltung hier fehl am Platz.<\/p>\n\n\n\n<h2 class=\"wp-block-heading\">Warum Bremsenger\u00e4usche besonders im Alltag oft auffallen<\/h2>\n\n\n\n<p class=\"\">Viele Fahrer bemerken quietschende Bremsen besonders im Stadtverkehr. Das liegt daran, dass bei niedrigen Geschwindigkeiten und h\u00e4ufigem Bremsen Ger\u00e4usche deutlicher wahrgenommen werden. In Luzern und Emmen mit Kreisverkehren, Ampeln, dichterem Verkehr und kurzen Strecken ist das ganz typisch.<\/p>\n\n\n\n<p class=\"\">Gerade wenn ein Fahrzeug \u00fcberwiegend auf kurzen Distanzen genutzt wird, k\u00f6nnen Bremsen auch st\u00e4rker unter wechselnden Belastungen leiden. Das heisst nicht automatisch, dass etwas kaputt ist. Es bedeutet aber, dass regelm\u00e4ssige Kontrolle und Wartung umso wichtiger sind.<\/p>\n\n\n\n<p class=\"\">Wer viel f\u00e4hrt, sollte auf Ver\u00e4nderungen im Fahrgef\u00fchl achten. Wer wenig f\u00e4hrt, sollte Ger\u00e4usche ebenfalls ernst nehmen, weil Standzeiten, Feuchtigkeit und seltene Nutzung andere Auswirkungen auf das Bremssystem haben k\u00f6nnen.<\/p>\n\n\n\n<h2 class=\"wp-block-heading\">Was bei der Kontrolle der Bremsen gepr\u00fcft wird<\/h2>\n\n\n\n<p class=\"\">Wenn ein Fahrzeug wegen quietschender Bremsen kontrolliert wird, geht es nicht nur darum, das Ger\u00e4usch zu lokalisieren. Entscheidend ist der Gesamtzustand der Bremsanlage. Dabei werden verschiedene Punkte gepr\u00fcft, um die Ursache einzugrenzen.<\/p>\n\n\n\n<p class=\"\">Dazu geh\u00f6ren unter anderem:<\/p>\n\n\n\n<ul class=\"wp-block-list\">\n<li class=\"\">Zustand und St\u00e4rke der Bremsbel\u00e4ge,<\/li>\n\n\n\n<li class=\"\">Oberfl\u00e4che und Verschleissbild der Bremsscheiben,<\/li>\n\n\n\n<li class=\"\">gleichm\u00e4ssige Funktion des Bremssystems,<\/li>\n\n\n\n<li class=\"\">sichtbare Spuren von Rost, Riefen oder Hitzeeinwirkung,<\/li>\n\n\n\n<li class=\"\">allgemeiner Eindruck der beanspruchten Bauteile.<\/li>\n<\/ul>\n\n\n\n<p class=\"\">Gerade weil Ger\u00e4usche verschiedene Ursachen haben k\u00f6nnen, ist eine saubere Einsch\u00e4tzung wichtig. Wer nur auf Verdacht Teile tauscht, l\u00f6st nicht immer das eigentliche Problem. Eine fachliche Beurteilung spart oft Zeit, Kosten und unn\u00f6tige Unsicherheit.<\/p>\n\n\n\n<h2 class=\"wp-block-heading\">Wie sich Bremsverschleiss im Alltag bemerkbar machen kann<\/h2>\n\n\n\n<p class=\"\">Neben dem Quietschen gibt es weitere Anzeichen, die auf Bremsverschleiss oder ungleichm\u00e4ssige Belastung hinweisen k\u00f6nnen. Manche sind subtil, andere werden schnell deutlich.<\/p>\n\n\n\n<p class=\"\">Achten Sie zum Beispiel auf:<\/p>\n\n\n\n<ul class=\"wp-block-list\">\n<li class=\"\">verl\u00e4ngerten Bremsweg,<\/li>\n\n\n\n<li class=\"\">unruhiges Bremsverhalten,<\/li>\n\n\n\n<li class=\"\">metallische Ger\u00e4usche,<\/li>\n\n\n\n<li class=\"\">st\u00e4rkere Verschmutzung einer Felge im Vergleich zur anderen Seite,<\/li>\n\n\n\n<li class=\"\">ein ver\u00e4ndertes Pedalgef\u00fchl.<\/li>\n<\/ul>\n\n\n\n<p class=\"\">Diese Punkte m\u00fcssen nicht zwangsl\u00e4ufig zusammen auftreten. Schon einzelne Auff\u00e4lligkeiten k\u00f6nnen reichen, um eine Kontrolle sinnvoll zu machen. Besonders dann, wenn das Fahrzeug t\u00e4glich im Einsatz ist, sollte man lieber einmal zu fr\u00fch pr\u00fcfen als zu sp\u00e4t reagieren.<\/p>\n\n\n\n<h2 class=\"wp-block-heading\">Bremsen quietschen in Luzern und Emmen \u2013 warum fr\u00fches Handeln sinnvoll ist<\/h2>\n\n\n\n<p class=\"\">Viele kleine Probleme lassen sich einfacher l\u00f6sen, wenn sie fr\u00fch erkannt werden. Das gilt auch bei Bremsen. Wer ungew\u00f6hnliche Ger\u00e4usche nicht ignoriert, sondern rechtzeitig pr\u00fcfen l\u00e4sst, kann gr\u00f6sseren Verschleiss und zus\u00e4tzliche Folgekosten oft vermeiden.<\/p>\n\n\n\n<p class=\"\">Ein weiterer Punkt ist die Sicherheit. Bremsen sind keine Komfortfrage, sondern ein zentrales Element f\u00fcr Kontrolle und Schutz im Strassenverkehr. Gerade bei nasser Fahrbahn, im dichten Verkehr oder in unerwarteten Situationen muss das System zuverl\u00e4ssig funktionieren.<\/p>\n\n\n\n<p class=\"\">Deshalb lohnt es sich, bei wiederkehrendem Quietschen nicht nur abzuwarten. Eine fr\u00fchzeitige Kontrolle schafft Klarheit. Sie wissen danach, ob es sich um eine harmlose Erscheinung handelt oder ob Handlungsbedarf besteht.<\/p>\n\n\n\n<h2 class=\"wp-block-heading\">Der Zusammenhang zwischen Reifen, Bremsen und Fahrverhalten<\/h2>\n\n\n\n<p class=\"\">Bremsen arbeiten nicht isoliert. Auch Reifen, Fahrwerk und allgemeiner Fahrzeugzustand beeinflussen, wie sich ein Auto beim Verz\u00f6gern verh\u00e4lt. Deshalb sollte man bei Bremsenger\u00e4uschen immer das gesamte Fahrverhalten im Blick behalten.<\/p>\n\n\n\n<p class=\"\">Wenn Reifen ungleichm\u00e4ssig abgenutzt sind oder das Fahrzeug nicht stabil verz\u00f6gert, kann das zus\u00e4tzliche Hinweise geben. Wer sich intensiver mit diesem Bereich besch\u00e4ftigen m\u00f6chte, findet auch hier weitere Informationen: <a href=\"https:\/\/nisacar.ch\/it\/sommerreifen-oder-ganzjahresreifen-luzern\/\">Sommerreifen oder Ganzjahresreifen in Luzern \u2013 was ist die bessere Wahl?<\/a><\/p>\n\n\n\n<p class=\"\">Ebenso sinnvoll ist ein Blick auf die Bremsscheiben selbst. Mehr dazu lesen Sie in unserem Beitrag <a href=\"https:\/\/nisacar.ch\/it\/bremsscheiben-wechseln\/\">Bremsscheiben wechseln \u2013 worauf sollte man achten?<\/a>.<\/p>\n\n\n\n<h2 class=\"wp-block-heading\">Warum eine ehrliche Einsch\u00e4tzung wichtiger ist als schnelles Austauschen<\/h2>\n\n\n\n<p class=\"\">Nicht jedes quietschende Ger\u00e4usch bedeutet automatisch, dass sofort alles ersetzt werden muss. Genauso falsch w\u00e4re es aber, jedes Ger\u00e4usch als harmlos abzutun. Entscheidend ist eine ehrliche und fachlich saubere Einsch\u00e4tzung des tats\u00e4chlichen Zustands.<\/p>\n\n\n\n<p class=\"\">Genau das ist f\u00fcr viele Autofahrer wichtig: Klarheit. Sie m\u00f6chten wissen, ob sie weiterfahren k\u00f6nnen, ob bald ein Wechsel ansteht oder ob unmittelbar gehandelt werden sollte. Eine seri\u00f6se Pr\u00fcfung schafft diese Klarheit und verhindert unn\u00f6tige Spekulationen.<\/p>\n\n\n\n<p class=\"\">Bei NISA Car legen wir Wert auf transparente Beratung und nachvollziehbare Empfehlungen. Wenn etwas in Ordnung ist, sagen wir das. Wenn Handlungsbedarf besteht, zeigen wir verst\u00e4ndlich auf, warum.<\/p>\n\n\n\n<h2 class=\"wp-block-heading\">Auch beim Fahrzeugwert spielen Bremsen eine Rolle<\/h2>\n\n\n\n<p class=\"\">Ein Fahrzeug mit gepflegtem und funktionierendem Bremssystem macht nicht nur im Alltag einen besseren Eindruck. Auch beim sp\u00e4teren Verkauf spielt der technische Gesamtzustand eine wichtige Rolle. K\u00e4ufer achten zunehmend darauf, ob Wartung und Verschleissteile nachvollziehbar gepflegt wurden.<\/p>\n\n\n\n<p class=\"\">Wenn Sie Ihr Auto langfristig in gutem Zustand halten oder sp\u00e4ter verkaufen m\u00f6chten, ist regelm\u00e4ssige Aufmerksamkeit bei sicherheitsrelevanten Themen besonders sinnvoll. Zum Thema Verkauf lesen Sie auch unseren Beitrag <a href=\"https:\/\/nisacar.ch\/it\/auto-verkaufen-kriens-horw\/\">Auto verkaufen in Kriens und Horw \u2013 privat oder an einen H\u00e4ndler?<\/a>.<\/p>\n\n\n\n<h2 class=\"wp-block-heading\">Fazit: Bremsger\u00e4usche ernst nehmen, aber richtig einordnen<\/h2>\n\n\n\n<p class=\"\"><strong>Bremsen quietschen Luzern Emmen<\/strong> ist ein Thema, das viele Autofahrer betrifft. Nicht jedes Ger\u00e4usch ist sofort kritisch, aber jedes wiederkehrende oder auff\u00e4llige Bremsger\u00e4usch verdient Aufmerksamkeit. Feuchtigkeit, Staub oder Materialeigenschaften k\u00f6nnen eine Rolle spielen. Ebenso m\u00f6glich sind aber auch Verschleiss oder ungleichm\u00e4ssige Belastungen im Bremssystem.<\/p>\n\n\n\n<p class=\"\">Wer auf Nummer sicher gehen will, l\u00e4sst das Fahrzeug fr\u00fchzeitig pr\u00fcfen. Das sorgt f\u00fcr Klarheit, sch\u00fctzt vor unn\u00f6tigen Folgekosten und gibt vor allem im Alltag ein besseres Gef\u00fchl. Denn bei Bremsen sollte man lieber einmal mehr hinschauen als zu lange abwarten.<\/p>\n\n\n\n<p class=\"\">Wenn Ihre Bremsen quietschen oder Sie das Bremsverhalten Ihres Fahrzeugs pr\u00fcfen lassen m\u00f6chten, nehmen Sie gerne <a href=\"https:\/\/nisacar.ch\/kontakt\/\">Kontakt<\/a> mit uns auf. Weitere Informationen zu unseren Angeboten finden Sie auch unter <a href=\"https:\/\/nisacar.ch\/leistungen\/\">Leistungen<\/a> sowie bei unseren aktuellen <a href=\"https:\/\/nisacar.ch\/automobile\/\">Automobilen<\/a>.<\/p>\n\n\n\n<h2 class=\"wp-block-heading\">Weitere hilfreiche Artikel<\/h2>\n\n\n\n<ul class=\"wp-block-list\">\n<li class=\"\"><a href=\"https:\/\/nisacar.ch\/it\/steinschlag-reparieren-emmen-rothenburg\/\">Steinschlag reparieren in Emmen und Rothenburg \u2013 wann reicht eine Reparatur?<\/a><\/li>\n\n\n\n<li class=\"\"><a href=\"https:\/\/nisacar.ch\/it\/gebrauchtwagen-kaufen-sursee-schenkon\/\">Gebrauchtwagen kaufen in Sursee und Schenkon \u2013 worauf sollte man besonders achten?<\/a><\/li>\n\n\n\n<li class=\"\"><a href=\"https:\/\/nisacar.ch\/it\/auto-polieren-luzern-kriens\/\">Auto polieren in Luzern oder Kriens \u2013 wann lohnt sich eine professionelle Aufbereitung?<\/a><\/li>\n<\/ul>\n","protected":false},"excerpt":{"rendered":"<p>Quietschende Bremsen geh\u00f6ren zu den h\u00e4ufigsten Dingen, die Autofahrer im Alltag verunsichern. Das Ger\u00e4usch ist oft sofort auff\u00e4llig, besonders beim langsamen Fahren, beim Einparken oder im<span class=\"excerpt-hellip\"> [\u2026]<\/span><\/p>\n","protected":false},"author":2,"featured_media":2673,"comment_status":"closed","ping_status":"closed","sticky":false,"template":"","format":"standard","meta":{"_acf_changed":false,"nf_dc_page":"","_jetpack_memberships_contains_paid_content":false,"footnotes":""},"categories":[19],"tags":[89,108,34,55],"class_list":["post-2672","post","type-post","status-publish","format-standard","has-post-thumbnail","hentry","category-reifen-bremsen","tag-bremsen","tag-bremsen-quietschen","tag-bremsscheiben","tag-luzern"],"acf":[],"yoast_head":"<!-- This site is optimized with the Yoast SEO plugin v27.5 - https:\/\/yoast.com\/product\/yoast-seo-wordpress\/ -->\n<title>Bremsen quietschen in Luzern und Emmen \u2013 was Autofahrer wissen sollten<\/title>\n<meta name=\"description\" content=\"Bremsen quietschen in Luzern und Emmen: Erfahren Sie, welche Ursachen dahinterstecken, wann Handlungsbedarf besteht und warum eine fr\u00fchzeitige Kontrolle sinnvoll ist.Category: Reifen &amp; Bremsen\" \/>\n<meta name=\"robots\" content=\"index, follow, max-snippet:-1, max-image-preview:large, max-video-preview:-1\" \/>\n<link rel=\"canonical\" href=\"https:\/\/nisacar.ch\/it\/bremsen-quietschen-luzern-emmen\/\" \/>\n<meta property=\"og:locale\" content=\"it_IT\" \/>\n<meta property=\"og:type\" content=\"article\" \/>\n<meta property=\"og:title\" content=\"Bremsen quietschen in Luzern und Emmen \u2013 was Autofahrer wissen sollten\" \/>\n<meta property=\"og:description\" content=\"Bremsen quietschen in Luzern und Emmen: Erfahren Sie, welche Ursachen dahinterstecken, wann Handlungsbedarf besteht und warum eine fr\u00fchzeitige Kontrolle sinnvoll ist.Category: Reifen &amp; Bremsen\" \/>\n<meta property=\"og:url\" content=\"https:\/\/nisacar.ch\/it\/bremsen-quietschen-luzern-emmen\/\" \/>\n<meta property=\"og:site_name\" content=\"NISA Car\" \/>\n<meta property=\"article:publisher\" content=\"https:\/\/www.facebook.com\/nisacar.ch1\" \/>\n<meta property=\"article:published_time\" content=\"2026-03-18T16:48:09+00:00\" \/>\n<meta property=\"og:image\" content=\"https:\/\/i0.wp.com\/nisacar.ch\/wp-content\/uploads\/2026\/03\/Bremsen-quietschen-Luzern-Emmen-Reifen-Bremsen-Tags-Bremsen-Bremsen-quietschen-Bremsscheiben-Luzern-Emmen.jpg?fit=1200%2C850&ssl=1\" \/>\n\t<meta property=\"og:image:width\" content=\"1200\" \/>\n\t<meta property=\"og:image:height\" content=\"850\" \/>\n\t<meta property=\"og:image:type\" content=\"image\/jpeg\" \/>\n<meta name=\"author\" content=\"Bojan Atanasov\" \/>\n<meta name=\"twitter:card\" content=\"summary_large_image\" \/>\n<meta name=\"twitter:label1\" content=\"Scritto da\" \/>\n\t<meta name=\"twitter:data1\" content=\"Bojan Atanasov\" \/>\n\t<meta name=\"twitter:label2\" content=\"Tempo di lettura stimato\" \/>\n\t<meta name=\"twitter:data2\" content=\"8 minuti\" \/>\n<script type=\"application\/ld+json\" class=\"yoast-schema-graph\">{\"@context\":\"https:\\\/\\\/schema.org\",\"@graph\":[{\"@type\":\"Article\",\"@id\":\"https:\\\/\\\/nisacar.ch\\\/it\\\/bremsen-quietschen-luzern-emmen\\\/#article\",\"isPartOf\":{\"@id\":\"https:\\\/\\\/nisacar.ch\\\/it\\\/bremsen-quietschen-luzern-emmen\\\/\"},\"author\":{\"name\":\"Bojan Atanasov\",\"@id\":\"https:\\\/\\\/nisacar.ch\\\/it\\\/#\\\/schema\\\/person\\\/d92360346fc54e6f3ccb5f67baa14403\"},\"headline\":\"Bremsen quietschen in Luzern und Emmen \u2013 was Autofahrer wissen sollten\",\"datePublished\":\"2026-03-18T16:48:09+00:00\",\"mainEntityOfPage\":{\"@id\":\"https:\\\/\\\/nisacar.ch\\\/it\\\/bremsen-quietschen-luzern-emmen\\\/\"},\"wordCount\":1740,\"publisher\":{\"@id\":\"https:\\\/\\\/nisacar.ch\\\/it\\\/#organization\"},\"image\":{\"@id\":\"https:\\\/\\\/nisacar.ch\\\/it\\\/bremsen-quietschen-luzern-emmen\\\/#primaryimage\"},\"thumbnailUrl\":\"https:\\\/\\\/i0.wp.com\\\/nisacar.ch\\\/wp-content\\\/uploads\\\/2026\\\/03\\\/Bremsen-quietschen-Luzern-Emmen-Reifen-Bremsen-Tags-Bremsen-Bremsen-quietschen-Bremsscheiben-Luzern-Emmen.jpg?fit=1200%2C850&ssl=1\",\"keywords\":[\"Bremsen\",\"Bremsen quietschen\",\"Bremsscheiben\",\"Luzern\"],\"articleSection\":[\"Reifen &amp; Bremsen\"],\"inLanguage\":\"it-IT\"},{\"@type\":\"WebPage\",\"@id\":\"https:\\\/\\\/nisacar.ch\\\/it\\\/bremsen-quietschen-luzern-emmen\\\/\",\"url\":\"https:\\\/\\\/nisacar.ch\\\/it\\\/bremsen-quietschen-luzern-emmen\\\/\",\"name\":\"Bremsen quietschen in Luzern und Emmen \u2013 was Autofahrer wissen sollten\",\"isPartOf\":{\"@id\":\"https:\\\/\\\/nisacar.ch\\\/it\\\/#website\"},\"primaryImageOfPage\":{\"@id\":\"https:\\\/\\\/nisacar.ch\\\/it\\\/bremsen-quietschen-luzern-emmen\\\/#primaryimage\"},\"image\":{\"@id\":\"https:\\\/\\\/nisacar.ch\\\/it\\\/bremsen-quietschen-luzern-emmen\\\/#primaryimage\"},\"thumbnailUrl\":\"https:\\\/\\\/i0.wp.com\\\/nisacar.ch\\\/wp-content\\\/uploads\\\/2026\\\/03\\\/Bremsen-quietschen-Luzern-Emmen-Reifen-Bremsen-Tags-Bremsen-Bremsen-quietschen-Bremsscheiben-Luzern-Emmen.jpg?fit=1200%2C850&ssl=1\",\"datePublished\":\"2026-03-18T16:48:09+00:00\",\"description\":\"Bremsen quietschen in Luzern und Emmen: Erfahren Sie, welche Ursachen dahinterstecken, wann Handlungsbedarf besteht und warum eine fr\u00fchzeitige Kontrolle sinnvoll ist.Category: Reifen & Bremsen\",\"breadcrumb\":{\"@id\":\"https:\\\/\\\/nisacar.ch\\\/it\\\/bremsen-quietschen-luzern-emmen\\\/#breadcrumb\"},\"inLanguage\":\"it-IT\",\"potentialAction\":[{\"@type\":\"ReadAction\",\"target\":[\"https:\\\/\\\/nisacar.ch\\\/it\\\/bremsen-quietschen-luzern-emmen\\\/\"]}]},{\"@type\":\"ImageObject\",\"inLanguage\":\"it-IT\",\"@id\":\"https:\\\/\\\/nisacar.ch\\\/it\\\/bremsen-quietschen-luzern-emmen\\\/#primaryimage\",\"url\":\"https:\\\/\\\/i0.wp.com\\\/nisacar.ch\\\/wp-content\\\/uploads\\\/2026\\\/03\\\/Bremsen-quietschen-Luzern-Emmen-Reifen-Bremsen-Tags-Bremsen-Bremsen-quietschen-Bremsscheiben-Luzern-Emmen.jpg?fit=1200%2C850&ssl=1\",\"contentUrl\":\"https:\\\/\\\/i0.wp.com\\\/nisacar.ch\\\/wp-content\\\/uploads\\\/2026\\\/03\\\/Bremsen-quietschen-Luzern-Emmen-Reifen-Bremsen-Tags-Bremsen-Bremsen-quietschen-Bremsscheiben-Luzern-Emmen.jpg?fit=1200%2C850&ssl=1\",\"width\":1200,\"height\":850,\"caption\":\"Bremsen quietschen Luzern Emmen Reifen & Bremsen Tags Bremsen, Bremsen quietschen, Bremsscheiben, Luzern, Emmen\"},{\"@type\":\"BreadcrumbList\",\"@id\":\"https:\\\/\\\/nisacar.ch\\\/it\\\/bremsen-quietschen-luzern-emmen\\\/#breadcrumb\",\"itemListElement\":[{\"@type\":\"ListItem\",\"position\":1,\"name\":\"Home\",\"item\":\"https:\\\/\\\/nisacar.ch\\\/it\\\/\"},{\"@type\":\"ListItem\",\"position\":2,\"name\":\"Bremsen quietschen in Luzern und Emmen \u2013 was Autofahrer wissen sollten\"}]},{\"@type\":\"WebSite\",\"@id\":\"https:\\\/\\\/nisacar.ch\\\/it\\\/#website\",\"url\":\"https:\\\/\\\/nisacar.ch\\\/it\\\/\",\"name\":\"NISA Car\",\"description\":\"Perfekte Pflege. Faire Preise. Schweizer Qualit\u00e4t.\",\"publisher\":{\"@id\":\"https:\\\/\\\/nisacar.ch\\\/it\\\/#organization\"},\"potentialAction\":[{\"@type\":\"SearchAction\",\"target\":{\"@type\":\"EntryPoint\",\"urlTemplate\":\"https:\\\/\\\/nisacar.ch\\\/it\\\/?s={search_term_string}\"},\"query-input\":{\"@type\":\"PropertyValueSpecification\",\"valueRequired\":true,\"valueName\":\"search_term_string\"}}],\"inLanguage\":\"it-IT\"},{\"@type\":\"Organization\",\"@id\":\"https:\\\/\\\/nisacar.ch\\\/it\\\/#organization\",\"name\":\"NISA Car Angelov\",\"url\":\"https:\\\/\\\/nisacar.ch\\\/it\\\/\",\"logo\":{\"@type\":\"ImageObject\",\"inLanguage\":\"it-IT\",\"@id\":\"https:\\\/\\\/nisacar.ch\\\/it\\\/#\\\/schema\\\/logo\\\/image\\\/\",\"url\":\"https:\\\/\\\/i0.wp.com\\\/nisacar.ch\\\/wp-content\\\/uploads\\\/2025\\\/10\\\/cropped-za_autoscout-removebg-preview-Copy.png?fit=420%2C150&ssl=1\",\"contentUrl\":\"https:\\\/\\\/i0.wp.com\\\/nisacar.ch\\\/wp-content\\\/uploads\\\/2025\\\/10\\\/cropped-za_autoscout-removebg-preview-Copy.png?fit=420%2C150&ssl=1\",\"width\":420,\"height\":150,\"caption\":\"NISA Car Angelov\"},\"image\":{\"@id\":\"https:\\\/\\\/nisacar.ch\\\/it\\\/#\\\/schema\\\/logo\\\/image\\\/\"},\"sameAs\":[\"https:\\\/\\\/www.facebook.com\\\/nisacar.ch1\",\"https:\\\/\\\/www.instagram.com\\\/nisacar_ch\\\/\"]},{\"@type\":\"Person\",\"@id\":\"https:\\\/\\\/nisacar.ch\\\/it\\\/#\\\/schema\\\/person\\\/d92360346fc54e6f3ccb5f67baa14403\",\"name\":\"Bojan Atanasov\",\"image\":{\"@type\":\"ImageObject\",\"inLanguage\":\"it-IT\",\"@id\":\"https:\\\/\\\/secure.gravatar.com\\\/avatar\\\/2bed02e9a515199a35221b37b3e7871dfba34ba0309d41356bb19e8e3795914d?s=96&d=mm&r=g\",\"url\":\"https:\\\/\\\/secure.gravatar.com\\\/avatar\\\/2bed02e9a515199a35221b37b3e7871dfba34ba0309d41356bb19e8e3795914d?s=96&d=mm&r=g\",\"contentUrl\":\"https:\\\/\\\/secure.gravatar.com\\\/avatar\\\/2bed02e9a515199a35221b37b3e7871dfba34ba0309d41356bb19e8e3795914d?s=96&d=mm&r=g\",\"caption\":\"Bojan Atanasov\"},\"sameAs\":[\"https:\\\/\\\/lumovo.ch\"],\"url\":\"https:\\\/\\\/nisacar.ch\\\/it\\\/author\\\/atanasov1995\\\/\"}]}<\/script>\n<!-- \/ Yoast SEO plugin. -->","yoast_head_json":{"title":"Bremsen quietschen in Luzern und Emmen \u2013 was Autofahrer wissen sollten","description":"Bremsen quietschen in Luzern und Emmen: Erfahren Sie, welche Ursachen dahinterstecken, wann Handlungsbedarf besteht und warum eine fr\u00fchzeitige Kontrolle sinnvoll ist.Category: Reifen & Bremsen","robots":{"index":"index","follow":"follow","max-snippet":"max-snippet:-1","max-image-preview":"max-image-preview:large","max-video-preview":"max-video-preview:-1"},"canonical":"https:\/\/nisacar.ch\/it\/bremsen-quietschen-luzern-emmen\/","og_locale":"it_IT","og_type":"article","og_title":"Bremsen quietschen in Luzern und Emmen \u2013 was Autofahrer wissen sollten","og_description":"Bremsen quietschen in Luzern und Emmen: Erfahren Sie, welche Ursachen dahinterstecken, wann Handlungsbedarf besteht und warum eine fr\u00fchzeitige Kontrolle sinnvoll ist.Category: Reifen & Bremsen","og_url":"https:\/\/nisacar.ch\/it\/bremsen-quietschen-luzern-emmen\/","og_site_name":"NISA Car","article_publisher":"https:\/\/www.facebook.com\/nisacar.ch1","article_published_time":"2026-03-18T16:48:09+00:00","og_image":[{"width":1200,"height":850,"url":"https:\/\/i0.wp.com\/nisacar.ch\/wp-content\/uploads\/2026\/03\/Bremsen-quietschen-Luzern-Emmen-Reifen-Bremsen-Tags-Bremsen-Bremsen-quietschen-Bremsscheiben-Luzern-Emmen.jpg?fit=1200%2C850&ssl=1","type":"image\/jpeg"}],"author":"Bojan Atanasov","twitter_card":"summary_large_image","twitter_misc":{"Scritto da":"Bojan Atanasov","Tempo di lettura stimato":"8 minuti"},"schema":{"@context":"https:\/\/schema.org","@graph":[{"@type":"Article","@id":"https:\/\/nisacar.ch\/it\/bremsen-quietschen-luzern-emmen\/#article","isPartOf":{"@id":"https:\/\/nisacar.ch\/it\/bremsen-quietschen-luzern-emmen\/"},"author":{"name":"Bojan Atanasov","@id":"https:\/\/nisacar.ch\/it\/#\/schema\/person\/d92360346fc54e6f3ccb5f67baa14403"},"headline":"Bremsen quietschen in Luzern und Emmen \u2013 was Autofahrer wissen sollten","datePublished":"2026-03-18T16:48:09+00:00","mainEntityOfPage":{"@id":"https:\/\/nisacar.ch\/it\/bremsen-quietschen-luzern-emmen\/"},"wordCount":1740,"publisher":{"@id":"https:\/\/nisacar.ch\/it\/#organization"},"image":{"@id":"https:\/\/nisacar.ch\/it\/bremsen-quietschen-luzern-emmen\/#primaryimage"},"thumbnailUrl":"https:\/\/i0.wp.com\/nisacar.ch\/wp-content\/uploads\/2026\/03\/Bremsen-quietschen-Luzern-Emmen-Reifen-Bremsen-Tags-Bremsen-Bremsen-quietschen-Bremsscheiben-Luzern-Emmen.jpg?fit=1200%2C850&ssl=1","keywords":["Bremsen","Bremsen quietschen","Bremsscheiben","Luzern"],"articleSection":["Reifen &amp; Bremsen"],"inLanguage":"it-IT"},{"@type":"WebPage","@id":"https:\/\/nisacar.ch\/it\/bremsen-quietschen-luzern-emmen\/","url":"https:\/\/nisacar.ch\/it\/bremsen-quietschen-luzern-emmen\/","name":"Bremsen quietschen in Luzern und Emmen \u2013 was Autofahrer wissen sollten","isPartOf":{"@id":"https:\/\/nisacar.ch\/it\/#website"},"primaryImageOfPage":{"@id":"https:\/\/nisacar.ch\/it\/bremsen-quietschen-luzern-emmen\/#primaryimage"},"image":{"@id":"https:\/\/nisacar.ch\/it\/bremsen-quietschen-luzern-emmen\/#primaryimage"},"thumbnailUrl":"https:\/\/i0.wp.com\/nisacar.ch\/wp-content\/uploads\/2026\/03\/Bremsen-quietschen-Luzern-Emmen-Reifen-Bremsen-Tags-Bremsen-Bremsen-quietschen-Bremsscheiben-Luzern-Emmen.jpg?fit=1200%2C850&ssl=1","datePublished":"2026-03-18T16:48:09+00:00","description":"Bremsen quietschen in Luzern und Emmen: Erfahren Sie, welche Ursachen dahinterstecken, wann Handlungsbedarf besteht und warum eine fr\u00fchzeitige Kontrolle sinnvoll ist.Category: Reifen & Bremsen","breadcrumb":{"@id":"https:\/\/nisacar.ch\/it\/bremsen-quietschen-luzern-emmen\/#breadcrumb"},"inLanguage":"it-IT","potentialAction":[{"@type":"ReadAction","target":["https:\/\/nisacar.ch\/it\/bremsen-quietschen-luzern-emmen\/"]}]},{"@type":"ImageObject","inLanguage":"it-IT","@id":"https:\/\/nisacar.ch\/it\/bremsen-quietschen-luzern-emmen\/#primaryimage","url":"https:\/\/i0.wp.com\/nisacar.ch\/wp-content\/uploads\/2026\/03\/Bremsen-quietschen-Luzern-Emmen-Reifen-Bremsen-Tags-Bremsen-Bremsen-quietschen-Bremsscheiben-Luzern-Emmen.jpg?fit=1200%2C850&ssl=1","contentUrl":"https:\/\/i0.wp.com\/nisacar.ch\/wp-content\/uploads\/2026\/03\/Bremsen-quietschen-Luzern-Emmen-Reifen-Bremsen-Tags-Bremsen-Bremsen-quietschen-Bremsscheiben-Luzern-Emmen.jpg?fit=1200%2C850&ssl=1","width":1200,"height":850,"caption":"Bremsen quietschen Luzern Emmen Reifen & Bremsen Tags Bremsen, Bremsen quietschen, Bremsscheiben, Luzern, Emmen"},{"@type":"BreadcrumbList","@id":"https:\/\/nisacar.ch\/it\/bremsen-quietschen-luzern-emmen\/#breadcrumb","itemListElement":[{"@type":"ListItem","position":1,"name":"Home","item":"https:\/\/nisacar.ch\/it\/"},{"@type":"ListItem","position":2,"name":"Bremsen quietschen in Luzern und Emmen \u2013 was Autofahrer wissen sollten"}]},{"@type":"WebSite","@id":"https:\/\/nisacar.ch\/it\/#website","url":"https:\/\/nisacar.ch\/it\/","name":"NISA Car","description":"Perfekte Pflege. Faire Preise. Schweizer Qualit\u00e4t.","publisher":{"@id":"https:\/\/nisacar.ch\/it\/#organization"},"potentialAction":[{"@type":"SearchAction","target":{"@type":"EntryPoint","urlTemplate":"https:\/\/nisacar.ch\/it\/?s={search_term_string}"},"query-input":{"@type":"PropertyValueSpecification","valueRequired":true,"valueName":"search_term_string"}}],"inLanguage":"it-IT"},{"@type":"Organization","@id":"https:\/\/nisacar.ch\/it\/#organization","name":"NISA Car Angelov","url":"https:\/\/nisacar.ch\/it\/","logo":{"@type":"ImageObject","inLanguage":"it-IT","@id":"https:\/\/nisacar.ch\/it\/#\/schema\/logo\/image\/","url":"https:\/\/i0.wp.com\/nisacar.ch\/wp-content\/uploads\/2025\/10\/cropped-za_autoscout-removebg-preview-Copy.png?fit=420%2C150&ssl=1","contentUrl":"https:\/\/i0.wp.com\/nisacar.ch\/wp-content\/uploads\/2025\/10\/cropped-za_autoscout-removebg-preview-Copy.png?fit=420%2C150&ssl=1","width":420,"height":150,"caption":"NISA Car Angelov"},"image":{"@id":"https:\/\/nisacar.ch\/it\/#\/schema\/logo\/image\/"},"sameAs":["https:\/\/www.facebook.com\/nisacar.ch1","https:\/\/www.instagram.com\/nisacar_ch\/"]},{"@type":"Person","@id":"https:\/\/nisacar.ch\/it\/#\/schema\/person\/d92360346fc54e6f3ccb5f67baa14403","name":"Bojan Atanasov","image":{"@type":"ImageObject","inLanguage":"it-IT","@id":"https:\/\/secure.gravatar.com\/avatar\/2bed02e9a515199a35221b37b3e7871dfba34ba0309d41356bb19e8e3795914d?s=96&d=mm&r=g","url":"https:\/\/secure.gravatar.com\/avatar\/2bed02e9a515199a35221b37b3e7871dfba34ba0309d41356bb19e8e3795914d?s=96&d=mm&r=g","contentUrl":"https:\/\/secure.gravatar.com\/avatar\/2bed02e9a515199a35221b37b3e7871dfba34ba0309d41356bb19e8e3795914d?s=96&d=mm&r=g","caption":"Bojan Atanasov"},"sameAs":["https:\/\/lumovo.ch"],"url":"https:\/\/nisacar.ch\/it\/author\/atanasov1995\/"}]}},"jetpack_featured_media_url":"https:\/\/i0.wp.com\/nisacar.ch\/wp-content\/uploads\/2026\/03\/Bremsen-quietschen-Luzern-Emmen-Reifen-Bremsen-Tags-Bremsen-Bremsen-quietschen-Bremsscheiben-Luzern-Emmen.jpg?fit=1200%2C850&ssl=1","jetpack_sharing_enabled":true,"_links":{"self":[{"href":"https:\/\/nisacar.ch\/it\/wp-json\/wp\/v2\/posts\/2672","targetHints":{"allow":["GET"]}}],"collection":[{"href":"https:\/\/nisacar.ch\/it\/wp-json\/wp\/v2\/posts"}],"about":[{"href":"https:\/\/nisacar.ch\/it\/wp-json\/wp\/v2\/types\/post"}],"author":[{"embeddable":true,"href":"https:\/\/nisacar.ch\/it\/wp-json\/wp\/v2\/users\/2"}],"replies":[{"embeddable":true,"href":"https:\/\/nisacar.ch\/it\/wp-json\/wp\/v2\/comments?post=2672"}],"version-history":[{"count":5,"href":"https:\/\/nisacar.ch\/it\/wp-json\/wp\/v2\/posts\/2672\/revisions"}],"predecessor-version":[{"id":2820,"href":"https:\/\/nisacar.ch\/it\/wp-json\/wp\/v2\/posts\/2672\/revisions\/2820"}],"wp:featuredmedia":[{"embeddable":true,"href":"https:\/\/nisacar.ch\/it\/wp-json\/wp\/v2\/media\/2673"}],"wp:attachment":[{"href":"https:\/\/nisacar.ch\/it\/wp-json\/wp\/v2\/media?parent=2672"}],"wp:term":[{"taxonomy":"category","embeddable":true,"href":"https:\/\/nisacar.ch\/it\/wp-json\/wp\/v2\/categories?post=2672"},{"taxonomy":"post_tag","embeddable":true,"href":"https:\/\/nisacar.ch\/it\/wp-json\/wp\/v2\/tags?post=2672"}],"curies":[{"name":"wp","href":"https:\/\/api.w.org\/{rel}","templated":true}]}}