{"id":2641,"date":"2026-03-09T14:43:21","date_gmt":"2026-03-09T13:43:21","guid":{"rendered":"https:\/\/nisacar.ch\/?p=2641"},"modified":"2026-03-09T14:43:26","modified_gmt":"2026-03-09T13:43:26","slug":"auto-innenreinigung-luzern","status":"publish","type":"post","link":"https:\/\/nisacar.ch\/it\/auto-innenreinigung-luzern\/","title":{"rendered":"Auto Innenreinigung Luzern \u2013 Was geh\u00f6rt dazu?"},"content":{"rendered":"\n<p class=\"\">Der Innenraum eines Autos wird t\u00e4glich stark beansprucht. Staub, Schmutz, Essensreste und Feuchtigkeit sammeln sich mit der Zeit im Fahrzeug. Eine gr\u00fcndliche Innenreinigung sorgt nicht nur f\u00fcr ein angenehmes Fahrerlebnis, sondern tr\u00e4gt auch zum Werterhalt des Autos bei.<\/p>\n\n\n\n<p class=\"\">Viele Autofahrer in der Region Luzern entscheiden sich daher regelm\u00e4\u00dfig f\u00fcr eine professionelle Innenreinigung.<\/p>\n\n\n\n<h2 class=\"wp-block-heading\">Warum ist eine Innenreinigung wichtig?<\/h2>\n\n\n\n<p class=\"\">Ein sauberer Innenraum sorgt nicht nur f\u00fcr mehr Komfort, sondern auch f\u00fcr bessere Hygiene im Fahrzeug. Besonders Teppiche, Sitze und L\u00fcftungsschlitze sammeln im Alltag viele Verschmutzungen.<\/p>\n\n\n\n<p class=\"\">Eine professionelle <a href=\"https:\/\/nisacar.ch\/leistungen\/autoaufbereitung-detailing\/\">Autoaufbereitung &amp; Detailing<\/a> umfasst in der Regel auch eine gr\u00fcndliche Innenreinigung.<\/p>\n\n\n\n<h2 class=\"wp-block-heading\">Welche Bereiche werden gereinigt?<\/h2>\n\n\n\n<p class=\"\">Bei einer professionellen Innenreinigung werden mehrere Bereiche des Fahrzeugs gr\u00fcndlich gereinigt.<\/p>\n\n\n\n<ul class=\"wp-block-list\">\n<li class=\"\">Sitze und Polster<\/li>\n\n\n\n<li class=\"\">Teppiche und Fu\u00dfmatten<\/li>\n\n\n\n<li class=\"\">Armaturenbrett und Kunststofffl\u00e4chen<\/li>\n\n\n\n<li class=\"\">L\u00fcftungsschlitze<\/li>\n\n\n\n<li class=\"\">Kofferraum<\/li>\n<\/ul>\n\n\n\n<p class=\"\">Durch eine gr\u00fcndliche Reinigung wirkt der Innenraum wieder gepflegt und angenehm.<\/p>\n\n\n\n<h2 class=\"wp-block-heading\">Innenreinigung vor dem Fahrzeugverkauf<\/h2>\n\n\n\n<p class=\"\">Eine gr\u00fcndliche Innenreinigung kann besonders vor dem Verkauf eines Autos sinnvoll sein. Ein sauberer Innenraum hinterl\u00e4sst bei potenziellen K\u00e4ufern einen deutlich besseren Eindruck.<\/p>\n\n\n\n<p class=\"\">Mehr Tipps dazu finden Sie auch in unserem Artikel \u00fcber <a href=\"https:\/\/nisacar.ch\/it\/auto-verkaufen-sursee-luzern\/\">Auto verkaufen Sursee &amp; Luzern<\/a>.<\/p>\n\n\n\n<h2 class=\"wp-block-heading\">Wie oft sollte eine Innenreinigung durchgef\u00fchrt werden?<\/h2>\n\n\n\n<p class=\"\">Wie h\u00e4ufig eine Innenreinigung notwendig ist, h\u00e4ngt stark von der Nutzung des Fahrzeugs ab. Fahrzeuge, die t\u00e4glich genutzt werden oder Kinder transportieren, ben\u00f6tigen h\u00e4ufigere Reinigung.<\/p>\n\n\n\n<p class=\"\">Viele Fahrzeughalter entscheiden sich f\u00fcr eine gr\u00fcndliche Innenreinigung ein- bis zweimal pro Jahr.<\/p>\n\n\n\n<h2 class=\"wp-block-heading\">Weitere wichtige Fahrzeugservices<\/h2>\n\n\n\n<p class=\"\">Neben der Fahrzeugpflege sollten auch technische Komponenten regelm\u00e4\u00dfig \u00fcberpr\u00fcft werden.<\/p>\n\n\n\n<p class=\"\">Ein <a href=\"https:\/\/nisacar.ch\/leistungen\/reifen-bremsenservice\/\">Reifen- &amp; Bremsenservice<\/a> sorgt daf\u00fcr, dass Ihr Fahrzeug sicher unterwegs ist.<\/p>\n\n\n\n<p class=\"\">Auch ein <a href=\"https:\/\/nisacar.ch\/leistungen\/scheibenservice\/\">Scheibenservice<\/a> kann Sch\u00e4den an der Windschutzscheibe fr\u00fchzeitig erkennen.<\/p>\n\n\n\n<h2 class=\"wp-block-heading\">Auto Innenreinigung in der Region Luzern<\/h2>\n\n\n\n<p class=\"\">NISA Car befindet sich in Schenkon und betreut Kunden aus Luzern, Sursee, Sempach und der gesamten Region.<\/p>\n\n\n\n<p class=\"\">Das Team bietet professionelle Fahrzeugpflege sowie umfassende Dienstleistungen rund ums Auto.<\/p>\n\n\n\n<p class=\"\">Wenn Sie au\u00dferdem ein Fahrzeug suchen, k\u00f6nnen Sie sich die aktuellen <a href=\"https:\/\/nisacar.ch\/automobile\/\">Occasion Fahrzeuge<\/a> ansehen.<\/p>\n\n\n\n<p class=\"\">F\u00fcr eine Terminvereinbarung k\u00f6nnen Sie jederzeit <a href=\"https:\/\/nisacar.ch\/kontakt\/\">Kontakt aufnehmen<\/a>.<\/p>\n\n\n\n<p class=\"\">Mehr \u00fcber das Unternehmen erfahren Sie auf der Seite <a href=\"https:\/\/nisacar.ch\/uber-uns\/\">\u00dcber uns<\/a>.<\/p>\n\n\n\n<h3 class=\"wp-block-heading\">Weitere hilfreiche Artikel<\/h3>\n\n\n\n<ul class=\"wp-block-list\">\n<li class=\"\"><a href=\"https:\/\/nisacar.ch\/it\/auto-polieren-luzern\/\">Auto polieren Luzern \u2013 Glanz f\u00fcr Ihren Lack<\/a><\/li>\n\n\n\n<li class=\"\"><a href=\"https:\/\/nisacar.ch\/it\/fahrzeugaufbereitung-vor-verkauf\/\">Fahrzeugaufbereitung vor Verkauf<\/a><\/li>\n\n\n\n<li class=\"\"><a href=\"https:\/\/nisacar.ch\/it\/occasion-auto-sursee-luzern\/\">Occasion Auto Sursee &amp; Luzern<\/a><\/li>\n<\/ul>\n\n\n\n<hr class=\"wp-block-separator has-alpha-channel-opacity\"\/>\n\n\n\n<p class=\"\"><strong>Kategorie:<\/strong> Autoaufbereitung<\/p>\n\n\n\n<p class=\"\"><strong>Tags:<\/strong> Auto Innenreinigung, Fahrzeugpflege, Autoaufbereitung, Detailing, Luzern<\/p>\n","protected":false},"excerpt":{"rendered":"<p>Der Innenraum eines Autos wird t\u00e4glich stark beansprucht. Staub, Schmutz, Essensreste und Feuchtigkeit sammeln sich mit der Zeit im Fahrzeug. Eine gr\u00fcndliche Innenreinigung sorgt nicht nur<span class=\"excerpt-hellip\"> [\u2026]<\/span><\/p>\n","protected":false},"author":2,"featured_media":2642,"comment_status":"closed","ping_status":"closed","sticky":false,"template":"","format":"standard","meta":{"_acf_changed":false,"nf_dc_page":"","_jetpack_memberships_contains_paid_content":false,"footnotes":""},"categories":[20],"tags":[35,71,41,55],"class_list":["post-2641","post","type-post","status-publish","format-standard","has-post-thumbnail","hentry","category-autoaufbereitung","tag-autoaufbereitung","tag-detailing","tag-fahrzeugpflege","tag-luzern"],"acf":[],"yoast_head":"<!-- This site is optimized with the Yoast SEO plugin v27.5 - https:\/\/yoast.com\/product\/yoast-seo-wordpress\/ -->\n<title>Auto Innenreinigung Luzern \u2013 Was geh\u00f6rt dazu?<\/title>\n<meta name=\"description\" content=\"Auto Innenreinigung Luzern: Welche Schritte bei einer professionellen Innenreinigung durchgef\u00fchrt werden und warum sie sinnvoll ist.\" \/>\n<meta name=\"robots\" content=\"index, follow, max-snippet:-1, max-image-preview:large, max-video-preview:-1\" \/>\n<link rel=\"canonical\" href=\"https:\/\/nisacar.ch\/it\/auto-innenreinigung-luzern\/\" \/>\n<meta property=\"og:locale\" content=\"it_IT\" \/>\n<meta property=\"og:type\" content=\"article\" \/>\n<meta property=\"og:title\" content=\"Auto Innenreinigung Luzern \u2013 Was geh\u00f6rt dazu?\" \/>\n<meta property=\"og:description\" content=\"Auto Innenreinigung Luzern: Welche Schritte bei einer professionellen Innenreinigung durchgef\u00fchrt werden und warum sie sinnvoll ist.\" \/>\n<meta property=\"og:url\" content=\"https:\/\/nisacar.ch\/it\/auto-innenreinigung-luzern\/\" \/>\n<meta property=\"og:site_name\" content=\"NISA Car\" \/>\n<meta property=\"article:publisher\" content=\"https:\/\/www.facebook.com\/nisacar.ch1\" \/>\n<meta property=\"article:published_time\" content=\"2026-03-09T13:43:21+00:00\" \/>\n<meta property=\"article:modified_time\" content=\"2026-03-09T13:43:26+00:00\" \/>\n<meta property=\"og:image\" content=\"https:\/\/nisacar.ch\/wp-content\/uploads\/2026\/03\/Auto-Innenreinigung-Luzern-Auto-Innenreinigung-Luzern-Welche-Schritte-bei-einer-professionellen-Innenreinigung-durchgefuhrt-werden-und-warum-sie-sinnvoll-ist.-Autoaufbereitung-Auto-Innenreinigun.jpg\" \/>\n\t<meta property=\"og:image:width\" content=\"1200\" \/>\n\t<meta property=\"og:image:height\" content=\"850\" \/>\n\t<meta property=\"og:image:type\" content=\"image\/jpeg\" \/>\n<meta name=\"author\" content=\"Bojan Atanasov\" \/>\n<meta name=\"twitter:card\" content=\"summary_large_image\" \/>\n<meta name=\"twitter:label1\" content=\"Scritto da\" \/>\n\t<meta name=\"twitter:data1\" content=\"Bojan Atanasov\" \/>\n\t<meta name=\"twitter:label2\" content=\"Tempo di lettura stimato\" \/>\n\t<meta name=\"twitter:data2\" content=\"2 minuti\" \/>\n<script type=\"application\/ld+json\" class=\"yoast-schema-graph\">{\"@context\":\"https:\\\/\\\/schema.org\",\"@graph\":[{\"@type\":\"Article\",\"@id\":\"https:\\\/\\\/nisacar.ch\\\/it\\\/auto-innenreinigung-luzern\\\/#article\",\"isPartOf\":{\"@id\":\"https:\\\/\\\/nisacar.ch\\\/it\\\/auto-innenreinigung-luzern\\\/\"},\"author\":{\"name\":\"Bojan Atanasov\",\"@id\":\"https:\\\/\\\/nisacar.ch\\\/it\\\/#\\\/schema\\\/person\\\/d92360346fc54e6f3ccb5f67baa14403\"},\"headline\":\"Auto Innenreinigung Luzern \u2013 Was geh\u00f6rt dazu?\",\"datePublished\":\"2026-03-09T13:43:21+00:00\",\"dateModified\":\"2026-03-09T13:43:26+00:00\",\"mainEntityOfPage\":{\"@id\":\"https:\\\/\\\/nisacar.ch\\\/it\\\/auto-innenreinigung-luzern\\\/\"},\"wordCount\":392,\"publisher\":{\"@id\":\"https:\\\/\\\/nisacar.ch\\\/it\\\/#organization\"},\"image\":{\"@id\":\"https:\\\/\\\/nisacar.ch\\\/it\\\/auto-innenreinigung-luzern\\\/#primaryimage\"},\"thumbnailUrl\":\"https:\\\/\\\/i0.wp.com\\\/nisacar.ch\\\/wp-content\\\/uploads\\\/2026\\\/03\\\/Auto-Innenreinigung-Luzern-Auto-Innenreinigung-Luzern-Welche-Schritte-bei-einer-professionellen-Innenreinigung-durchgefuhrt-werden-und-warum-sie-sinnvoll-ist.-Autoaufbereitung-Auto-Innenreinigun.jpg?fit=1200%2C850&ssl=1\",\"keywords\":[\"Autoaufbereitung\",\"Detailing\",\"Fahrzeugpflege\",\"Luzern\"],\"articleSection\":[\"Autoaufbereitung\"],\"inLanguage\":\"it-IT\"},{\"@type\":\"WebPage\",\"@id\":\"https:\\\/\\\/nisacar.ch\\\/it\\\/auto-innenreinigung-luzern\\\/\",\"url\":\"https:\\\/\\\/nisacar.ch\\\/it\\\/auto-innenreinigung-luzern\\\/\",\"name\":\"Auto Innenreinigung Luzern \u2013 Was geh\u00f6rt dazu?\",\"isPartOf\":{\"@id\":\"https:\\\/\\\/nisacar.ch\\\/it\\\/#website\"},\"primaryImageOfPage\":{\"@id\":\"https:\\\/\\\/nisacar.ch\\\/it\\\/auto-innenreinigung-luzern\\\/#primaryimage\"},\"image\":{\"@id\":\"https:\\\/\\\/nisacar.ch\\\/it\\\/auto-innenreinigung-luzern\\\/#primaryimage\"},\"thumbnailUrl\":\"https:\\\/\\\/i0.wp.com\\\/nisacar.ch\\\/wp-content\\\/uploads\\\/2026\\\/03\\\/Auto-Innenreinigung-Luzern-Auto-Innenreinigung-Luzern-Welche-Schritte-bei-einer-professionellen-Innenreinigung-durchgefuhrt-werden-und-warum-sie-sinnvoll-ist.-Autoaufbereitung-Auto-Innenreinigun.jpg?fit=1200%2C850&ssl=1\",\"datePublished\":\"2026-03-09T13:43:21+00:00\",\"dateModified\":\"2026-03-09T13:43:26+00:00\",\"description\":\"Auto Innenreinigung Luzern: Welche Schritte bei einer professionellen Innenreinigung durchgef\u00fchrt werden und warum sie sinnvoll ist.\",\"breadcrumb\":{\"@id\":\"https:\\\/\\\/nisacar.ch\\\/it\\\/auto-innenreinigung-luzern\\\/#breadcrumb\"},\"inLanguage\":\"it-IT\",\"potentialAction\":[{\"@type\":\"ReadAction\",\"target\":[\"https:\\\/\\\/nisacar.ch\\\/it\\\/auto-innenreinigung-luzern\\\/\"]}]},{\"@type\":\"ImageObject\",\"inLanguage\":\"it-IT\",\"@id\":\"https:\\\/\\\/nisacar.ch\\\/it\\\/auto-innenreinigung-luzern\\\/#primaryimage\",\"url\":\"https:\\\/\\\/i0.wp.com\\\/nisacar.ch\\\/wp-content\\\/uploads\\\/2026\\\/03\\\/Auto-Innenreinigung-Luzern-Auto-Innenreinigung-Luzern-Welche-Schritte-bei-einer-professionellen-Innenreinigung-durchgefuhrt-werden-und-warum-sie-sinnvoll-ist.-Autoaufbereitung-Auto-Innenreinigun.jpg?fit=1200%2C850&ssl=1\",\"contentUrl\":\"https:\\\/\\\/i0.wp.com\\\/nisacar.ch\\\/wp-content\\\/uploads\\\/2026\\\/03\\\/Auto-Innenreinigung-Luzern-Auto-Innenreinigung-Luzern-Welche-Schritte-bei-einer-professionellen-Innenreinigung-durchgefuhrt-werden-und-warum-sie-sinnvoll-ist.-Autoaufbereitung-Auto-Innenreinigun.jpg?fit=1200%2C850&ssl=1\",\"width\":1200,\"height\":850,\"caption\":\"Auto Innenreinigung Luzern Auto Innenreinigung Luzern Welche Schritte bei einer professionellen Innenreinigung durchgef\u00fchrt werden und warum sie sinnvoll ist. Autoaufbereitung Auto Innenreinigun\"},{\"@type\":\"BreadcrumbList\",\"@id\":\"https:\\\/\\\/nisacar.ch\\\/it\\\/auto-innenreinigung-luzern\\\/#breadcrumb\",\"itemListElement\":[{\"@type\":\"ListItem\",\"position\":1,\"name\":\"Home\",\"item\":\"https:\\\/\\\/nisacar.ch\\\/it\\\/\"},{\"@type\":\"ListItem\",\"position\":2,\"name\":\"Auto Innenreinigung Luzern \u2013 Was geh\u00f6rt dazu?\"}]},{\"@type\":\"WebSite\",\"@id\":\"https:\\\/\\\/nisacar.ch\\\/it\\\/#website\",\"url\":\"https:\\\/\\\/nisacar.ch\\\/it\\\/\",\"name\":\"NISA Car\",\"description\":\"Perfekte Pflege. Faire Preise. Schweizer Qualit\u00e4t.\",\"publisher\":{\"@id\":\"https:\\\/\\\/nisacar.ch\\\/it\\\/#organization\"},\"potentialAction\":[{\"@type\":\"SearchAction\",\"target\":{\"@type\":\"EntryPoint\",\"urlTemplate\":\"https:\\\/\\\/nisacar.ch\\\/it\\\/?s={search_term_string}\"},\"query-input\":{\"@type\":\"PropertyValueSpecification\",\"valueRequired\":true,\"valueName\":\"search_term_string\"}}],\"inLanguage\":\"it-IT\"},{\"@type\":\"Organization\",\"@id\":\"https:\\\/\\\/nisacar.ch\\\/it\\\/#organization\",\"name\":\"NISA Car Angelov\",\"url\":\"https:\\\/\\\/nisacar.ch\\\/it\\\/\",\"logo\":{\"@type\":\"ImageObject\",\"inLanguage\":\"it-IT\",\"@id\":\"https:\\\/\\\/nisacar.ch\\\/it\\\/#\\\/schema\\\/logo\\\/image\\\/\",\"url\":\"https:\\\/\\\/i0.wp.com\\\/nisacar.ch\\\/wp-content\\\/uploads\\\/2025\\\/10\\\/cropped-za_autoscout-removebg-preview-Copy.png?fit=420%2C150&ssl=1\",\"contentUrl\":\"https:\\\/\\\/i0.wp.com\\\/nisacar.ch\\\/wp-content\\\/uploads\\\/2025\\\/10\\\/cropped-za_autoscout-removebg-preview-Copy.png?fit=420%2C150&ssl=1\",\"width\":420,\"height\":150,\"caption\":\"NISA Car Angelov\"},\"image\":{\"@id\":\"https:\\\/\\\/nisacar.ch\\\/it\\\/#\\\/schema\\\/logo\\\/image\\\/\"},\"sameAs\":[\"https:\\\/\\\/www.facebook.com\\\/nisacar.ch1\",\"https:\\\/\\\/www.instagram.com\\\/nisacar_ch\\\/\"]},{\"@type\":\"Person\",\"@id\":\"https:\\\/\\\/nisacar.ch\\\/it\\\/#\\\/schema\\\/person\\\/d92360346fc54e6f3ccb5f67baa14403\",\"name\":\"Bojan Atanasov\",\"image\":{\"@type\":\"ImageObject\",\"inLanguage\":\"it-IT\",\"@id\":\"https:\\\/\\\/secure.gravatar.com\\\/avatar\\\/2bed02e9a515199a35221b37b3e7871dfba34ba0309d41356bb19e8e3795914d?s=96&d=mm&r=g\",\"url\":\"https:\\\/\\\/secure.gravatar.com\\\/avatar\\\/2bed02e9a515199a35221b37b3e7871dfba34ba0309d41356bb19e8e3795914d?s=96&d=mm&r=g\",\"contentUrl\":\"https:\\\/\\\/secure.gravatar.com\\\/avatar\\\/2bed02e9a515199a35221b37b3e7871dfba34ba0309d41356bb19e8e3795914d?s=96&d=mm&r=g\",\"caption\":\"Bojan Atanasov\"},\"sameAs\":[\"https:\\\/\\\/lumovo.ch\"],\"url\":\"https:\\\/\\\/nisacar.ch\\\/it\\\/author\\\/atanasov1995\\\/\"}]}<\/script>\n<!-- \/ Yoast SEO plugin. -->","yoast_head_json":{"title":"Auto Innenreinigung Luzern \u2013 Was geh\u00f6rt dazu?","description":"Auto Innenreinigung Luzern: Welche Schritte bei einer professionellen Innenreinigung durchgef\u00fchrt werden und warum sie sinnvoll ist.","robots":{"index":"index","follow":"follow","max-snippet":"max-snippet:-1","max-image-preview":"max-image-preview:large","max-video-preview":"max-video-preview:-1"},"canonical":"https:\/\/nisacar.ch\/it\/auto-innenreinigung-luzern\/","og_locale":"it_IT","og_type":"article","og_title":"Auto Innenreinigung Luzern \u2013 Was geh\u00f6rt dazu?","og_description":"Auto Innenreinigung Luzern: Welche Schritte bei einer professionellen Innenreinigung durchgef\u00fchrt werden und warum sie sinnvoll ist.","og_url":"https:\/\/nisacar.ch\/it\/auto-innenreinigung-luzern\/","og_site_name":"NISA Car","article_publisher":"https:\/\/www.facebook.com\/nisacar.ch1","article_published_time":"2026-03-09T13:43:21+00:00","article_modified_time":"2026-03-09T13:43:26+00:00","og_image":[{"width":1200,"height":850,"url":"https:\/\/nisacar.ch\/wp-content\/uploads\/2026\/03\/Auto-Innenreinigung-Luzern-Auto-Innenreinigung-Luzern-Welche-Schritte-bei-einer-professionellen-Innenreinigung-durchgefuhrt-werden-und-warum-sie-sinnvoll-ist.-Autoaufbereitung-Auto-Innenreinigun.jpg","type":"image\/jpeg"}],"author":"Bojan Atanasov","twitter_card":"summary_large_image","twitter_misc":{"Scritto da":"Bojan Atanasov","Tempo di lettura stimato":"2 minuti"},"schema":{"@context":"https:\/\/schema.org","@graph":[{"@type":"Article","@id":"https:\/\/nisacar.ch\/it\/auto-innenreinigung-luzern\/#article","isPartOf":{"@id":"https:\/\/nisacar.ch\/it\/auto-innenreinigung-luzern\/"},"author":{"name":"Bojan Atanasov","@id":"https:\/\/nisacar.ch\/it\/#\/schema\/person\/d92360346fc54e6f3ccb5f67baa14403"},"headline":"Auto Innenreinigung Luzern \u2013 Was geh\u00f6rt dazu?","datePublished":"2026-03-09T13:43:21+00:00","dateModified":"2026-03-09T13:43:26+00:00","mainEntityOfPage":{"@id":"https:\/\/nisacar.ch\/it\/auto-innenreinigung-luzern\/"},"wordCount":392,"publisher":{"@id":"https:\/\/nisacar.ch\/it\/#organization"},"image":{"@id":"https:\/\/nisacar.ch\/it\/auto-innenreinigung-luzern\/#primaryimage"},"thumbnailUrl":"https:\/\/i0.wp.com\/nisacar.ch\/wp-content\/uploads\/2026\/03\/Auto-Innenreinigung-Luzern-Auto-Innenreinigung-Luzern-Welche-Schritte-bei-einer-professionellen-Innenreinigung-durchgefuhrt-werden-und-warum-sie-sinnvoll-ist.-Autoaufbereitung-Auto-Innenreinigun.jpg?fit=1200%2C850&ssl=1","keywords":["Autoaufbereitung","Detailing","Fahrzeugpflege","Luzern"],"articleSection":["Autoaufbereitung"],"inLanguage":"it-IT"},{"@type":"WebPage","@id":"https:\/\/nisacar.ch\/it\/auto-innenreinigung-luzern\/","url":"https:\/\/nisacar.ch\/it\/auto-innenreinigung-luzern\/","name":"Auto Innenreinigung Luzern \u2013 Was geh\u00f6rt dazu?","isPartOf":{"@id":"https:\/\/nisacar.ch\/it\/#website"},"primaryImageOfPage":{"@id":"https:\/\/nisacar.ch\/it\/auto-innenreinigung-luzern\/#primaryimage"},"image":{"@id":"https:\/\/nisacar.ch\/it\/auto-innenreinigung-luzern\/#primaryimage"},"thumbnailUrl":"https:\/\/i0.wp.com\/nisacar.ch\/wp-content\/uploads\/2026\/03\/Auto-Innenreinigung-Luzern-Auto-Innenreinigung-Luzern-Welche-Schritte-bei-einer-professionellen-Innenreinigung-durchgefuhrt-werden-und-warum-sie-sinnvoll-ist.-Autoaufbereitung-Auto-Innenreinigun.jpg?fit=1200%2C850&ssl=1","datePublished":"2026-03-09T13:43:21+00:00","dateModified":"2026-03-09T13:43:26+00:00","description":"Auto Innenreinigung Luzern: Welche Schritte bei einer professionellen Innenreinigung durchgef\u00fchrt werden und warum sie sinnvoll ist.","breadcrumb":{"@id":"https:\/\/nisacar.ch\/it\/auto-innenreinigung-luzern\/#breadcrumb"},"inLanguage":"it-IT","potentialAction":[{"@type":"ReadAction","target":["https:\/\/nisacar.ch\/it\/auto-innenreinigung-luzern\/"]}]},{"@type":"ImageObject","inLanguage":"it-IT","@id":"https:\/\/nisacar.ch\/it\/auto-innenreinigung-luzern\/#primaryimage","url":"https:\/\/i0.wp.com\/nisacar.ch\/wp-content\/uploads\/2026\/03\/Auto-Innenreinigung-Luzern-Auto-Innenreinigung-Luzern-Welche-Schritte-bei-einer-professionellen-Innenreinigung-durchgefuhrt-werden-und-warum-sie-sinnvoll-ist.-Autoaufbereitung-Auto-Innenreinigun.jpg?fit=1200%2C850&ssl=1","contentUrl":"https:\/\/i0.wp.com\/nisacar.ch\/wp-content\/uploads\/2026\/03\/Auto-Innenreinigung-Luzern-Auto-Innenreinigung-Luzern-Welche-Schritte-bei-einer-professionellen-Innenreinigung-durchgefuhrt-werden-und-warum-sie-sinnvoll-ist.-Autoaufbereitung-Auto-Innenreinigun.jpg?fit=1200%2C850&ssl=1","width":1200,"height":850,"caption":"Auto Innenreinigung Luzern Auto Innenreinigung Luzern Welche Schritte bei einer professionellen Innenreinigung durchgef\u00fchrt werden und warum sie sinnvoll ist. Autoaufbereitung Auto Innenreinigun"},{"@type":"BreadcrumbList","@id":"https:\/\/nisacar.ch\/it\/auto-innenreinigung-luzern\/#breadcrumb","itemListElement":[{"@type":"ListItem","position":1,"name":"Home","item":"https:\/\/nisacar.ch\/it\/"},{"@type":"ListItem","position":2,"name":"Auto Innenreinigung Luzern \u2013 Was geh\u00f6rt dazu?"}]},{"@type":"WebSite","@id":"https:\/\/nisacar.ch\/it\/#website","url":"https:\/\/nisacar.ch\/it\/","name":"NISA Car","description":"Perfekte Pflege. Faire Preise. Schweizer Qualit\u00e4t.","publisher":{"@id":"https:\/\/nisacar.ch\/it\/#organization"},"potentialAction":[{"@type":"SearchAction","target":{"@type":"EntryPoint","urlTemplate":"https:\/\/nisacar.ch\/it\/?s={search_term_string}"},"query-input":{"@type":"PropertyValueSpecification","valueRequired":true,"valueName":"search_term_string"}}],"inLanguage":"it-IT"},{"@type":"Organization","@id":"https:\/\/nisacar.ch\/it\/#organization","name":"NISA Car Angelov","url":"https:\/\/nisacar.ch\/it\/","logo":{"@type":"ImageObject","inLanguage":"it-IT","@id":"https:\/\/nisacar.ch\/it\/#\/schema\/logo\/image\/","url":"https:\/\/i0.wp.com\/nisacar.ch\/wp-content\/uploads\/2025\/10\/cropped-za_autoscout-removebg-preview-Copy.png?fit=420%2C150&ssl=1","contentUrl":"https:\/\/i0.wp.com\/nisacar.ch\/wp-content\/uploads\/2025\/10\/cropped-za_autoscout-removebg-preview-Copy.png?fit=420%2C150&ssl=1","width":420,"height":150,"caption":"NISA Car Angelov"},"image":{"@id":"https:\/\/nisacar.ch\/it\/#\/schema\/logo\/image\/"},"sameAs":["https:\/\/www.facebook.com\/nisacar.ch1","https:\/\/www.instagram.com\/nisacar_ch\/"]},{"@type":"Person","@id":"https:\/\/nisacar.ch\/it\/#\/schema\/person\/d92360346fc54e6f3ccb5f67baa14403","name":"Bojan Atanasov","image":{"@type":"ImageObject","inLanguage":"it-IT","@id":"https:\/\/secure.gravatar.com\/avatar\/2bed02e9a515199a35221b37b3e7871dfba34ba0309d41356bb19e8e3795914d?s=96&d=mm&r=g","url":"https:\/\/secure.gravatar.com\/avatar\/2bed02e9a515199a35221b37b3e7871dfba34ba0309d41356bb19e8e3795914d?s=96&d=mm&r=g","contentUrl":"https:\/\/secure.gravatar.com\/avatar\/2bed02e9a515199a35221b37b3e7871dfba34ba0309d41356bb19e8e3795914d?s=96&d=mm&r=g","caption":"Bojan Atanasov"},"sameAs":["https:\/\/lumovo.ch"],"url":"https:\/\/nisacar.ch\/it\/author\/atanasov1995\/"}]}},"jetpack_featured_media_url":"https:\/\/i0.wp.com\/nisacar.ch\/wp-content\/uploads\/2026\/03\/Auto-Innenreinigung-Luzern-Auto-Innenreinigung-Luzern-Welche-Schritte-bei-einer-professionellen-Innenreinigung-durchgefuhrt-werden-und-warum-sie-sinnvoll-ist.-Autoaufbereitung-Auto-Innenreinigun.jpg?fit=1200%2C850&ssl=1","jetpack_sharing_enabled":true,"_links":{"self":[{"href":"https:\/\/nisacar.ch\/it\/wp-json\/wp\/v2\/posts\/2641","targetHints":{"allow":["GET"]}}],"collection":[{"href":"https:\/\/nisacar.ch\/it\/wp-json\/wp\/v2\/posts"}],"about":[{"href":"https:\/\/nisacar.ch\/it\/wp-json\/wp\/v2\/types\/post"}],"author":[{"embeddable":true,"href":"https:\/\/nisacar.ch\/it\/wp-json\/wp\/v2\/users\/2"}],"replies":[{"embeddable":true,"href":"https:\/\/nisacar.ch\/it\/wp-json\/wp\/v2\/comments?post=2641"}],"version-history":[{"count":2,"href":"https:\/\/nisacar.ch\/it\/wp-json\/wp\/v2\/posts\/2641\/revisions"}],"predecessor-version":[{"id":2645,"href":"https:\/\/nisacar.ch\/it\/wp-json\/wp\/v2\/posts\/2641\/revisions\/2645"}],"wp:featuredmedia":[{"embeddable":true,"href":"https:\/\/nisacar.ch\/it\/wp-json\/wp\/v2\/media\/2642"}],"wp:attachment":[{"href":"https:\/\/nisacar.ch\/it\/wp-json\/wp\/v2\/media?parent=2641"}],"wp:term":[{"taxonomy":"category","embeddable":true,"href":"https:\/\/nisacar.ch\/it\/wp-json\/wp\/v2\/categories?post=2641"},{"taxonomy":"post_tag","embeddable":true,"href":"https:\/\/nisacar.ch\/it\/wp-json\/wp\/v2\/tags?post=2641"}],"curies":[{"name":"wp","href":"https:\/\/api.w.org\/{rel}","templated":true}]}}