{"id":2629,"date":"2026-03-09T14:29:15","date_gmt":"2026-03-09T13:29:15","guid":{"rendered":"https:\/\/nisacar.ch\/?p=2629"},"modified":"2026-03-09T14:29:20","modified_gmt":"2026-03-09T13:29:20","slug":"profiltiefe-reifen-schweiz","status":"publish","type":"post","link":"https:\/\/nisacar.ch\/it\/profiltiefe-reifen-schweiz\/","title":{"rendered":"Profiltiefe Reifen Schweiz \u2013 Mindestprofiltiefe erkl\u00e4rt"},"content":{"rendered":"\n<p class=\"\">Die Profiltiefe eines Reifens spielt eine entscheidende Rolle f\u00fcr die Sicherheit im Stra\u00dfenverkehr. Reifen mit ausreichend Profil sorgen f\u00fcr besseren Grip auf der Stra\u00dfe und reduzieren das Risiko von Aquaplaning.<\/p>\n\n\n\n<p class=\"\">In der Schweiz gibt es klare gesetzliche Vorgaben zur Mindestprofiltiefe. Autofahrer sollten jedoch beachten, dass bereits vor dem gesetzlichen Minimum ein Reifenwechsel sinnvoll sein kann.<\/p>\n\n\n\n<h2 class=\"wp-block-heading\">Welche Mindestprofiltiefe gilt in der Schweiz?<\/h2>\n\n\n\n<p class=\"\">In der Schweiz betr\u00e4gt die gesetzlich vorgeschriebene Mindestprofiltiefe f\u00fcr Pkw-Reifen <strong>1,6 Millimeter<\/strong>. Wird dieser Wert unterschritten, gelten die Reifen als nicht mehr verkehrssicher.<\/p>\n\n\n\n<p class=\"\">Fahrzeuge mit zu wenig Profil k\u00f6nnen bei einer Kontrolle beanstandet werden und im schlimmsten Fall drohen Bu\u00dfgelder.<\/p>\n\n\n\n<h2 class=\"wp-block-heading\">Empfohlene Profiltiefe f\u00fcr Sommerreifen<\/h2>\n\n\n\n<p class=\"\">Auch wenn das Gesetz 1,6 Millimeter erlaubt, empfehlen Experten einen Reifenwechsel bereits fr\u00fcher.<\/p>\n\n\n\n<p class=\"\">F\u00fcr Sommerreifen wird h\u00e4ufig eine Profiltiefe von mindestens <strong>3 Millimetern<\/strong> empfohlen. Bei geringerer Profiltiefe kann die Haftung auf nasser Fahrbahn deutlich schlechter sein.<\/p>\n\n\n\n<h2 class=\"wp-block-heading\">Empfohlene Profiltiefe f\u00fcr Winterreifen<\/h2>\n\n\n\n<p class=\"\">Winterreifen ben\u00f6tigen ein tieferes Profil, um auf Schnee und Eis ausreichend Grip zu bieten.<\/p>\n\n\n\n<p class=\"\">Viele Experten empfehlen:<\/p>\n\n\n\n<ul class=\"wp-block-list\">\n<li class=\"\">mindestens 4 Millimeter Profil bei Winterreifen<\/li>\n<\/ul>\n\n\n\n<p class=\"\">Unterhalb dieses Wertes verlieren Winterreifen einen Gro\u00dfteil ihrer Wintereigenschaften.<\/p>\n\n\n\n<h2 class=\"wp-block-heading\">Wie misst man die Profiltiefe?<\/h2>\n\n\n\n<p class=\"\">Die Profiltiefe kann mit speziellen Messger\u00e4ten \u00fcberpr\u00fcft werden. Alternativ kann auch eine einfache Profiltiefenlehre verwendet werden.<\/p>\n\n\n\n<p class=\"\">Viele Werkst\u00e4tten kontrollieren die Profiltiefe automatisch im Rahmen eines <a href=\"https:\/\/nisacar.ch\/leistungen\/reifen-bremsenservice\/\">Reifen- &amp; Bremsenservice<\/a>.<\/p>\n\n\n\n<h2 class=\"wp-block-heading\">Warum sind Reifen mit gen\u00fcgend Profil wichtig?<\/h2>\n\n\n\n<p class=\"\">Reifen mit ausreichender Profiltiefe bieten mehrere Vorteile:<\/p>\n\n\n\n<ul class=\"wp-block-list\">\n<li class=\"\">bessere Haftung auf nasser Fahrbahn<\/li>\n\n\n\n<li class=\"\">k\u00fcrzerer Bremsweg<\/li>\n\n\n\n<li class=\"\">geringeres Aquaplaning-Risiko<\/li>\n\n\n\n<li class=\"\">mehr Stabilit\u00e4t beim Fahren<\/li>\n<\/ul>\n\n\n\n<p class=\"\">Mehr \u00fcber den richtigen Zeitpunkt f\u00fcr den Reifenwechsel erfahren Sie auch in unserem Artikel \u00fcber <a href=\"https:\/\/nisacar.ch\/it\/reifenwechsel-sursee-schenkon\/\">Reifenwechsel Sursee &amp; Schenkon<\/a>.<\/p>\n\n\n\n<h2 class=\"wp-block-heading\">Weitere wichtige Fahrzeugservices<\/h2>\n\n\n\n<p class=\"\">Neben den Reifen sollten auch andere Fahrzeugteile regelm\u00e4\u00dfig \u00fcberpr\u00fcft werden.<\/p>\n\n\n\n<p class=\"\">Ein <a href=\"https:\/\/nisacar.ch\/leistungen\/scheibenservice\/\">Scheibenservice<\/a> kann Sch\u00e4den an der Windschutzscheibe fr\u00fchzeitig erkennen.<\/p>\n\n\n\n<p class=\"\">Auch eine professionelle <a href=\"https:\/\/nisacar.ch\/leistungen\/autoaufbereitung-detailing\/\">Autoaufbereitung &amp; Detailing<\/a> hilft dabei, den Wert Ihres Fahrzeugs zu erhalten.<\/p>\n\n\n\n<h2 class=\"wp-block-heading\">Reifenservice in der Region Luzern<\/h2>\n\n\n\n<p class=\"\">NISA Car befindet sich in Schenkon und betreut Kunden aus Luzern, Sursee, Sempach und der gesamten Region.<\/p>\n\n\n\n<p class=\"\">Das Team \u00fcberpr\u00fcft Reifen, Profiltiefe und Reifendruck sorgf\u00e4ltig und sorgt daf\u00fcr, dass Ihr Fahrzeug sicher unterwegs ist.<\/p>\n\n\n\n<p class=\"\">Wenn Sie au\u00dferdem ein Fahrzeug suchen, k\u00f6nnen Sie sich die aktuellen <a href=\"https:\/\/nisacar.ch\/automobile\/\">Occasion Fahrzeuge<\/a> ansehen.<\/p>\n\n\n\n<p class=\"\">F\u00fcr eine Terminvereinbarung k\u00f6nnen Sie jederzeit <a href=\"https:\/\/nisacar.ch\/kontakt\/\">Kontakt aufnehmen<\/a>.<\/p>\n\n\n\n<p class=\"\">Mehr \u00fcber das Unternehmen erfahren Sie auf der Seite <a href=\"https:\/\/nisacar.ch\/uber-uns\/\">\u00dcber uns<\/a>.<\/p>\n\n\n\n<h3 class=\"wp-block-heading\">Weitere hilfreiche Artikel<\/h3>\n\n\n\n<ul class=\"wp-block-list\">\n<li class=\"\"><a href=\"https:\/\/nisacar.ch\/it\/reifenwechsel-sursee-schenkon\/\">Reifenwechsel Sursee &amp; Schenkon<\/a><\/li>\n\n\n\n<li class=\"\"><a href=\"https:\/\/nisacar.ch\/it\/bremsbelaege-wechseln-luzern\/\">Bremsbel\u00e4ge wechseln Luzern<\/a><\/li>\n\n\n\n<li class=\"\"><a href=\"https:\/\/nisacar.ch\/it\/wie-lange-halten-bremsbelaege\/\">Wie lange halten Bremsbel\u00e4ge?<\/a><\/li>\n<\/ul>\n\n\n\n<hr class=\"wp-block-separator has-alpha-channel-opacity\"\/>\n\n\n\n<p class=\"\"><strong>Kategorie:<\/strong> Reifen &amp; Bremsen<\/p>\n\n\n\n<p class=\"\"><strong>Tags:<\/strong> Profiltiefe Reifen, Reifenverschlei\u00df, Reifenservice, Autoservice, Schweiz<\/p>\n","protected":false},"excerpt":{"rendered":"<p>Die Profiltiefe eines Reifens spielt eine entscheidende Rolle f\u00fcr die Sicherheit im Stra\u00dfenverkehr. Reifen mit ausreichend Profil sorgen f\u00fcr besseren Grip auf der Stra\u00dfe und reduzieren<span class=\"excerpt-hellip\"> [\u2026]<\/span><\/p>\n","protected":false},"author":2,"featured_media":2630,"comment_status":"closed","ping_status":"closed","sticky":false,"template":"","format":"standard","meta":{"_acf_changed":false,"nf_dc_page":"","_jetpack_memberships_contains_paid_content":false,"footnotes":""},"categories":[19],"tags":[50,70,97,98],"class_list":["post-2629","post","type-post","status-publish","format-standard","has-post-thumbnail","hentry","category-reifen-bremsen","tag-autoservice","tag-reifenservice","tag-reifenverschleiss","tag-schweiz"],"acf":[],"yoast_head":"<!-- This site is optimized with the Yoast SEO plugin v27.5 - https:\/\/yoast.com\/product\/yoast-seo-wordpress\/ -->\n<title>Profiltiefe Reifen Schweiz \u2013 Mindestprofiltiefe erkl\u00e4rt<\/title>\n<meta name=\"description\" content=\"Profiltiefe Reifen Schweiz: Welche Mindestprofiltiefe gesetzlich vorgeschrieben ist und wann Reifen aus Sicherheitsgr\u00fcnden gewechselt werden sollten.\" \/>\n<meta name=\"robots\" content=\"index, follow, max-snippet:-1, max-image-preview:large, max-video-preview:-1\" \/>\n<link rel=\"canonical\" href=\"https:\/\/nisacar.ch\/it\/profiltiefe-reifen-schweiz\/\" \/>\n<meta property=\"og:locale\" content=\"it_IT\" \/>\n<meta property=\"og:type\" content=\"article\" \/>\n<meta property=\"og:title\" content=\"Profiltiefe Reifen Schweiz \u2013 Mindestprofiltiefe erkl\u00e4rt\" \/>\n<meta property=\"og:description\" content=\"Profiltiefe Reifen Schweiz: Welche Mindestprofiltiefe gesetzlich vorgeschrieben ist und wann Reifen aus Sicherheitsgr\u00fcnden gewechselt werden sollten.\" \/>\n<meta property=\"og:url\" content=\"https:\/\/nisacar.ch\/it\/profiltiefe-reifen-schweiz\/\" \/>\n<meta property=\"og:site_name\" content=\"NISA Car\" \/>\n<meta property=\"article:publisher\" content=\"https:\/\/www.facebook.com\/nisacar.ch1\" \/>\n<meta property=\"article:published_time\" content=\"2026-03-09T13:29:15+00:00\" \/>\n<meta property=\"article:modified_time\" content=\"2026-03-09T13:29:20+00:00\" \/>\n<meta property=\"og:image\" content=\"https:\/\/nisacar.ch\/wp-content\/uploads\/2026\/03\/Profiltiefe-Reifen-Schweiz-Profiltiefe-Reifen-Schweiz-Welche-Mindestprofiltiefe-gesetzlich-vorgeschrieben-ist-und-wann-Reifen-aus-Sicherheitsgrunden-gewechselt-werden-sollten.-Category-Reifen-B.jpg\" \/>\n\t<meta property=\"og:image:width\" content=\"1200\" \/>\n\t<meta property=\"og:image:height\" content=\"850\" \/>\n\t<meta property=\"og:image:type\" content=\"image\/jpeg\" \/>\n<meta name=\"author\" content=\"Bojan Atanasov\" \/>\n<meta name=\"twitter:card\" content=\"summary_large_image\" \/>\n<meta name=\"twitter:label1\" content=\"Scritto da\" \/>\n\t<meta name=\"twitter:data1\" content=\"Bojan Atanasov\" \/>\n\t<meta name=\"twitter:label2\" content=\"Tempo di lettura stimato\" \/>\n\t<meta name=\"twitter:data2\" content=\"2 minuti\" \/>\n<script type=\"application\/ld+json\" class=\"yoast-schema-graph\">{\"@context\":\"https:\\\/\\\/schema.org\",\"@graph\":[{\"@type\":\"Article\",\"@id\":\"https:\\\/\\\/nisacar.ch\\\/it\\\/profiltiefe-reifen-schweiz\\\/#article\",\"isPartOf\":{\"@id\":\"https:\\\/\\\/nisacar.ch\\\/it\\\/profiltiefe-reifen-schweiz\\\/\"},\"author\":{\"name\":\"Bojan Atanasov\",\"@id\":\"https:\\\/\\\/nisacar.ch\\\/it\\\/#\\\/schema\\\/person\\\/d92360346fc54e6f3ccb5f67baa14403\"},\"headline\":\"Profiltiefe Reifen Schweiz \u2013 Mindestprofiltiefe erkl\u00e4rt\",\"datePublished\":\"2026-03-09T13:29:15+00:00\",\"dateModified\":\"2026-03-09T13:29:20+00:00\",\"mainEntityOfPage\":{\"@id\":\"https:\\\/\\\/nisacar.ch\\\/it\\\/profiltiefe-reifen-schweiz\\\/\"},\"wordCount\":426,\"publisher\":{\"@id\":\"https:\\\/\\\/nisacar.ch\\\/it\\\/#organization\"},\"image\":{\"@id\":\"https:\\\/\\\/nisacar.ch\\\/it\\\/profiltiefe-reifen-schweiz\\\/#primaryimage\"},\"thumbnailUrl\":\"https:\\\/\\\/i0.wp.com\\\/nisacar.ch\\\/wp-content\\\/uploads\\\/2026\\\/03\\\/Profiltiefe-Reifen-Schweiz-Profiltiefe-Reifen-Schweiz-Welche-Mindestprofiltiefe-gesetzlich-vorgeschrieben-ist-und-wann-Reifen-aus-Sicherheitsgrunden-gewechselt-werden-sollten.-Category-Reifen-B.jpg?fit=1200%2C850&ssl=1\",\"keywords\":[\"Autoservice\",\"Reifenservice\",\"Reifenverschlei\u00df\",\"Schweiz\"],\"articleSection\":[\"Reifen &amp; Bremsen\"],\"inLanguage\":\"it-IT\"},{\"@type\":\"WebPage\",\"@id\":\"https:\\\/\\\/nisacar.ch\\\/it\\\/profiltiefe-reifen-schweiz\\\/\",\"url\":\"https:\\\/\\\/nisacar.ch\\\/it\\\/profiltiefe-reifen-schweiz\\\/\",\"name\":\"Profiltiefe Reifen Schweiz \u2013 Mindestprofiltiefe erkl\u00e4rt\",\"isPartOf\":{\"@id\":\"https:\\\/\\\/nisacar.ch\\\/it\\\/#website\"},\"primaryImageOfPage\":{\"@id\":\"https:\\\/\\\/nisacar.ch\\\/it\\\/profiltiefe-reifen-schweiz\\\/#primaryimage\"},\"image\":{\"@id\":\"https:\\\/\\\/nisacar.ch\\\/it\\\/profiltiefe-reifen-schweiz\\\/#primaryimage\"},\"thumbnailUrl\":\"https:\\\/\\\/i0.wp.com\\\/nisacar.ch\\\/wp-content\\\/uploads\\\/2026\\\/03\\\/Profiltiefe-Reifen-Schweiz-Profiltiefe-Reifen-Schweiz-Welche-Mindestprofiltiefe-gesetzlich-vorgeschrieben-ist-und-wann-Reifen-aus-Sicherheitsgrunden-gewechselt-werden-sollten.-Category-Reifen-B.jpg?fit=1200%2C850&ssl=1\",\"datePublished\":\"2026-03-09T13:29:15+00:00\",\"dateModified\":\"2026-03-09T13:29:20+00:00\",\"description\":\"Profiltiefe Reifen Schweiz: Welche Mindestprofiltiefe gesetzlich vorgeschrieben ist und wann Reifen aus Sicherheitsgr\u00fcnden gewechselt werden sollten.\",\"breadcrumb\":{\"@id\":\"https:\\\/\\\/nisacar.ch\\\/it\\\/profiltiefe-reifen-schweiz\\\/#breadcrumb\"},\"inLanguage\":\"it-IT\",\"potentialAction\":[{\"@type\":\"ReadAction\",\"target\":[\"https:\\\/\\\/nisacar.ch\\\/it\\\/profiltiefe-reifen-schweiz\\\/\"]}]},{\"@type\":\"ImageObject\",\"inLanguage\":\"it-IT\",\"@id\":\"https:\\\/\\\/nisacar.ch\\\/it\\\/profiltiefe-reifen-schweiz\\\/#primaryimage\",\"url\":\"https:\\\/\\\/i0.wp.com\\\/nisacar.ch\\\/wp-content\\\/uploads\\\/2026\\\/03\\\/Profiltiefe-Reifen-Schweiz-Profiltiefe-Reifen-Schweiz-Welche-Mindestprofiltiefe-gesetzlich-vorgeschrieben-ist-und-wann-Reifen-aus-Sicherheitsgrunden-gewechselt-werden-sollten.-Category-Reifen-B.jpg?fit=1200%2C850&ssl=1\",\"contentUrl\":\"https:\\\/\\\/i0.wp.com\\\/nisacar.ch\\\/wp-content\\\/uploads\\\/2026\\\/03\\\/Profiltiefe-Reifen-Schweiz-Profiltiefe-Reifen-Schweiz-Welche-Mindestprofiltiefe-gesetzlich-vorgeschrieben-ist-und-wann-Reifen-aus-Sicherheitsgrunden-gewechselt-werden-sollten.-Category-Reifen-B.jpg?fit=1200%2C850&ssl=1\",\"width\":1200,\"height\":850,\"caption\":\"Profiltiefe Reifen Schweiz Profiltiefe Reifen Schweiz Welche Mindestprofiltiefe gesetzlich vorgeschrieben ist und wann Reifen aus Sicherheitsgr\u00fcnden gewechselt werden sollten. Category Reifen & B\"},{\"@type\":\"BreadcrumbList\",\"@id\":\"https:\\\/\\\/nisacar.ch\\\/it\\\/profiltiefe-reifen-schweiz\\\/#breadcrumb\",\"itemListElement\":[{\"@type\":\"ListItem\",\"position\":1,\"name\":\"Home\",\"item\":\"https:\\\/\\\/nisacar.ch\\\/it\\\/\"},{\"@type\":\"ListItem\",\"position\":2,\"name\":\"Profiltiefe Reifen Schweiz \u2013 Mindestprofiltiefe erkl\u00e4rt\"}]},{\"@type\":\"WebSite\",\"@id\":\"https:\\\/\\\/nisacar.ch\\\/it\\\/#website\",\"url\":\"https:\\\/\\\/nisacar.ch\\\/it\\\/\",\"name\":\"NISA Car\",\"description\":\"Perfekte Pflege. Faire Preise. Schweizer Qualit\u00e4t.\",\"publisher\":{\"@id\":\"https:\\\/\\\/nisacar.ch\\\/it\\\/#organization\"},\"potentialAction\":[{\"@type\":\"SearchAction\",\"target\":{\"@type\":\"EntryPoint\",\"urlTemplate\":\"https:\\\/\\\/nisacar.ch\\\/it\\\/?s={search_term_string}\"},\"query-input\":{\"@type\":\"PropertyValueSpecification\",\"valueRequired\":true,\"valueName\":\"search_term_string\"}}],\"inLanguage\":\"it-IT\"},{\"@type\":\"Organization\",\"@id\":\"https:\\\/\\\/nisacar.ch\\\/it\\\/#organization\",\"name\":\"NISA Car Angelov\",\"url\":\"https:\\\/\\\/nisacar.ch\\\/it\\\/\",\"logo\":{\"@type\":\"ImageObject\",\"inLanguage\":\"it-IT\",\"@id\":\"https:\\\/\\\/nisacar.ch\\\/it\\\/#\\\/schema\\\/logo\\\/image\\\/\",\"url\":\"https:\\\/\\\/i0.wp.com\\\/nisacar.ch\\\/wp-content\\\/uploads\\\/2025\\\/10\\\/cropped-za_autoscout-removebg-preview-Copy.png?fit=420%2C150&ssl=1\",\"contentUrl\":\"https:\\\/\\\/i0.wp.com\\\/nisacar.ch\\\/wp-content\\\/uploads\\\/2025\\\/10\\\/cropped-za_autoscout-removebg-preview-Copy.png?fit=420%2C150&ssl=1\",\"width\":420,\"height\":150,\"caption\":\"NISA Car Angelov\"},\"image\":{\"@id\":\"https:\\\/\\\/nisacar.ch\\\/it\\\/#\\\/schema\\\/logo\\\/image\\\/\"},\"sameAs\":[\"https:\\\/\\\/www.facebook.com\\\/nisacar.ch1\",\"https:\\\/\\\/www.instagram.com\\\/nisacar_ch\\\/\"]},{\"@type\":\"Person\",\"@id\":\"https:\\\/\\\/nisacar.ch\\\/it\\\/#\\\/schema\\\/person\\\/d92360346fc54e6f3ccb5f67baa14403\",\"name\":\"Bojan Atanasov\",\"image\":{\"@type\":\"ImageObject\",\"inLanguage\":\"it-IT\",\"@id\":\"https:\\\/\\\/secure.gravatar.com\\\/avatar\\\/2bed02e9a515199a35221b37b3e7871dfba34ba0309d41356bb19e8e3795914d?s=96&d=mm&r=g\",\"url\":\"https:\\\/\\\/secure.gravatar.com\\\/avatar\\\/2bed02e9a515199a35221b37b3e7871dfba34ba0309d41356bb19e8e3795914d?s=96&d=mm&r=g\",\"contentUrl\":\"https:\\\/\\\/secure.gravatar.com\\\/avatar\\\/2bed02e9a515199a35221b37b3e7871dfba34ba0309d41356bb19e8e3795914d?s=96&d=mm&r=g\",\"caption\":\"Bojan Atanasov\"},\"sameAs\":[\"https:\\\/\\\/lumovo.ch\"],\"url\":\"https:\\\/\\\/nisacar.ch\\\/it\\\/author\\\/atanasov1995\\\/\"}]}<\/script>\n<!-- \/ Yoast SEO plugin. -->","yoast_head_json":{"title":"Profiltiefe Reifen Schweiz \u2013 Mindestprofiltiefe erkl\u00e4rt","description":"Profiltiefe Reifen Schweiz: Welche Mindestprofiltiefe gesetzlich vorgeschrieben ist und wann Reifen aus Sicherheitsgr\u00fcnden gewechselt werden sollten.","robots":{"index":"index","follow":"follow","max-snippet":"max-snippet:-1","max-image-preview":"max-image-preview:large","max-video-preview":"max-video-preview:-1"},"canonical":"https:\/\/nisacar.ch\/it\/profiltiefe-reifen-schweiz\/","og_locale":"it_IT","og_type":"article","og_title":"Profiltiefe Reifen Schweiz \u2013 Mindestprofiltiefe erkl\u00e4rt","og_description":"Profiltiefe Reifen Schweiz: Welche Mindestprofiltiefe gesetzlich vorgeschrieben ist und wann Reifen aus Sicherheitsgr\u00fcnden gewechselt werden sollten.","og_url":"https:\/\/nisacar.ch\/it\/profiltiefe-reifen-schweiz\/","og_site_name":"NISA Car","article_publisher":"https:\/\/www.facebook.com\/nisacar.ch1","article_published_time":"2026-03-09T13:29:15+00:00","article_modified_time":"2026-03-09T13:29:20+00:00","og_image":[{"width":1200,"height":850,"url":"https:\/\/nisacar.ch\/wp-content\/uploads\/2026\/03\/Profiltiefe-Reifen-Schweiz-Profiltiefe-Reifen-Schweiz-Welche-Mindestprofiltiefe-gesetzlich-vorgeschrieben-ist-und-wann-Reifen-aus-Sicherheitsgrunden-gewechselt-werden-sollten.-Category-Reifen-B.jpg","type":"image\/jpeg"}],"author":"Bojan Atanasov","twitter_card":"summary_large_image","twitter_misc":{"Scritto da":"Bojan Atanasov","Tempo di lettura stimato":"2 minuti"},"schema":{"@context":"https:\/\/schema.org","@graph":[{"@type":"Article","@id":"https:\/\/nisacar.ch\/it\/profiltiefe-reifen-schweiz\/#article","isPartOf":{"@id":"https:\/\/nisacar.ch\/it\/profiltiefe-reifen-schweiz\/"},"author":{"name":"Bojan Atanasov","@id":"https:\/\/nisacar.ch\/it\/#\/schema\/person\/d92360346fc54e6f3ccb5f67baa14403"},"headline":"Profiltiefe Reifen Schweiz \u2013 Mindestprofiltiefe erkl\u00e4rt","datePublished":"2026-03-09T13:29:15+00:00","dateModified":"2026-03-09T13:29:20+00:00","mainEntityOfPage":{"@id":"https:\/\/nisacar.ch\/it\/profiltiefe-reifen-schweiz\/"},"wordCount":426,"publisher":{"@id":"https:\/\/nisacar.ch\/it\/#organization"},"image":{"@id":"https:\/\/nisacar.ch\/it\/profiltiefe-reifen-schweiz\/#primaryimage"},"thumbnailUrl":"https:\/\/i0.wp.com\/nisacar.ch\/wp-content\/uploads\/2026\/03\/Profiltiefe-Reifen-Schweiz-Profiltiefe-Reifen-Schweiz-Welche-Mindestprofiltiefe-gesetzlich-vorgeschrieben-ist-und-wann-Reifen-aus-Sicherheitsgrunden-gewechselt-werden-sollten.-Category-Reifen-B.jpg?fit=1200%2C850&ssl=1","keywords":["Autoservice","Reifenservice","Reifenverschlei\u00df","Schweiz"],"articleSection":["Reifen &amp; Bremsen"],"inLanguage":"it-IT"},{"@type":"WebPage","@id":"https:\/\/nisacar.ch\/it\/profiltiefe-reifen-schweiz\/","url":"https:\/\/nisacar.ch\/it\/profiltiefe-reifen-schweiz\/","name":"Profiltiefe Reifen Schweiz \u2013 Mindestprofiltiefe erkl\u00e4rt","isPartOf":{"@id":"https:\/\/nisacar.ch\/it\/#website"},"primaryImageOfPage":{"@id":"https:\/\/nisacar.ch\/it\/profiltiefe-reifen-schweiz\/#primaryimage"},"image":{"@id":"https:\/\/nisacar.ch\/it\/profiltiefe-reifen-schweiz\/#primaryimage"},"thumbnailUrl":"https:\/\/i0.wp.com\/nisacar.ch\/wp-content\/uploads\/2026\/03\/Profiltiefe-Reifen-Schweiz-Profiltiefe-Reifen-Schweiz-Welche-Mindestprofiltiefe-gesetzlich-vorgeschrieben-ist-und-wann-Reifen-aus-Sicherheitsgrunden-gewechselt-werden-sollten.-Category-Reifen-B.jpg?fit=1200%2C850&ssl=1","datePublished":"2026-03-09T13:29:15+00:00","dateModified":"2026-03-09T13:29:20+00:00","description":"Profiltiefe Reifen Schweiz: Welche Mindestprofiltiefe gesetzlich vorgeschrieben ist und wann Reifen aus Sicherheitsgr\u00fcnden gewechselt werden sollten.","breadcrumb":{"@id":"https:\/\/nisacar.ch\/it\/profiltiefe-reifen-schweiz\/#breadcrumb"},"inLanguage":"it-IT","potentialAction":[{"@type":"ReadAction","target":["https:\/\/nisacar.ch\/it\/profiltiefe-reifen-schweiz\/"]}]},{"@type":"ImageObject","inLanguage":"it-IT","@id":"https:\/\/nisacar.ch\/it\/profiltiefe-reifen-schweiz\/#primaryimage","url":"https:\/\/i0.wp.com\/nisacar.ch\/wp-content\/uploads\/2026\/03\/Profiltiefe-Reifen-Schweiz-Profiltiefe-Reifen-Schweiz-Welche-Mindestprofiltiefe-gesetzlich-vorgeschrieben-ist-und-wann-Reifen-aus-Sicherheitsgrunden-gewechselt-werden-sollten.-Category-Reifen-B.jpg?fit=1200%2C850&ssl=1","contentUrl":"https:\/\/i0.wp.com\/nisacar.ch\/wp-content\/uploads\/2026\/03\/Profiltiefe-Reifen-Schweiz-Profiltiefe-Reifen-Schweiz-Welche-Mindestprofiltiefe-gesetzlich-vorgeschrieben-ist-und-wann-Reifen-aus-Sicherheitsgrunden-gewechselt-werden-sollten.-Category-Reifen-B.jpg?fit=1200%2C850&ssl=1","width":1200,"height":850,"caption":"Profiltiefe Reifen Schweiz Profiltiefe Reifen Schweiz Welche Mindestprofiltiefe gesetzlich vorgeschrieben ist und wann Reifen aus Sicherheitsgr\u00fcnden gewechselt werden sollten. Category Reifen & B"},{"@type":"BreadcrumbList","@id":"https:\/\/nisacar.ch\/it\/profiltiefe-reifen-schweiz\/#breadcrumb","itemListElement":[{"@type":"ListItem","position":1,"name":"Home","item":"https:\/\/nisacar.ch\/it\/"},{"@type":"ListItem","position":2,"name":"Profiltiefe Reifen Schweiz \u2013 Mindestprofiltiefe erkl\u00e4rt"}]},{"@type":"WebSite","@id":"https:\/\/nisacar.ch\/it\/#website","url":"https:\/\/nisacar.ch\/it\/","name":"NISA Car","description":"Perfekte Pflege. Faire Preise. Schweizer Qualit\u00e4t.","publisher":{"@id":"https:\/\/nisacar.ch\/it\/#organization"},"potentialAction":[{"@type":"SearchAction","target":{"@type":"EntryPoint","urlTemplate":"https:\/\/nisacar.ch\/it\/?s={search_term_string}"},"query-input":{"@type":"PropertyValueSpecification","valueRequired":true,"valueName":"search_term_string"}}],"inLanguage":"it-IT"},{"@type":"Organization","@id":"https:\/\/nisacar.ch\/it\/#organization","name":"NISA Car Angelov","url":"https:\/\/nisacar.ch\/it\/","logo":{"@type":"ImageObject","inLanguage":"it-IT","@id":"https:\/\/nisacar.ch\/it\/#\/schema\/logo\/image\/","url":"https:\/\/i0.wp.com\/nisacar.ch\/wp-content\/uploads\/2025\/10\/cropped-za_autoscout-removebg-preview-Copy.png?fit=420%2C150&ssl=1","contentUrl":"https:\/\/i0.wp.com\/nisacar.ch\/wp-content\/uploads\/2025\/10\/cropped-za_autoscout-removebg-preview-Copy.png?fit=420%2C150&ssl=1","width":420,"height":150,"caption":"NISA Car Angelov"},"image":{"@id":"https:\/\/nisacar.ch\/it\/#\/schema\/logo\/image\/"},"sameAs":["https:\/\/www.facebook.com\/nisacar.ch1","https:\/\/www.instagram.com\/nisacar_ch\/"]},{"@type":"Person","@id":"https:\/\/nisacar.ch\/it\/#\/schema\/person\/d92360346fc54e6f3ccb5f67baa14403","name":"Bojan Atanasov","image":{"@type":"ImageObject","inLanguage":"it-IT","@id":"https:\/\/secure.gravatar.com\/avatar\/2bed02e9a515199a35221b37b3e7871dfba34ba0309d41356bb19e8e3795914d?s=96&d=mm&r=g","url":"https:\/\/secure.gravatar.com\/avatar\/2bed02e9a515199a35221b37b3e7871dfba34ba0309d41356bb19e8e3795914d?s=96&d=mm&r=g","contentUrl":"https:\/\/secure.gravatar.com\/avatar\/2bed02e9a515199a35221b37b3e7871dfba34ba0309d41356bb19e8e3795914d?s=96&d=mm&r=g","caption":"Bojan Atanasov"},"sameAs":["https:\/\/lumovo.ch"],"url":"https:\/\/nisacar.ch\/it\/author\/atanasov1995\/"}]}},"jetpack_featured_media_url":"https:\/\/i0.wp.com\/nisacar.ch\/wp-content\/uploads\/2026\/03\/Profiltiefe-Reifen-Schweiz-Profiltiefe-Reifen-Schweiz-Welche-Mindestprofiltiefe-gesetzlich-vorgeschrieben-ist-und-wann-Reifen-aus-Sicherheitsgrunden-gewechselt-werden-sollten.-Category-Reifen-B.jpg?fit=1200%2C850&ssl=1","jetpack_sharing_enabled":true,"_links":{"self":[{"href":"https:\/\/nisacar.ch\/it\/wp-json\/wp\/v2\/posts\/2629","targetHints":{"allow":["GET"]}}],"collection":[{"href":"https:\/\/nisacar.ch\/it\/wp-json\/wp\/v2\/posts"}],"about":[{"href":"https:\/\/nisacar.ch\/it\/wp-json\/wp\/v2\/types\/post"}],"author":[{"embeddable":true,"href":"https:\/\/nisacar.ch\/it\/wp-json\/wp\/v2\/users\/2"}],"replies":[{"embeddable":true,"href":"https:\/\/nisacar.ch\/it\/wp-json\/wp\/v2\/comments?post=2629"}],"version-history":[{"count":2,"href":"https:\/\/nisacar.ch\/it\/wp-json\/wp\/v2\/posts\/2629\/revisions"}],"predecessor-version":[{"id":2632,"href":"https:\/\/nisacar.ch\/it\/wp-json\/wp\/v2\/posts\/2629\/revisions\/2632"}],"wp:featuredmedia":[{"embeddable":true,"href":"https:\/\/nisacar.ch\/it\/wp-json\/wp\/v2\/media\/2630"}],"wp:attachment":[{"href":"https:\/\/nisacar.ch\/it\/wp-json\/wp\/v2\/media?parent=2629"}],"wp:term":[{"taxonomy":"category","embeddable":true,"href":"https:\/\/nisacar.ch\/it\/wp-json\/wp\/v2\/categories?post=2629"},{"taxonomy":"post_tag","embeddable":true,"href":"https:\/\/nisacar.ch\/it\/wp-json\/wp\/v2\/tags?post=2629"}],"curies":[{"name":"wp","href":"https:\/\/api.w.org\/{rel}","templated":true}]}}