{"id":2580,"date":"2026-03-04T13:39:43","date_gmt":"2026-03-04T12:39:43","guid":{"rendered":"https:\/\/nisacar.ch\/?p=2580"},"modified":"2026-03-09T13:43:11","modified_gmt":"2026-03-09T12:43:11","slug":"auto-innenreinigung-emmen-kriens","status":"publish","type":"post","link":"https:\/\/nisacar.ch\/it\/auto-innenreinigung-emmen-kriens\/","title":{"rendered":"Auto Innenreinigung Emmen &#038; Kriens \u2013 Sauberer Innenraum f\u00fcr mehr Komfort"},"content":{"rendered":"\n<p class=\"\">Der Innenraum eines Autos wird t\u00e4glich stark beansprucht. Staub, Schmutz, Essensreste oder Feuchtigkeit k\u00f6nnen sich schnell im Fahrzeug ansammeln. Eine regelm\u00e4\u00dfige Innenreinigung sorgt nicht nur f\u00fcr mehr Komfort, sondern tr\u00e4gt auch zur Werterhaltung des Fahrzeugs bei.<\/p>\n\n\n\n<p class=\"\">Gerade in der Region Emmen, Kriens und Luzern nutzen viele Menschen ihr Fahrzeug t\u00e4glich f\u00fcr Arbeit oder Freizeit. Deshalb lohnt sich eine gr\u00fcndliche Reinigung des Innenraums.<\/p>\n\n\n\n<h2 class=\"wp-block-heading\">Warum ist eine Innenreinigung wichtig?<\/h2>\n\n\n\n<p class=\"\">Ein sauberer Innenraum verbessert nicht nur das Fahrerlebnis, sondern sorgt auch f\u00fcr mehr Hygiene im Fahrzeug. Besonders Teppiche, Sitze und Kunststofffl\u00e4chen sammeln im Alltag viele Verschmutzungen.<\/p>\n\n\n\n<p class=\"\">Eine professionelle <a href=\"https:\/\/nisacar.ch\/leistungen\/autoaufbereitung-detailing\/\">Autoaufbereitung &amp; Detailing<\/a> umfasst meist auch eine gr\u00fcndliche Innenreinigung.<\/p>\n\n\n\n<h2 class=\"wp-block-heading\">Welche Bereiche werden gereinigt?<\/h2>\n\n\n\n<p class=\"\">Bei einer professionellen Innenreinigung werden mehrere Bereiche des Fahrzeugs gr\u00fcndlich gereinigt.<\/p>\n\n\n\n<ul class=\"wp-block-list\">\n<li class=\"\">Sitze und Polster<\/li>\n\n\n\n<li class=\"\">Teppiche und Fu\u00dfmatten<\/li>\n\n\n\n<li class=\"\">Armaturenbrett und Kunststofffl\u00e4chen<\/li>\n\n\n\n<li class=\"\">L\u00fcftungsschlitze<\/li>\n<\/ul>\n\n\n\n<p class=\"\">Durch eine gr\u00fcndliche Reinigung wirkt der Innenraum wieder deutlich gepflegter.<\/p>\n\n\n\n<h2 class=\"wp-block-heading\">Innenreinigung vor dem Fahrzeugverkauf<\/h2>\n\n\n\n<p class=\"\">Ein sauberer Innenraum kann den Wert eines Fahrzeugs deutlich erh\u00f6hen. K\u00e4ufer achten besonders auf den Zustand des Innenraums.<\/p>\n\n\n\n<p class=\"\">Mehr Tipps zum Autoverkauf finden Sie auch in unserem Artikel \u00fcber <a href=\"https:\/\/nisacar.ch\/it\/auto-verkaufen-luzern-bester-preis\/\">Auto verkaufen Luzern<\/a>.<\/p>\n\n\n\n<h2 class=\"wp-block-heading\">Weitere Ma\u00dfnahmen zur Fahrzeugpflege<\/h2>\n\n\n\n<p class=\"\">Neben der Innenreinigung spielt auch die Lackpflege eine wichtige Rolle. Eine professionelle Politur kann den Glanz des Fahrzeugs wiederherstellen.<\/p>\n\n\n\n<p class=\"\">Mehr dar\u00fcber erfahren Sie auch in unserem Artikel \u00fcber <a href=\"https:\/\/nisacar.ch\/it\/autopolitur-sursee-oberkirch\/\">Autopolitur Sursee &amp; Oberkirch<\/a>.<\/p>\n\n\n\n<h2 class=\"wp-block-heading\">Weitere wichtige Fahrzeugservices<\/h2>\n\n\n\n<p class=\"\">Neben der Fahrzeugpflege sollten auch technische Komponenten regelm\u00e4\u00dfig \u00fcberpr\u00fcft werden.<\/p>\n\n\n\n<p class=\"\">Ein professioneller <a href=\"https:\/\/nisacar.ch\/leistungen\/reifen-bremsenservice\/\">Reifen- &amp; Bremsenservice<\/a> sorgt daf\u00fcr, dass Ihr Fahrzeug sicher unterwegs ist.<\/p>\n\n\n\n<p class=\"\">Auch ein <a href=\"https:\/\/nisacar.ch\/leistungen\/scheibenservice\/\">Scheibenservice<\/a> kann Sch\u00e4den an der Windschutzscheibe fr\u00fchzeitig reparieren.<\/p>\n\n\n\n<h2 class=\"wp-block-heading\">Innenreinigung nahe Emmen und Kriens<\/h2>\n\n\n\n<p class=\"\">NISA Car befindet sich in Schenkon und betreut Kunden aus Emmen, Kriens, Luzern und der gesamten Region. Das Team bietet professionelle Fahrzeugpflege sowie weitere Dienstleistungen rund ums Auto.<\/p>\n\n\n\n<p class=\"\">Wenn Sie au\u00dferdem ein Fahrzeug suchen, k\u00f6nnen Sie sich die aktuellen <a href=\"https:\/\/nisacar.ch\/automobile\/\">Occasion Fahrzeuge<\/a> ansehen.<\/p>\n\n\n\n<p class=\"\">F\u00fcr eine Beratung oder Terminvereinbarung k\u00f6nnen Sie jederzeit <a href=\"https:\/\/nisacar.ch\/kontakt\/\">Kontakt mit NISA Car aufnehmen<\/a>.<\/p>\n\n\n\n<p class=\"\">Mehr \u00fcber das Unternehmen erfahren Sie auf der Seite <a href=\"https:\/\/nisacar.ch\/uber-uns\/\">\u00dcber uns<\/a>.<\/p>\n\n\n\n<h3 class=\"wp-block-heading\">Weitere hilfreiche Artikel<\/h3>\n\n\n\n<ul class=\"wp-block-list\">\n<li class=\"\"><a href=\"https:\/\/nisacar.ch\/it\/autoaufbereitung-emmen-kriens\/\">Autoaufbereitung Emmen &amp; Kriens<\/a><\/li>\n\n\n\n<li class=\"\"><a href=\"https:\/\/nisacar.ch\/it\/fahrzeugaufbereitung-vor-verkauf\/\">Fahrzeugaufbereitung vor Verkauf<\/a><\/li>\n\n\n\n<li class=\"\"><a href=\"https:\/\/nisacar.ch\/it\/bremsenservice-sursee-sempach\/\">Bremsenservice Sursee &amp; Sempach<\/a><\/li>\n<\/ul>\n\n\n\n<hr class=\"wp-block-separator has-alpha-channel-opacity\"\/>\n\n\n\n<p class=\"\"><strong>Kategorie:<\/strong> Autoaufbereitung<\/p>\n\n\n\n<p class=\"\"><strong>Tags:<\/strong> Innenreinigung Auto, Fahrzeugpflege, Autoaufbereitung, Detailing, Emmen<\/p>\n\n\n\n<p class=\"\"><\/p>\n","protected":false},"excerpt":{"rendered":"<p>Der Innenraum eines Autos wird t\u00e4glich stark beansprucht. Staub, Schmutz, Essensreste oder Feuchtigkeit k\u00f6nnen sich schnell im Fahrzeug ansammeln. Eine regelm\u00e4\u00dfige Innenreinigung sorgt nicht nur f\u00fcr<span class=\"excerpt-hellip\"> [\u2026]<\/span><\/p>\n","protected":false},"author":2,"featured_media":2581,"comment_status":"closed","ping_status":"closed","sticky":false,"template":"","format":"standard","meta":{"_acf_changed":false,"nf_dc_page":"","_jetpack_memberships_contains_paid_content":false,"footnotes":""},"categories":[20],"tags":[35,71,41,72,55],"class_list":["post-2580","post","type-post","status-publish","format-standard","has-post-thumbnail","hentry","category-autoaufbereitung","tag-autoaufbereitung","tag-detailing","tag-fahrzeugpflege","tag-innenreinigung-auto","tag-luzern"],"acf":[],"yoast_head":"<!-- This site is optimized with the Yoast SEO plugin v27.5 - https:\/\/yoast.com\/product\/yoast-seo-wordpress\/ -->\n<title>Auto Innenreinigung Emmen &amp; Kriens \u2013 Sauberer Innenraum<\/title>\n<meta name=\"description\" content=\"Auto Innenreinigung Emmen &amp; Kriens: Warum eine professionelle Innenreinigung den Komfort und Wert Ihres Fahrzeugs verbessert.\" \/>\n<meta name=\"robots\" content=\"index, follow, max-snippet:-1, max-image-preview:large, max-video-preview:-1\" \/>\n<link rel=\"canonical\" href=\"https:\/\/nisacar.ch\/it\/auto-innenreinigung-emmen-kriens\/\" \/>\n<meta property=\"og:locale\" content=\"it_IT\" \/>\n<meta property=\"og:type\" content=\"article\" \/>\n<meta property=\"og:title\" content=\"Auto Innenreinigung Emmen &amp; Kriens \u2013 Sauberer Innenraum\" \/>\n<meta property=\"og:description\" content=\"Auto Innenreinigung Emmen &amp; Kriens: Warum eine professionelle Innenreinigung den Komfort und Wert Ihres Fahrzeugs verbessert.\" \/>\n<meta property=\"og:url\" content=\"https:\/\/nisacar.ch\/it\/auto-innenreinigung-emmen-kriens\/\" \/>\n<meta property=\"og:site_name\" content=\"NISA Car\" \/>\n<meta property=\"article:publisher\" content=\"https:\/\/www.facebook.com\/nisacar.ch1\" \/>\n<meta property=\"article:published_time\" content=\"2026-03-04T12:39:43+00:00\" \/>\n<meta property=\"article:modified_time\" content=\"2026-03-09T12:43:11+00:00\" \/>\n<meta property=\"og:image\" content=\"https:\/\/nisacar.ch\/wp-content\/uploads\/2026\/03\/Auto-Innenreinigung-Emmen-Kriens-Autoaufbereitung-Tags-Innenreinigung-Auto-Fahrzeugpflege-Autoaufbereitung-Detailing-Emmen.jpg\" \/>\n\t<meta property=\"og:image:width\" content=\"1200\" \/>\n\t<meta property=\"og:image:height\" content=\"850\" \/>\n\t<meta property=\"og:image:type\" content=\"image\/jpeg\" \/>\n<meta name=\"author\" content=\"Bojan Atanasov\" \/>\n<meta name=\"twitter:card\" content=\"summary_large_image\" \/>\n<meta name=\"twitter:label1\" content=\"Scritto da\" \/>\n\t<meta name=\"twitter:data1\" content=\"Bojan Atanasov\" \/>\n\t<meta name=\"twitter:label2\" content=\"Tempo di lettura stimato\" \/>\n\t<meta name=\"twitter:data2\" content=\"2 minuti\" \/>\n<script type=\"application\/ld+json\" class=\"yoast-schema-graph\">{\"@context\":\"https:\\\/\\\/schema.org\",\"@graph\":[{\"@type\":\"Article\",\"@id\":\"https:\\\/\\\/nisacar.ch\\\/it\\\/auto-innenreinigung-emmen-kriens\\\/#article\",\"isPartOf\":{\"@id\":\"https:\\\/\\\/nisacar.ch\\\/it\\\/auto-innenreinigung-emmen-kriens\\\/\"},\"author\":{\"name\":\"Bojan Atanasov\",\"@id\":\"https:\\\/\\\/nisacar.ch\\\/it\\\/#\\\/schema\\\/person\\\/d92360346fc54e6f3ccb5f67baa14403\"},\"headline\":\"Auto Innenreinigung Emmen &#038; Kriens \u2013 Sauberer Innenraum f\u00fcr mehr Komfort\",\"datePublished\":\"2026-03-04T12:39:43+00:00\",\"dateModified\":\"2026-03-09T12:43:11+00:00\",\"mainEntityOfPage\":{\"@id\":\"https:\\\/\\\/nisacar.ch\\\/it\\\/auto-innenreinigung-emmen-kriens\\\/\"},\"wordCount\":380,\"publisher\":{\"@id\":\"https:\\\/\\\/nisacar.ch\\\/it\\\/#organization\"},\"image\":{\"@id\":\"https:\\\/\\\/nisacar.ch\\\/it\\\/auto-innenreinigung-emmen-kriens\\\/#primaryimage\"},\"thumbnailUrl\":\"https:\\\/\\\/i0.wp.com\\\/nisacar.ch\\\/wp-content\\\/uploads\\\/2026\\\/03\\\/Auto-Innenreinigung-Emmen-Kriens-Autoaufbereitung-Tags-Innenreinigung-Auto-Fahrzeugpflege-Autoaufbereitung-Detailing-Emmen.jpg?fit=1200%2C850&ssl=1\",\"keywords\":[\"Autoaufbereitung\",\"Detailing\",\"Fahrzeugpflege\",\"Innenreinigung Auto\",\"Luzern\"],\"articleSection\":[\"Autoaufbereitung\"],\"inLanguage\":\"it-IT\"},{\"@type\":\"WebPage\",\"@id\":\"https:\\\/\\\/nisacar.ch\\\/it\\\/auto-innenreinigung-emmen-kriens\\\/\",\"url\":\"https:\\\/\\\/nisacar.ch\\\/it\\\/auto-innenreinigung-emmen-kriens\\\/\",\"name\":\"Auto Innenreinigung Emmen & Kriens \u2013 Sauberer Innenraum\",\"isPartOf\":{\"@id\":\"https:\\\/\\\/nisacar.ch\\\/it\\\/#website\"},\"primaryImageOfPage\":{\"@id\":\"https:\\\/\\\/nisacar.ch\\\/it\\\/auto-innenreinigung-emmen-kriens\\\/#primaryimage\"},\"image\":{\"@id\":\"https:\\\/\\\/nisacar.ch\\\/it\\\/auto-innenreinigung-emmen-kriens\\\/#primaryimage\"},\"thumbnailUrl\":\"https:\\\/\\\/i0.wp.com\\\/nisacar.ch\\\/wp-content\\\/uploads\\\/2026\\\/03\\\/Auto-Innenreinigung-Emmen-Kriens-Autoaufbereitung-Tags-Innenreinigung-Auto-Fahrzeugpflege-Autoaufbereitung-Detailing-Emmen.jpg?fit=1200%2C850&ssl=1\",\"datePublished\":\"2026-03-04T12:39:43+00:00\",\"dateModified\":\"2026-03-09T12:43:11+00:00\",\"description\":\"Auto Innenreinigung Emmen & Kriens: Warum eine professionelle Innenreinigung den Komfort und Wert Ihres Fahrzeugs verbessert.\",\"breadcrumb\":{\"@id\":\"https:\\\/\\\/nisacar.ch\\\/it\\\/auto-innenreinigung-emmen-kriens\\\/#breadcrumb\"},\"inLanguage\":\"it-IT\",\"potentialAction\":[{\"@type\":\"ReadAction\",\"target\":[\"https:\\\/\\\/nisacar.ch\\\/it\\\/auto-innenreinigung-emmen-kriens\\\/\"]}]},{\"@type\":\"ImageObject\",\"inLanguage\":\"it-IT\",\"@id\":\"https:\\\/\\\/nisacar.ch\\\/it\\\/auto-innenreinigung-emmen-kriens\\\/#primaryimage\",\"url\":\"https:\\\/\\\/i0.wp.com\\\/nisacar.ch\\\/wp-content\\\/uploads\\\/2026\\\/03\\\/Auto-Innenreinigung-Emmen-Kriens-Autoaufbereitung-Tags-Innenreinigung-Auto-Fahrzeugpflege-Autoaufbereitung-Detailing-Emmen.jpg?fit=1200%2C850&ssl=1\",\"contentUrl\":\"https:\\\/\\\/i0.wp.com\\\/nisacar.ch\\\/wp-content\\\/uploads\\\/2026\\\/03\\\/Auto-Innenreinigung-Emmen-Kriens-Autoaufbereitung-Tags-Innenreinigung-Auto-Fahrzeugpflege-Autoaufbereitung-Detailing-Emmen.jpg?fit=1200%2C850&ssl=1\",\"width\":1200,\"height\":850,\"caption\":\"Auto Innenreinigung Emmen Kriens Autoaufbereitung Tags Innenreinigung Auto, Fahrzeugpflege, Autoaufbereitung, Detailing, Emmen\"},{\"@type\":\"BreadcrumbList\",\"@id\":\"https:\\\/\\\/nisacar.ch\\\/it\\\/auto-innenreinigung-emmen-kriens\\\/#breadcrumb\",\"itemListElement\":[{\"@type\":\"ListItem\",\"position\":1,\"name\":\"Home\",\"item\":\"https:\\\/\\\/nisacar.ch\\\/it\\\/\"},{\"@type\":\"ListItem\",\"position\":2,\"name\":\"Auto Innenreinigung Emmen &#038; Kriens \u2013 Sauberer Innenraum f\u00fcr mehr Komfort\"}]},{\"@type\":\"WebSite\",\"@id\":\"https:\\\/\\\/nisacar.ch\\\/it\\\/#website\",\"url\":\"https:\\\/\\\/nisacar.ch\\\/it\\\/\",\"name\":\"NISA Car\",\"description\":\"Perfekte Pflege. Faire Preise. Schweizer Qualit\u00e4t.\",\"publisher\":{\"@id\":\"https:\\\/\\\/nisacar.ch\\\/it\\\/#organization\"},\"potentialAction\":[{\"@type\":\"SearchAction\",\"target\":{\"@type\":\"EntryPoint\",\"urlTemplate\":\"https:\\\/\\\/nisacar.ch\\\/it\\\/?s={search_term_string}\"},\"query-input\":{\"@type\":\"PropertyValueSpecification\",\"valueRequired\":true,\"valueName\":\"search_term_string\"}}],\"inLanguage\":\"it-IT\"},{\"@type\":\"Organization\",\"@id\":\"https:\\\/\\\/nisacar.ch\\\/it\\\/#organization\",\"name\":\"NISA Car Angelov\",\"url\":\"https:\\\/\\\/nisacar.ch\\\/it\\\/\",\"logo\":{\"@type\":\"ImageObject\",\"inLanguage\":\"it-IT\",\"@id\":\"https:\\\/\\\/nisacar.ch\\\/it\\\/#\\\/schema\\\/logo\\\/image\\\/\",\"url\":\"https:\\\/\\\/i0.wp.com\\\/nisacar.ch\\\/wp-content\\\/uploads\\\/2025\\\/10\\\/cropped-za_autoscout-removebg-preview-Copy.png?fit=420%2C150&ssl=1\",\"contentUrl\":\"https:\\\/\\\/i0.wp.com\\\/nisacar.ch\\\/wp-content\\\/uploads\\\/2025\\\/10\\\/cropped-za_autoscout-removebg-preview-Copy.png?fit=420%2C150&ssl=1\",\"width\":420,\"height\":150,\"caption\":\"NISA Car Angelov\"},\"image\":{\"@id\":\"https:\\\/\\\/nisacar.ch\\\/it\\\/#\\\/schema\\\/logo\\\/image\\\/\"},\"sameAs\":[\"https:\\\/\\\/www.facebook.com\\\/nisacar.ch1\",\"https:\\\/\\\/www.instagram.com\\\/nisacar_ch\\\/\"]},{\"@type\":\"Person\",\"@id\":\"https:\\\/\\\/nisacar.ch\\\/it\\\/#\\\/schema\\\/person\\\/d92360346fc54e6f3ccb5f67baa14403\",\"name\":\"Bojan Atanasov\",\"image\":{\"@type\":\"ImageObject\",\"inLanguage\":\"it-IT\",\"@id\":\"https:\\\/\\\/secure.gravatar.com\\\/avatar\\\/2bed02e9a515199a35221b37b3e7871dfba34ba0309d41356bb19e8e3795914d?s=96&d=mm&r=g\",\"url\":\"https:\\\/\\\/secure.gravatar.com\\\/avatar\\\/2bed02e9a515199a35221b37b3e7871dfba34ba0309d41356bb19e8e3795914d?s=96&d=mm&r=g\",\"contentUrl\":\"https:\\\/\\\/secure.gravatar.com\\\/avatar\\\/2bed02e9a515199a35221b37b3e7871dfba34ba0309d41356bb19e8e3795914d?s=96&d=mm&r=g\",\"caption\":\"Bojan Atanasov\"},\"sameAs\":[\"https:\\\/\\\/lumovo.ch\"],\"url\":\"https:\\\/\\\/nisacar.ch\\\/it\\\/author\\\/atanasov1995\\\/\"}]}<\/script>\n<!-- \/ Yoast SEO plugin. -->","yoast_head_json":{"title":"Auto Innenreinigung Emmen & Kriens \u2013 Sauberer Innenraum","description":"Auto Innenreinigung Emmen & Kriens: Warum eine professionelle Innenreinigung den Komfort und Wert Ihres Fahrzeugs verbessert.","robots":{"index":"index","follow":"follow","max-snippet":"max-snippet:-1","max-image-preview":"max-image-preview:large","max-video-preview":"max-video-preview:-1"},"canonical":"https:\/\/nisacar.ch\/it\/auto-innenreinigung-emmen-kriens\/","og_locale":"it_IT","og_type":"article","og_title":"Auto Innenreinigung Emmen & Kriens \u2013 Sauberer Innenraum","og_description":"Auto Innenreinigung Emmen & Kriens: Warum eine professionelle Innenreinigung den Komfort und Wert Ihres Fahrzeugs verbessert.","og_url":"https:\/\/nisacar.ch\/it\/auto-innenreinigung-emmen-kriens\/","og_site_name":"NISA Car","article_publisher":"https:\/\/www.facebook.com\/nisacar.ch1","article_published_time":"2026-03-04T12:39:43+00:00","article_modified_time":"2026-03-09T12:43:11+00:00","og_image":[{"width":1200,"height":850,"url":"https:\/\/nisacar.ch\/wp-content\/uploads\/2026\/03\/Auto-Innenreinigung-Emmen-Kriens-Autoaufbereitung-Tags-Innenreinigung-Auto-Fahrzeugpflege-Autoaufbereitung-Detailing-Emmen.jpg","type":"image\/jpeg"}],"author":"Bojan Atanasov","twitter_card":"summary_large_image","twitter_misc":{"Scritto da":"Bojan Atanasov","Tempo di lettura stimato":"2 minuti"},"schema":{"@context":"https:\/\/schema.org","@graph":[{"@type":"Article","@id":"https:\/\/nisacar.ch\/it\/auto-innenreinigung-emmen-kriens\/#article","isPartOf":{"@id":"https:\/\/nisacar.ch\/it\/auto-innenreinigung-emmen-kriens\/"},"author":{"name":"Bojan Atanasov","@id":"https:\/\/nisacar.ch\/it\/#\/schema\/person\/d92360346fc54e6f3ccb5f67baa14403"},"headline":"Auto Innenreinigung Emmen &#038; Kriens \u2013 Sauberer Innenraum f\u00fcr mehr Komfort","datePublished":"2026-03-04T12:39:43+00:00","dateModified":"2026-03-09T12:43:11+00:00","mainEntityOfPage":{"@id":"https:\/\/nisacar.ch\/it\/auto-innenreinigung-emmen-kriens\/"},"wordCount":380,"publisher":{"@id":"https:\/\/nisacar.ch\/it\/#organization"},"image":{"@id":"https:\/\/nisacar.ch\/it\/auto-innenreinigung-emmen-kriens\/#primaryimage"},"thumbnailUrl":"https:\/\/i0.wp.com\/nisacar.ch\/wp-content\/uploads\/2026\/03\/Auto-Innenreinigung-Emmen-Kriens-Autoaufbereitung-Tags-Innenreinigung-Auto-Fahrzeugpflege-Autoaufbereitung-Detailing-Emmen.jpg?fit=1200%2C850&ssl=1","keywords":["Autoaufbereitung","Detailing","Fahrzeugpflege","Innenreinigung Auto","Luzern"],"articleSection":["Autoaufbereitung"],"inLanguage":"it-IT"},{"@type":"WebPage","@id":"https:\/\/nisacar.ch\/it\/auto-innenreinigung-emmen-kriens\/","url":"https:\/\/nisacar.ch\/it\/auto-innenreinigung-emmen-kriens\/","name":"Auto Innenreinigung Emmen & Kriens \u2013 Sauberer Innenraum","isPartOf":{"@id":"https:\/\/nisacar.ch\/it\/#website"},"primaryImageOfPage":{"@id":"https:\/\/nisacar.ch\/it\/auto-innenreinigung-emmen-kriens\/#primaryimage"},"image":{"@id":"https:\/\/nisacar.ch\/it\/auto-innenreinigung-emmen-kriens\/#primaryimage"},"thumbnailUrl":"https:\/\/i0.wp.com\/nisacar.ch\/wp-content\/uploads\/2026\/03\/Auto-Innenreinigung-Emmen-Kriens-Autoaufbereitung-Tags-Innenreinigung-Auto-Fahrzeugpflege-Autoaufbereitung-Detailing-Emmen.jpg?fit=1200%2C850&ssl=1","datePublished":"2026-03-04T12:39:43+00:00","dateModified":"2026-03-09T12:43:11+00:00","description":"Auto Innenreinigung Emmen & Kriens: Warum eine professionelle Innenreinigung den Komfort und Wert Ihres Fahrzeugs verbessert.","breadcrumb":{"@id":"https:\/\/nisacar.ch\/it\/auto-innenreinigung-emmen-kriens\/#breadcrumb"},"inLanguage":"it-IT","potentialAction":[{"@type":"ReadAction","target":["https:\/\/nisacar.ch\/it\/auto-innenreinigung-emmen-kriens\/"]}]},{"@type":"ImageObject","inLanguage":"it-IT","@id":"https:\/\/nisacar.ch\/it\/auto-innenreinigung-emmen-kriens\/#primaryimage","url":"https:\/\/i0.wp.com\/nisacar.ch\/wp-content\/uploads\/2026\/03\/Auto-Innenreinigung-Emmen-Kriens-Autoaufbereitung-Tags-Innenreinigung-Auto-Fahrzeugpflege-Autoaufbereitung-Detailing-Emmen.jpg?fit=1200%2C850&ssl=1","contentUrl":"https:\/\/i0.wp.com\/nisacar.ch\/wp-content\/uploads\/2026\/03\/Auto-Innenreinigung-Emmen-Kriens-Autoaufbereitung-Tags-Innenreinigung-Auto-Fahrzeugpflege-Autoaufbereitung-Detailing-Emmen.jpg?fit=1200%2C850&ssl=1","width":1200,"height":850,"caption":"Auto Innenreinigung Emmen Kriens Autoaufbereitung Tags Innenreinigung Auto, Fahrzeugpflege, Autoaufbereitung, Detailing, Emmen"},{"@type":"BreadcrumbList","@id":"https:\/\/nisacar.ch\/it\/auto-innenreinigung-emmen-kriens\/#breadcrumb","itemListElement":[{"@type":"ListItem","position":1,"name":"Home","item":"https:\/\/nisacar.ch\/it\/"},{"@type":"ListItem","position":2,"name":"Auto Innenreinigung Emmen &#038; Kriens \u2013 Sauberer Innenraum f\u00fcr mehr Komfort"}]},{"@type":"WebSite","@id":"https:\/\/nisacar.ch\/it\/#website","url":"https:\/\/nisacar.ch\/it\/","name":"NISA Car","description":"Perfekte Pflege. Faire Preise. Schweizer Qualit\u00e4t.","publisher":{"@id":"https:\/\/nisacar.ch\/it\/#organization"},"potentialAction":[{"@type":"SearchAction","target":{"@type":"EntryPoint","urlTemplate":"https:\/\/nisacar.ch\/it\/?s={search_term_string}"},"query-input":{"@type":"PropertyValueSpecification","valueRequired":true,"valueName":"search_term_string"}}],"inLanguage":"it-IT"},{"@type":"Organization","@id":"https:\/\/nisacar.ch\/it\/#organization","name":"NISA Car Angelov","url":"https:\/\/nisacar.ch\/it\/","logo":{"@type":"ImageObject","inLanguage":"it-IT","@id":"https:\/\/nisacar.ch\/it\/#\/schema\/logo\/image\/","url":"https:\/\/i0.wp.com\/nisacar.ch\/wp-content\/uploads\/2025\/10\/cropped-za_autoscout-removebg-preview-Copy.png?fit=420%2C150&ssl=1","contentUrl":"https:\/\/i0.wp.com\/nisacar.ch\/wp-content\/uploads\/2025\/10\/cropped-za_autoscout-removebg-preview-Copy.png?fit=420%2C150&ssl=1","width":420,"height":150,"caption":"NISA Car Angelov"},"image":{"@id":"https:\/\/nisacar.ch\/it\/#\/schema\/logo\/image\/"},"sameAs":["https:\/\/www.facebook.com\/nisacar.ch1","https:\/\/www.instagram.com\/nisacar_ch\/"]},{"@type":"Person","@id":"https:\/\/nisacar.ch\/it\/#\/schema\/person\/d92360346fc54e6f3ccb5f67baa14403","name":"Bojan Atanasov","image":{"@type":"ImageObject","inLanguage":"it-IT","@id":"https:\/\/secure.gravatar.com\/avatar\/2bed02e9a515199a35221b37b3e7871dfba34ba0309d41356bb19e8e3795914d?s=96&d=mm&r=g","url":"https:\/\/secure.gravatar.com\/avatar\/2bed02e9a515199a35221b37b3e7871dfba34ba0309d41356bb19e8e3795914d?s=96&d=mm&r=g","contentUrl":"https:\/\/secure.gravatar.com\/avatar\/2bed02e9a515199a35221b37b3e7871dfba34ba0309d41356bb19e8e3795914d?s=96&d=mm&r=g","caption":"Bojan Atanasov"},"sameAs":["https:\/\/lumovo.ch"],"url":"https:\/\/nisacar.ch\/it\/author\/atanasov1995\/"}]}},"jetpack_featured_media_url":"https:\/\/i0.wp.com\/nisacar.ch\/wp-content\/uploads\/2026\/03\/Auto-Innenreinigung-Emmen-Kriens-Autoaufbereitung-Tags-Innenreinigung-Auto-Fahrzeugpflege-Autoaufbereitung-Detailing-Emmen.jpg?fit=1200%2C850&ssl=1","jetpack_sharing_enabled":true,"_links":{"self":[{"href":"https:\/\/nisacar.ch\/it\/wp-json\/wp\/v2\/posts\/2580","targetHints":{"allow":["GET"]}}],"collection":[{"href":"https:\/\/nisacar.ch\/it\/wp-json\/wp\/v2\/posts"}],"about":[{"href":"https:\/\/nisacar.ch\/it\/wp-json\/wp\/v2\/types\/post"}],"author":[{"embeddable":true,"href":"https:\/\/nisacar.ch\/it\/wp-json\/wp\/v2\/users\/2"}],"replies":[{"embeddable":true,"href":"https:\/\/nisacar.ch\/it\/wp-json\/wp\/v2\/comments?post=2580"}],"version-history":[{"count":2,"href":"https:\/\/nisacar.ch\/it\/wp-json\/wp\/v2\/posts\/2580\/revisions"}],"predecessor-version":[{"id":2583,"href":"https:\/\/nisacar.ch\/it\/wp-json\/wp\/v2\/posts\/2580\/revisions\/2583"}],"wp:featuredmedia":[{"embeddable":true,"href":"https:\/\/nisacar.ch\/it\/wp-json\/wp\/v2\/media\/2581"}],"wp:attachment":[{"href":"https:\/\/nisacar.ch\/it\/wp-json\/wp\/v2\/media?parent=2580"}],"wp:term":[{"taxonomy":"category","embeddable":true,"href":"https:\/\/nisacar.ch\/it\/wp-json\/wp\/v2\/categories?post=2580"},{"taxonomy":"post_tag","embeddable":true,"href":"https:\/\/nisacar.ch\/it\/wp-json\/wp\/v2\/tags?post=2580"}],"curies":[{"name":"wp","href":"https:\/\/api.w.org\/{rel}","templated":true}]}}