{"id":2537,"date":"2026-02-22T12:47:44","date_gmt":"2026-02-22T11:47:44","guid":{"rendered":"https:\/\/nisacar.ch\/?p=2537"},"modified":"2026-03-09T13:14:23","modified_gmt":"2026-03-09T12:14:23","slug":"autoaufbereitung-emmen-kriens","status":"publish","type":"post","link":"https:\/\/nisacar.ch\/it\/autoaufbereitung-emmen-kriens\/","title":{"rendered":"Autoaufbereitung Emmen &#038; Kriens \u2013 Professionelle Fahrzeugpflege"},"content":{"rendered":"\n<p class=\"\">Eine regelm\u00e4\u00dfige Autoaufbereitung sorgt nicht nur f\u00fcr ein sauberes Fahrzeug, sondern tr\u00e4gt auch zur Werterhaltung bei. Besonders in der Region Emmen, Kriens und Luzern nutzen viele Autofahrer ihr Fahrzeug t\u00e4glich, wodurch sich Schmutz und Abnutzung schnell bemerkbar machen.<\/p>\n\n\n\n<p class=\"\">Eine professionelle Fahrzeugpflege entfernt hartn\u00e4ckige Verschmutzungen, sch\u00fctzt den Lack und sorgt daf\u00fcr, dass Ihr Fahrzeug optisch wieder wie neu wirkt.<\/p>\n\n\n\n<h2 class=\"wp-block-heading\">Was geh\u00f6rt zu einer professionellen Autoaufbereitung?<\/h2>\n\n\n\n<p class=\"\">Bei einer Autoaufbereitung wird das Fahrzeug sowohl innen als auch au\u00dfen gr\u00fcndlich gereinigt und gepflegt. Dazu geh\u00f6ren mehrere Schritte, die \u00fcber eine normale Autow\u00e4sche hinausgehen.<\/p>\n\n\n\n<ul class=\"wp-block-list\">\n<li class=\"\">gr\u00fcndliche Fahrzeugw\u00e4sche<\/li>\n\n\n\n<li class=\"\">Lackreinigung und Politur<\/li>\n\n\n\n<li class=\"\">Innenreinigung von Sitzen und Teppichen<\/li>\n\n\n\n<li class=\"\">Pflege von Kunststoff- und Lederfl\u00e4chen<\/li>\n<\/ul>\n\n\n\n<p class=\"\">Eine professionelle <a href=\"https:\/\/nisacar.ch\/leistungen\/autoaufbereitung-detailing\/\">Autoaufbereitung &amp; Detailing<\/a> kann das Erscheinungsbild eines Fahrzeugs deutlich verbessern.<\/p>\n\n\n\n<h2 class=\"wp-block-heading\">Warum ist Fahrzeugpflege wichtig?<\/h2>\n\n\n\n<p class=\"\">Der Lack eines Autos ist t\u00e4glich verschiedenen Umwelteinfl\u00fcssen ausgesetzt. Stra\u00dfenschmutz, Salz im Winter oder UV-Strahlung k\u00f6nnen den Lack langfristig besch\u00e4digen.<\/p>\n\n\n\n<p class=\"\">Durch regelm\u00e4\u00dfige Pflege bleibt der Lack gesch\u00fctzt und das Fahrzeug beh\u00e4lt seinen Wert.<\/p>\n\n\n\n<p class=\"\">Mehr \u00fcber Lackpflege erfahren Sie auch in unserem Artikel \u00fcber <a href=\"https:\/\/nisacar.ch\/it\/autopolitur-luzern-lack-wieder-glaenzen\/\">Autopolitur Luzern<\/a>.<\/p>\n\n\n\n<h2 class=\"wp-block-heading\">Innenreinigung f\u00fcr mehr Komfort<\/h2>\n\n\n\n<p class=\"\">Neben der Au\u00dfenpflege spielt auch der Innenraum eine wichtige Rolle. Staub, Schmutz und Essensreste k\u00f6nnen sich schnell ansammeln.<\/p>\n\n\n\n<p class=\"\">Eine professionelle Innenreinigung sorgt f\u00fcr:<\/p>\n\n\n\n<ul class=\"wp-block-list\">\n<li class=\"\">saubere Sitze und Teppiche<\/li>\n\n\n\n<li class=\"\">hygienische Oberfl\u00e4chen<\/li>\n\n\n\n<li class=\"\">angenehmen Fahrzeuggeruch<\/li>\n\n\n\n<li class=\"\">besseren Fahrkomfort<\/li>\n<\/ul>\n\n\n\n<p class=\"\">Mehr dar\u00fcber erfahren Sie auch in unserem Artikel \u00fcber <a href=\"https:\/\/nisacar.ch\/it\/innenreinigung-auto-luzern\/\">Innenreinigung Auto Luzern<\/a>.<\/p>\n\n\n\n<h2 class=\"wp-block-heading\">Autoaufbereitung vor dem Fahrzeugverkauf<\/h2>\n\n\n\n<p class=\"\">Eine professionelle Fahrzeugaufbereitung kann besonders vor dem Verkauf sinnvoll sein. Ein sauberes und gepflegtes Fahrzeug hinterl\u00e4sst bei potenziellen K\u00e4ufern einen besseren Eindruck.<\/p>\n\n\n\n<p class=\"\">Tipps zum Autoverkauf finden Sie auch in unserem Artikel \u00fcber <a href=\"https:\/\/nisacar.ch\/it\/auto-verkaufen-luzern-bester-preis\/\">Auto verkaufen Luzern<\/a>.<\/p>\n\n\n\n<h2 class=\"wp-block-heading\">Weitere wichtige Fahrzeugservices<\/h2>\n\n\n\n<p class=\"\">Neben der Fahrzeugpflege sollten auch technische Komponenten regelm\u00e4\u00dfig \u00fcberpr\u00fcft werden.<\/p>\n\n\n\n<p class=\"\">Ein professioneller <a href=\"https:\/\/nisacar.ch\/leistungen\/reifen-bremsenservice\/\">Reifen- &amp; Bremsenservice<\/a> sorgt daf\u00fcr, dass Ihr Fahrzeug sicher unterwegs ist.<\/p>\n\n\n\n<p class=\"\">Auch Sch\u00e4den an der Windschutzscheibe sollten fr\u00fchzeitig repariert werden. Ein <a href=\"https:\/\/nisacar.ch\/leistungen\/scheibenservice\/\">Scheibenservice<\/a> kann kleine Sch\u00e4den schnell beheben.<\/p>\n\n\n\n<h2 class=\"wp-block-heading\">Autoaufbereitung nahe Emmen und Kriens<\/h2>\n\n\n\n<p class=\"\">NISA Car befindet sich in Schenkon und betreut Kunden aus Emmen, Kriens, Luzern und der gesamten Region. Das Team bietet professionelle Fahrzeugpflege sowie weitere Dienstleistungen rund ums Auto.<\/p>\n\n\n\n<p class=\"\">Wenn Sie au\u00dferdem nach einem Fahrzeug suchen, k\u00f6nnen Sie sich die aktuellen <a href=\"https:\/\/nisacar.ch\/automobile\/\">Occasion Fahrzeuge<\/a> ansehen.<\/p>\n\n\n\n<p class=\"\">F\u00fcr eine Beratung oder Terminvereinbarung k\u00f6nnen Sie jederzeit <a href=\"https:\/\/nisacar.ch\/kontakt\/\">Kontakt mit NISA Car aufnehmen<\/a>.<\/p>\n\n\n\n<p class=\"\">Mehr \u00fcber das Unternehmen erfahren Sie auf der Seite <a href=\"https:\/\/nisacar.ch\/uber-uns\/\">\u00dcber uns<\/a>.<\/p>\n\n\n\n<h3 class=\"wp-block-heading\">Weitere hilfreiche Artikel<\/h3>\n\n\n\n<ul class=\"wp-block-list\">\n<li class=\"\"><a href=\"https:\/\/nisacar.ch\/it\/innenreinigung-auto-luzern\/\">Innenreinigung Auto Luzern<\/a><\/li>\n\n\n\n<li class=\"\"><a href=\"https:\/\/nisacar.ch\/it\/autopolitur-luzern-lack-wieder-glaenzen\/\">Autopolitur Luzern \u2013 Lack wieder zum Gl\u00e4nzen bringen<\/a><\/li>\n\n\n\n<li class=\"\"><a href=\"https:\/\/nisacar.ch\/it\/reifenservice-luzern-wann-reifen-wechseln\/\">Reifenservice Luzern \u2013 Wann sollten Reifen gewechselt werden?<\/a><\/li>\n<\/ul>\n\n\n\n<hr class=\"wp-block-separator has-alpha-channel-opacity\"\/>\n\n\n\n<p class=\"\"><strong>Kategorie:<\/strong> Autoaufbereitung<\/p>\n\n\n\n<p class=\"\"><strong>Tags:<\/strong> Autoaufbereitung, Fahrzeugpflege, Autopolitur, Detailing, Emmen<\/p>\n","protected":false},"excerpt":{"rendered":"<p>Eine regelm\u00e4\u00dfige Autoaufbereitung sorgt nicht nur f\u00fcr ein sauberes Fahrzeug, sondern tr\u00e4gt auch zur Werterhaltung bei. Besonders in der Region Emmen, Kriens und Luzern nutzen viele<span class=\"excerpt-hellip\"> [\u2026]<\/span><\/p>\n","protected":false},"author":2,"featured_media":2538,"comment_status":"closed","ping_status":"closed","sticky":false,"template":"","format":"standard","meta":{"_acf_changed":false,"nf_dc_page":"","_jetpack_memberships_contains_paid_content":false,"footnotes":""},"categories":[20],"tags":[35,36,71,41,55],"class_list":["post-2537","post","type-post","status-publish","format-standard","has-post-thumbnail","hentry","category-autoaufbereitung","tag-autoaufbereitung","tag-autopolitur","tag-detailing","tag-fahrzeugpflege","tag-luzern"],"acf":[],"yoast_head":"<!-- This site is optimized with the Yoast SEO plugin v27.5 - https:\/\/yoast.com\/product\/yoast-seo-wordpress\/ -->\n<title>Autoaufbereitung Emmen &amp; Kriens \u2013 Fahrzeugpflege<\/title>\n<meta name=\"description\" content=\"Autoaufbereitung Emmen &amp; Kriens: Professionelle Fahrzeugpflege, Innenreinigung und Lackpflege f\u00fcr Werterhalt und perfekten Glanz.\" \/>\n<meta name=\"robots\" content=\"index, follow, max-snippet:-1, max-image-preview:large, max-video-preview:-1\" \/>\n<link rel=\"canonical\" href=\"https:\/\/nisacar.ch\/it\/autoaufbereitung-emmen-kriens\/\" \/>\n<meta property=\"og:locale\" content=\"it_IT\" \/>\n<meta property=\"og:type\" content=\"article\" \/>\n<meta property=\"og:title\" content=\"Autoaufbereitung Emmen &amp; Kriens \u2013 Fahrzeugpflege\" \/>\n<meta property=\"og:description\" content=\"Autoaufbereitung Emmen &amp; Kriens: Professionelle Fahrzeugpflege, Innenreinigung und Lackpflege f\u00fcr Werterhalt und perfekten Glanz.\" \/>\n<meta property=\"og:url\" content=\"https:\/\/nisacar.ch\/it\/autoaufbereitung-emmen-kriens\/\" \/>\n<meta property=\"og:site_name\" content=\"NISA Car\" \/>\n<meta property=\"article:publisher\" content=\"https:\/\/www.facebook.com\/nisacar.ch1\" \/>\n<meta property=\"article:published_time\" content=\"2026-02-22T11:47:44+00:00\" \/>\n<meta property=\"article:modified_time\" content=\"2026-03-09T12:14:23+00:00\" \/>\n<meta property=\"og:image\" content=\"https:\/\/nisacar.ch\/wp-content\/uploads\/2026\/03\/Autoaufbereitung-Emmen-Kriens-Autoaufbereitung-Tags-Autoaufbereitung-Fahrzeugpflege-Autopolitur-Detailing-Emmen-Autoaufbereitung-Emmen-Kriens-Professionelle-Fahrzeugpflege-Innenreinigung-u.jpg\" \/>\n\t<meta property=\"og:image:width\" content=\"1200\" \/>\n\t<meta property=\"og:image:height\" content=\"850\" \/>\n\t<meta property=\"og:image:type\" content=\"image\/jpeg\" \/>\n<meta name=\"author\" content=\"Bojan Atanasov\" \/>\n<meta name=\"twitter:card\" content=\"summary_large_image\" \/>\n<meta name=\"twitter:label1\" content=\"Scritto da\" \/>\n\t<meta name=\"twitter:data1\" content=\"Bojan Atanasov\" \/>\n\t<meta name=\"twitter:label2\" content=\"Tempo di lettura stimato\" \/>\n\t<meta name=\"twitter:data2\" content=\"2 minuti\" \/>\n<script type=\"application\/ld+json\" class=\"yoast-schema-graph\">{\"@context\":\"https:\\\/\\\/schema.org\",\"@graph\":[{\"@type\":\"Article\",\"@id\":\"https:\\\/\\\/nisacar.ch\\\/it\\\/autoaufbereitung-emmen-kriens\\\/#article\",\"isPartOf\":{\"@id\":\"https:\\\/\\\/nisacar.ch\\\/it\\\/autoaufbereitung-emmen-kriens\\\/\"},\"author\":{\"name\":\"Bojan Atanasov\",\"@id\":\"https:\\\/\\\/nisacar.ch\\\/it\\\/#\\\/schema\\\/person\\\/d92360346fc54e6f3ccb5f67baa14403\"},\"headline\":\"Autoaufbereitung Emmen &#038; Kriens \u2013 Professionelle Fahrzeugpflege\",\"datePublished\":\"2026-02-22T11:47:44+00:00\",\"dateModified\":\"2026-03-09T12:14:23+00:00\",\"mainEntityOfPage\":{\"@id\":\"https:\\\/\\\/nisacar.ch\\\/it\\\/autoaufbereitung-emmen-kriens\\\/\"},\"wordCount\":442,\"publisher\":{\"@id\":\"https:\\\/\\\/nisacar.ch\\\/it\\\/#organization\"},\"image\":{\"@id\":\"https:\\\/\\\/nisacar.ch\\\/it\\\/autoaufbereitung-emmen-kriens\\\/#primaryimage\"},\"thumbnailUrl\":\"https:\\\/\\\/i0.wp.com\\\/nisacar.ch\\\/wp-content\\\/uploads\\\/2026\\\/03\\\/Autoaufbereitung-Emmen-Kriens-Autoaufbereitung-Tags-Autoaufbereitung-Fahrzeugpflege-Autopolitur-Detailing-Emmen-Autoaufbereitung-Emmen-Kriens-Professionelle-Fahrzeugpflege-Innenreinigung-u.jpg?fit=1200%2C850&ssl=1\",\"keywords\":[\"Autoaufbereitung\",\"Autopolitur\",\"Detailing\",\"Fahrzeugpflege\",\"Luzern\"],\"articleSection\":[\"Autoaufbereitung\"],\"inLanguage\":\"it-IT\"},{\"@type\":\"WebPage\",\"@id\":\"https:\\\/\\\/nisacar.ch\\\/it\\\/autoaufbereitung-emmen-kriens\\\/\",\"url\":\"https:\\\/\\\/nisacar.ch\\\/it\\\/autoaufbereitung-emmen-kriens\\\/\",\"name\":\"Autoaufbereitung Emmen & Kriens \u2013 Fahrzeugpflege\",\"isPartOf\":{\"@id\":\"https:\\\/\\\/nisacar.ch\\\/it\\\/#website\"},\"primaryImageOfPage\":{\"@id\":\"https:\\\/\\\/nisacar.ch\\\/it\\\/autoaufbereitung-emmen-kriens\\\/#primaryimage\"},\"image\":{\"@id\":\"https:\\\/\\\/nisacar.ch\\\/it\\\/autoaufbereitung-emmen-kriens\\\/#primaryimage\"},\"thumbnailUrl\":\"https:\\\/\\\/i0.wp.com\\\/nisacar.ch\\\/wp-content\\\/uploads\\\/2026\\\/03\\\/Autoaufbereitung-Emmen-Kriens-Autoaufbereitung-Tags-Autoaufbereitung-Fahrzeugpflege-Autopolitur-Detailing-Emmen-Autoaufbereitung-Emmen-Kriens-Professionelle-Fahrzeugpflege-Innenreinigung-u.jpg?fit=1200%2C850&ssl=1\",\"datePublished\":\"2026-02-22T11:47:44+00:00\",\"dateModified\":\"2026-03-09T12:14:23+00:00\",\"description\":\"Autoaufbereitung Emmen & Kriens: Professionelle Fahrzeugpflege, Innenreinigung und Lackpflege f\u00fcr Werterhalt und perfekten Glanz.\",\"breadcrumb\":{\"@id\":\"https:\\\/\\\/nisacar.ch\\\/it\\\/autoaufbereitung-emmen-kriens\\\/#breadcrumb\"},\"inLanguage\":\"it-IT\",\"potentialAction\":[{\"@type\":\"ReadAction\",\"target\":[\"https:\\\/\\\/nisacar.ch\\\/it\\\/autoaufbereitung-emmen-kriens\\\/\"]}]},{\"@type\":\"ImageObject\",\"inLanguage\":\"it-IT\",\"@id\":\"https:\\\/\\\/nisacar.ch\\\/it\\\/autoaufbereitung-emmen-kriens\\\/#primaryimage\",\"url\":\"https:\\\/\\\/i0.wp.com\\\/nisacar.ch\\\/wp-content\\\/uploads\\\/2026\\\/03\\\/Autoaufbereitung-Emmen-Kriens-Autoaufbereitung-Tags-Autoaufbereitung-Fahrzeugpflege-Autopolitur-Detailing-Emmen-Autoaufbereitung-Emmen-Kriens-Professionelle-Fahrzeugpflege-Innenreinigung-u.jpg?fit=1200%2C850&ssl=1\",\"contentUrl\":\"https:\\\/\\\/i0.wp.com\\\/nisacar.ch\\\/wp-content\\\/uploads\\\/2026\\\/03\\\/Autoaufbereitung-Emmen-Kriens-Autoaufbereitung-Tags-Autoaufbereitung-Fahrzeugpflege-Autopolitur-Detailing-Emmen-Autoaufbereitung-Emmen-Kriens-Professionelle-Fahrzeugpflege-Innenreinigung-u.jpg?fit=1200%2C850&ssl=1\",\"width\":1200,\"height\":850,\"caption\":\"Autoaufbereitung Emmen Kriens Autoaufbereitung Tags Autoaufbereitung, Fahrzeugpflege, Autopolitur, Detailing, Emmen Autoaufbereitung Emmen & Kriens Professionelle Fahrzeugpflege, Innenreinigung u\"},{\"@type\":\"BreadcrumbList\",\"@id\":\"https:\\\/\\\/nisacar.ch\\\/it\\\/autoaufbereitung-emmen-kriens\\\/#breadcrumb\",\"itemListElement\":[{\"@type\":\"ListItem\",\"position\":1,\"name\":\"Home\",\"item\":\"https:\\\/\\\/nisacar.ch\\\/it\\\/\"},{\"@type\":\"ListItem\",\"position\":2,\"name\":\"Autoaufbereitung Emmen &#038; Kriens \u2013 Professionelle Fahrzeugpflege\"}]},{\"@type\":\"WebSite\",\"@id\":\"https:\\\/\\\/nisacar.ch\\\/it\\\/#website\",\"url\":\"https:\\\/\\\/nisacar.ch\\\/it\\\/\",\"name\":\"NISA Car\",\"description\":\"Perfekte Pflege. Faire Preise. Schweizer Qualit\u00e4t.\",\"publisher\":{\"@id\":\"https:\\\/\\\/nisacar.ch\\\/it\\\/#organization\"},\"potentialAction\":[{\"@type\":\"SearchAction\",\"target\":{\"@type\":\"EntryPoint\",\"urlTemplate\":\"https:\\\/\\\/nisacar.ch\\\/it\\\/?s={search_term_string}\"},\"query-input\":{\"@type\":\"PropertyValueSpecification\",\"valueRequired\":true,\"valueName\":\"search_term_string\"}}],\"inLanguage\":\"it-IT\"},{\"@type\":\"Organization\",\"@id\":\"https:\\\/\\\/nisacar.ch\\\/it\\\/#organization\",\"name\":\"NISA Car Angelov\",\"url\":\"https:\\\/\\\/nisacar.ch\\\/it\\\/\",\"logo\":{\"@type\":\"ImageObject\",\"inLanguage\":\"it-IT\",\"@id\":\"https:\\\/\\\/nisacar.ch\\\/it\\\/#\\\/schema\\\/logo\\\/image\\\/\",\"url\":\"https:\\\/\\\/i0.wp.com\\\/nisacar.ch\\\/wp-content\\\/uploads\\\/2025\\\/10\\\/cropped-za_autoscout-removebg-preview-Copy.png?fit=420%2C150&ssl=1\",\"contentUrl\":\"https:\\\/\\\/i0.wp.com\\\/nisacar.ch\\\/wp-content\\\/uploads\\\/2025\\\/10\\\/cropped-za_autoscout-removebg-preview-Copy.png?fit=420%2C150&ssl=1\",\"width\":420,\"height\":150,\"caption\":\"NISA Car Angelov\"},\"image\":{\"@id\":\"https:\\\/\\\/nisacar.ch\\\/it\\\/#\\\/schema\\\/logo\\\/image\\\/\"},\"sameAs\":[\"https:\\\/\\\/www.facebook.com\\\/nisacar.ch1\",\"https:\\\/\\\/www.instagram.com\\\/nisacar_ch\\\/\"]},{\"@type\":\"Person\",\"@id\":\"https:\\\/\\\/nisacar.ch\\\/it\\\/#\\\/schema\\\/person\\\/d92360346fc54e6f3ccb5f67baa14403\",\"name\":\"Bojan Atanasov\",\"image\":{\"@type\":\"ImageObject\",\"inLanguage\":\"it-IT\",\"@id\":\"https:\\\/\\\/secure.gravatar.com\\\/avatar\\\/2bed02e9a515199a35221b37b3e7871dfba34ba0309d41356bb19e8e3795914d?s=96&d=mm&r=g\",\"url\":\"https:\\\/\\\/secure.gravatar.com\\\/avatar\\\/2bed02e9a515199a35221b37b3e7871dfba34ba0309d41356bb19e8e3795914d?s=96&d=mm&r=g\",\"contentUrl\":\"https:\\\/\\\/secure.gravatar.com\\\/avatar\\\/2bed02e9a515199a35221b37b3e7871dfba34ba0309d41356bb19e8e3795914d?s=96&d=mm&r=g\",\"caption\":\"Bojan Atanasov\"},\"sameAs\":[\"https:\\\/\\\/lumovo.ch\"],\"url\":\"https:\\\/\\\/nisacar.ch\\\/it\\\/author\\\/atanasov1995\\\/\"}]}<\/script>\n<!-- \/ Yoast SEO plugin. -->","yoast_head_json":{"title":"Autoaufbereitung Emmen & Kriens \u2013 Fahrzeugpflege","description":"Autoaufbereitung Emmen & Kriens: Professionelle Fahrzeugpflege, Innenreinigung und Lackpflege f\u00fcr Werterhalt und perfekten Glanz.","robots":{"index":"index","follow":"follow","max-snippet":"max-snippet:-1","max-image-preview":"max-image-preview:large","max-video-preview":"max-video-preview:-1"},"canonical":"https:\/\/nisacar.ch\/it\/autoaufbereitung-emmen-kriens\/","og_locale":"it_IT","og_type":"article","og_title":"Autoaufbereitung Emmen & Kriens \u2013 Fahrzeugpflege","og_description":"Autoaufbereitung Emmen & Kriens: Professionelle Fahrzeugpflege, Innenreinigung und Lackpflege f\u00fcr Werterhalt und perfekten Glanz.","og_url":"https:\/\/nisacar.ch\/it\/autoaufbereitung-emmen-kriens\/","og_site_name":"NISA Car","article_publisher":"https:\/\/www.facebook.com\/nisacar.ch1","article_published_time":"2026-02-22T11:47:44+00:00","article_modified_time":"2026-03-09T12:14:23+00:00","og_image":[{"width":1200,"height":850,"url":"https:\/\/nisacar.ch\/wp-content\/uploads\/2026\/03\/Autoaufbereitung-Emmen-Kriens-Autoaufbereitung-Tags-Autoaufbereitung-Fahrzeugpflege-Autopolitur-Detailing-Emmen-Autoaufbereitung-Emmen-Kriens-Professionelle-Fahrzeugpflege-Innenreinigung-u.jpg","type":"image\/jpeg"}],"author":"Bojan Atanasov","twitter_card":"summary_large_image","twitter_misc":{"Scritto da":"Bojan Atanasov","Tempo di lettura stimato":"2 minuti"},"schema":{"@context":"https:\/\/schema.org","@graph":[{"@type":"Article","@id":"https:\/\/nisacar.ch\/it\/autoaufbereitung-emmen-kriens\/#article","isPartOf":{"@id":"https:\/\/nisacar.ch\/it\/autoaufbereitung-emmen-kriens\/"},"author":{"name":"Bojan Atanasov","@id":"https:\/\/nisacar.ch\/it\/#\/schema\/person\/d92360346fc54e6f3ccb5f67baa14403"},"headline":"Autoaufbereitung Emmen &#038; Kriens \u2013 Professionelle Fahrzeugpflege","datePublished":"2026-02-22T11:47:44+00:00","dateModified":"2026-03-09T12:14:23+00:00","mainEntityOfPage":{"@id":"https:\/\/nisacar.ch\/it\/autoaufbereitung-emmen-kriens\/"},"wordCount":442,"publisher":{"@id":"https:\/\/nisacar.ch\/it\/#organization"},"image":{"@id":"https:\/\/nisacar.ch\/it\/autoaufbereitung-emmen-kriens\/#primaryimage"},"thumbnailUrl":"https:\/\/i0.wp.com\/nisacar.ch\/wp-content\/uploads\/2026\/03\/Autoaufbereitung-Emmen-Kriens-Autoaufbereitung-Tags-Autoaufbereitung-Fahrzeugpflege-Autopolitur-Detailing-Emmen-Autoaufbereitung-Emmen-Kriens-Professionelle-Fahrzeugpflege-Innenreinigung-u.jpg?fit=1200%2C850&ssl=1","keywords":["Autoaufbereitung","Autopolitur","Detailing","Fahrzeugpflege","Luzern"],"articleSection":["Autoaufbereitung"],"inLanguage":"it-IT"},{"@type":"WebPage","@id":"https:\/\/nisacar.ch\/it\/autoaufbereitung-emmen-kriens\/","url":"https:\/\/nisacar.ch\/it\/autoaufbereitung-emmen-kriens\/","name":"Autoaufbereitung Emmen & Kriens \u2013 Fahrzeugpflege","isPartOf":{"@id":"https:\/\/nisacar.ch\/it\/#website"},"primaryImageOfPage":{"@id":"https:\/\/nisacar.ch\/it\/autoaufbereitung-emmen-kriens\/#primaryimage"},"image":{"@id":"https:\/\/nisacar.ch\/it\/autoaufbereitung-emmen-kriens\/#primaryimage"},"thumbnailUrl":"https:\/\/i0.wp.com\/nisacar.ch\/wp-content\/uploads\/2026\/03\/Autoaufbereitung-Emmen-Kriens-Autoaufbereitung-Tags-Autoaufbereitung-Fahrzeugpflege-Autopolitur-Detailing-Emmen-Autoaufbereitung-Emmen-Kriens-Professionelle-Fahrzeugpflege-Innenreinigung-u.jpg?fit=1200%2C850&ssl=1","datePublished":"2026-02-22T11:47:44+00:00","dateModified":"2026-03-09T12:14:23+00:00","description":"Autoaufbereitung Emmen & Kriens: Professionelle Fahrzeugpflege, Innenreinigung und Lackpflege f\u00fcr Werterhalt und perfekten Glanz.","breadcrumb":{"@id":"https:\/\/nisacar.ch\/it\/autoaufbereitung-emmen-kriens\/#breadcrumb"},"inLanguage":"it-IT","potentialAction":[{"@type":"ReadAction","target":["https:\/\/nisacar.ch\/it\/autoaufbereitung-emmen-kriens\/"]}]},{"@type":"ImageObject","inLanguage":"it-IT","@id":"https:\/\/nisacar.ch\/it\/autoaufbereitung-emmen-kriens\/#primaryimage","url":"https:\/\/i0.wp.com\/nisacar.ch\/wp-content\/uploads\/2026\/03\/Autoaufbereitung-Emmen-Kriens-Autoaufbereitung-Tags-Autoaufbereitung-Fahrzeugpflege-Autopolitur-Detailing-Emmen-Autoaufbereitung-Emmen-Kriens-Professionelle-Fahrzeugpflege-Innenreinigung-u.jpg?fit=1200%2C850&ssl=1","contentUrl":"https:\/\/i0.wp.com\/nisacar.ch\/wp-content\/uploads\/2026\/03\/Autoaufbereitung-Emmen-Kriens-Autoaufbereitung-Tags-Autoaufbereitung-Fahrzeugpflege-Autopolitur-Detailing-Emmen-Autoaufbereitung-Emmen-Kriens-Professionelle-Fahrzeugpflege-Innenreinigung-u.jpg?fit=1200%2C850&ssl=1","width":1200,"height":850,"caption":"Autoaufbereitung Emmen Kriens Autoaufbereitung Tags Autoaufbereitung, Fahrzeugpflege, Autopolitur, Detailing, Emmen Autoaufbereitung Emmen & Kriens Professionelle Fahrzeugpflege, Innenreinigung u"},{"@type":"BreadcrumbList","@id":"https:\/\/nisacar.ch\/it\/autoaufbereitung-emmen-kriens\/#breadcrumb","itemListElement":[{"@type":"ListItem","position":1,"name":"Home","item":"https:\/\/nisacar.ch\/it\/"},{"@type":"ListItem","position":2,"name":"Autoaufbereitung Emmen &#038; Kriens \u2013 Professionelle Fahrzeugpflege"}]},{"@type":"WebSite","@id":"https:\/\/nisacar.ch\/it\/#website","url":"https:\/\/nisacar.ch\/it\/","name":"NISA Car","description":"Perfekte Pflege. Faire Preise. Schweizer Qualit\u00e4t.","publisher":{"@id":"https:\/\/nisacar.ch\/it\/#organization"},"potentialAction":[{"@type":"SearchAction","target":{"@type":"EntryPoint","urlTemplate":"https:\/\/nisacar.ch\/it\/?s={search_term_string}"},"query-input":{"@type":"PropertyValueSpecification","valueRequired":true,"valueName":"search_term_string"}}],"inLanguage":"it-IT"},{"@type":"Organization","@id":"https:\/\/nisacar.ch\/it\/#organization","name":"NISA Car Angelov","url":"https:\/\/nisacar.ch\/it\/","logo":{"@type":"ImageObject","inLanguage":"it-IT","@id":"https:\/\/nisacar.ch\/it\/#\/schema\/logo\/image\/","url":"https:\/\/i0.wp.com\/nisacar.ch\/wp-content\/uploads\/2025\/10\/cropped-za_autoscout-removebg-preview-Copy.png?fit=420%2C150&ssl=1","contentUrl":"https:\/\/i0.wp.com\/nisacar.ch\/wp-content\/uploads\/2025\/10\/cropped-za_autoscout-removebg-preview-Copy.png?fit=420%2C150&ssl=1","width":420,"height":150,"caption":"NISA Car Angelov"},"image":{"@id":"https:\/\/nisacar.ch\/it\/#\/schema\/logo\/image\/"},"sameAs":["https:\/\/www.facebook.com\/nisacar.ch1","https:\/\/www.instagram.com\/nisacar_ch\/"]},{"@type":"Person","@id":"https:\/\/nisacar.ch\/it\/#\/schema\/person\/d92360346fc54e6f3ccb5f67baa14403","name":"Bojan Atanasov","image":{"@type":"ImageObject","inLanguage":"it-IT","@id":"https:\/\/secure.gravatar.com\/avatar\/2bed02e9a515199a35221b37b3e7871dfba34ba0309d41356bb19e8e3795914d?s=96&d=mm&r=g","url":"https:\/\/secure.gravatar.com\/avatar\/2bed02e9a515199a35221b37b3e7871dfba34ba0309d41356bb19e8e3795914d?s=96&d=mm&r=g","contentUrl":"https:\/\/secure.gravatar.com\/avatar\/2bed02e9a515199a35221b37b3e7871dfba34ba0309d41356bb19e8e3795914d?s=96&d=mm&r=g","caption":"Bojan Atanasov"},"sameAs":["https:\/\/lumovo.ch"],"url":"https:\/\/nisacar.ch\/it\/author\/atanasov1995\/"}]}},"jetpack_featured_media_url":"https:\/\/i0.wp.com\/nisacar.ch\/wp-content\/uploads\/2026\/03\/Autoaufbereitung-Emmen-Kriens-Autoaufbereitung-Tags-Autoaufbereitung-Fahrzeugpflege-Autopolitur-Detailing-Emmen-Autoaufbereitung-Emmen-Kriens-Professionelle-Fahrzeugpflege-Innenreinigung-u.jpg?fit=1200%2C850&ssl=1","jetpack_sharing_enabled":true,"_links":{"self":[{"href":"https:\/\/nisacar.ch\/it\/wp-json\/wp\/v2\/posts\/2537","targetHints":{"allow":["GET"]}}],"collection":[{"href":"https:\/\/nisacar.ch\/it\/wp-json\/wp\/v2\/posts"}],"about":[{"href":"https:\/\/nisacar.ch\/it\/wp-json\/wp\/v2\/types\/post"}],"author":[{"embeddable":true,"href":"https:\/\/nisacar.ch\/it\/wp-json\/wp\/v2\/users\/2"}],"replies":[{"embeddable":true,"href":"https:\/\/nisacar.ch\/it\/wp-json\/wp\/v2\/comments?post=2537"}],"version-history":[{"count":2,"href":"https:\/\/nisacar.ch\/it\/wp-json\/wp\/v2\/posts\/2537\/revisions"}],"predecessor-version":[{"id":2541,"href":"https:\/\/nisacar.ch\/it\/wp-json\/wp\/v2\/posts\/2537\/revisions\/2541"}],"wp:featuredmedia":[{"embeddable":true,"href":"https:\/\/nisacar.ch\/it\/wp-json\/wp\/v2\/media\/2538"}],"wp:attachment":[{"href":"https:\/\/nisacar.ch\/it\/wp-json\/wp\/v2\/media?parent=2537"}],"wp:term":[{"taxonomy":"category","embeddable":true,"href":"https:\/\/nisacar.ch\/it\/wp-json\/wp\/v2\/categories?post=2537"},{"taxonomy":"post_tag","embeddable":true,"href":"https:\/\/nisacar.ch\/it\/wp-json\/wp\/v2\/tags?post=2537"}],"curies":[{"name":"wp","href":"https:\/\/api.w.org\/{rel}","templated":true}]}}