{"id":2439,"date":"2026-02-02T14:56:47","date_gmt":"2026-02-02T13:56:47","guid":{"rendered":"https:\/\/nisacar.ch\/?p=2439"},"modified":"2026-03-08T16:36:56","modified_gmt":"2026-03-08T15:36:56","slug":"windschutzscheibe-wechseln-luzern","status":"publish","type":"post","link":"https:\/\/nisacar.ch\/it\/windschutzscheibe-wechseln-luzern\/","title":{"rendered":"Windschutzscheibe wechseln Luzern \u2013 Wann ist ein Austausch notwendig?"},"content":{"rendered":"\n<p class=\"\">Die Windschutzscheibe ist ein wichtiger Bestandteil jedes Fahrzeugs. Sie sch\u00fctzt nicht nur vor Wind, Regen und Schmutz, sondern tr\u00e4gt auch zur Stabilit\u00e4t der Karosserie bei. Deshalb sollte ein Schaden an der Scheibe niemals untersch\u00e4tzt werden.<\/p>\n\n\n\n<p class=\"\">Viele Autofahrer fragen sich, wann eine Reparatur ausreicht und wann die Windschutzscheibe vollst\u00e4ndig ersetzt werden muss. In diesem Ratgeber erkl\u00e4ren wir, worauf Sie achten sollten und wann ein professioneller <a href=\"https:\/\/nisacar.ch\/leistungen\/scheibenservice\/\">Scheibenservice<\/a> notwendig ist \u2013 besonders f\u00fcr Autofahrer aus Luzern, Schenkon und der gesamten Region.<\/p>\n\n\n\n<h2 class=\"wp-block-heading\">Warum ist die Windschutzscheibe f\u00fcr die Sicherheit wichtig?<\/h2>\n\n\n\n<p class=\"\">Die Windschutzscheibe erf\u00fcllt mehrere sicherheitsrelevante Funktionen. Sie sch\u00fctzt die Insassen vor \u00e4u\u00dferen Einfl\u00fcssen und unterst\u00fctzt die Stabilit\u00e4t des Fahrzeugs. Au\u00dferdem sorgt sie daf\u00fcr, dass Airbags im Ernstfall korrekt funktionieren.<\/p>\n\n\n\n<p class=\"\">Ist die Scheibe besch\u00e4digt, kann dies die Sicht beeintr\u00e4chtigen und die Sicherheit beim Fahren deutlich verringern. Deshalb sollten Sch\u00e4den m\u00f6glichst fr\u00fch erkannt und professionell beurteilt werden.<\/p>\n\n\n\n<h2 class=\"wp-block-heading\">Welche Sch\u00e4den treten an der Windschutzscheibe h\u00e4ufig auf?<\/h2>\n\n\n\n<p class=\"\">Die h\u00e4ufigste Ursache f\u00fcr Sch\u00e4den an der Windschutzscheibe ist ein Steinschlag. Kleine Steine werden durch vorausfahrende Fahrzeuge hochgeschleudert und treffen mit hoher Geschwindigkeit auf das Glas.<\/p>\n\n\n\n<p class=\"\">Typische Sch\u00e4den sind:<\/p>\n\n\n\n<ul class=\"wp-block-list\">\n<li class=\"\">kleine Steinschl\u00e4ge<\/li>\n\n\n\n<li class=\"\">sternf\u00f6rmige Br\u00fcche<\/li>\n\n\n\n<li class=\"\">lange Risse durch Temperaturunterschiede<\/li>\n\n\n\n<li class=\"\">Besch\u00e4digungen am Rand der Scheibe<\/li>\n<\/ul>\n\n\n\n<p class=\"\">Mehr Informationen \u00fcber dieses Thema finden Sie auch in unserem Artikel \u00fcber <a href=\"https:\/\/nisacar.ch\/it\/steinschlag-windschutzscheibe-reparieren-oder-ersetzen\/\">Steinschlag in der Windschutzscheibe<\/a>.<\/p>\n\n\n\n<h2 class=\"wp-block-heading\">Wann reicht eine Scheibenreparatur aus?<\/h2>\n\n\n\n<p class=\"\">Nicht jeder Schaden bedeutet automatisch, dass die gesamte Windschutzscheibe ersetzt werden muss. In vielen F\u00e4llen kann eine professionelle Reparatur durchgef\u00fchrt werden.<\/p>\n\n\n\n<p class=\"\">Eine Reparatur ist meistens m\u00f6glich, wenn:<\/p>\n\n\n\n<ul class=\"wp-block-list\">\n<li class=\"\">der Schaden kleiner als eine Zwei-Franken-M\u00fcnze ist<\/li>\n\n\n\n<li class=\"\">der Steinschlag nicht im Sichtfeld des Fahrers liegt<\/li>\n\n\n\n<li class=\"\">kein langer Riss entstanden ist<\/li>\n\n\n\n<li class=\"\">der Schaden nicht am Rand der Scheibe liegt<\/li>\n<\/ul>\n\n\n\n<p class=\"\">Bei einer Reparatur wird ein spezielles Harz in die besch\u00e4digte Stelle eingebracht. Dieses stabilisiert die Scheibe und verhindert, dass sich der Schaden weiter ausbreitet.<\/p>\n\n\n\n<h2 class=\"wp-block-heading\">Wann muss die Windschutzscheibe gewechselt werden?<\/h2>\n\n\n\n<p class=\"\">Ein Austausch der Scheibe ist notwendig, wenn der Schaden zu gro\u00df ist oder die Struktur des Glases beeintr\u00e4chtigt wurde.<\/p>\n\n\n\n<p class=\"\">Ein Scheibenwechsel wird normalerweise erforderlich, wenn:<\/p>\n\n\n\n<ul class=\"wp-block-list\">\n<li class=\"\">ein langer Riss entstanden ist<\/li>\n\n\n\n<li class=\"\">der Schaden im Sichtfeld des Fahrers liegt<\/li>\n\n\n\n<li class=\"\">der Schaden sich am Rand der Scheibe befindet<\/li>\n\n\n\n<li class=\"\">mehrere Sch\u00e4den gleichzeitig vorhanden sind<\/li>\n<\/ul>\n\n\n\n<p class=\"\">In diesen F\u00e4llen ist ein kompletter Austausch der sicherste Weg, um die Stabilit\u00e4t des Fahrzeugs wiederherzustellen.<\/p>\n\n\n\n<h2 class=\"wp-block-heading\">\u00dcbernimmt die Versicherung den Scheibenwechsel?<\/h2>\n\n\n\n<p class=\"\">Viele Autofahrer sind unsicher, ob ihre Versicherung die Kosten \u00fcbernimmt. In der Schweiz deckt die Teilkaskoversicherung h\u00e4ufig Sch\u00e4den an der Windschutzscheibe ab.<\/p>\n\n\n\n<p class=\"\">Je nach Versicherung kann:<\/p>\n\n\n\n<ul class=\"wp-block-list\">\n<li class=\"\">die Reparatur vollst\u00e4ndig \u00fcbernommen werden<\/li>\n\n\n\n<li class=\"\">oder ein Teil der Kosten f\u00fcr den Scheibenwechsel gedeckt sein<\/li>\n<\/ul>\n\n\n\n<p class=\"\">Weitere Informationen zur Fahrzeugsicherheit und zu typischen Fahrzeugsch\u00e4den finden Sie auch beim <a href=\"https:\/\/www.tcs.ch\" target=\"_blank\" rel=\"noreferrer noopener\">Touring Club Schweiz (TCS)<\/a>.<\/p>\n\n\n\n<h2 class=\"wp-block-heading\">Warum sollte ein Schaden schnell repariert werden?<\/h2>\n\n\n\n<p class=\"\">Kleine Sch\u00e4den an der Windschutzscheibe k\u00f6nnen sich schnell vergr\u00f6\u00dfern. Temperaturschwankungen, Vibrationen und Fahrbahnunebenheiten k\u00f6nnen dazu f\u00fchren, dass aus einem kleinen Steinschlag ein langer Riss entsteht.<\/p>\n\n\n\n<p class=\"\">Eine schnelle Reparatur bietet mehrere Vorteile:<\/p>\n\n\n\n<ul class=\"wp-block-list\">\n<li class=\"\">geringere Kosten<\/li>\n\n\n\n<li class=\"\">h\u00f6here Sicherheit im Stra\u00dfenverkehr<\/li>\n\n\n\n<li class=\"\">kein kompletter Austausch der Scheibe notwendig<\/li>\n\n\n\n<li class=\"\">Erhalt der Originalscheibe<\/li>\n<\/ul>\n\n\n\n<p class=\"\">Neben der Scheibe sollten auch andere sicherheitsrelevante Fahrzeugteile regelm\u00e4\u00dfig \u00fcberpr\u00fcft werden. Ein professioneller <a href=\"https:\/\/nisacar.ch\/leistungen\/reifen-bremsenservice\/\">Reifen- &amp; Bremsenservice<\/a> sorgt daf\u00fcr, dass Ihr Fahrzeug jederzeit sicher unterwegs ist.<\/p>\n\n\n\n<h2 class=\"wp-block-heading\">Scheibenservice bei NISA Car in Schenkon<\/h2>\n\n\n\n<p class=\"\">Wenn Ihre Windschutzscheibe besch\u00e4digt ist, sollten Sie nicht lange warten. Das Team von NISA Car bietet schnellen und professionellen <a href=\"https:\/\/nisacar.ch\/leistungen\/scheibenservice\/\">Scheibenservice<\/a> f\u00fcr Fahrzeuge verschiedenster Marken.<\/p>\n\n\n\n<p class=\"\">Neben Scheibenreparaturen bietet NISA Car auch weitere Dienstleistungen rund ums Auto an, darunter <a href=\"https:\/\/nisacar.ch\/leistungen\/autoaufbereitung-detailing\/\">Autoaufbereitung &amp; Detailing<\/a> sowie Unterst\u00fctzung beim <a href=\"https:\/\/nisacar.ch\/leistungen\/fahrzeugverkauf-ankauf\/\">Fahrzeugverkauf und Ankauf<\/a>.<\/p>\n\n\n\n<p class=\"\">Wenn Sie au\u00dferdem auf der Suche nach einem Fahrzeug sind, k\u00f6nnen Sie sich die aktuellen <a href=\"https:\/\/nisacar.ch\/automobile\/\">Occasion Fahrzeuge<\/a> online ansehen.<\/p>\n\n\n\n<h2 class=\"wp-block-heading\">Jetzt Kontakt aufnehmen<\/h2>\n\n\n\n<p class=\"\">Haben Sie einen Schaden an Ihrer Windschutzscheibe entdeckt oder ben\u00f6tigen Sie eine professionelle Einsch\u00e4tzung? Dann nehmen Sie gerne <a href=\"https:\/\/nisacar.ch\/kontakt\/\">Kontakt mit NISA Car<\/a> auf.<\/p>\n\n\n\n<p class=\"\">Mehr Informationen \u00fcber unser Unternehmen und unsere Erfahrung im Fahrzeugbereich finden Sie auch auf der Seite <a href=\"https:\/\/nisacar.ch\/uber-uns\/\">\u00dcber uns<\/a>.<\/p>\n","protected":false},"excerpt":{"rendered":"<p>Die Windschutzscheibe ist ein wichtiger Bestandteil jedes Fahrzeugs. Sie sch\u00fctzt nicht nur vor Wind, Regen und Schmutz, sondern tr\u00e4gt auch zur Stabilit\u00e4t der Karosserie bei. Deshalb<span class=\"excerpt-hellip\"> [\u2026]<\/span><\/p>\n","protected":false},"author":2,"featured_media":2440,"comment_status":"closed","ping_status":"closed","sticky":false,"template":"","format":"standard","meta":{"_acf_changed":false,"nf_dc_page":"","_jetpack_memberships_contains_paid_content":false,"footnotes":""},"categories":[18],"tags":[50,55,26,27],"class_list":["post-2439","post","type-post","status-publish","format-standard","has-post-thumbnail","hentry","category-scheibenservice","tag-autoservice","tag-luzern","tag-scheibenreparatur","tag-windschutzscheibe"],"acf":[],"yoast_head":"<!-- This site is optimized with the Yoast SEO plugin v27.5 - https:\/\/yoast.com\/product\/yoast-seo-wordpress\/ -->\n<title>Windschutzscheibe wechseln Luzern \u2013 Wann ist es n\u00f6tig?<\/title>\n<meta name=\"description\" content=\"Wann muss eine Windschutzscheibe gewechselt werden? Tipps zum Scheibenwechsel und zur Reparatur f\u00fcr Autofahrer in Luzern und Umgebung.\" \/>\n<meta name=\"robots\" content=\"index, follow, max-snippet:-1, max-image-preview:large, max-video-preview:-1\" \/>\n<link rel=\"canonical\" href=\"https:\/\/nisacar.ch\/it\/windschutzscheibe-wechseln-luzern\/\" \/>\n<meta property=\"og:locale\" content=\"it_IT\" \/>\n<meta property=\"og:type\" content=\"article\" \/>\n<meta property=\"og:title\" content=\"Windschutzscheibe wechseln Luzern \u2013 Wann ist es n\u00f6tig?\" \/>\n<meta property=\"og:description\" content=\"Wann muss eine Windschutzscheibe gewechselt werden? Tipps zum Scheibenwechsel und zur Reparatur f\u00fcr Autofahrer in Luzern und Umgebung.\" \/>\n<meta property=\"og:url\" content=\"https:\/\/nisacar.ch\/it\/windschutzscheibe-wechseln-luzern\/\" \/>\n<meta property=\"og:site_name\" content=\"NISA Car\" \/>\n<meta property=\"article:publisher\" content=\"https:\/\/www.facebook.com\/nisacar.ch1\" \/>\n<meta property=\"article:published_time\" content=\"2026-02-02T13:56:47+00:00\" \/>\n<meta property=\"article:modified_time\" content=\"2026-03-08T15:36:56+00:00\" \/>\n<meta property=\"og:image\" content=\"https:\/\/nisacar.ch\/wp-content\/uploads\/2026\/03\/Windschutzscheibe-wechseln-Luzern-Scheibenservice-Windschutzscheibe-Scheibenwechsel-Scheibenreparatur-Autoservice-Luzern.jpg\" \/>\n\t<meta property=\"og:image:width\" content=\"1200\" \/>\n\t<meta property=\"og:image:height\" content=\"850\" \/>\n\t<meta property=\"og:image:type\" content=\"image\/jpeg\" \/>\n<meta name=\"author\" content=\"Bojan Atanasov\" \/>\n<meta name=\"twitter:card\" content=\"summary_large_image\" \/>\n<meta name=\"twitter:label1\" content=\"Scritto da\" \/>\n\t<meta name=\"twitter:data1\" content=\"Bojan Atanasov\" \/>\n\t<meta name=\"twitter:label2\" content=\"Tempo di lettura stimato\" \/>\n\t<meta name=\"twitter:data2\" content=\"3 minuti\" \/>\n<script type=\"application\/ld+json\" class=\"yoast-schema-graph\">{\"@context\":\"https:\\\/\\\/schema.org\",\"@graph\":[{\"@type\":\"Article\",\"@id\":\"https:\\\/\\\/nisacar.ch\\\/it\\\/windschutzscheibe-wechseln-luzern\\\/#article\",\"isPartOf\":{\"@id\":\"https:\\\/\\\/nisacar.ch\\\/it\\\/windschutzscheibe-wechseln-luzern\\\/\"},\"author\":{\"name\":\"Bojan Atanasov\",\"@id\":\"https:\\\/\\\/nisacar.ch\\\/it\\\/#\\\/schema\\\/person\\\/d92360346fc54e6f3ccb5f67baa14403\"},\"headline\":\"Windschutzscheibe wechseln Luzern \u2013 Wann ist ein Austausch notwendig?\",\"datePublished\":\"2026-02-02T13:56:47+00:00\",\"dateModified\":\"2026-03-08T15:36:56+00:00\",\"mainEntityOfPage\":{\"@id\":\"https:\\\/\\\/nisacar.ch\\\/it\\\/windschutzscheibe-wechseln-luzern\\\/\"},\"wordCount\":687,\"publisher\":{\"@id\":\"https:\\\/\\\/nisacar.ch\\\/it\\\/#organization\"},\"image\":{\"@id\":\"https:\\\/\\\/nisacar.ch\\\/it\\\/windschutzscheibe-wechseln-luzern\\\/#primaryimage\"},\"thumbnailUrl\":\"https:\\\/\\\/i0.wp.com\\\/nisacar.ch\\\/wp-content\\\/uploads\\\/2026\\\/03\\\/Windschutzscheibe-wechseln-Luzern-Scheibenservice-Windschutzscheibe-Scheibenwechsel-Scheibenreparatur-Autoservice-Luzern.jpg?fit=1200%2C850&ssl=1\",\"keywords\":[\"Autoservice\",\"Luzern\",\"Scheibenreparatur\",\"Windschutzscheibe\"],\"articleSection\":[\"Scheibenservice\"],\"inLanguage\":\"it-IT\"},{\"@type\":\"WebPage\",\"@id\":\"https:\\\/\\\/nisacar.ch\\\/it\\\/windschutzscheibe-wechseln-luzern\\\/\",\"url\":\"https:\\\/\\\/nisacar.ch\\\/it\\\/windschutzscheibe-wechseln-luzern\\\/\",\"name\":\"Windschutzscheibe wechseln Luzern \u2013 Wann ist es n\u00f6tig?\",\"isPartOf\":{\"@id\":\"https:\\\/\\\/nisacar.ch\\\/it\\\/#website\"},\"primaryImageOfPage\":{\"@id\":\"https:\\\/\\\/nisacar.ch\\\/it\\\/windschutzscheibe-wechseln-luzern\\\/#primaryimage\"},\"image\":{\"@id\":\"https:\\\/\\\/nisacar.ch\\\/it\\\/windschutzscheibe-wechseln-luzern\\\/#primaryimage\"},\"thumbnailUrl\":\"https:\\\/\\\/i0.wp.com\\\/nisacar.ch\\\/wp-content\\\/uploads\\\/2026\\\/03\\\/Windschutzscheibe-wechseln-Luzern-Scheibenservice-Windschutzscheibe-Scheibenwechsel-Scheibenreparatur-Autoservice-Luzern.jpg?fit=1200%2C850&ssl=1\",\"datePublished\":\"2026-02-02T13:56:47+00:00\",\"dateModified\":\"2026-03-08T15:36:56+00:00\",\"description\":\"Wann muss eine Windschutzscheibe gewechselt werden? Tipps zum Scheibenwechsel und zur Reparatur f\u00fcr Autofahrer in Luzern und Umgebung.\",\"breadcrumb\":{\"@id\":\"https:\\\/\\\/nisacar.ch\\\/it\\\/windschutzscheibe-wechseln-luzern\\\/#breadcrumb\"},\"inLanguage\":\"it-IT\",\"potentialAction\":[{\"@type\":\"ReadAction\",\"target\":[\"https:\\\/\\\/nisacar.ch\\\/it\\\/windschutzscheibe-wechseln-luzern\\\/\"]}]},{\"@type\":\"ImageObject\",\"inLanguage\":\"it-IT\",\"@id\":\"https:\\\/\\\/nisacar.ch\\\/it\\\/windschutzscheibe-wechseln-luzern\\\/#primaryimage\",\"url\":\"https:\\\/\\\/i0.wp.com\\\/nisacar.ch\\\/wp-content\\\/uploads\\\/2026\\\/03\\\/Windschutzscheibe-wechseln-Luzern-Scheibenservice-Windschutzscheibe-Scheibenwechsel-Scheibenreparatur-Autoservice-Luzern.jpg?fit=1200%2C850&ssl=1\",\"contentUrl\":\"https:\\\/\\\/i0.wp.com\\\/nisacar.ch\\\/wp-content\\\/uploads\\\/2026\\\/03\\\/Windschutzscheibe-wechseln-Luzern-Scheibenservice-Windschutzscheibe-Scheibenwechsel-Scheibenreparatur-Autoservice-Luzern.jpg?fit=1200%2C850&ssl=1\",\"width\":1200,\"height\":850,\"caption\":\"Windschutzscheibe wechseln Luzern Scheibenservice Windschutzscheibe, Scheibenwechsel, Scheibenreparatur, Autoservice, Luzern\"},{\"@type\":\"BreadcrumbList\",\"@id\":\"https:\\\/\\\/nisacar.ch\\\/it\\\/windschutzscheibe-wechseln-luzern\\\/#breadcrumb\",\"itemListElement\":[{\"@type\":\"ListItem\",\"position\":1,\"name\":\"Home\",\"item\":\"https:\\\/\\\/nisacar.ch\\\/it\\\/\"},{\"@type\":\"ListItem\",\"position\":2,\"name\":\"Windschutzscheibe wechseln Luzern \u2013 Wann ist ein Austausch notwendig?\"}]},{\"@type\":\"WebSite\",\"@id\":\"https:\\\/\\\/nisacar.ch\\\/it\\\/#website\",\"url\":\"https:\\\/\\\/nisacar.ch\\\/it\\\/\",\"name\":\"NISA Car\",\"description\":\"Perfekte Pflege. Faire Preise. Schweizer Qualit\u00e4t.\",\"publisher\":{\"@id\":\"https:\\\/\\\/nisacar.ch\\\/it\\\/#organization\"},\"potentialAction\":[{\"@type\":\"SearchAction\",\"target\":{\"@type\":\"EntryPoint\",\"urlTemplate\":\"https:\\\/\\\/nisacar.ch\\\/it\\\/?s={search_term_string}\"},\"query-input\":{\"@type\":\"PropertyValueSpecification\",\"valueRequired\":true,\"valueName\":\"search_term_string\"}}],\"inLanguage\":\"it-IT\"},{\"@type\":\"Organization\",\"@id\":\"https:\\\/\\\/nisacar.ch\\\/it\\\/#organization\",\"name\":\"NISA Car Angelov\",\"url\":\"https:\\\/\\\/nisacar.ch\\\/it\\\/\",\"logo\":{\"@type\":\"ImageObject\",\"inLanguage\":\"it-IT\",\"@id\":\"https:\\\/\\\/nisacar.ch\\\/it\\\/#\\\/schema\\\/logo\\\/image\\\/\",\"url\":\"https:\\\/\\\/i0.wp.com\\\/nisacar.ch\\\/wp-content\\\/uploads\\\/2025\\\/10\\\/cropped-za_autoscout-removebg-preview-Copy.png?fit=420%2C150&ssl=1\",\"contentUrl\":\"https:\\\/\\\/i0.wp.com\\\/nisacar.ch\\\/wp-content\\\/uploads\\\/2025\\\/10\\\/cropped-za_autoscout-removebg-preview-Copy.png?fit=420%2C150&ssl=1\",\"width\":420,\"height\":150,\"caption\":\"NISA Car Angelov\"},\"image\":{\"@id\":\"https:\\\/\\\/nisacar.ch\\\/it\\\/#\\\/schema\\\/logo\\\/image\\\/\"},\"sameAs\":[\"https:\\\/\\\/www.facebook.com\\\/nisacar.ch1\",\"https:\\\/\\\/www.instagram.com\\\/nisacar_ch\\\/\"]},{\"@type\":\"Person\",\"@id\":\"https:\\\/\\\/nisacar.ch\\\/it\\\/#\\\/schema\\\/person\\\/d92360346fc54e6f3ccb5f67baa14403\",\"name\":\"Bojan Atanasov\",\"image\":{\"@type\":\"ImageObject\",\"inLanguage\":\"it-IT\",\"@id\":\"https:\\\/\\\/secure.gravatar.com\\\/avatar\\\/2bed02e9a515199a35221b37b3e7871dfba34ba0309d41356bb19e8e3795914d?s=96&d=mm&r=g\",\"url\":\"https:\\\/\\\/secure.gravatar.com\\\/avatar\\\/2bed02e9a515199a35221b37b3e7871dfba34ba0309d41356bb19e8e3795914d?s=96&d=mm&r=g\",\"contentUrl\":\"https:\\\/\\\/secure.gravatar.com\\\/avatar\\\/2bed02e9a515199a35221b37b3e7871dfba34ba0309d41356bb19e8e3795914d?s=96&d=mm&r=g\",\"caption\":\"Bojan Atanasov\"},\"sameAs\":[\"https:\\\/\\\/lumovo.ch\"],\"url\":\"https:\\\/\\\/nisacar.ch\\\/it\\\/author\\\/atanasov1995\\\/\"}]}<\/script>\n<!-- \/ Yoast SEO plugin. -->","yoast_head_json":{"title":"Windschutzscheibe wechseln Luzern \u2013 Wann ist es n\u00f6tig?","description":"Wann muss eine Windschutzscheibe gewechselt werden? Tipps zum Scheibenwechsel und zur Reparatur f\u00fcr Autofahrer in Luzern und Umgebung.","robots":{"index":"index","follow":"follow","max-snippet":"max-snippet:-1","max-image-preview":"max-image-preview:large","max-video-preview":"max-video-preview:-1"},"canonical":"https:\/\/nisacar.ch\/it\/windschutzscheibe-wechseln-luzern\/","og_locale":"it_IT","og_type":"article","og_title":"Windschutzscheibe wechseln Luzern \u2013 Wann ist es n\u00f6tig?","og_description":"Wann muss eine Windschutzscheibe gewechselt werden? Tipps zum Scheibenwechsel und zur Reparatur f\u00fcr Autofahrer in Luzern und Umgebung.","og_url":"https:\/\/nisacar.ch\/it\/windschutzscheibe-wechseln-luzern\/","og_site_name":"NISA Car","article_publisher":"https:\/\/www.facebook.com\/nisacar.ch1","article_published_time":"2026-02-02T13:56:47+00:00","article_modified_time":"2026-03-08T15:36:56+00:00","og_image":[{"width":1200,"height":850,"url":"https:\/\/nisacar.ch\/wp-content\/uploads\/2026\/03\/Windschutzscheibe-wechseln-Luzern-Scheibenservice-Windschutzscheibe-Scheibenwechsel-Scheibenreparatur-Autoservice-Luzern.jpg","type":"image\/jpeg"}],"author":"Bojan Atanasov","twitter_card":"summary_large_image","twitter_misc":{"Scritto da":"Bojan Atanasov","Tempo di lettura stimato":"3 minuti"},"schema":{"@context":"https:\/\/schema.org","@graph":[{"@type":"Article","@id":"https:\/\/nisacar.ch\/it\/windschutzscheibe-wechseln-luzern\/#article","isPartOf":{"@id":"https:\/\/nisacar.ch\/it\/windschutzscheibe-wechseln-luzern\/"},"author":{"name":"Bojan Atanasov","@id":"https:\/\/nisacar.ch\/it\/#\/schema\/person\/d92360346fc54e6f3ccb5f67baa14403"},"headline":"Windschutzscheibe wechseln Luzern \u2013 Wann ist ein Austausch notwendig?","datePublished":"2026-02-02T13:56:47+00:00","dateModified":"2026-03-08T15:36:56+00:00","mainEntityOfPage":{"@id":"https:\/\/nisacar.ch\/it\/windschutzscheibe-wechseln-luzern\/"},"wordCount":687,"publisher":{"@id":"https:\/\/nisacar.ch\/it\/#organization"},"image":{"@id":"https:\/\/nisacar.ch\/it\/windschutzscheibe-wechseln-luzern\/#primaryimage"},"thumbnailUrl":"https:\/\/i0.wp.com\/nisacar.ch\/wp-content\/uploads\/2026\/03\/Windschutzscheibe-wechseln-Luzern-Scheibenservice-Windschutzscheibe-Scheibenwechsel-Scheibenreparatur-Autoservice-Luzern.jpg?fit=1200%2C850&ssl=1","keywords":["Autoservice","Luzern","Scheibenreparatur","Windschutzscheibe"],"articleSection":["Scheibenservice"],"inLanguage":"it-IT"},{"@type":"WebPage","@id":"https:\/\/nisacar.ch\/it\/windschutzscheibe-wechseln-luzern\/","url":"https:\/\/nisacar.ch\/it\/windschutzscheibe-wechseln-luzern\/","name":"Windschutzscheibe wechseln Luzern \u2013 Wann ist es n\u00f6tig?","isPartOf":{"@id":"https:\/\/nisacar.ch\/it\/#website"},"primaryImageOfPage":{"@id":"https:\/\/nisacar.ch\/it\/windschutzscheibe-wechseln-luzern\/#primaryimage"},"image":{"@id":"https:\/\/nisacar.ch\/it\/windschutzscheibe-wechseln-luzern\/#primaryimage"},"thumbnailUrl":"https:\/\/i0.wp.com\/nisacar.ch\/wp-content\/uploads\/2026\/03\/Windschutzscheibe-wechseln-Luzern-Scheibenservice-Windschutzscheibe-Scheibenwechsel-Scheibenreparatur-Autoservice-Luzern.jpg?fit=1200%2C850&ssl=1","datePublished":"2026-02-02T13:56:47+00:00","dateModified":"2026-03-08T15:36:56+00:00","description":"Wann muss eine Windschutzscheibe gewechselt werden? Tipps zum Scheibenwechsel und zur Reparatur f\u00fcr Autofahrer in Luzern und Umgebung.","breadcrumb":{"@id":"https:\/\/nisacar.ch\/it\/windschutzscheibe-wechseln-luzern\/#breadcrumb"},"inLanguage":"it-IT","potentialAction":[{"@type":"ReadAction","target":["https:\/\/nisacar.ch\/it\/windschutzscheibe-wechseln-luzern\/"]}]},{"@type":"ImageObject","inLanguage":"it-IT","@id":"https:\/\/nisacar.ch\/it\/windschutzscheibe-wechseln-luzern\/#primaryimage","url":"https:\/\/i0.wp.com\/nisacar.ch\/wp-content\/uploads\/2026\/03\/Windschutzscheibe-wechseln-Luzern-Scheibenservice-Windschutzscheibe-Scheibenwechsel-Scheibenreparatur-Autoservice-Luzern.jpg?fit=1200%2C850&ssl=1","contentUrl":"https:\/\/i0.wp.com\/nisacar.ch\/wp-content\/uploads\/2026\/03\/Windschutzscheibe-wechseln-Luzern-Scheibenservice-Windschutzscheibe-Scheibenwechsel-Scheibenreparatur-Autoservice-Luzern.jpg?fit=1200%2C850&ssl=1","width":1200,"height":850,"caption":"Windschutzscheibe wechseln Luzern Scheibenservice Windschutzscheibe, Scheibenwechsel, Scheibenreparatur, Autoservice, Luzern"},{"@type":"BreadcrumbList","@id":"https:\/\/nisacar.ch\/it\/windschutzscheibe-wechseln-luzern\/#breadcrumb","itemListElement":[{"@type":"ListItem","position":1,"name":"Home","item":"https:\/\/nisacar.ch\/it\/"},{"@type":"ListItem","position":2,"name":"Windschutzscheibe wechseln Luzern \u2013 Wann ist ein Austausch notwendig?"}]},{"@type":"WebSite","@id":"https:\/\/nisacar.ch\/it\/#website","url":"https:\/\/nisacar.ch\/it\/","name":"NISA Car","description":"Perfekte Pflege. Faire Preise. Schweizer Qualit\u00e4t.","publisher":{"@id":"https:\/\/nisacar.ch\/it\/#organization"},"potentialAction":[{"@type":"SearchAction","target":{"@type":"EntryPoint","urlTemplate":"https:\/\/nisacar.ch\/it\/?s={search_term_string}"},"query-input":{"@type":"PropertyValueSpecification","valueRequired":true,"valueName":"search_term_string"}}],"inLanguage":"it-IT"},{"@type":"Organization","@id":"https:\/\/nisacar.ch\/it\/#organization","name":"NISA Car Angelov","url":"https:\/\/nisacar.ch\/it\/","logo":{"@type":"ImageObject","inLanguage":"it-IT","@id":"https:\/\/nisacar.ch\/it\/#\/schema\/logo\/image\/","url":"https:\/\/i0.wp.com\/nisacar.ch\/wp-content\/uploads\/2025\/10\/cropped-za_autoscout-removebg-preview-Copy.png?fit=420%2C150&ssl=1","contentUrl":"https:\/\/i0.wp.com\/nisacar.ch\/wp-content\/uploads\/2025\/10\/cropped-za_autoscout-removebg-preview-Copy.png?fit=420%2C150&ssl=1","width":420,"height":150,"caption":"NISA Car Angelov"},"image":{"@id":"https:\/\/nisacar.ch\/it\/#\/schema\/logo\/image\/"},"sameAs":["https:\/\/www.facebook.com\/nisacar.ch1","https:\/\/www.instagram.com\/nisacar_ch\/"]},{"@type":"Person","@id":"https:\/\/nisacar.ch\/it\/#\/schema\/person\/d92360346fc54e6f3ccb5f67baa14403","name":"Bojan Atanasov","image":{"@type":"ImageObject","inLanguage":"it-IT","@id":"https:\/\/secure.gravatar.com\/avatar\/2bed02e9a515199a35221b37b3e7871dfba34ba0309d41356bb19e8e3795914d?s=96&d=mm&r=g","url":"https:\/\/secure.gravatar.com\/avatar\/2bed02e9a515199a35221b37b3e7871dfba34ba0309d41356bb19e8e3795914d?s=96&d=mm&r=g","contentUrl":"https:\/\/secure.gravatar.com\/avatar\/2bed02e9a515199a35221b37b3e7871dfba34ba0309d41356bb19e8e3795914d?s=96&d=mm&r=g","caption":"Bojan Atanasov"},"sameAs":["https:\/\/lumovo.ch"],"url":"https:\/\/nisacar.ch\/it\/author\/atanasov1995\/"}]}},"jetpack_featured_media_url":"https:\/\/i0.wp.com\/nisacar.ch\/wp-content\/uploads\/2026\/03\/Windschutzscheibe-wechseln-Luzern-Scheibenservice-Windschutzscheibe-Scheibenwechsel-Scheibenreparatur-Autoservice-Luzern.jpg?fit=1200%2C850&ssl=1","jetpack_sharing_enabled":true,"_links":{"self":[{"href":"https:\/\/nisacar.ch\/it\/wp-json\/wp\/v2\/posts\/2439","targetHints":{"allow":["GET"]}}],"collection":[{"href":"https:\/\/nisacar.ch\/it\/wp-json\/wp\/v2\/posts"}],"about":[{"href":"https:\/\/nisacar.ch\/it\/wp-json\/wp\/v2\/types\/post"}],"author":[{"embeddable":true,"href":"https:\/\/nisacar.ch\/it\/wp-json\/wp\/v2\/users\/2"}],"replies":[{"embeddable":true,"href":"https:\/\/nisacar.ch\/it\/wp-json\/wp\/v2\/comments?post=2439"}],"version-history":[{"count":4,"href":"https:\/\/nisacar.ch\/it\/wp-json\/wp\/v2\/posts\/2439\/revisions"}],"predecessor-version":[{"id":2444,"href":"https:\/\/nisacar.ch\/it\/wp-json\/wp\/v2\/posts\/2439\/revisions\/2444"}],"wp:featuredmedia":[{"embeddable":true,"href":"https:\/\/nisacar.ch\/it\/wp-json\/wp\/v2\/media\/2440"}],"wp:attachment":[{"href":"https:\/\/nisacar.ch\/it\/wp-json\/wp\/v2\/media?parent=2439"}],"wp:term":[{"taxonomy":"category","embeddable":true,"href":"https:\/\/nisacar.ch\/it\/wp-json\/wp\/v2\/categories?post=2439"},{"taxonomy":"post_tag","embeddable":true,"href":"https:\/\/nisacar.ch\/it\/wp-json\/wp\/v2\/tags?post=2439"}],"curies":[{"name":"wp","href":"https:\/\/api.w.org\/{rel}","templated":true}]}}