{"id":2884,"date":"2026-04-22T11:08:00","date_gmt":"2026-04-22T09:08:00","guid":{"rendered":"https:\/\/nisacar.ch\/?p=2884"},"modified":"2026-04-02T11:10:56","modified_gmt":"2026-04-02T09:10:56","slug":"windschutzscheibe-wechseln-luzern-2","status":"publish","type":"post","link":"https:\/\/nisacar.ch\/fr\/windschutzscheibe-wechseln-luzern-2\/","title":{"rendered":"Windschutzscheibe wechseln in Luzern \u2013 wann ist es wirklich notwendig?"},"content":{"rendered":"\n<p class=\"\">Eine besch\u00e4digte Windschutzscheibe geh\u00f6rt zu den Problemen, die viele Autofahrer zun\u00e4chst untersch\u00e4tzen. Oft beginnt alles mit einem kleinen Steinschlag, einem feinen Riss oder einer scheinbar harmlosen Besch\u00e4digung ausserhalb des direkten Sichtfelds. Im Alltag denkt man dann schnell: Das kann noch warten. Genau diese Einsch\u00e4tzung ist jedoch h\u00e4ufig der Punkt, an dem aus einem kleinen Problem ein gr\u00f6sseres wird. Denn Glassch\u00e4den entwickeln sich oft nicht langsam und planbar, sondern manchmal \u00fcberraschend schnell.<\/p>\n\n\n\n<p class=\"\">Gerade in Luzern und Umgebung, wo Fahrzeuge t\u00e4glich im Stadtverkehr, auf Landstrassen und auf der Autobahn unterwegs sind, ist die Windschutzscheibe permanent Belastungen ausgesetzt. Temperaturwechsel, Schlagl\u00f6cher, Vibrationen, Regen, K\u00e4lte und direkte Sonneneinstrahlung k\u00f6nnen dazu f\u00fchren, dass sich kleine Sch\u00e4den weiter ausbreiten. Was zun\u00e4chst wie ein rein optischer Mangel wirkt, kann so schnell zu einem sicherheitsrelevanten Thema werden.<\/p>\n\n\n\n<p class=\"\">In diesem Beitrag erfahren Sie, wann ein <strong>Windschutzscheibe wechseln Luzern<\/strong> wirklich notwendig ist, wann eine Reparatur noch m\u00f6glich sein kann und warum man das Thema nicht unn\u00f6tig aufschieben sollte. Weitere hilfreiche Themen finden Sie auch auf unserer <a href=\"https:\/\/nisacar.ch\/blog\/\">Blog-\u00dcbersicht<\/a>.<\/p>\n\n\n\n<h2 class=\"wp-block-heading\">Warum die Windschutzscheibe mehr ist als nur Glas<\/h2>\n\n\n\n<p class=\"\">Viele sehen die Frontscheibe vor allem als Schutz vor Wind, Regen und Schmutz. Tats\u00e4chlich ist sie aber ein wichtiger Teil der gesamten Fahrzeugsicherheit. Die Windschutzscheibe tr\u00e4gt zur Stabilit\u00e4t der Karosserie bei, beeinflusst die Sicht unmittelbar und ist bei modernen Fahrzeugen oft auch f\u00fcr die saubere Funktion verschiedener Fahrassistenzsysteme relevant.<\/p>\n\n\n\n<p class=\"\">Das bedeutet: Eine besch\u00e4digte Scheibe ist nicht nur ein Sch\u00f6nheitsfehler. Sie kann die Sicht st\u00f6ren, Lichtreflexionen verst\u00e4rken, die Struktur der Scheibe schw\u00e4chen und damit den sicheren Alltagseinsatz des Fahrzeugs beeintr\u00e4chtigen. Genau deshalb sollte man Sch\u00e4den an der Frontscheibe immer ernst nehmen \u2013 auch wenn sie auf den ersten Blick klein erscheinen.<\/p>\n\n\n\n<p class=\"\">Wer die Windschutzscheibe nur als austauschbares Glas betrachtet, untersch\u00e4tzt oft ihre tats\u00e4chliche Bedeutung f\u00fcr Sicherheit und Fahrgef\u00fchl.<\/p>\n\n\n\n<h2 class=\"wp-block-heading\">Wann eine Reparatur noch m\u00f6glich ist<\/h2>\n\n\n\n<p class=\"\">Nicht jeder Schaden bedeutet automatisch, dass die Windschutzscheibe ersetzt werden muss. In vielen F\u00e4llen kann eine Reparatur noch ausreichen \u2013 vor allem dann, wenn der Schaden klein, kompakt und nicht kritisch gelegen ist. Genau deshalb ist eine fr\u00fche Einsch\u00e4tzung so wichtig. Wer schnell reagiert, hat deutlich bessere Chancen, dass keine komplette Scheibe n\u00f6tig wird.<\/p>\n\n\n\n<p class=\"\">Eine Reparatur kommt h\u00e4ufig dann infrage, wenn:<\/p>\n\n\n\n<ul class=\"wp-block-list\">\n<li class=\"\">der Schaden klein und punktuell ist,<\/li>\n\n\n\n<li class=\"\">noch kein l\u00e4ngerer Riss entstanden ist,<\/li>\n\n\n\n<li class=\"\">der Randbereich der Scheibe nicht betroffen ist,<\/li>\n\n\n\n<li class=\"\">der Schaden nicht direkt im Sichtfeld des Fahrers liegt.<\/li>\n<\/ul>\n\n\n\n<p class=\"\">Gerade frische Steinschl\u00e4ge lassen sich oft noch gut beurteilen und gegebenenfalls reparieren. Mehr dazu lesen Sie auch in unserem Beitrag <a href=\"https:\/\/nisacar.ch\/fr\/steinschlag-reparieren-emmen-rothenburg\/\">Steinschlag reparieren in Emmen und Rothenburg \u2013 wann reicht eine Reparatur?<\/a>.<\/p>\n\n\n\n<h2 class=\"wp-block-heading\">Wann die Windschutzscheibe wirklich gewechselt werden muss<\/h2>\n\n\n\n<p class=\"\">Ein Wechsel wird immer dann notwendig, wenn eine Reparatur die Sicherheit, Sicht oder Stabilit\u00e4t nicht mehr zuverl\u00e4ssig gew\u00e4hrleisten kann. Das betrifft vor allem Sch\u00e4den, die gr\u00f6sser, ung\u00fcnstig gelegen oder bereits weiter fortgeschritten sind. In solchen F\u00e4llen reicht es nicht mehr, den Schaden nur optisch zu entsch\u00e4rfen \u2013 dann braucht das Fahrzeug wieder eine vollst\u00e4ndig intakte Frontscheibe.<\/p>\n\n\n\n<p class=\"\">Ein Austausch ist meist notwendig, wenn:<\/p>\n\n\n\n<ul class=\"wp-block-list\">\n<li class=\"\">ein Riss in der Scheibe vorhanden ist,<\/li>\n\n\n\n<li class=\"\">der Schaden direkt im Sichtfeld des Fahrers liegt,<\/li>\n\n\n\n<li class=\"\">der Randbereich der Scheibe betroffen ist,<\/li>\n\n\n\n<li class=\"\">mehrere Sch\u00e4den vorhanden sind,<\/li>\n\n\n\n<li class=\"\">die Struktur des Glases sichtbar beeintr\u00e4chtigt ist.<\/li>\n<\/ul>\n\n\n\n<p class=\"\">Gerade bei Rissen sollte man nicht lange abwarten. Sie zeigen in der Regel, dass der Schaden nicht mehr nur oberfl\u00e4chlich ist. Genau dann ist ein Wechsel oft die sichere und sinnvolle L\u00f6sung.<\/p>\n\n\n\n<h2 class=\"wp-block-heading\">Warum Risse fast immer ein klares Warnsignal sind<\/h2>\n\n\n\n<p class=\"\">Ein Riss in der Frontscheibe ist etwas anderes als ein kleiner Steinschlag. W\u00e4hrend punktuelle Sch\u00e4den unter Umst\u00e4nden noch repariert werden k\u00f6nnen, zeigt ein Riss meist bereits eine st\u00e4rkere strukturelle Beeintr\u00e4chtigung. Die Scheibe hat dann nicht nur einen kleinen Einschlag, sondern eine sichtbare Ausbreitung des Schadens.<\/p>\n\n\n\n<p class=\"\">Das ist besonders kritisch, weil sich ein Riss durch normale Alltagsbelastung weiterziehen kann. Schon kleine Temperaturunterschiede, eine Bodenwelle oder eine st\u00e4rkere Ersch\u00fctterung k\u00f6nnen gen\u00fcgen, damit sich der Schaden vergr\u00f6ssert. Wer damit weiterf\u00e4hrt, gewinnt selten Zeit \u2013 meistens verliert man nur die Chance auf eine fr\u00fchere, klarere L\u00f6sung.<\/p>\n\n\n\n<p class=\"\">Wenn ein Riss bereits vorhanden ist, sollte die Situation deshalb m\u00f6glichst rasch fachlich beurteilt werden. Passend dazu lesen Sie auch <a href=\"https:\/\/nisacar.ch\/fr\/riss-in-der-frontscheibe-kriens-malters\/\">Was tun bei einem Riss in der Frontscheibe in Kriens und Malters?<\/a>.<\/p>\n\n\n\n<h2 class=\"wp-block-heading\">Windschutzscheibe wechseln in Luzern \u2013 warum die Lage des Schadens entscheidend ist<\/h2>\n\n\n\n<p class=\"\">Nicht nur die Gr\u00f6sse, sondern auch die Position des Schadens entscheidet dar\u00fcber, ob ein Wechsel n\u00f6tig ist. Besonders relevant ist der direkte Sichtbereich des Fahrers. Selbst wenn ein Schaden relativ klein erscheint, kann er dort zum Problem werden. Lichtbrechung, Reflexionen und optische Unruhe st\u00f6ren genau in dem Bereich, in dem klare Sicht besonders wichtig ist.<\/p>\n\n\n\n<p class=\"\">Auch der Randbereich der Windschutzscheibe ist kritisch. Dort ist die Stabilit\u00e4t besonders wichtig, und Sch\u00e4den in diesem Bereich k\u00f6nnen sich h\u00e4ufig schneller ausweiten. Deshalb werden solche Besch\u00e4digungen meist strenger beurteilt als kleine Einschl\u00e4ge in weniger sensiblen Bereichen.<\/p>\n\n\n\n<p class=\"\">Gerade diese beiden Faktoren \u2013 Sichtfeld und Randzone \u2013 sind oft ausschlaggebend daf\u00fcr, ob eine Reparatur noch vertretbar ist oder nicht.<\/p>\n\n\n\n<h2 class=\"wp-block-heading\">Warum kleine Sch\u00e4den schnell gr\u00f6sser werden k\u00f6nnen<\/h2>\n\n\n\n<p class=\"\">Viele Autofahrer hoffen bei kleinen Glassch\u00e4den, dass sie einfach so bleiben. Manchmal wirkt das auch f\u00fcr eine gewisse Zeit so. In Wahrheit ist die Windschutzscheibe aber im Alltag dauernd Belastungen ausgesetzt. Temperaturwechsel zwischen kalter Aussenluft und warmer Innenraumluft, direkte Sonneneinstrahlung, Schlagl\u00f6cher und Vibrationen setzen das Glas st\u00e4ndig unter Spannung.<\/p>\n\n\n\n<p class=\"\">Gerade deshalb k\u00f6nnen kleine Sch\u00e4den sich schnell ver\u00e4ndern. Ein Steinschlag, der gestern noch harmlos wirkte, kann morgen bereits deutlich gr\u00f6sser sein. Genau aus diesem Grund ist fr\u00fches Handeln meist der bessere Weg. Wer fr\u00fch pr\u00fcfen l\u00e4sst, schafft Klarheit \u2013 und vermeidet oft gr\u00f6sseren Aufwand.<\/p>\n\n\n\n<p class=\"\">Das gilt besonders in den \u00dcbergangszeiten und im Winter, aber auch starke Sommerhitze kann Glassch\u00e4den ung\u00fcnstig beeinflussen.<\/p>\n\n\n\n<h2 class=\"wp-block-heading\">Was passiert beim Wechsel der Windschutzscheibe?<\/h2>\n\n\n\n<p class=\"\">Viele Fahrzeughalter fragen sich, was ein Scheibenwechsel \u00fcberhaupt bedeutet. Grunds\u00e4tzlich wird die besch\u00e4digte Frontscheibe fachgerecht entfernt und durch eine neue ersetzt. Entscheidend ist dabei, dass dies sauber und pr\u00e4zise geschieht. Denn es geht nicht nur darum, ein Glas auszutauschen, sondern den sicheren Gesamtzustand des Fahrzeugs wiederherzustellen.<\/p>\n\n\n\n<p class=\"\">Bei modernen Fahrzeugen ist das besonders wichtig, weil rund um die Frontscheibe oft Sensoren, Kameras oder andere technische Bereiche eine Rolle spielen. Genau deshalb sollte ein Scheibenwechsel nicht als Nebensache behandelt werden, sondern als Arbeit an einem sicherheitsrelevanten Bauteil.<\/p>\n\n\n\n<p class=\"\">Das Ziel ist immer klar: freie Sicht, vollst\u00e4ndige Funktion und ein Fahrzeug, das wieder sicher im Alltag eingesetzt werden kann.<\/p>\n\n\n\n<h2 class=\"wp-block-heading\">Auch f\u00fcr den Fahrzeugwert spielt die Frontscheibe eine Rolle<\/h2>\n\n\n\n<p class=\"\">Eine besch\u00e4digte Windschutzscheibe beeinflusst nicht nur die Sicherheit, sondern auch den Gesamteindruck eines Fahrzeugs. Ein sichtbarer Riss oder ein auff\u00e4lliger Glasschaden l\u00e4sst ein Auto schnell ungepflegt erscheinen \u2013 selbst wenn der restliche Zustand ordentlich ist. Gerade beim sp\u00e4teren Verkauf spielt das eine sp\u00fcrbare Rolle.<\/p>\n\n\n\n<p class=\"\">Interessenten achten stark auf Dinge, die sofort sichtbar sind. Eine intakte Frontscheibe schafft Vertrauen, ein sichtbarer Schaden wirft sofort Fragen auf. Wer sein Fahrzeug gut erhalten oder sp\u00e4ter verkaufen m\u00f6chte, sollte Glassch\u00e4den deshalb nicht zu lange aufschieben.<\/p>\n\n\n\n<p class=\"\">Wenn Sie sich auch mit dem Verkauf Ihres Autos besch\u00e4ftigen, lesen Sie hier weiter: <a href=\"https:\/\/nisacar.ch\/fr\/auto-verkaufen-ohne-stress-luzern\/\">Auto verkaufen ohne Stress in Luzern \u2013 so bereiten Sie sich richtig vor<\/a> und <a href=\"https:\/\/nisacar.ch\/fr\/auto-verkaufen-mit-maengeln-luzern\/\">Auto verkaufen mit M\u00e4ngeln in Luzern \u2013 geht das problemlos?<\/a>.<\/p>\n\n\n\n<h2 class=\"wp-block-heading\">Warum man mit einem Schaden nicht unn\u00f6tig warten sollte<\/h2>\n\n\n\n<p class=\"\">Ein h\u00e4ufiger Fehler ist das bewusste Aufschieben. Viele denken, dass ein kleiner Schaden erst dann wichtig wird, wenn er deutlich gr\u00f6sser geworden ist. Genau diese Logik macht das Problem oft unn\u00f6tig kompliziert. Denn je fr\u00fcher ein Glasschaden gepr\u00fcft wird, desto klarer l\u00e4sst sich entscheiden, welche L\u00f6sung sinnvoll ist.<\/p>\n\n\n\n<p class=\"\">Wird zu lange gewartet, ist die Wahrscheinlichkeit gr\u00f6sser, dass aus einer m\u00f6glichen Reparatur ein n\u00f6tiger Scheibenwechsel wird. Selbst wenn ein Wechsel am Ende ohnehin notwendig ist, ist es meist angenehmer, diesen fr\u00fchzeitig und geplant zu organisieren, statt von einer pl\u00f6tzlichen Verschlechterung \u00fcberrascht zu werden.<\/p>\n\n\n\n<p class=\"\">Vor allem dann, wenn das Auto t\u00e4glich gebraucht wird, ist planbares Handeln fast immer besser als sp\u00e4tes Reagieren.<\/p>\n\n\n\n<h2 class=\"wp-block-heading\">Welche Fahrzeuge besonders betroffen sind<\/h2>\n\n\n\n<p class=\"\">Grunds\u00e4tzlich kann jede Windschutzscheibe besch\u00e4digt werden \u2013 vom Kleinwagen \u00fcber das Familienauto bis hin zum SUV oder Gesch\u00e4ftsfahrzeug. Besonders h\u00e4ufig treten Steinschl\u00e4ge bei Fahrzeugen auf, die viel auf Autobahnen oder Landstrassen unterwegs sind. Dort ist die Wahrscheinlichkeit h\u00f6her, dass kleine Steine aufgewirbelt werden.<\/p>\n\n\n\n<p class=\"\">Aber auch Fahrzeuge, die vor allem im normalen Alltag genutzt werden, sind nicht automatisch gesch\u00fctzt. Schon ein kleiner Vorschaden kann sich durch Wetter, Ersch\u00fctterungen oder normale Belastung weiterentwickeln. Deshalb ist das Thema nicht nur f\u00fcr Vielfahrer relevant, sondern f\u00fcr praktisch jeden, der sein Auto regelm\u00e4ssig nutzt.<\/p>\n\n\n\n<p class=\"\">Entscheidend ist weniger der Fahrzeugtyp als die Tatsache, dass die Frontscheibe im Alltag immer unter Spannung und Belastung steht.<\/p>\n\n\n\n<h2 class=\"wp-block-heading\">Warum regionale Unterst\u00fctzung in Luzern sinnvoll ist<\/h2>\n\n\n\n<p class=\"\">Gerade bei Glassch\u00e4den m\u00f6chten die meisten Autofahrer schnelle Klarheit. Ein regionaler Ansprechpartner ist dabei ein klarer Vorteil. Kurze Wege, pers\u00f6nliche Beratung und eine direkte Einsch\u00e4tzung helfen dabei, schnell zu verstehen, ob eine Reparatur noch ausreicht oder ein Wechsel notwendig ist.<\/p>\n\n\n\n<p class=\"\">Bei NISA Car legen wir Wert auf ehrliche Beurteilungen und nachvollziehbare Empfehlungen. Wir schauen uns den Schaden an und sagen offen, wann ein Scheibenwechsel wirklich n\u00f6tig ist und wann nicht. Mehr zu unseren Angeboten finden Sie auch unter <a href=\"https:\/\/nisacar.ch\/leistungen\/\">Leistungen<\/a> sowie bei unseren aktuellen <a href=\"https:\/\/nisacar.ch\/automobile\/\">Automobilen<\/a>.<\/p>\n\n\n\n<h2 class=\"wp-block-heading\">Fazit: Ein Wechsel ist dann notwendig, wenn Sicherheit und Sicht nicht mehr zuverl\u00e4ssig gew\u00e4hrleistet sind<\/h2>\n\n\n\n<p class=\"\"><strong>Windschutzscheibe wechseln Luzern<\/strong> ist immer dann wirklich notwendig, wenn eine Reparatur die Sicht, Stabilit\u00e4t und Sicherheit nicht mehr zuverl\u00e4ssig wiederherstellen kann. Kleine Steinschl\u00e4ge lassen sich in manchen F\u00e4llen noch reparieren. Risse, Sch\u00e4den im Sichtfeld oder Besch\u00e4digungen im Randbereich der Scheibe machen einen Wechsel dagegen oft unvermeidbar.<\/p>\n\n\n\n<p class=\"\">Wichtig ist vor allem, das Thema nicht unn\u00f6tig hinauszuz\u00f6gern. Je fr\u00fcher ein Schaden beurteilt wird, desto besser l\u00e4sst sich entscheiden, was sinnvoll ist. Das sch\u00fctzt nicht nur vor gr\u00f6sserem Aufwand, sondern gibt auch im Alltag ein deutlich besseres Gef\u00fchl beim Fahren.<\/p>\n\n\n\n<p class=\"\">Wenn Ihre Frontscheibe besch\u00e4digt ist oder Sie eine ehrliche Einsch\u00e4tzung ben\u00f6tigen, nehmen Sie gerne <a href=\"https:\/\/nisacar.ch\/kontakt\/\">Kontakt<\/a> mit uns auf. Wir unterst\u00fctzen Sie mit einer transparenten Beurteilung und der passenden L\u00f6sung f\u00fcr Ihr Fahrzeug.<\/p>\n\n\n\n<h2 class=\"wp-block-heading\">Weitere hilfreiche Artikel<\/h2>\n\n\n\n<ul class=\"wp-block-list\">\n<li class=\"\"><a href=\"https:\/\/nisacar.ch\/fr\/steinschlag-reparieren-emmen-rothenburg\/\">Steinschlag reparieren in Emmen und Rothenburg \u2013 wann reicht eine Reparatur?<\/a><\/li>\n\n\n\n<li class=\"\"><a href=\"https:\/\/nisacar.ch\/fr\/riss-in-der-frontscheibe-kriens-malters\/\">Was tun bei einem Riss in der Frontscheibe in Kriens und Malters?<\/a><\/li>\n\n\n\n<li class=\"\"><a href=\"https:\/\/nisacar.ch\/fr\/windschutzscheibe-wechseln-sursee-sempach\/\">Windschutzscheibe wechseln in Sursee und Sempach \u2013 wann ist ein Austausch n\u00f6tig?<\/a><\/li>\n<\/ul>\n","protected":false},"excerpt":{"rendered":"<p>Eine besch\u00e4digte Windschutzscheibe geh\u00f6rt zu den Problemen, die viele Autofahrer zun\u00e4chst untersch\u00e4tzen. Oft beginnt alles mit einem kleinen Steinschlag, einem feinen Riss oder einer scheinbar harmlosen<span class=\"excerpt-hellip\"> [\u2026]<\/span><\/p>\n","protected":false},"author":2,"featured_media":2885,"comment_status":"closed","ping_status":"closed","sticky":false,"template":"","format":"standard","meta":{"_acf_changed":false,"nf_dc_page":"","_jetpack_memberships_contains_paid_content":false,"footnotes":""},"categories":[18],"tags":[230,53,55,229,26],"class_list":["post-2884","post","type-post","status-publish","format-standard","has-post-thumbnail","hentry","category-scheibenservice","tag-autoreparatur","tag-fahrzeugsicherheit","tag-luzern","tag-scheibenaustausch","tag-scheibenreparatur"],"acf":[],"yoast_head":"<!-- This site is optimized with the Yoast SEO plugin v27.5 - https:\/\/yoast.com\/product\/yoast-seo-wordpress\/ -->\n<title>Windschutzscheibe wechseln in Luzern \u2013 wann ist es wirklich notwendig?<\/title>\n<meta name=\"description\" content=\"Windschutzscheibe wechseln in Luzern: Erfahren Sie, wann ein Austausch wirklich n\u00f6tig ist, wann eine Reparatur noch reicht und warum...\" \/>\n<meta name=\"robots\" content=\"index, follow, max-snippet:-1, max-image-preview:large, max-video-preview:-1\" \/>\n<link rel=\"canonical\" href=\"https:\/\/nisacar.ch\/fr\/windschutzscheibe-wechseln-luzern-2\/\" \/>\n<meta property=\"og:locale\" content=\"fr_FR\" \/>\n<meta property=\"og:type\" content=\"article\" \/>\n<meta property=\"og:title\" content=\"Windschutzscheibe wechseln in Luzern \u2013 wann ist es wirklich notwendig?\" \/>\n<meta property=\"og:description\" content=\"Windschutzscheibe wechseln in Luzern: Erfahren Sie, wann ein Austausch wirklich n\u00f6tig ist, wann eine Reparatur noch reicht und warum schnelles Handeln wichtig ist.\" \/>\n<meta property=\"og:url\" content=\"https:\/\/nisacar.ch\/fr\/windschutzscheibe-wechseln-luzern-2\/\" \/>\n<meta property=\"og:site_name\" content=\"NISA Car\" \/>\n<meta property=\"article:publisher\" content=\"https:\/\/www.facebook.com\/nisacar.ch1\" \/>\n<meta property=\"article:published_time\" content=\"2026-04-22T09:08:00+00:00\" \/>\n<meta property=\"og:image\" content=\"https:\/\/i0.wp.com\/nisacar.ch\/wp-content\/uploads\/2026\/04\/Windschutzscheibe-wechseln-Luzern-Windschutzscheibe-wechseln-Luzern.jpg?fit=1200%2C850&ssl=1\" \/>\n\t<meta property=\"og:image:width\" content=\"1200\" \/>\n\t<meta property=\"og:image:height\" content=\"850\" \/>\n\t<meta property=\"og:image:type\" content=\"image\/jpeg\" \/>\n<meta name=\"author\" content=\"Bojan Atanasov\" \/>\n<meta name=\"twitter:card\" content=\"summary_large_image\" \/>\n<meta name=\"twitter:label1\" content=\"\u00c9crit par\" \/>\n\t<meta name=\"twitter:data1\" content=\"Bojan Atanasov\" \/>\n\t<meta name=\"twitter:label2\" content=\"Dur\u00e9e de lecture estim\u00e9e\" \/>\n\t<meta name=\"twitter:data2\" content=\"8 minutes\" \/>\n<script type=\"application\/ld+json\" class=\"yoast-schema-graph\">{\"@context\":\"https:\\\/\\\/schema.org\",\"@graph\":[{\"@type\":\"Article\",\"@id\":\"https:\\\/\\\/nisacar.ch\\\/fr\\\/windschutzscheibe-wechseln-luzern-2\\\/#article\",\"isPartOf\":{\"@id\":\"https:\\\/\\\/nisacar.ch\\\/fr\\\/windschutzscheibe-wechseln-luzern-2\\\/\"},\"author\":{\"name\":\"Bojan Atanasov\",\"@id\":\"https:\\\/\\\/nisacar.ch\\\/fr\\\/#\\\/schema\\\/person\\\/d92360346fc54e6f3ccb5f67baa14403\"},\"headline\":\"Windschutzscheibe wechseln in Luzern \u2013 wann ist es wirklich notwendig?\",\"datePublished\":\"2026-04-22T09:08:00+00:00\",\"mainEntityOfPage\":{\"@id\":\"https:\\\/\\\/nisacar.ch\\\/fr\\\/windschutzscheibe-wechseln-luzern-2\\\/\"},\"wordCount\":1820,\"publisher\":{\"@id\":\"https:\\\/\\\/nisacar.ch\\\/fr\\\/#organization\"},\"image\":{\"@id\":\"https:\\\/\\\/nisacar.ch\\\/fr\\\/windschutzscheibe-wechseln-luzern-2\\\/#primaryimage\"},\"thumbnailUrl\":\"https:\\\/\\\/i0.wp.com\\\/nisacar.ch\\\/wp-content\\\/uploads\\\/2026\\\/04\\\/Windschutzscheibe-wechseln-Luzern-Windschutzscheibe-wechseln-Luzern.jpg?fit=1200%2C850&ssl=1\",\"keywords\":[\"Autoreparatur\",\"Fahrzeugsicherheit\",\"Luzern\",\"Scheibenaustausch\",\"Scheibenreparatur\"],\"articleSection\":[\"Scheibenservice\"],\"inLanguage\":\"fr-FR\"},{\"@type\":\"WebPage\",\"@id\":\"https:\\\/\\\/nisacar.ch\\\/fr\\\/windschutzscheibe-wechseln-luzern-2\\\/\",\"url\":\"https:\\\/\\\/nisacar.ch\\\/fr\\\/windschutzscheibe-wechseln-luzern-2\\\/\",\"name\":\"Windschutzscheibe wechseln in Luzern \u2013 wann ist es wirklich notwendig?\",\"isPartOf\":{\"@id\":\"https:\\\/\\\/nisacar.ch\\\/fr\\\/#website\"},\"primaryImageOfPage\":{\"@id\":\"https:\\\/\\\/nisacar.ch\\\/fr\\\/windschutzscheibe-wechseln-luzern-2\\\/#primaryimage\"},\"image\":{\"@id\":\"https:\\\/\\\/nisacar.ch\\\/fr\\\/windschutzscheibe-wechseln-luzern-2\\\/#primaryimage\"},\"thumbnailUrl\":\"https:\\\/\\\/i0.wp.com\\\/nisacar.ch\\\/wp-content\\\/uploads\\\/2026\\\/04\\\/Windschutzscheibe-wechseln-Luzern-Windschutzscheibe-wechseln-Luzern.jpg?fit=1200%2C850&ssl=1\",\"datePublished\":\"2026-04-22T09:08:00+00:00\",\"description\":\"Windschutzscheibe wechseln in Luzern: Erfahren Sie, wann ein Austausch wirklich n\u00f6tig ist, wann eine Reparatur noch reicht und warum...\",\"breadcrumb\":{\"@id\":\"https:\\\/\\\/nisacar.ch\\\/fr\\\/windschutzscheibe-wechseln-luzern-2\\\/#breadcrumb\"},\"inLanguage\":\"fr-FR\",\"potentialAction\":[{\"@type\":\"ReadAction\",\"target\":[\"https:\\\/\\\/nisacar.ch\\\/fr\\\/windschutzscheibe-wechseln-luzern-2\\\/\"]}]},{\"@type\":\"ImageObject\",\"inLanguage\":\"fr-FR\",\"@id\":\"https:\\\/\\\/nisacar.ch\\\/fr\\\/windschutzscheibe-wechseln-luzern-2\\\/#primaryimage\",\"url\":\"https:\\\/\\\/i0.wp.com\\\/nisacar.ch\\\/wp-content\\\/uploads\\\/2026\\\/04\\\/Windschutzscheibe-wechseln-Luzern-Windschutzscheibe-wechseln-Luzern.jpg?fit=1200%2C850&ssl=1\",\"contentUrl\":\"https:\\\/\\\/i0.wp.com\\\/nisacar.ch\\\/wp-content\\\/uploads\\\/2026\\\/04\\\/Windschutzscheibe-wechseln-Luzern-Windschutzscheibe-wechseln-Luzern.jpg?fit=1200%2C850&ssl=1\",\"width\":1200,\"height\":850,\"caption\":\"Windschutzscheibe wechseln Luzern Windschutzscheibe wechseln Luzern Scheibenservice Tags: Scheibenreparatur, Scheibenaustausch, Fahrzeugsicherheit, Autoreparatur, Luzern\"},{\"@type\":\"BreadcrumbList\",\"@id\":\"https:\\\/\\\/nisacar.ch\\\/fr\\\/windschutzscheibe-wechseln-luzern-2\\\/#breadcrumb\",\"itemListElement\":[{\"@type\":\"ListItem\",\"position\":1,\"name\":\"Home\",\"item\":\"https:\\\/\\\/nisacar.ch\\\/fr\\\/\"},{\"@type\":\"ListItem\",\"position\":2,\"name\":\"Windschutzscheibe wechseln in Luzern \u2013 wann ist es wirklich notwendig?\"}]},{\"@type\":\"WebSite\",\"@id\":\"https:\\\/\\\/nisacar.ch\\\/fr\\\/#website\",\"url\":\"https:\\\/\\\/nisacar.ch\\\/fr\\\/\",\"name\":\"NISA Car\",\"description\":\"Perfekte Pflege. Faire Preise. Schweizer Qualit\u00e4t.\",\"publisher\":{\"@id\":\"https:\\\/\\\/nisacar.ch\\\/fr\\\/#organization\"},\"potentialAction\":[{\"@type\":\"SearchAction\",\"target\":{\"@type\":\"EntryPoint\",\"urlTemplate\":\"https:\\\/\\\/nisacar.ch\\\/fr\\\/?s={search_term_string}\"},\"query-input\":{\"@type\":\"PropertyValueSpecification\",\"valueRequired\":true,\"valueName\":\"search_term_string\"}}],\"inLanguage\":\"fr-FR\"},{\"@type\":\"Organization\",\"@id\":\"https:\\\/\\\/nisacar.ch\\\/fr\\\/#organization\",\"name\":\"NISA Car Angelov\",\"url\":\"https:\\\/\\\/nisacar.ch\\\/fr\\\/\",\"logo\":{\"@type\":\"ImageObject\",\"inLanguage\":\"fr-FR\",\"@id\":\"https:\\\/\\\/nisacar.ch\\\/fr\\\/#\\\/schema\\\/logo\\\/image\\\/\",\"url\":\"https:\\\/\\\/i0.wp.com\\\/nisacar.ch\\\/wp-content\\\/uploads\\\/2025\\\/10\\\/cropped-za_autoscout-removebg-preview-Copy.png?fit=420%2C150&ssl=1\",\"contentUrl\":\"https:\\\/\\\/i0.wp.com\\\/nisacar.ch\\\/wp-content\\\/uploads\\\/2025\\\/10\\\/cropped-za_autoscout-removebg-preview-Copy.png?fit=420%2C150&ssl=1\",\"width\":420,\"height\":150,\"caption\":\"NISA Car Angelov\"},\"image\":{\"@id\":\"https:\\\/\\\/nisacar.ch\\\/fr\\\/#\\\/schema\\\/logo\\\/image\\\/\"},\"sameAs\":[\"https:\\\/\\\/www.facebook.com\\\/nisacar.ch1\",\"https:\\\/\\\/www.instagram.com\\\/nisacar_ch\\\/\"]},{\"@type\":\"Person\",\"@id\":\"https:\\\/\\\/nisacar.ch\\\/fr\\\/#\\\/schema\\\/person\\\/d92360346fc54e6f3ccb5f67baa14403\",\"name\":\"Bojan Atanasov\",\"image\":{\"@type\":\"ImageObject\",\"inLanguage\":\"fr-FR\",\"@id\":\"https:\\\/\\\/secure.gravatar.com\\\/avatar\\\/2bed02e9a515199a35221b37b3e7871dfba34ba0309d41356bb19e8e3795914d?s=96&d=mm&r=g\",\"url\":\"https:\\\/\\\/secure.gravatar.com\\\/avatar\\\/2bed02e9a515199a35221b37b3e7871dfba34ba0309d41356bb19e8e3795914d?s=96&d=mm&r=g\",\"contentUrl\":\"https:\\\/\\\/secure.gravatar.com\\\/avatar\\\/2bed02e9a515199a35221b37b3e7871dfba34ba0309d41356bb19e8e3795914d?s=96&d=mm&r=g\",\"caption\":\"Bojan Atanasov\"},\"sameAs\":[\"https:\\\/\\\/lumovo.ch\"],\"url\":\"https:\\\/\\\/nisacar.ch\\\/fr\\\/author\\\/atanasov1995\\\/\"}]}<\/script>\n<!-- \/ Yoast SEO plugin. -->","yoast_head_json":{"title":"Windschutzscheibe wechseln in Luzern \u2013 wann ist es wirklich notwendig?","description":"Windschutzscheibe wechseln in Luzern: Erfahren Sie, wann ein Austausch wirklich n\u00f6tig ist, wann eine Reparatur noch reicht und warum...","robots":{"index":"index","follow":"follow","max-snippet":"max-snippet:-1","max-image-preview":"max-image-preview:large","max-video-preview":"max-video-preview:-1"},"canonical":"https:\/\/nisacar.ch\/fr\/windschutzscheibe-wechseln-luzern-2\/","og_locale":"fr_FR","og_type":"article","og_title":"Windschutzscheibe wechseln in Luzern \u2013 wann ist es wirklich notwendig?","og_description":"Windschutzscheibe wechseln in Luzern: Erfahren Sie, wann ein Austausch wirklich n\u00f6tig ist, wann eine Reparatur noch reicht und warum schnelles Handeln wichtig ist.","og_url":"https:\/\/nisacar.ch\/fr\/windschutzscheibe-wechseln-luzern-2\/","og_site_name":"NISA Car","article_publisher":"https:\/\/www.facebook.com\/nisacar.ch1","article_published_time":"2026-04-22T09:08:00+00:00","og_image":[{"width":1200,"height":850,"url":"https:\/\/i0.wp.com\/nisacar.ch\/wp-content\/uploads\/2026\/04\/Windschutzscheibe-wechseln-Luzern-Windschutzscheibe-wechseln-Luzern.jpg?fit=1200%2C850&ssl=1","type":"image\/jpeg"}],"author":"Bojan Atanasov","twitter_card":"summary_large_image","twitter_misc":{"\u00c9crit par":"Bojan Atanasov","Dur\u00e9e de lecture estim\u00e9e":"8 minutes"},"schema":{"@context":"https:\/\/schema.org","@graph":[{"@type":"Article","@id":"https:\/\/nisacar.ch\/fr\/windschutzscheibe-wechseln-luzern-2\/#article","isPartOf":{"@id":"https:\/\/nisacar.ch\/fr\/windschutzscheibe-wechseln-luzern-2\/"},"author":{"name":"Bojan Atanasov","@id":"https:\/\/nisacar.ch\/fr\/#\/schema\/person\/d92360346fc54e6f3ccb5f67baa14403"},"headline":"Windschutzscheibe wechseln in Luzern \u2013 wann ist es wirklich notwendig?","datePublished":"2026-04-22T09:08:00+00:00","mainEntityOfPage":{"@id":"https:\/\/nisacar.ch\/fr\/windschutzscheibe-wechseln-luzern-2\/"},"wordCount":1820,"publisher":{"@id":"https:\/\/nisacar.ch\/fr\/#organization"},"image":{"@id":"https:\/\/nisacar.ch\/fr\/windschutzscheibe-wechseln-luzern-2\/#primaryimage"},"thumbnailUrl":"https:\/\/i0.wp.com\/nisacar.ch\/wp-content\/uploads\/2026\/04\/Windschutzscheibe-wechseln-Luzern-Windschutzscheibe-wechseln-Luzern.jpg?fit=1200%2C850&ssl=1","keywords":["Autoreparatur","Fahrzeugsicherheit","Luzern","Scheibenaustausch","Scheibenreparatur"],"articleSection":["Scheibenservice"],"inLanguage":"fr-FR"},{"@type":"WebPage","@id":"https:\/\/nisacar.ch\/fr\/windschutzscheibe-wechseln-luzern-2\/","url":"https:\/\/nisacar.ch\/fr\/windschutzscheibe-wechseln-luzern-2\/","name":"Windschutzscheibe wechseln in Luzern \u2013 wann ist es wirklich notwendig?","isPartOf":{"@id":"https:\/\/nisacar.ch\/fr\/#website"},"primaryImageOfPage":{"@id":"https:\/\/nisacar.ch\/fr\/windschutzscheibe-wechseln-luzern-2\/#primaryimage"},"image":{"@id":"https:\/\/nisacar.ch\/fr\/windschutzscheibe-wechseln-luzern-2\/#primaryimage"},"thumbnailUrl":"https:\/\/i0.wp.com\/nisacar.ch\/wp-content\/uploads\/2026\/04\/Windschutzscheibe-wechseln-Luzern-Windschutzscheibe-wechseln-Luzern.jpg?fit=1200%2C850&ssl=1","datePublished":"2026-04-22T09:08:00+00:00","description":"Windschutzscheibe wechseln in Luzern: Erfahren Sie, wann ein Austausch wirklich n\u00f6tig ist, wann eine Reparatur noch reicht und warum...","breadcrumb":{"@id":"https:\/\/nisacar.ch\/fr\/windschutzscheibe-wechseln-luzern-2\/#breadcrumb"},"inLanguage":"fr-FR","potentialAction":[{"@type":"ReadAction","target":["https:\/\/nisacar.ch\/fr\/windschutzscheibe-wechseln-luzern-2\/"]}]},{"@type":"ImageObject","inLanguage":"fr-FR","@id":"https:\/\/nisacar.ch\/fr\/windschutzscheibe-wechseln-luzern-2\/#primaryimage","url":"https:\/\/i0.wp.com\/nisacar.ch\/wp-content\/uploads\/2026\/04\/Windschutzscheibe-wechseln-Luzern-Windschutzscheibe-wechseln-Luzern.jpg?fit=1200%2C850&ssl=1","contentUrl":"https:\/\/i0.wp.com\/nisacar.ch\/wp-content\/uploads\/2026\/04\/Windschutzscheibe-wechseln-Luzern-Windschutzscheibe-wechseln-Luzern.jpg?fit=1200%2C850&ssl=1","width":1200,"height":850,"caption":"Windschutzscheibe wechseln Luzern Windschutzscheibe wechseln Luzern Scheibenservice Tags: Scheibenreparatur, Scheibenaustausch, Fahrzeugsicherheit, Autoreparatur, Luzern"},{"@type":"BreadcrumbList","@id":"https:\/\/nisacar.ch\/fr\/windschutzscheibe-wechseln-luzern-2\/#breadcrumb","itemListElement":[{"@type":"ListItem","position":1,"name":"Home","item":"https:\/\/nisacar.ch\/fr\/"},{"@type":"ListItem","position":2,"name":"Windschutzscheibe wechseln in Luzern \u2013 wann ist es wirklich notwendig?"}]},{"@type":"WebSite","@id":"https:\/\/nisacar.ch\/fr\/#website","url":"https:\/\/nisacar.ch\/fr\/","name":"NISA Car","description":"Perfekte Pflege. Faire Preise. Schweizer Qualit\u00e4t.","publisher":{"@id":"https:\/\/nisacar.ch\/fr\/#organization"},"potentialAction":[{"@type":"SearchAction","target":{"@type":"EntryPoint","urlTemplate":"https:\/\/nisacar.ch\/fr\/?s={search_term_string}"},"query-input":{"@type":"PropertyValueSpecification","valueRequired":true,"valueName":"search_term_string"}}],"inLanguage":"fr-FR"},{"@type":"Organization","@id":"https:\/\/nisacar.ch\/fr\/#organization","name":"NISA Car Angelov","url":"https:\/\/nisacar.ch\/fr\/","logo":{"@type":"ImageObject","inLanguage":"fr-FR","@id":"https:\/\/nisacar.ch\/fr\/#\/schema\/logo\/image\/","url":"https:\/\/i0.wp.com\/nisacar.ch\/wp-content\/uploads\/2025\/10\/cropped-za_autoscout-removebg-preview-Copy.png?fit=420%2C150&ssl=1","contentUrl":"https:\/\/i0.wp.com\/nisacar.ch\/wp-content\/uploads\/2025\/10\/cropped-za_autoscout-removebg-preview-Copy.png?fit=420%2C150&ssl=1","width":420,"height":150,"caption":"NISA Car Angelov"},"image":{"@id":"https:\/\/nisacar.ch\/fr\/#\/schema\/logo\/image\/"},"sameAs":["https:\/\/www.facebook.com\/nisacar.ch1","https:\/\/www.instagram.com\/nisacar_ch\/"]},{"@type":"Person","@id":"https:\/\/nisacar.ch\/fr\/#\/schema\/person\/d92360346fc54e6f3ccb5f67baa14403","name":"Bojan Atanasov","image":{"@type":"ImageObject","inLanguage":"fr-FR","@id":"https:\/\/secure.gravatar.com\/avatar\/2bed02e9a515199a35221b37b3e7871dfba34ba0309d41356bb19e8e3795914d?s=96&d=mm&r=g","url":"https:\/\/secure.gravatar.com\/avatar\/2bed02e9a515199a35221b37b3e7871dfba34ba0309d41356bb19e8e3795914d?s=96&d=mm&r=g","contentUrl":"https:\/\/secure.gravatar.com\/avatar\/2bed02e9a515199a35221b37b3e7871dfba34ba0309d41356bb19e8e3795914d?s=96&d=mm&r=g","caption":"Bojan Atanasov"},"sameAs":["https:\/\/lumovo.ch"],"url":"https:\/\/nisacar.ch\/fr\/author\/atanasov1995\/"}]}},"jetpack_featured_media_url":"https:\/\/i0.wp.com\/nisacar.ch\/wp-content\/uploads\/2026\/04\/Windschutzscheibe-wechseln-Luzern-Windschutzscheibe-wechseln-Luzern.jpg?fit=1200%2C850&ssl=1","jetpack_sharing_enabled":true,"_links":{"self":[{"href":"https:\/\/nisacar.ch\/fr\/wp-json\/wp\/v2\/posts\/2884","targetHints":{"allow":["GET"]}}],"collection":[{"href":"https:\/\/nisacar.ch\/fr\/wp-json\/wp\/v2\/posts"}],"about":[{"href":"https:\/\/nisacar.ch\/fr\/wp-json\/wp\/v2\/types\/post"}],"author":[{"embeddable":true,"href":"https:\/\/nisacar.ch\/fr\/wp-json\/wp\/v2\/users\/2"}],"replies":[{"embeddable":true,"href":"https:\/\/nisacar.ch\/fr\/wp-json\/wp\/v2\/comments?post=2884"}],"version-history":[{"count":1,"href":"https:\/\/nisacar.ch\/fr\/wp-json\/wp\/v2\/posts\/2884\/revisions"}],"predecessor-version":[{"id":2886,"href":"https:\/\/nisacar.ch\/fr\/wp-json\/wp\/v2\/posts\/2884\/revisions\/2886"}],"wp:featuredmedia":[{"embeddable":true,"href":"https:\/\/nisacar.ch\/fr\/wp-json\/wp\/v2\/media\/2885"}],"wp:attachment":[{"href":"https:\/\/nisacar.ch\/fr\/wp-json\/wp\/v2\/media?parent=2884"}],"wp:term":[{"taxonomy":"category","embeddable":true,"href":"https:\/\/nisacar.ch\/fr\/wp-json\/wp\/v2\/categories?post=2884"},{"taxonomy":"post_tag","embeddable":true,"href":"https:\/\/nisacar.ch\/fr\/wp-json\/wp\/v2\/tags?post=2884"}],"curies":[{"name":"wp","href":"https:\/\/api.w.org\/{rel}","templated":true}]}}