{"id":2875,"date":"2026-04-18T10:59:24","date_gmt":"2026-04-18T08:59:24","guid":{"rendered":"https:\/\/nisacar.ch\/?p=2875"},"modified":"2026-04-02T11:12:06","modified_gmt":"2026-04-02T09:12:06","slug":"auto-fuer-laengere-fahrten-vorbereiten-luzern-umgebung","status":"publish","type":"post","link":"https:\/\/nisacar.ch\/fr\/auto-fuer-laengere-fahrten-vorbereiten-luzern-umgebung\/","title":{"rendered":"Auto sicher f\u00fcr l\u00e4ngere Fahrten vorbereiten in Luzern und Umgebung"},"content":{"rendered":"\n<p class=\"\">L\u00e4ngere Fahrten stellen andere Anforderungen an ein Fahrzeug als der normale Alltag. Auf dem Arbeitsweg, bei kurzen Stadtstrecken oder bei den \u00fcblichen Besorgungen bleibt vieles oft unauff\u00e4llig. Sobald aber eine l\u00e4ngere Strecke ansteht, vielleicht mit Autobahn, voller Beladung, warmem Wetter oder mehreren Stunden Fahrt am St\u00fcck, zeigt sich schnell, wie gut ein Auto tats\u00e4chlich vorbereitet ist. Genau deshalb lohnt es sich, vor l\u00e4ngeren Fahrten nicht einfach nur loszufahren, sondern das Fahrzeug bewusst zu pr\u00fcfen.<\/p>\n\n\n\n<p class=\"\">Viele Probleme k\u00fcndigen sich nicht laut an. Reifen mit nachlassendem Zustand, Bremsen mit ersten Warnzeichen, Fl\u00fcssigkeiten auf knappem Niveau oder ein Innenraum, der f\u00fcr l\u00e4ngere Fahrten einfach nicht angenehm vorbereitet ist, wirken im Alltag oft \u00fcberschaubar. Auf l\u00e4ngeren Strecken werden solche Kleinigkeiten jedoch schnell relevanter. Eine gute Vorbereitung sorgt deshalb nicht nur f\u00fcr mehr Sicherheit, sondern auch f\u00fcr weniger Stress unterwegs.<\/p>\n\n\n\n<p class=\"\">In diesem Beitrag erfahren Sie, worauf es ankommt, wenn Sie Ihr <strong>Auto f\u00fcr l\u00e4ngere Fahrten vorbereiten Luzern Umgebung<\/strong> m\u00f6chten. Sie lesen, welche Punkte vor einer l\u00e4ngeren Strecke besonders wichtig sind und wie Sie Ihr Fahrzeug sinnvoll, sicher und alltagstauglich vorbereiten. Weitere hilfreiche Themen finden Sie auch auf unserer <a href=\"https:\/\/nisacar.ch\/blog\/\">Blog-\u00dcbersicht<\/a>.<\/p>\n\n\n\n<h2 class=\"wp-block-heading\">Warum l\u00e4ngere Fahrten mehr Aufmerksamkeit verlangen<\/h2>\n\n\n\n<p class=\"\">Ein Fahrzeug, das im Alltag scheinbar problemlos funktioniert, ist nicht automatisch perfekt f\u00fcr l\u00e4ngere Strecken vorbereitet. Im normalen Gebrauch werden viele Komponenten nur kurz und moderat belastet. Bei l\u00e4ngeren Fahrten steigen dagegen Dauer, Temperatur, Belastung und Beanspruchung deutlich an. Gerade auf Autobahnen, bei warmen Temperaturen oder bei voller Beladung macht das einen klaren Unterschied.<\/p>\n\n\n\n<p class=\"\">Hinzu kommt, dass man auf l\u00e4ngeren Strecken weniger flexibel ist. Wenn unterwegs etwas auff\u00e4llt, ist das deutlich unangenehmer, als wenn ein Thema im Alltag auf einer kurzen Strecke bemerkt wird. Genau deshalb ist Vorbereitung hier besonders sinnvoll. Es geht nicht darum, \u00fcbervorsichtig zu sein, sondern darum, bekannte Schwachstellen nicht unn\u00f6tig mitzunehmen.<\/p>\n\n\n\n<p class=\"\">Wer vorab pr\u00fcft, f\u00e4hrt meist entspannter, weil die wichtigsten Grundlagen bereits gekl\u00e4rt sind.<\/p>\n\n\n\n<h2 class=\"wp-block-heading\">Reifen geh\u00f6ren zu den wichtigsten Punkten vor jeder l\u00e4ngeren Fahrt<\/h2>\n\n\n\n<p class=\"\">Wenn es um l\u00e4ngere Fahrten geht, sollten Reifen immer zu den ersten Punkten auf der Liste geh\u00f6ren. Sie tragen das Fahrzeug, \u00fcbertragen Bremskraft auf die Strasse und beeinflussen Stabilit\u00e4t, Komfort und Sicherheit direkt. Gerade bei h\u00f6heren Geschwindigkeiten und l\u00e4ngerer Belastung spielt ihr Zustand eine besonders grosse Rolle.<\/p>\n\n\n\n<p class=\"\">Vor einer l\u00e4ngeren Fahrt sollte deshalb gepr\u00fcft werden:<\/p>\n\n\n\n<ul class=\"wp-block-list\">\n<li class=\"\">ob das Profil noch gut ist,<\/li>\n\n\n\n<li class=\"\">ob die Reifen gleichm\u00e4ssig abgenutzt sind,<\/li>\n\n\n\n<li class=\"\">ob der Luftdruck stimmt,<\/li>\n\n\n\n<li class=\"\">ob sichtbare Sch\u00e4den oder Auff\u00e4lligkeiten vorhanden sind,<\/li>\n\n\n\n<li class=\"\">ob der montierte Reifentyp zur Jahreszeit passt.<\/li>\n<\/ul>\n\n\n\n<p class=\"\">Gerade bei warmem Wetter und l\u00e4ngeren Autobahnfahrten macht sich ein guter Reifenzustand deutlich bemerkbar. Passend dazu lesen Sie auch <a href=\"https:\/\/nisacar.ch\/fr\/reifen-wechseln-luzern-richtiger-zeitpunkt\/\">Reifen wechseln in Luzern \u2013 wann ist der richtige Zeitpunkt?<\/a>, <a href=\"https:\/\/nisacar.ch\/fr\/gute-reifen-im-sommer-willisau-sursee\/\">Warum gute Reifen im Sommer in Willisau und Sursee so wichtig sind<\/a> und <a href=\"https:\/\/nisacar.ch\/fr\/reifenprofil-sicherheit-sursee-willisau\/\">Bremsweg, Reifenprofil und Sicherheit \u2013 wichtige Tipps f\u00fcr Autofahrer in Sursee und Willisau<\/a>.<\/p>\n\n\n\n<h2 class=\"wp-block-heading\">Bremsen vor l\u00e4ngeren Strecken bewusst pr\u00fcfen<\/h2>\n\n\n\n<p class=\"\">Auch die Bremsanlage sollte vor einer l\u00e4ngeren Fahrt nicht einfach vorausgesetzt werden. Im Alltag merkt man erste Ver\u00e4nderungen manchmal nur leicht. Auf l\u00e4ngeren Strecken, bei h\u00f6herem Tempo oder im dichten Verkehr sind saubere Bremsen aber besonders wichtig. Gerade wenn das Fahrzeug voll beladen ist, wird das Thema noch relevanter.<\/p>\n\n\n\n<p class=\"\">Wenn Sie im Vorfeld bereits Ger\u00e4usche, ein ver\u00e4ndertes Pedalgef\u00fchl, Vibrationen oder Unsicherheit beim Bremsen bemerkt haben, sollte das vor einer l\u00e4ngeren Fahrt ernst genommen werden. Wer mit einem schlechten Gef\u00fchl losf\u00e4hrt, f\u00e4hrt selten entspannt. Mehr dazu lesen Sie auch in unseren Beitr\u00e4gen <a href=\"https:\/\/nisacar.ch\/fr\/bremsen-quietschen-luzern-emmen\/\">Bremsen quietschen in Luzern und Emmen \u2013 was Autofahrer wissen sollten<\/a>, <a href=\"https:\/\/nisacar.ch\/fr\/bremsbelaege-pruefen-emmen-rothenburg\/\">Bremsbel\u00e4ge pr\u00fcfen lassen in Emmen und Rothenburg \u2013 wann ist es Zeit?<\/a> und <a href=\"https:\/\/nisacar.ch\/bremsscheiben-wechseln-luzern-umgebung\/\">Wann sollte man Bremsscheiben wechseln in Luzern und Umgebung?<\/a>.<\/p>\n\n\n\n<p class=\"\">Gerade bei l\u00e4ngeren Fahrten ist das Ziel nicht nur \u201ees wird schon gehen\u201c, sondern ein wirklich sicheres Fahrgef\u00fchl.<\/p>\n\n\n\n<h2 class=\"wp-block-heading\">Fl\u00fcssigkeiten und Grundversorgung des Fahrzeugs nicht vergessen<\/h2>\n\n\n\n<p class=\"\">Vor einer l\u00e4ngeren Fahrt sollte auch die Grundversorgung des Fahrzeugs gepr\u00fcft werden. Dazu geh\u00f6ren insbesondere Motor\u00f6l, K\u00fchlmittel und Scheibenwischwasser. Gerade bei l\u00e4ngeren Fahrten im Sommer oder auf der Autobahn steigt die Belastung des Fahrzeugs deutlich. Deshalb ist dieser Punkt mehr als reine Routine.<\/p>\n\n\n\n<p class=\"\">Besonders das K\u00fchlsystem spielt bei warmen Bedingungen eine wichtige Rolle. Aber auch Scheibenwischwasser wird oft untersch\u00e4tzt. Staub, Insektenreste oder pl\u00f6tzliche Wetterwechsel k\u00f6nnen die Sicht schnell verschlechtern. Gute Sicht ist auf langen Strecken genauso wichtig wie gute Reifen oder funktionierende Bremsen.<\/p>\n\n\n\n<p class=\"\">Wer diese Punkte vorher pr\u00fcft, reduziert das Risiko, unterwegs von vermeidbaren Kleinigkeiten unn\u00f6tig ausgebremst zu werden.<\/p>\n\n\n\n<h2 class=\"wp-block-heading\">Scheiben und Wischer f\u00fcr l\u00e4ngere Fahrten ernst nehmen<\/h2>\n\n\n\n<p class=\"\">Viele denken an Scheiben und Wischer erst dann, wenn die Sicht bereits schlecht ist. Vor einer l\u00e4ngeren Fahrt lohnt sich ein bewusster Blick darauf. Verschmierte Wischer, verschmutzte Scheiben oder kleine Sch\u00e4den in der Frontscheibe wirken auf kurzen Alltagsstrecken oft nebens\u00e4chlich. Auf l\u00e4ngeren Fahrten, bei Sonne, Regen oder Nachtfahrt st\u00f6ren sie dagegen schnell deutlich st\u00e4rker.<\/p>\n\n\n\n<p class=\"\">Auch kleine Steinschl\u00e4ge sollten vor l\u00e4ngeren Strecken nicht einfach ignoriert werden. Bei Belastung und Temperaturunterschieden k\u00f6nnen sich solche Sch\u00e4den weiterentwickeln. Passend dazu lesen Sie auch <a href=\"https:\/\/nisacar.ch\/fr\/steinschlag-reparieren-emmen-rothenburg\/\">Steinschlag reparieren in Emmen und Rothenburg \u2013 wann reicht eine Reparatur?<\/a> und <a href=\"https:\/\/nisacar.ch\/fr\/riss-in-der-frontscheibe-kriens-malters\/\">Was tun bei einem Riss in der Frontscheibe in Kriens und Malters?<\/a>.<\/p>\n\n\n\n<p class=\"\">Klare Sicht ist keine Nebensache. Gerade auf l\u00e4ngeren Strecken wirkt sie direkt auf Sicherheit und Konzentration.<\/p>\n\n\n\n<h2 class=\"wp-block-heading\">Beladung beeinflusst das Fahrverhalten mehr, als viele denken<\/h2>\n\n\n\n<p class=\"\">Eine l\u00e4ngere Fahrt bedeutet oft auch mehr Gep\u00e4ck, mehr Personen oder zus\u00e4tzliche Ausr\u00fcstung. Das ver\u00e4ndert das Fahrzeug sp\u00fcrbar. Bremsweg, Fahrstabilit\u00e4t und allgemeines Lenkgef\u00fchl k\u00f6nnen sich mit vollerem Auto anders anf\u00fchlen als im normalen Alltag. Genau deshalb sollte Beladung nicht einfach nebenbei mitgedacht werden, sondern bewusst.<\/p>\n\n\n\n<p class=\"\">Ein Fahrzeug, das sonst im Alltag locker wirkt, f\u00e4hrt sich mit Gep\u00e4ck, Familie oder Urlaubsbeladung anders. Reifen und Bremsen werden st\u00e4rker beansprucht, und auch der Komfort ver\u00e4ndert sich. Gerade vor Ferienfahrten oder gr\u00f6sseren Wochenendtrips ist das ein wichtiger Punkt.<\/p>\n\n\n\n<p class=\"\">Wer die l\u00e4ngere Strecke realistisch vorbereitet, denkt also nicht nur an das Auto leer in der Garage, sondern an das Auto in der tats\u00e4chlichen Nutzungssituation.<\/p>\n\n\n\n<h2 class=\"wp-block-heading\">Innenraumkomfort ist auf langen Strecken wichtiger als im Alltag<\/h2>\n\n\n\n<p class=\"\">Auf kurzen Strecken \u00fcbersieht man vieles. Auf einer l\u00e4ngeren Fahrt sp\u00fcrt man sofort, ob der Innenraum angenehm vorbereitet ist. Sauberkeit, Ordnung, gute Sicht, angenehme Atmosph\u00e4re und ein gepflegter Gesamteindruck machen bei mehreren Stunden Fahrt einen viel gr\u00f6sseren Unterschied als bei zehn Minuten in der Stadt.<\/p>\n\n\n\n<p class=\"\">Deshalb lohnt sich vor l\u00e4ngeren Fahrten auch ein Blick nach innen. Saubere Scheiben von innen, ein ordentlicher Kofferraum, angenehme Sitze und ein gepflegtes Cockpit sorgen f\u00fcr mehr Ruhe unterwegs. Mehr dazu lesen Sie auch hier: <a href=\"https:\/\/nisacar.ch\/fr\/innenraumreinigung-auto-emmen-ebikon\/\">Innenraumreinigung f\u00fcrs Auto in Emmen und Ebikon \u2013 warum sie mehr bringt als nur Sauberkeit<\/a>.<\/p>\n\n\n\n<p class=\"\">Gerade bei Familienfahrten oder Reisen mit mehreren Personen macht ein gut vorbereiteter Innenraum oft mehr aus, als man zuerst denkt.<\/p>\n\n\n\n<h2 class=\"wp-block-heading\">Auch der Lack und der \u00e4ussere Zustand k\u00f6nnen sinnvoll vorbereitet werden<\/h2>\n\n\n\n<p class=\"\">Nat\u00fcrlich ist die technische Sicherheit wichtiger als die Optik. Trotzdem lohnt sich vor l\u00e4ngeren Fahrten auch ein Blick auf den \u00e4usseren Zustand. Ein sauberes Fahrzeug, klare Scheiben und gepflegte Oberfl\u00e4chen verbessern nicht nur den Eindruck, sondern auch das Gef\u00fchl bei der Nutzung.<\/p>\n\n\n\n<p class=\"\">Gerade wenn l\u00e4ngere Fahrten mit besonderen Anl\u00e4ssen, Ferien oder Kundenkontakten verbunden sind, ist ein gepflegter Aussenauftritt sinnvoll. Mehr dazu lesen Sie in unseren Beitr\u00e4gen <a href=\"https:\/\/nisacar.ch\/fr\/auto-polieren-luzern-kriens\/\">Auto polieren in Luzern oder Kriens \u2013 wann lohnt sich eine professionelle Aufbereitung?<\/a> und <a href=\"https:\/\/nisacar.ch\/fr\/lackaufbereitung-zug-cham\/\">Lackaufbereitung in Zug und Cham \u2013 wie bekommt Ihr Auto neuen Glanz?<\/a>.<\/p>\n\n\n\n<p class=\"\">Ein gut vorbereitetes Auto \u00fcberzeugt nicht nur funktional, sondern auch im Gesamteindruck.<\/p>\n\n\n\n<h2 class=\"wp-block-heading\">Warum eine l\u00e4ngere Fahrt nicht der Moment f\u00fcr offene Fragezeichen sein sollte<\/h2>\n\n\n\n<p class=\"\">Viele starten mit einem halbguten Gef\u00fchl in l\u00e4ngere Fahrten. Es gibt da vielleicht ein Ger\u00e4usch, eine kleine Unsicherheit beim Bremsen, einen alten Steinschlag oder Reifen, die \u201eeigentlich bald mal\u201c angeschaut werden sollten. Genau solche offenen Punkte sollte man nach M\u00f6glichkeit vor der Fahrt kl\u00e4ren.<\/p>\n\n\n\n<p class=\"\">Der Grund ist einfach: Auf l\u00e4ngeren Strecken werden Unsicherheiten gr\u00f6sser, nicht kleiner. Was im Alltag noch verdr\u00e4ngt werden konnte, f\u00e4llt unterwegs oft st\u00e4rker ins Gewicht. Das betrifft nicht nur Sicherheit, sondern auch das eigene Gef\u00fchl am Steuer.<\/p>\n\n\n\n<p class=\"\">Wer mit Klarheit losf\u00e4hrt, f\u00e4hrt fast immer entspannter als jemand, der innerlich hofft, dass alles schon gutgehen wird.<\/p>\n\n\n\n<h2 class=\"wp-block-heading\">Der ideale Zeitpunkt f\u00fcr einen Fahrzeugcheck ist vor der Fahrt, nicht w\u00e4hrenddessen<\/h2>\n\n\n\n<p class=\"\">Das klingt selbstverst\u00e4ndlich, wird aber im Alltag oft verschoben. Gerade wenn eine l\u00e4ngere Strecke bereits geplant ist, lohnt sich eine kurze bewusste Vorbereitung einige Tage vorher. So bleibt genug Zeit, um kleine Dinge noch in Ruhe einzuordnen oder zu l\u00f6sen.<\/p>\n\n\n\n<p class=\"\">Ein Fahrzeugcheck direkt vor der Abfahrt kann helfen, aber er ersetzt keine rechtzeitige Vorbereitung. Wenn ein Thema dann erst auff\u00e4llt, entsteht unn\u00f6tiger Druck. Genau deshalb ist ein kurzer Vorlauf sinnvoll \u2013 besonders bei l\u00e4ngeren Ferienfahrten, Wochenendausfl\u00fcgen oder Fahrten mit viel Beladung.<\/p>\n\n\n\n<p class=\"\">Gute Vorbereitung schafft Handlungsspielraum. Sp\u00e4te Reaktion schafft meist nur Stress.<\/p>\n\n\n\n<h2 class=\"wp-block-heading\">Warum regionale Unterst\u00fctzung in Luzern und Umgebung sinnvoll ist<\/h2>\n\n\n\n<p class=\"\">Viele Autofahrer m\u00f6chten vor l\u00e4ngeren Fahrten keine allgemeine Checkliste, sondern eine ehrliche Einsch\u00e4tzung zum tats\u00e4chlichen Zustand ihres Fahrzeugs. Genau hier ist ein regionaler Ansprechpartner besonders hilfreich. Kurze Wege, direkte Beurteilung und pers\u00f6nliche Beratung machen die Vorbereitung einfacher und realistischer.<\/p>\n\n\n\n<p class=\"\">Bei NISA Car legen wir Wert auf praxisnahe Empfehlungen und transparente Einsch\u00e4tzungen. Wir schauen uns das Fahrzeug an und helfen dabei, es sinnvoll und sicher f\u00fcr l\u00e4ngere Fahrten vorzubereiten. Mehr zu unseren Angeboten finden Sie auch unter <a href=\"https:\/\/nisacar.ch\/leistungen\/\">Leistungen<\/a> sowie bei unseren aktuellen <a href=\"https:\/\/nisacar.ch\/automobile\/\">Automobilen<\/a>.<\/p>\n\n\n\n<h2 class=\"wp-block-heading\">Fazit: L\u00e4ngere Fahrten beginnen mit guter Vorbereitung<\/h2>\n\n\n\n<p class=\"\"><strong>Auto f\u00fcr l\u00e4ngere Fahrten vorbereiten Luzern Umgebung<\/strong> bedeutet nicht, \u00fcbervorsichtig zu sein. Es bedeutet, die wichtigen Grundlagen ernst zu nehmen. Reifen, Bremsen, Fl\u00fcssigkeiten, Sicht, Beladung und Innenraumkomfort machen auf langen Strecken einen deutlich gr\u00f6sseren Unterschied als im normalen Alltag. Wer diese Punkte vorher pr\u00fcft, reduziert Unsicherheit und schafft die Basis f\u00fcr eine ruhige, sichere Fahrt.<\/p>\n\n\n\n<p class=\"\">Gerade weil viele l\u00e4ngere Fahrten mit Ferien, Zeitdruck oder wichtigen Terminen verbunden sind, lohnt sich der Check besonders. Denn unterwegs m\u00f6chte man fahren \u2013 nicht \u00fcberlegen, ob etwas vielleicht doch fr\u00fcher h\u00e4tte gepr\u00fcft werden sollen.<\/p>\n\n\n\n<p class=\"\">Wenn Sie Ihr Fahrzeug vor einer l\u00e4ngeren Fahrt ehrlich einsch\u00e4tzen oder sinnvoll vorbereiten lassen m\u00f6chten, nehmen Sie gerne <a href=\"https:\/\/nisacar.ch\/kontakt\/\">Kontakt<\/a> mit uns auf. Wir unterst\u00fctzen Sie mit einer transparenten Beurteilung und der passenden L\u00f6sung f\u00fcr Ihr Auto.<\/p>\n\n\n\n<h2 class=\"wp-block-heading\">Weitere hilfreiche Artikel<\/h2>\n\n\n\n<ul class=\"wp-block-list\">\n<li class=\"\"><a href=\"https:\/\/nisacar.ch\/fr\/sommercheck-auto-sursee-sempach\/\">Sommercheck f\u00fcrs Auto in Sursee und Sempach \u2013 was ist wichtig?<\/a><\/li>\n\n\n\n<li class=\"\"><a href=\"https:\/\/nisacar.ch\/fr\/reifen-wechseln-luzern-richtiger-zeitpunkt\/\">Reifen wechseln in Luzern \u2013 wann ist der richtige Zeitpunkt?<\/a><\/li>\n\n\n\n<li class=\"\"><a href=\"https:\/\/nisacar.ch\/bremsscheiben-wechseln-luzern-umgebung\/\">Wann sollte man Bremsscheiben wechseln in Luzern und Umgebung?<\/a><\/li>\n<\/ul>\n","protected":false},"excerpt":{"rendered":"<p>L\u00e4ngere Fahrten stellen andere Anforderungen an ein Fahrzeug als der normale Alltag. Auf dem Arbeitsweg, bei kurzen Stadtstrecken oder bei den \u00fcblichen Besorgungen bleibt vieles oft<span class=\"excerpt-hellip\"> [\u2026]<\/span><\/p>\n","protected":false},"author":2,"featured_media":2876,"comment_status":"closed","ping_status":"closed","sticky":false,"template":"","format":"standard","meta":{"_acf_changed":false,"nf_dc_page":"","_jetpack_memberships_contains_paid_content":false,"footnotes":""},"categories":[21],"tags":[228,53,55,42,70],"class_list":["post-2875","post","type-post","status-publish","format-standard","has-post-thumbnail","hentry","category-auto-ratgeber","tag-fahrzeugcheck","tag-fahrzeugsicherheit","tag-luzern","tag-occasion-auto","tag-reifenservice"],"acf":[],"yoast_head":"<!-- This site is optimized with the Yoast SEO plugin v27.5 - https:\/\/yoast.com\/product\/yoast-seo-wordpress\/ -->\n<title>Auto sicher f\u00fcr l\u00e4ngere Fahrten vorbereiten in Luzern und Umgebung<\/title>\n<meta name=\"description\" content=\"Auto f\u00fcr l\u00e4ngere Fahrten vorbereiten in Luzern und Umgebung: Erfahren Sie, welche Punkte vor einer l\u00e4ngeren Fahrt wichtig sind und...\" \/>\n<meta name=\"robots\" content=\"index, follow, max-snippet:-1, max-image-preview:large, max-video-preview:-1\" \/>\n<link rel=\"canonical\" href=\"https:\/\/nisacar.ch\/fr\/auto-fuer-laengere-fahrten-vorbereiten-luzern-umgebung\/\" \/>\n<meta property=\"og:locale\" content=\"fr_FR\" \/>\n<meta property=\"og:type\" content=\"article\" \/>\n<meta property=\"og:title\" content=\"Auto sicher f\u00fcr l\u00e4ngere Fahrten vorbereiten in Luzern und Umgebung\" \/>\n<meta property=\"og:description\" content=\"Auto f\u00fcr l\u00e4ngere Fahrten vorbereiten in Luzern und Umgebung: Erfahren Sie, welche Punkte vor einer l\u00e4ngeren Fahrt wichtig sind und wie Sie Ihr Fahrzeug sicher und stressfrei vorbereiten.\" \/>\n<meta property=\"og:url\" content=\"https:\/\/nisacar.ch\/fr\/auto-fuer-laengere-fahrten-vorbereiten-luzern-umgebung\/\" \/>\n<meta property=\"og:site_name\" content=\"NISA Car\" \/>\n<meta property=\"article:publisher\" content=\"https:\/\/www.facebook.com\/nisacar.ch1\" \/>\n<meta property=\"article:published_time\" content=\"2026-04-18T08:59:24+00:00\" \/>\n<meta property=\"og:image\" content=\"https:\/\/i0.wp.com\/nisacar.ch\/wp-content\/uploads\/2026\/04\/Auto-fur-langere-Fahrten-vorbereiten-Luzern-Umgebung-Auto-Ratgeber-Tags-Fahrzeugcheck-Fahrzeugsicherheit-Occasion-Auto-Reifenservice-Luzern.jpg?fit=1200%2C850&ssl=1\" \/>\n\t<meta property=\"og:image:width\" content=\"1200\" \/>\n\t<meta property=\"og:image:height\" content=\"850\" \/>\n\t<meta property=\"og:image:type\" content=\"image\/jpeg\" \/>\n<meta name=\"author\" content=\"Bojan Atanasov\" \/>\n<meta name=\"twitter:card\" content=\"summary_large_image\" \/>\n<meta name=\"twitter:label1\" content=\"\u00c9crit par\" \/>\n\t<meta name=\"twitter:data1\" content=\"Bojan Atanasov\" \/>\n\t<meta name=\"twitter:label2\" content=\"Dur\u00e9e de lecture estim\u00e9e\" \/>\n\t<meta name=\"twitter:data2\" content=\"8 minutes\" \/>\n<script type=\"application\/ld+json\" class=\"yoast-schema-graph\">{\"@context\":\"https:\\\/\\\/schema.org\",\"@graph\":[{\"@type\":\"Article\",\"@id\":\"https:\\\/\\\/nisacar.ch\\\/fr\\\/auto-fuer-laengere-fahrten-vorbereiten-luzern-umgebung\\\/#article\",\"isPartOf\":{\"@id\":\"https:\\\/\\\/nisacar.ch\\\/fr\\\/auto-fuer-laengere-fahrten-vorbereiten-luzern-umgebung\\\/\"},\"author\":{\"name\":\"Bojan Atanasov\",\"@id\":\"https:\\\/\\\/nisacar.ch\\\/fr\\\/#\\\/schema\\\/person\\\/d92360346fc54e6f3ccb5f67baa14403\"},\"headline\":\"Auto sicher f\u00fcr l\u00e4ngere Fahrten vorbereiten in Luzern und Umgebung\",\"datePublished\":\"2026-04-18T08:59:24+00:00\",\"mainEntityOfPage\":{\"@id\":\"https:\\\/\\\/nisacar.ch\\\/fr\\\/auto-fuer-laengere-fahrten-vorbereiten-luzern-umgebung\\\/\"},\"wordCount\":1838,\"publisher\":{\"@id\":\"https:\\\/\\\/nisacar.ch\\\/fr\\\/#organization\"},\"image\":{\"@id\":\"https:\\\/\\\/nisacar.ch\\\/fr\\\/auto-fuer-laengere-fahrten-vorbereiten-luzern-umgebung\\\/#primaryimage\"},\"thumbnailUrl\":\"https:\\\/\\\/i0.wp.com\\\/nisacar.ch\\\/wp-content\\\/uploads\\\/2026\\\/04\\\/Auto-fur-langere-Fahrten-vorbereiten-Luzern-Umgebung-Auto-Ratgeber-Tags-Fahrzeugcheck-Fahrzeugsicherheit-Occasion-Auto-Reifenservice-Luzern.jpg?fit=1200%2C850&ssl=1\",\"keywords\":[\"Fahrzeugcheck\",\"Fahrzeugsicherheit\",\"Luzern\",\"Occasion Auto\",\"Reifenservice\"],\"articleSection\":[\"Auto Ratgeber\"],\"inLanguage\":\"fr-FR\"},{\"@type\":\"WebPage\",\"@id\":\"https:\\\/\\\/nisacar.ch\\\/fr\\\/auto-fuer-laengere-fahrten-vorbereiten-luzern-umgebung\\\/\",\"url\":\"https:\\\/\\\/nisacar.ch\\\/fr\\\/auto-fuer-laengere-fahrten-vorbereiten-luzern-umgebung\\\/\",\"name\":\"Auto sicher f\u00fcr l\u00e4ngere Fahrten vorbereiten in Luzern und Umgebung\",\"isPartOf\":{\"@id\":\"https:\\\/\\\/nisacar.ch\\\/fr\\\/#website\"},\"primaryImageOfPage\":{\"@id\":\"https:\\\/\\\/nisacar.ch\\\/fr\\\/auto-fuer-laengere-fahrten-vorbereiten-luzern-umgebung\\\/#primaryimage\"},\"image\":{\"@id\":\"https:\\\/\\\/nisacar.ch\\\/fr\\\/auto-fuer-laengere-fahrten-vorbereiten-luzern-umgebung\\\/#primaryimage\"},\"thumbnailUrl\":\"https:\\\/\\\/i0.wp.com\\\/nisacar.ch\\\/wp-content\\\/uploads\\\/2026\\\/04\\\/Auto-fur-langere-Fahrten-vorbereiten-Luzern-Umgebung-Auto-Ratgeber-Tags-Fahrzeugcheck-Fahrzeugsicherheit-Occasion-Auto-Reifenservice-Luzern.jpg?fit=1200%2C850&ssl=1\",\"datePublished\":\"2026-04-18T08:59:24+00:00\",\"description\":\"Auto f\u00fcr l\u00e4ngere Fahrten vorbereiten in Luzern und Umgebung: Erfahren Sie, welche Punkte vor einer l\u00e4ngeren Fahrt wichtig sind und...\",\"breadcrumb\":{\"@id\":\"https:\\\/\\\/nisacar.ch\\\/fr\\\/auto-fuer-laengere-fahrten-vorbereiten-luzern-umgebung\\\/#breadcrumb\"},\"inLanguage\":\"fr-FR\",\"potentialAction\":[{\"@type\":\"ReadAction\",\"target\":[\"https:\\\/\\\/nisacar.ch\\\/fr\\\/auto-fuer-laengere-fahrten-vorbereiten-luzern-umgebung\\\/\"]}]},{\"@type\":\"ImageObject\",\"inLanguage\":\"fr-FR\",\"@id\":\"https:\\\/\\\/nisacar.ch\\\/fr\\\/auto-fuer-laengere-fahrten-vorbereiten-luzern-umgebung\\\/#primaryimage\",\"url\":\"https:\\\/\\\/i0.wp.com\\\/nisacar.ch\\\/wp-content\\\/uploads\\\/2026\\\/04\\\/Auto-fur-langere-Fahrten-vorbereiten-Luzern-Umgebung-Auto-Ratgeber-Tags-Fahrzeugcheck-Fahrzeugsicherheit-Occasion-Auto-Reifenservice-Luzern.jpg?fit=1200%2C850&ssl=1\",\"contentUrl\":\"https:\\\/\\\/i0.wp.com\\\/nisacar.ch\\\/wp-content\\\/uploads\\\/2026\\\/04\\\/Auto-fur-langere-Fahrten-vorbereiten-Luzern-Umgebung-Auto-Ratgeber-Tags-Fahrzeugcheck-Fahrzeugsicherheit-Occasion-Auto-Reifenservice-Luzern.jpg?fit=1200%2C850&ssl=1\",\"width\":1200,\"height\":850,\"caption\":\"Auto f\u00fcr l\u00e4ngere Fahrten vorbereiten Luzern Umgebung Auto Ratgeber Tags Fahrzeugcheck, Fahrzeugsicherheit, Occasion Auto, Reifenservice, Luzern\"},{\"@type\":\"BreadcrumbList\",\"@id\":\"https:\\\/\\\/nisacar.ch\\\/fr\\\/auto-fuer-laengere-fahrten-vorbereiten-luzern-umgebung\\\/#breadcrumb\",\"itemListElement\":[{\"@type\":\"ListItem\",\"position\":1,\"name\":\"Home\",\"item\":\"https:\\\/\\\/nisacar.ch\\\/fr\\\/\"},{\"@type\":\"ListItem\",\"position\":2,\"name\":\"Auto sicher f\u00fcr l\u00e4ngere Fahrten vorbereiten in Luzern und Umgebung\"}]},{\"@type\":\"WebSite\",\"@id\":\"https:\\\/\\\/nisacar.ch\\\/fr\\\/#website\",\"url\":\"https:\\\/\\\/nisacar.ch\\\/fr\\\/\",\"name\":\"NISA Car\",\"description\":\"Perfekte Pflege. Faire Preise. Schweizer Qualit\u00e4t.\",\"publisher\":{\"@id\":\"https:\\\/\\\/nisacar.ch\\\/fr\\\/#organization\"},\"potentialAction\":[{\"@type\":\"SearchAction\",\"target\":{\"@type\":\"EntryPoint\",\"urlTemplate\":\"https:\\\/\\\/nisacar.ch\\\/fr\\\/?s={search_term_string}\"},\"query-input\":{\"@type\":\"PropertyValueSpecification\",\"valueRequired\":true,\"valueName\":\"search_term_string\"}}],\"inLanguage\":\"fr-FR\"},{\"@type\":\"Organization\",\"@id\":\"https:\\\/\\\/nisacar.ch\\\/fr\\\/#organization\",\"name\":\"NISA Car Angelov\",\"url\":\"https:\\\/\\\/nisacar.ch\\\/fr\\\/\",\"logo\":{\"@type\":\"ImageObject\",\"inLanguage\":\"fr-FR\",\"@id\":\"https:\\\/\\\/nisacar.ch\\\/fr\\\/#\\\/schema\\\/logo\\\/image\\\/\",\"url\":\"https:\\\/\\\/i0.wp.com\\\/nisacar.ch\\\/wp-content\\\/uploads\\\/2025\\\/10\\\/cropped-za_autoscout-removebg-preview-Copy.png?fit=420%2C150&ssl=1\",\"contentUrl\":\"https:\\\/\\\/i0.wp.com\\\/nisacar.ch\\\/wp-content\\\/uploads\\\/2025\\\/10\\\/cropped-za_autoscout-removebg-preview-Copy.png?fit=420%2C150&ssl=1\",\"width\":420,\"height\":150,\"caption\":\"NISA Car Angelov\"},\"image\":{\"@id\":\"https:\\\/\\\/nisacar.ch\\\/fr\\\/#\\\/schema\\\/logo\\\/image\\\/\"},\"sameAs\":[\"https:\\\/\\\/www.facebook.com\\\/nisacar.ch1\",\"https:\\\/\\\/www.instagram.com\\\/nisacar_ch\\\/\"]},{\"@type\":\"Person\",\"@id\":\"https:\\\/\\\/nisacar.ch\\\/fr\\\/#\\\/schema\\\/person\\\/d92360346fc54e6f3ccb5f67baa14403\",\"name\":\"Bojan Atanasov\",\"image\":{\"@type\":\"ImageObject\",\"inLanguage\":\"fr-FR\",\"@id\":\"https:\\\/\\\/secure.gravatar.com\\\/avatar\\\/2bed02e9a515199a35221b37b3e7871dfba34ba0309d41356bb19e8e3795914d?s=96&d=mm&r=g\",\"url\":\"https:\\\/\\\/secure.gravatar.com\\\/avatar\\\/2bed02e9a515199a35221b37b3e7871dfba34ba0309d41356bb19e8e3795914d?s=96&d=mm&r=g\",\"contentUrl\":\"https:\\\/\\\/secure.gravatar.com\\\/avatar\\\/2bed02e9a515199a35221b37b3e7871dfba34ba0309d41356bb19e8e3795914d?s=96&d=mm&r=g\",\"caption\":\"Bojan Atanasov\"},\"sameAs\":[\"https:\\\/\\\/lumovo.ch\"],\"url\":\"https:\\\/\\\/nisacar.ch\\\/fr\\\/author\\\/atanasov1995\\\/\"}]}<\/script>\n<!-- \/ Yoast SEO plugin. -->","yoast_head_json":{"title":"Auto sicher f\u00fcr l\u00e4ngere Fahrten vorbereiten in Luzern und Umgebung","description":"Auto f\u00fcr l\u00e4ngere Fahrten vorbereiten in Luzern und Umgebung: Erfahren Sie, welche Punkte vor einer l\u00e4ngeren Fahrt wichtig sind und...","robots":{"index":"index","follow":"follow","max-snippet":"max-snippet:-1","max-image-preview":"max-image-preview:large","max-video-preview":"max-video-preview:-1"},"canonical":"https:\/\/nisacar.ch\/fr\/auto-fuer-laengere-fahrten-vorbereiten-luzern-umgebung\/","og_locale":"fr_FR","og_type":"article","og_title":"Auto sicher f\u00fcr l\u00e4ngere Fahrten vorbereiten in Luzern und Umgebung","og_description":"Auto f\u00fcr l\u00e4ngere Fahrten vorbereiten in Luzern und Umgebung: Erfahren Sie, welche Punkte vor einer l\u00e4ngeren Fahrt wichtig sind und wie Sie Ihr Fahrzeug sicher und stressfrei vorbereiten.","og_url":"https:\/\/nisacar.ch\/fr\/auto-fuer-laengere-fahrten-vorbereiten-luzern-umgebung\/","og_site_name":"NISA Car","article_publisher":"https:\/\/www.facebook.com\/nisacar.ch1","article_published_time":"2026-04-18T08:59:24+00:00","og_image":[{"width":1200,"height":850,"url":"https:\/\/i0.wp.com\/nisacar.ch\/wp-content\/uploads\/2026\/04\/Auto-fur-langere-Fahrten-vorbereiten-Luzern-Umgebung-Auto-Ratgeber-Tags-Fahrzeugcheck-Fahrzeugsicherheit-Occasion-Auto-Reifenservice-Luzern.jpg?fit=1200%2C850&ssl=1","type":"image\/jpeg"}],"author":"Bojan Atanasov","twitter_card":"summary_large_image","twitter_misc":{"\u00c9crit par":"Bojan Atanasov","Dur\u00e9e de lecture estim\u00e9e":"8 minutes"},"schema":{"@context":"https:\/\/schema.org","@graph":[{"@type":"Article","@id":"https:\/\/nisacar.ch\/fr\/auto-fuer-laengere-fahrten-vorbereiten-luzern-umgebung\/#article","isPartOf":{"@id":"https:\/\/nisacar.ch\/fr\/auto-fuer-laengere-fahrten-vorbereiten-luzern-umgebung\/"},"author":{"name":"Bojan Atanasov","@id":"https:\/\/nisacar.ch\/fr\/#\/schema\/person\/d92360346fc54e6f3ccb5f67baa14403"},"headline":"Auto sicher f\u00fcr l\u00e4ngere Fahrten vorbereiten in Luzern und Umgebung","datePublished":"2026-04-18T08:59:24+00:00","mainEntityOfPage":{"@id":"https:\/\/nisacar.ch\/fr\/auto-fuer-laengere-fahrten-vorbereiten-luzern-umgebung\/"},"wordCount":1838,"publisher":{"@id":"https:\/\/nisacar.ch\/fr\/#organization"},"image":{"@id":"https:\/\/nisacar.ch\/fr\/auto-fuer-laengere-fahrten-vorbereiten-luzern-umgebung\/#primaryimage"},"thumbnailUrl":"https:\/\/i0.wp.com\/nisacar.ch\/wp-content\/uploads\/2026\/04\/Auto-fur-langere-Fahrten-vorbereiten-Luzern-Umgebung-Auto-Ratgeber-Tags-Fahrzeugcheck-Fahrzeugsicherheit-Occasion-Auto-Reifenservice-Luzern.jpg?fit=1200%2C850&ssl=1","keywords":["Fahrzeugcheck","Fahrzeugsicherheit","Luzern","Occasion Auto","Reifenservice"],"articleSection":["Auto Ratgeber"],"inLanguage":"fr-FR"},{"@type":"WebPage","@id":"https:\/\/nisacar.ch\/fr\/auto-fuer-laengere-fahrten-vorbereiten-luzern-umgebung\/","url":"https:\/\/nisacar.ch\/fr\/auto-fuer-laengere-fahrten-vorbereiten-luzern-umgebung\/","name":"Auto sicher f\u00fcr l\u00e4ngere Fahrten vorbereiten in Luzern und Umgebung","isPartOf":{"@id":"https:\/\/nisacar.ch\/fr\/#website"},"primaryImageOfPage":{"@id":"https:\/\/nisacar.ch\/fr\/auto-fuer-laengere-fahrten-vorbereiten-luzern-umgebung\/#primaryimage"},"image":{"@id":"https:\/\/nisacar.ch\/fr\/auto-fuer-laengere-fahrten-vorbereiten-luzern-umgebung\/#primaryimage"},"thumbnailUrl":"https:\/\/i0.wp.com\/nisacar.ch\/wp-content\/uploads\/2026\/04\/Auto-fur-langere-Fahrten-vorbereiten-Luzern-Umgebung-Auto-Ratgeber-Tags-Fahrzeugcheck-Fahrzeugsicherheit-Occasion-Auto-Reifenservice-Luzern.jpg?fit=1200%2C850&ssl=1","datePublished":"2026-04-18T08:59:24+00:00","description":"Auto f\u00fcr l\u00e4ngere Fahrten vorbereiten in Luzern und Umgebung: Erfahren Sie, welche Punkte vor einer l\u00e4ngeren Fahrt wichtig sind und...","breadcrumb":{"@id":"https:\/\/nisacar.ch\/fr\/auto-fuer-laengere-fahrten-vorbereiten-luzern-umgebung\/#breadcrumb"},"inLanguage":"fr-FR","potentialAction":[{"@type":"ReadAction","target":["https:\/\/nisacar.ch\/fr\/auto-fuer-laengere-fahrten-vorbereiten-luzern-umgebung\/"]}]},{"@type":"ImageObject","inLanguage":"fr-FR","@id":"https:\/\/nisacar.ch\/fr\/auto-fuer-laengere-fahrten-vorbereiten-luzern-umgebung\/#primaryimage","url":"https:\/\/i0.wp.com\/nisacar.ch\/wp-content\/uploads\/2026\/04\/Auto-fur-langere-Fahrten-vorbereiten-Luzern-Umgebung-Auto-Ratgeber-Tags-Fahrzeugcheck-Fahrzeugsicherheit-Occasion-Auto-Reifenservice-Luzern.jpg?fit=1200%2C850&ssl=1","contentUrl":"https:\/\/i0.wp.com\/nisacar.ch\/wp-content\/uploads\/2026\/04\/Auto-fur-langere-Fahrten-vorbereiten-Luzern-Umgebung-Auto-Ratgeber-Tags-Fahrzeugcheck-Fahrzeugsicherheit-Occasion-Auto-Reifenservice-Luzern.jpg?fit=1200%2C850&ssl=1","width":1200,"height":850,"caption":"Auto f\u00fcr l\u00e4ngere Fahrten vorbereiten Luzern Umgebung Auto Ratgeber Tags Fahrzeugcheck, Fahrzeugsicherheit, Occasion Auto, Reifenservice, Luzern"},{"@type":"BreadcrumbList","@id":"https:\/\/nisacar.ch\/fr\/auto-fuer-laengere-fahrten-vorbereiten-luzern-umgebung\/#breadcrumb","itemListElement":[{"@type":"ListItem","position":1,"name":"Home","item":"https:\/\/nisacar.ch\/fr\/"},{"@type":"ListItem","position":2,"name":"Auto sicher f\u00fcr l\u00e4ngere Fahrten vorbereiten in Luzern und Umgebung"}]},{"@type":"WebSite","@id":"https:\/\/nisacar.ch\/fr\/#website","url":"https:\/\/nisacar.ch\/fr\/","name":"NISA Car","description":"Perfekte Pflege. Faire Preise. Schweizer Qualit\u00e4t.","publisher":{"@id":"https:\/\/nisacar.ch\/fr\/#organization"},"potentialAction":[{"@type":"SearchAction","target":{"@type":"EntryPoint","urlTemplate":"https:\/\/nisacar.ch\/fr\/?s={search_term_string}"},"query-input":{"@type":"PropertyValueSpecification","valueRequired":true,"valueName":"search_term_string"}}],"inLanguage":"fr-FR"},{"@type":"Organization","@id":"https:\/\/nisacar.ch\/fr\/#organization","name":"NISA Car Angelov","url":"https:\/\/nisacar.ch\/fr\/","logo":{"@type":"ImageObject","inLanguage":"fr-FR","@id":"https:\/\/nisacar.ch\/fr\/#\/schema\/logo\/image\/","url":"https:\/\/i0.wp.com\/nisacar.ch\/wp-content\/uploads\/2025\/10\/cropped-za_autoscout-removebg-preview-Copy.png?fit=420%2C150&ssl=1","contentUrl":"https:\/\/i0.wp.com\/nisacar.ch\/wp-content\/uploads\/2025\/10\/cropped-za_autoscout-removebg-preview-Copy.png?fit=420%2C150&ssl=1","width":420,"height":150,"caption":"NISA Car Angelov"},"image":{"@id":"https:\/\/nisacar.ch\/fr\/#\/schema\/logo\/image\/"},"sameAs":["https:\/\/www.facebook.com\/nisacar.ch1","https:\/\/www.instagram.com\/nisacar_ch\/"]},{"@type":"Person","@id":"https:\/\/nisacar.ch\/fr\/#\/schema\/person\/d92360346fc54e6f3ccb5f67baa14403","name":"Bojan Atanasov","image":{"@type":"ImageObject","inLanguage":"fr-FR","@id":"https:\/\/secure.gravatar.com\/avatar\/2bed02e9a515199a35221b37b3e7871dfba34ba0309d41356bb19e8e3795914d?s=96&d=mm&r=g","url":"https:\/\/secure.gravatar.com\/avatar\/2bed02e9a515199a35221b37b3e7871dfba34ba0309d41356bb19e8e3795914d?s=96&d=mm&r=g","contentUrl":"https:\/\/secure.gravatar.com\/avatar\/2bed02e9a515199a35221b37b3e7871dfba34ba0309d41356bb19e8e3795914d?s=96&d=mm&r=g","caption":"Bojan Atanasov"},"sameAs":["https:\/\/lumovo.ch"],"url":"https:\/\/nisacar.ch\/fr\/author\/atanasov1995\/"}]}},"jetpack_featured_media_url":"https:\/\/i0.wp.com\/nisacar.ch\/wp-content\/uploads\/2026\/04\/Auto-fur-langere-Fahrten-vorbereiten-Luzern-Umgebung-Auto-Ratgeber-Tags-Fahrzeugcheck-Fahrzeugsicherheit-Occasion-Auto-Reifenservice-Luzern.jpg?fit=1200%2C850&ssl=1","jetpack_sharing_enabled":true,"_links":{"self":[{"href":"https:\/\/nisacar.ch\/fr\/wp-json\/wp\/v2\/posts\/2875","targetHints":{"allow":["GET"]}}],"collection":[{"href":"https:\/\/nisacar.ch\/fr\/wp-json\/wp\/v2\/posts"}],"about":[{"href":"https:\/\/nisacar.ch\/fr\/wp-json\/wp\/v2\/types\/post"}],"author":[{"embeddable":true,"href":"https:\/\/nisacar.ch\/fr\/wp-json\/wp\/v2\/users\/2"}],"replies":[{"embeddable":true,"href":"https:\/\/nisacar.ch\/fr\/wp-json\/wp\/v2\/comments?post=2875"}],"version-history":[{"count":1,"href":"https:\/\/nisacar.ch\/fr\/wp-json\/wp\/v2\/posts\/2875\/revisions"}],"predecessor-version":[{"id":2877,"href":"https:\/\/nisacar.ch\/fr\/wp-json\/wp\/v2\/posts\/2875\/revisions\/2877"}],"wp:featuredmedia":[{"embeddable":true,"href":"https:\/\/nisacar.ch\/fr\/wp-json\/wp\/v2\/media\/2876"}],"wp:attachment":[{"href":"https:\/\/nisacar.ch\/fr\/wp-json\/wp\/v2\/media?parent=2875"}],"wp:term":[{"taxonomy":"category","embeddable":true,"href":"https:\/\/nisacar.ch\/fr\/wp-json\/wp\/v2\/categories?post=2875"},{"taxonomy":"post_tag","embeddable":true,"href":"https:\/\/nisacar.ch\/fr\/wp-json\/wp\/v2\/tags?post=2875"}],"curies":[{"name":"wp","href":"https:\/\/api.w.org\/{rel}","templated":true}]}}