{"id":2869,"date":"2026-04-16T10:53:01","date_gmt":"2026-04-16T08:53:01","guid":{"rendered":"https:\/\/nisacar.ch\/?p=2869"},"modified":"2026-04-02T10:56:16","modified_gmt":"2026-04-02T08:56:16","slug":"professionelle-politur-emmen-ebikon","status":"publish","type":"post","link":"https:\/\/nisacar.ch\/fr\/professionelle-politur-emmen-ebikon\/","title":{"rendered":"Wann lohnt sich eine professionelle Politur wirklich in Emmen und Ebikon?"},"content":{"rendered":"\n<p class=\"\">Viele Autofahrer waschen ihr Auto regelm\u00e4ssig und wundern sich trotzdem, warum der Lack nicht mehr so frisch wirkt wie fr\u00fcher. Das Fahrzeug ist sauber, aber nicht wirklich gl\u00e4nzend. Im Sonnenlicht zeigen sich feine Kratzer, Waschspuren oder matte Stellen, und insgesamt wirkt das Auto \u00e4lter, als es eigentlich sein m\u00fcsste. Genau an diesem Punkt kommt oft die Frage auf, ob sich eine professionelle Politur lohnt.<\/p>\n\n\n\n<p class=\"\">Die Antwort lautet in vielen F\u00e4llen ja \u2013 aber nicht aus denselben Gr\u00fcnden f\u00fcr jedes Fahrzeug. Eine professionelle Politur ist keine reine Sch\u00f6nheitsmassnahme f\u00fcr Liebhaber oder Luxusautos. Sie ist f\u00fcr viele Fahrzeuge eine sinnvolle Form der Lackpflege, die den optischen Eindruck deutlich verbessern, den Werterhalt unterst\u00fctzen und das Fahrzeug insgesamt hochwertiger wirken lassen kann.<\/p>\n\n\n\n<p class=\"\">In diesem Beitrag erfahren Sie, wann sich eine <strong>professionelle Politur Emmen Ebikon<\/strong> wirklich lohnt, welche Ver\u00e4nderungen sie am Fahrzeug bewirken kann und warum sie deutlich mehr ist als nur etwas zus\u00e4tzlicher Glanz. Weitere hilfreiche Themen finden Sie auch auf unserer <a href=\"https:\/\/nisacar.ch\/blog\/\">Blog-\u00dcbersicht<\/a>.<\/p>\n\n\n\n<h2 class=\"wp-block-heading\">Was eine professionelle Politur eigentlich macht<\/h2>\n\n\n\n<p class=\"\">Viele setzen Politur mit \u201eAuto gl\u00e4nzend machen\u201c gleich. Das ist nicht falsch, aber nur ein Teil davon. Eine professionelle Politur setzt direkt an der Lackoberfl\u00e4che an. Sie hilft dabei, feine Gebrauchsspuren optisch zu reduzieren, das Lackbild ruhiger wirken zu lassen und Glanz sowie Farbtiefe sichtbar zu verbessern.<\/p>\n\n\n\n<p class=\"\">Typische Dinge, die eine Politur optisch verbessern kann, sind feine Waschkratzer, leichte matte Schleier, Hologramme oder ein insgesamt stumpfer Lackeindruck. Gerade bei Fahrzeugen, die regelm\u00e4ssig genutzt und gewaschen werden, sammeln sich solche Spuren mit der Zeit ganz normal an.<\/p>\n\n\n\n<p class=\"\">Wichtig ist: Eine Politur ist keine Zauberl\u00f6sung f\u00fcr jeden Lackschaden. Aber sie kann bei vielen Fahrzeugen einen deutlichen Unterschied machen \u2013 und genau das wird im Alltag oft untersch\u00e4tzt.<\/p>\n\n\n\n<h2 class=\"wp-block-heading\">Warum ein gewaschenes Auto trotzdem ungepflegt wirken kann<\/h2>\n\n\n\n<p class=\"\">Viele Fahrzeughalter erleben genau das: Das Auto ist frisch gewaschen, aber der Lack wirkt trotzdem nicht mehr sauber frisch oder hochwertig. Der Grund ist, dass eine normale W\u00e4sche nur oberfl\u00e4chlichen Schmutz entfernt. Sie ver\u00e4ndert aber nicht den Zustand der Lackoberfl\u00e4che selbst.<\/p>\n\n\n\n<p class=\"\">Wenn dort feine Mikrokratzer, matte Stellen oder optische Unruhe entstanden sind, bleibt dieser Eindruck auch nach der W\u00e4sche bestehen. Genau deshalb ist der Unterschied zwischen \u201esauber\u201c und \u201eaufbereitet\u201c oft gr\u00f6sser, als viele vermuten.<\/p>\n\n\n\n<p class=\"\">Eine professionelle Politur setzt genau an diesem Punkt an. Sie verbessert nicht nur den Sauberkeitseindruck, sondern den Zustand der sichtbaren Oberfl\u00e4che.<\/p>\n\n\n\n<h2 class=\"wp-block-heading\">Wann sich eine professionelle Politur besonders lohnt<\/h2>\n\n\n\n<p class=\"\">Es gibt einige typische Situationen, in denen eine Politur besonders sinnvoll ist. Dazu geh\u00f6ren vor allem Fahrzeuge, die optisch nachgelassen haben, aber grunds\u00e4tzlich noch in gutem Zustand sind. Gerade dann ist das Potenzial f\u00fcr eine sichtbare Verbesserung oft besonders gross.<\/p>\n\n\n\n<p class=\"\">Eine professionelle Politur lohnt sich h\u00e4ufig:<\/p>\n\n\n\n<ul class=\"wp-block-list\">\n<li class=\"\">wenn der Lack stumpf oder glanzlos wirkt,<\/li>\n\n\n\n<li class=\"\">wenn feine Waschkratzer sichtbar sind,<\/li>\n\n\n\n<li class=\"\">wenn das Fahrzeug insgesamt gepflegt, aber optisch m\u00fcde erscheint,<\/li>\n\n\n\n<li class=\"\">vor dem Verkauf einer Occasion,<\/li>\n\n\n\n<li class=\"\">nach l\u00e4ngerer Zeit ohne gezielte Lackpflege.<\/li>\n<\/ul>\n\n\n\n<p class=\"\">Gerade bei Fahrzeugen, die ansonsten einen guten Eindruck machen, bringt eine Politur oft \u00fcberproportional viel. Der Lack wirkt danach deutlich ruhiger, klarer und gepflegter.<\/p>\n\n\n\n<h2 class=\"wp-block-heading\">Professionelle Politur in Emmen und Ebikon \u2013 besonders sinnvoll bei Alltagsautos<\/h2>\n\n\n\n<p class=\"\">Viele denken bei Politur zuerst an besondere Fahrzeuge: Sportwagen, Premiumautos oder Sammlerfahrzeuge. In Wirklichkeit profitieren aber gerade normale Alltagsautos stark davon. Denn genau diese Fahrzeuge sind t\u00e4glich Sonne, Schmutz, Waschanlagen, Staub und Witterung ausgesetzt.<\/p>\n\n\n\n<p class=\"\">Mit der Zeit hinterl\u00e4sst das fast immer sichtbare Spuren. Gerade bei Pendlerfahrzeugen, Familienautos oder gepflegten Occasionen ist der optische Unterschied nach einer professionellen Politur oft besonders deutlich. Das Fahrzeug wirkt frischer, ordentlicher und insgesamt wertiger \u2013 obwohl es immer noch dasselbe Auto ist.<\/p>\n\n\n\n<p class=\"\">Genau deshalb ist Politur kein Luxus f\u00fcr wenige, sondern f\u00fcr viele Alltagsfahrzeuge eine sehr sinnvolle Pflegeleistung.<\/p>\n\n\n\n<h2 class=\"wp-block-heading\">Vor dem Verkauf oft besonders wertvoll<\/h2>\n\n\n\n<p class=\"\">Wenn ein Fahrzeug verkauft werden soll, spielt der erste Eindruck eine enorme Rolle. Ein gepflegter Lack schafft Vertrauen und l\u00e4sst das Auto sofort hochwertiger wirken. Gerade auf Fotos und bei Besichtigungen f\u00e4llt ein ruhiges, gl\u00e4nzendes Lackbild stark ins Gewicht.<\/p>\n\n\n\n<p class=\"\">Viele K\u00e4ufer entscheiden schon in den ersten Sekunden, ob ein Fahrzeug sympathisch, gepflegt und vertrauensw\u00fcrdig wirkt. Eine professionelle Politur kann hier deutlich helfen. Nicht, weil sie einen unrealistischen Preis zaubert, sondern weil sie das Auto \u00fcberzeugender pr\u00e4sentiert.<\/p>\n\n\n\n<p class=\"\">Wenn Sie sich mit diesem Thema besch\u00e4ftigen, lesen Sie auch <a href=\"https:\/\/nisacar.ch\/fr\/auto-aufbereiten-vor-dem-verkauf-sursee-emmen\/\">Auto aufbereiten vor dem Verkauf in Sursee und Emmen \u2013 lohnt sich das?<\/a>.<\/p>\n\n\n\n<h2 class=\"wp-block-heading\">Was eine Politur nicht leisten kann<\/h2>\n\n\n\n<p class=\"\">So wirkungsvoll eine Politur sein kann, sollte man die Erwartungen realistisch halten. Tiefe Kratzer, st\u00e4rkere Lacksch\u00e4den oder deutlichere Besch\u00e4digungen lassen sich nicht einfach vollst\u00e4ndig wegpolieren. In solchen F\u00e4llen geht es oft eher um optische Verbesserung als um vollst\u00e4ndiges Verschwinden.<\/p>\n\n\n\n<p class=\"\">Genau deshalb ist die richtige Einsch\u00e4tzung des Lackzustands wichtig. Eine professionelle Politur ist am st\u00e4rksten dort, wo die Oberfl\u00e4che insgesamt gesund ist, aber durch feine Spuren, Waschkratzer oder matte Wirkung an Qualit\u00e4t verloren hat. F\u00fcr tiefere Themen braucht es eine andere Betrachtung.<\/p>\n\n\n\n<p class=\"\">Wenn Sie konkrete Kratzer im Lack einordnen m\u00f6chten, lesen Sie auch <a href=\"https:\/\/nisacar.ch\/fr\/kratzer-im-lack-kriens-horw\/\">Was tun bei Kratzern im Lack in Kriens und Horw?<\/a>.<\/p>\n\n\n\n<h2 class=\"wp-block-heading\">Warum dunkle Fahrzeuge besonders stark profitieren<\/h2>\n\n\n\n<p class=\"\">Dunkle Lacke zeigen optische Spuren meist deutlicher als helle. Feine Kratzer, Hologramme und matte Bereiche werden auf Schwarz, Dunkelblau oder Anthrazit oft schneller sichtbar. Gerade deshalb profitieren solche Fahrzeuge h\u00e4ufig besonders stark von einer professionellen Politur.<\/p>\n\n\n\n<p class=\"\">Nach der Aufbereitung wirkt der Lack oft deutlich tiefer und klarer. Die Oberfl\u00e4che erscheint ruhiger, und das Fahrzeug bekommt einen sichtbar hochwertigeren Auftritt. Wer ein dunkles Auto f\u00e4hrt, merkt die Wirkung einer guten Politur meist besonders deutlich.<\/p>\n\n\n\n<p class=\"\">Das bedeutet aber nicht, dass helle Fahrzeuge nicht profitieren. Auch dort verbessert sich der Gesamteindruck oft klar \u2013 nur manchmal subtiler.<\/p>\n\n\n\n<h2 class=\"wp-block-heading\">Politur und Werterhalt h\u00e4ngen direkt zusammen<\/h2>\n\n\n\n<p class=\"\">Ein gepflegter Lack ist nicht nur ein optischer Bonus. Er beeinflusst auch die Wertwahrnehmung des Fahrzeugs. Ein Auto mit glanzlosem, stumpfem oder sichtbar zerkratztem Lack wirkt schneller \u00e4lter und weniger sorgf\u00e4ltig behandelt. Umgekehrt schafft ein gepflegtes Lackbild sofort mehr Vertrauen.<\/p>\n\n\n\n<p class=\"\">Gerade bei Occasionen spielt das eine grosse Rolle. Wer den optischen Zustand langfristig st\u00e4rkt, unterst\u00fctzt damit auch den Werterhalt. Das gilt im Alltag genauso wie beim sp\u00e4teren Verkauf.<\/p>\n\n\n\n<p class=\"\">Wenn Sie sich f\u00fcr das Thema Lack generell interessieren, lesen Sie auch <a href=\"https:\/\/nisacar.ch\/fr\/lackaufbereitung-zug-cham\/\">Lackaufbereitung in Zug und Cham \u2013 wie bekommt Ihr Auto neuen Glanz?<\/a>.<\/p>\n\n\n\n<h2 class=\"wp-block-heading\">Auch der Alltag f\u00fchlt sich mit gepflegtem Lack anders an<\/h2>\n\n\n\n<p class=\"\">Der Nutzen einer professionellen Politur ist nicht nur f\u00fcr Aussenstehende relevant. Viele Fahrzeughalter merken selbst, wie sehr sich das Gef\u00fchl zum eigenen Auto ver\u00e4ndert, wenn der Lack wieder gepflegt und ruhig aussieht. Das Fahrzeug wirkt im Alltag ordentlicher, angenehmer und insgesamt wertiger.<\/p>\n\n\n\n<p class=\"\">Gerade wer sein Auto regelm\u00e4ssig nutzt und gerne gepflegt f\u00e4hrt, empfindet diesen Unterschied oft st\u00e4rker als erwartet. Es geht also nicht nur um Verkauf oder Aussenwirkung, sondern auch um das eigene Nutzungserlebnis.<\/p>\n\n\n\n<p class=\"\">Ein Fahrzeug, das gut aussieht, f\u00fchlt sich im Alltag oft auch besser an \u2013 selbst wenn technisch alles unver\u00e4ndert ist.<\/p>\n\n\n\n<h2 class=\"wp-block-heading\">Warum nicht jede Eigenl\u00f6sung das gleiche Ergebnis bringt<\/h2>\n\n\n\n<p class=\"\">Viele \u00fcberlegen, ob sie eine Politur nicht einfach selbst machen k\u00f6nnen. Das ist grunds\u00e4tzlich verst\u00e4ndlich. In der Praxis zeigt sich aber oft, dass eine professionelle Politur vor allem durch die gleichm\u00e4ssige, saubere Ausf\u00fchrung ihren Unterschied macht. Ohne Erfahrung ist es leicht, falsche Erwartungen zu haben oder das Lackbild eher unruhiger statt besser zu machen.<\/p>\n\n\n\n<p class=\"\">Gerade bei empfindlichen Lacken oder wenn sichtbare Spuren bereits vorhanden sind, ist das Risiko h\u00f6her, dass das Ergebnis nicht \u00fcberzeugt. Wer wirklich einen klaren Vorher-nachher-Effekt m\u00f6chte, f\u00e4hrt mit professioneller Unterst\u00fctzung meist besser.<\/p>\n\n\n\n<p class=\"\">Entscheidend ist nicht nur das Produkt, sondern die richtige Einsch\u00e4tzung und die saubere Durchf\u00fchrung.<\/p>\n\n\n\n<h2 class=\"wp-block-heading\">Wann eine Politur weniger sinnvoll ist<\/h2>\n\n\n\n<p class=\"\">Es gibt auch F\u00e4lle, in denen eine professionelle Politur nicht im Vordergrund stehen muss. Bei sehr alten Fahrzeugen mit geringem Restwert oder wenn der Lackzustand insgesamt keine grosse Rolle mehr spielt, kann es sinnvoll sein, pragmatisch zu bleiben. Ebenso dann, wenn andere technische Themen deutlich wichtiger sind.<\/p>\n\n\n\n<p class=\"\">Trotzdem lohnt sich auch hier eine ehrliche Abw\u00e4gung. Denn oft bringt schon eine sichtbare optische Verbesserung mehr Ruhe ins Gesamtbild, als man zun\u00e4chst erwartet. Die Entscheidung h\u00e4ngt also immer vom Fahrzeug, Ihrem Anspruch und dem geplanten Nutzen ab.<\/p>\n\n\n\n<p class=\"\">Genau deshalb ist eine realistische Einsch\u00e4tzung des konkreten Falls so wichtig.<\/p>\n\n\n\n<h2 class=\"wp-block-heading\">Warum regionale Unterst\u00fctzung in Emmen und Ebikon sinnvoll ist<\/h2>\n\n\n\n<p class=\"\">Wenn es um Lack und Politur geht, m\u00f6chten viele keine \u00fcbertriebenen Versprechen, sondern eine ehrliche Einsch\u00e4tzung. Ein regionaler Ansprechpartner ist dabei ein Vorteil. Kurze Wege, pers\u00f6nliche Beratung und ein direkter Blick auf den tats\u00e4chlichen Zustand des Fahrzeugs machen die Entscheidung einfacher.<\/p>\n\n\n\n<p class=\"\">Bei NISA Car legen wir Wert auf transparente Empfehlungen und saubere Ergebnisse. Wir beurteilen den Lackzustand realistisch und sagen offen, wann eine Politur wirklich Sinn ergibt und was optisch erreichbar ist. Mehr zu unseren Angeboten finden Sie auch unter <a href=\"https:\/\/nisacar.ch\/leistungen\/\">Leistungen<\/a> sowie bei unseren aktuellen <a href=\"https:\/\/nisacar.ch\/automobile\/\">Automobilen<\/a>.<\/p>\n\n\n\n<h2 class=\"wp-block-heading\">Fazit: Eine professionelle Politur lohnt sich oft genau dann, wenn ein Auto sauber, aber nicht mehr wirklich gepflegt wirkt<\/h2>\n\n\n\n<p class=\"\"><strong>Professionelle Politur Emmen Ebikon<\/strong> lohnt sich vor allem dann, wenn der Lack an Klarheit, Glanz und Ruhe verloren hat, das Fahrzeug aber grunds\u00e4tzlich in gutem Zustand ist. Genau in solchen F\u00e4llen kann die optische Verbesserung besonders stark ausfallen. Eine gute Politur reduziert feine Gebrauchsspuren, hebt den Glanz und macht das Auto im Alltag oder vor dem Verkauf deutlich \u00fcberzeugender.<\/p>\n\n\n\n<p class=\"\">Sie ist damit weit mehr als nur eine Sch\u00f6nheitsmassnahme. Sie unterst\u00fctzt den Werterhalt, verbessert die Wirkung und macht aus einem ordentlichen Auto oft wieder ein wirklich gepflegtes Fahrzeug. Gerade diese Differenz ist im Alltag und auf dem Occasionenmarkt oft sehr wertvoll.<\/p>\n\n\n\n<p class=\"\">Wenn Sie pr\u00fcfen m\u00f6chten, ob sich eine professionelle Politur f\u00fcr Ihr Fahrzeug lohnt, nehmen Sie gerne <a href=\"https:\/\/nisacar.ch\/kontakt\/\">Kontakt<\/a> mit uns auf. Wir unterst\u00fctzen Sie mit einer ehrlichen Einsch\u00e4tzung und der passenden L\u00f6sung f\u00fcr Ihr Auto.<\/p>\n\n\n\n<h2 class=\"wp-block-heading\">Weitere hilfreiche Artikel<\/h2>\n\n\n\n<ul class=\"wp-block-list\">\n<li class=\"\"><a href=\"https:\/\/nisacar.ch\/fr\/auto-polieren-luzern-kriens\/\">Auto polieren in Luzern oder Kriens \u2013 wann lohnt sich eine professionelle Aufbereitung?<\/a><\/li>\n\n\n\n<li class=\"\"><a href=\"https:\/\/nisacar.ch\/fr\/lackaufbereitung-zug-cham\/\">Lackaufbereitung in Zug und Cham \u2013 wie bekommt Ihr Auto neuen Glanz?<\/a><\/li>\n\n\n\n<li class=\"\"><a href=\"https:\/\/nisacar.ch\/fr\/auto-aufbereiten-vor-dem-verkauf-sursee-emmen\/\">Auto aufbereiten vor dem Verkauf in Sursee und Emmen \u2013 lohnt sich das?<\/a><\/li>\n<\/ul>\n","protected":false},"excerpt":{"rendered":"<p>Viele Autofahrer waschen ihr Auto regelm\u00e4ssig und wundern sich trotzdem, warum der Lack nicht mehr so frisch wirkt wie fr\u00fcher. Das Fahrzeug ist sauber, aber nicht<span class=\"excerpt-hellip\"> [\u2026]<\/span><\/p>\n","protected":false},"author":2,"featured_media":2870,"comment_status":"closed","ping_status":"closed","sticky":false,"template":"","format":"standard","meta":{"_acf_changed":false,"nf_dc_page":"","_jetpack_memberships_contains_paid_content":false,"footnotes":""},"categories":[20],"tags":[35,78,55,42,227],"class_list":["post-2869","post","type-post","status-publish","format-standard","has-post-thumbnail","hentry","category-autoaufbereitung","tag-autoaufbereitung","tag-lackpflege","tag-luzern","tag-occasion-auto","tag-politur"],"acf":[],"yoast_head":"<!-- This site is optimized with the Yoast SEO plugin v27.5 - https:\/\/yoast.com\/product\/yoast-seo-wordpress\/ -->\n<title>Wann lohnt sich eine professionelle Politur wirklich in Emmen und Ebikon?<\/title>\n<meta name=\"description\" content=\"Professionelle Politur in Emmen und Ebikon: Erfahren Sie, wann sie sich lohnt, was sie optisch verbessert und warum sie mehr ist als nur Glanz.\" \/>\n<meta name=\"robots\" content=\"index, follow, max-snippet:-1, max-image-preview:large, max-video-preview:-1\" \/>\n<link rel=\"canonical\" href=\"https:\/\/nisacar.ch\/fr\/professionelle-politur-emmen-ebikon\/\" \/>\n<meta property=\"og:locale\" content=\"fr_FR\" \/>\n<meta property=\"og:type\" content=\"article\" \/>\n<meta property=\"og:title\" content=\"Wann lohnt sich eine professionelle Politur wirklich in Emmen und Ebikon?\" \/>\n<meta property=\"og:description\" content=\"Professionelle Politur in Emmen und Ebikon: Erfahren Sie, wann sie sich lohnt, was sie optisch verbessert und warum sie mehr ist als nur Glanz.\" \/>\n<meta property=\"og:url\" content=\"https:\/\/nisacar.ch\/fr\/professionelle-politur-emmen-ebikon\/\" \/>\n<meta property=\"og:site_name\" content=\"NISA Car\" \/>\n<meta property=\"article:publisher\" content=\"https:\/\/www.facebook.com\/nisacar.ch1\" \/>\n<meta property=\"article:published_time\" content=\"2026-04-16T08:53:01+00:00\" \/>\n<meta property=\"og:image\" content=\"https:\/\/i0.wp.com\/nisacar.ch\/wp-content\/uploads\/2026\/04\/professionelle-Politur-Emmen-Ebikon-professionelle-Politur-Emmen-Ebikon.jpg?fit=1200%2C850&ssl=1\" \/>\n\t<meta property=\"og:image:width\" content=\"1200\" \/>\n\t<meta property=\"og:image:height\" content=\"850\" \/>\n\t<meta property=\"og:image:type\" content=\"image\/jpeg\" \/>\n<meta name=\"author\" content=\"Bojan Atanasov\" \/>\n<meta name=\"twitter:card\" content=\"summary_large_image\" \/>\n<meta name=\"twitter:label1\" content=\"\u00c9crit par\" \/>\n\t<meta name=\"twitter:data1\" content=\"Bojan Atanasov\" \/>\n\t<meta name=\"twitter:label2\" content=\"Dur\u00e9e de lecture estim\u00e9e\" \/>\n\t<meta name=\"twitter:data2\" content=\"8 minutes\" \/>\n<script type=\"application\/ld+json\" class=\"yoast-schema-graph\">{\"@context\":\"https:\\\/\\\/schema.org\",\"@graph\":[{\"@type\":\"Article\",\"@id\":\"https:\\\/\\\/nisacar.ch\\\/fr\\\/professionelle-politur-emmen-ebikon\\\/#article\",\"isPartOf\":{\"@id\":\"https:\\\/\\\/nisacar.ch\\\/fr\\\/professionelle-politur-emmen-ebikon\\\/\"},\"author\":{\"name\":\"Bojan Atanasov\",\"@id\":\"https:\\\/\\\/nisacar.ch\\\/fr\\\/#\\\/schema\\\/person\\\/d92360346fc54e6f3ccb5f67baa14403\"},\"headline\":\"Wann lohnt sich eine professionelle Politur wirklich in Emmen und Ebikon?\",\"datePublished\":\"2026-04-16T08:53:01+00:00\",\"mainEntityOfPage\":{\"@id\":\"https:\\\/\\\/nisacar.ch\\\/fr\\\/professionelle-politur-emmen-ebikon\\\/\"},\"wordCount\":1717,\"publisher\":{\"@id\":\"https:\\\/\\\/nisacar.ch\\\/fr\\\/#organization\"},\"image\":{\"@id\":\"https:\\\/\\\/nisacar.ch\\\/fr\\\/professionelle-politur-emmen-ebikon\\\/#primaryimage\"},\"thumbnailUrl\":\"https:\\\/\\\/i0.wp.com\\\/nisacar.ch\\\/wp-content\\\/uploads\\\/2026\\\/04\\\/professionelle-Politur-Emmen-Ebikon-professionelle-Politur-Emmen-Ebikon.jpg?fit=1200%2C850&ssl=1\",\"keywords\":[\"Autoaufbereitung\",\"Lackpflege\",\"Luzern\",\"Occasion Auto\",\"Politur\"],\"articleSection\":[\"Autoaufbereitung\"],\"inLanguage\":\"fr-FR\"},{\"@type\":\"WebPage\",\"@id\":\"https:\\\/\\\/nisacar.ch\\\/fr\\\/professionelle-politur-emmen-ebikon\\\/\",\"url\":\"https:\\\/\\\/nisacar.ch\\\/fr\\\/professionelle-politur-emmen-ebikon\\\/\",\"name\":\"Wann lohnt sich eine professionelle Politur wirklich in Emmen und Ebikon?\",\"isPartOf\":{\"@id\":\"https:\\\/\\\/nisacar.ch\\\/fr\\\/#website\"},\"primaryImageOfPage\":{\"@id\":\"https:\\\/\\\/nisacar.ch\\\/fr\\\/professionelle-politur-emmen-ebikon\\\/#primaryimage\"},\"image\":{\"@id\":\"https:\\\/\\\/nisacar.ch\\\/fr\\\/professionelle-politur-emmen-ebikon\\\/#primaryimage\"},\"thumbnailUrl\":\"https:\\\/\\\/i0.wp.com\\\/nisacar.ch\\\/wp-content\\\/uploads\\\/2026\\\/04\\\/professionelle-Politur-Emmen-Ebikon-professionelle-Politur-Emmen-Ebikon.jpg?fit=1200%2C850&ssl=1\",\"datePublished\":\"2026-04-16T08:53:01+00:00\",\"description\":\"Professionelle Politur in Emmen und Ebikon: Erfahren Sie, wann sie sich lohnt, was sie optisch verbessert und warum sie mehr ist als nur Glanz.\",\"breadcrumb\":{\"@id\":\"https:\\\/\\\/nisacar.ch\\\/fr\\\/professionelle-politur-emmen-ebikon\\\/#breadcrumb\"},\"inLanguage\":\"fr-FR\",\"potentialAction\":[{\"@type\":\"ReadAction\",\"target\":[\"https:\\\/\\\/nisacar.ch\\\/fr\\\/professionelle-politur-emmen-ebikon\\\/\"]}]},{\"@type\":\"ImageObject\",\"inLanguage\":\"fr-FR\",\"@id\":\"https:\\\/\\\/nisacar.ch\\\/fr\\\/professionelle-politur-emmen-ebikon\\\/#primaryimage\",\"url\":\"https:\\\/\\\/i0.wp.com\\\/nisacar.ch\\\/wp-content\\\/uploads\\\/2026\\\/04\\\/professionelle-Politur-Emmen-Ebikon-professionelle-Politur-Emmen-Ebikon.jpg?fit=1200%2C850&ssl=1\",\"contentUrl\":\"https:\\\/\\\/i0.wp.com\\\/nisacar.ch\\\/wp-content\\\/uploads\\\/2026\\\/04\\\/professionelle-Politur-Emmen-Ebikon-professionelle-Politur-Emmen-Ebikon.jpg?fit=1200%2C850&ssl=1\",\"width\":1200,\"height\":850,\"caption\":\"professionelle Politur Emmen Ebikon professionelle Politur Emmen Ebikon\"},{\"@type\":\"BreadcrumbList\",\"@id\":\"https:\\\/\\\/nisacar.ch\\\/fr\\\/professionelle-politur-emmen-ebikon\\\/#breadcrumb\",\"itemListElement\":[{\"@type\":\"ListItem\",\"position\":1,\"name\":\"Home\",\"item\":\"https:\\\/\\\/nisacar.ch\\\/fr\\\/\"},{\"@type\":\"ListItem\",\"position\":2,\"name\":\"Wann lohnt sich eine professionelle Politur wirklich in Emmen und Ebikon?\"}]},{\"@type\":\"WebSite\",\"@id\":\"https:\\\/\\\/nisacar.ch\\\/fr\\\/#website\",\"url\":\"https:\\\/\\\/nisacar.ch\\\/fr\\\/\",\"name\":\"NISA Car\",\"description\":\"Perfekte Pflege. Faire Preise. Schweizer Qualit\u00e4t.\",\"publisher\":{\"@id\":\"https:\\\/\\\/nisacar.ch\\\/fr\\\/#organization\"},\"potentialAction\":[{\"@type\":\"SearchAction\",\"target\":{\"@type\":\"EntryPoint\",\"urlTemplate\":\"https:\\\/\\\/nisacar.ch\\\/fr\\\/?s={search_term_string}\"},\"query-input\":{\"@type\":\"PropertyValueSpecification\",\"valueRequired\":true,\"valueName\":\"search_term_string\"}}],\"inLanguage\":\"fr-FR\"},{\"@type\":\"Organization\",\"@id\":\"https:\\\/\\\/nisacar.ch\\\/fr\\\/#organization\",\"name\":\"NISA Car Angelov\",\"url\":\"https:\\\/\\\/nisacar.ch\\\/fr\\\/\",\"logo\":{\"@type\":\"ImageObject\",\"inLanguage\":\"fr-FR\",\"@id\":\"https:\\\/\\\/nisacar.ch\\\/fr\\\/#\\\/schema\\\/logo\\\/image\\\/\",\"url\":\"https:\\\/\\\/i0.wp.com\\\/nisacar.ch\\\/wp-content\\\/uploads\\\/2025\\\/10\\\/cropped-za_autoscout-removebg-preview-Copy.png?fit=420%2C150&ssl=1\",\"contentUrl\":\"https:\\\/\\\/i0.wp.com\\\/nisacar.ch\\\/wp-content\\\/uploads\\\/2025\\\/10\\\/cropped-za_autoscout-removebg-preview-Copy.png?fit=420%2C150&ssl=1\",\"width\":420,\"height\":150,\"caption\":\"NISA Car Angelov\"},\"image\":{\"@id\":\"https:\\\/\\\/nisacar.ch\\\/fr\\\/#\\\/schema\\\/logo\\\/image\\\/\"},\"sameAs\":[\"https:\\\/\\\/www.facebook.com\\\/nisacar.ch1\",\"https:\\\/\\\/www.instagram.com\\\/nisacar_ch\\\/\"]},{\"@type\":\"Person\",\"@id\":\"https:\\\/\\\/nisacar.ch\\\/fr\\\/#\\\/schema\\\/person\\\/d92360346fc54e6f3ccb5f67baa14403\",\"name\":\"Bojan Atanasov\",\"image\":{\"@type\":\"ImageObject\",\"inLanguage\":\"fr-FR\",\"@id\":\"https:\\\/\\\/secure.gravatar.com\\\/avatar\\\/2bed02e9a515199a35221b37b3e7871dfba34ba0309d41356bb19e8e3795914d?s=96&d=mm&r=g\",\"url\":\"https:\\\/\\\/secure.gravatar.com\\\/avatar\\\/2bed02e9a515199a35221b37b3e7871dfba34ba0309d41356bb19e8e3795914d?s=96&d=mm&r=g\",\"contentUrl\":\"https:\\\/\\\/secure.gravatar.com\\\/avatar\\\/2bed02e9a515199a35221b37b3e7871dfba34ba0309d41356bb19e8e3795914d?s=96&d=mm&r=g\",\"caption\":\"Bojan Atanasov\"},\"sameAs\":[\"https:\\\/\\\/lumovo.ch\"],\"url\":\"https:\\\/\\\/nisacar.ch\\\/fr\\\/author\\\/atanasov1995\\\/\"}]}<\/script>\n<!-- \/ Yoast SEO plugin. -->","yoast_head_json":{"title":"Wann lohnt sich eine professionelle Politur wirklich in Emmen und Ebikon?","description":"Professionelle Politur in Emmen und Ebikon: Erfahren Sie, wann sie sich lohnt, was sie optisch verbessert und warum sie mehr ist als nur Glanz.","robots":{"index":"index","follow":"follow","max-snippet":"max-snippet:-1","max-image-preview":"max-image-preview:large","max-video-preview":"max-video-preview:-1"},"canonical":"https:\/\/nisacar.ch\/fr\/professionelle-politur-emmen-ebikon\/","og_locale":"fr_FR","og_type":"article","og_title":"Wann lohnt sich eine professionelle Politur wirklich in Emmen und Ebikon?","og_description":"Professionelle Politur in Emmen und Ebikon: Erfahren Sie, wann sie sich lohnt, was sie optisch verbessert und warum sie mehr ist als nur Glanz.","og_url":"https:\/\/nisacar.ch\/fr\/professionelle-politur-emmen-ebikon\/","og_site_name":"NISA Car","article_publisher":"https:\/\/www.facebook.com\/nisacar.ch1","article_published_time":"2026-04-16T08:53:01+00:00","og_image":[{"width":1200,"height":850,"url":"https:\/\/i0.wp.com\/nisacar.ch\/wp-content\/uploads\/2026\/04\/professionelle-Politur-Emmen-Ebikon-professionelle-Politur-Emmen-Ebikon.jpg?fit=1200%2C850&ssl=1","type":"image\/jpeg"}],"author":"Bojan Atanasov","twitter_card":"summary_large_image","twitter_misc":{"\u00c9crit par":"Bojan Atanasov","Dur\u00e9e de lecture estim\u00e9e":"8 minutes"},"schema":{"@context":"https:\/\/schema.org","@graph":[{"@type":"Article","@id":"https:\/\/nisacar.ch\/fr\/professionelle-politur-emmen-ebikon\/#article","isPartOf":{"@id":"https:\/\/nisacar.ch\/fr\/professionelle-politur-emmen-ebikon\/"},"author":{"name":"Bojan Atanasov","@id":"https:\/\/nisacar.ch\/fr\/#\/schema\/person\/d92360346fc54e6f3ccb5f67baa14403"},"headline":"Wann lohnt sich eine professionelle Politur wirklich in Emmen und Ebikon?","datePublished":"2026-04-16T08:53:01+00:00","mainEntityOfPage":{"@id":"https:\/\/nisacar.ch\/fr\/professionelle-politur-emmen-ebikon\/"},"wordCount":1717,"publisher":{"@id":"https:\/\/nisacar.ch\/fr\/#organization"},"image":{"@id":"https:\/\/nisacar.ch\/fr\/professionelle-politur-emmen-ebikon\/#primaryimage"},"thumbnailUrl":"https:\/\/i0.wp.com\/nisacar.ch\/wp-content\/uploads\/2026\/04\/professionelle-Politur-Emmen-Ebikon-professionelle-Politur-Emmen-Ebikon.jpg?fit=1200%2C850&ssl=1","keywords":["Autoaufbereitung","Lackpflege","Luzern","Occasion Auto","Politur"],"articleSection":["Autoaufbereitung"],"inLanguage":"fr-FR"},{"@type":"WebPage","@id":"https:\/\/nisacar.ch\/fr\/professionelle-politur-emmen-ebikon\/","url":"https:\/\/nisacar.ch\/fr\/professionelle-politur-emmen-ebikon\/","name":"Wann lohnt sich eine professionelle Politur wirklich in Emmen und Ebikon?","isPartOf":{"@id":"https:\/\/nisacar.ch\/fr\/#website"},"primaryImageOfPage":{"@id":"https:\/\/nisacar.ch\/fr\/professionelle-politur-emmen-ebikon\/#primaryimage"},"image":{"@id":"https:\/\/nisacar.ch\/fr\/professionelle-politur-emmen-ebikon\/#primaryimage"},"thumbnailUrl":"https:\/\/i0.wp.com\/nisacar.ch\/wp-content\/uploads\/2026\/04\/professionelle-Politur-Emmen-Ebikon-professionelle-Politur-Emmen-Ebikon.jpg?fit=1200%2C850&ssl=1","datePublished":"2026-04-16T08:53:01+00:00","description":"Professionelle Politur in Emmen und Ebikon: Erfahren Sie, wann sie sich lohnt, was sie optisch verbessert und warum sie mehr ist als nur Glanz.","breadcrumb":{"@id":"https:\/\/nisacar.ch\/fr\/professionelle-politur-emmen-ebikon\/#breadcrumb"},"inLanguage":"fr-FR","potentialAction":[{"@type":"ReadAction","target":["https:\/\/nisacar.ch\/fr\/professionelle-politur-emmen-ebikon\/"]}]},{"@type":"ImageObject","inLanguage":"fr-FR","@id":"https:\/\/nisacar.ch\/fr\/professionelle-politur-emmen-ebikon\/#primaryimage","url":"https:\/\/i0.wp.com\/nisacar.ch\/wp-content\/uploads\/2026\/04\/professionelle-Politur-Emmen-Ebikon-professionelle-Politur-Emmen-Ebikon.jpg?fit=1200%2C850&ssl=1","contentUrl":"https:\/\/i0.wp.com\/nisacar.ch\/wp-content\/uploads\/2026\/04\/professionelle-Politur-Emmen-Ebikon-professionelle-Politur-Emmen-Ebikon.jpg?fit=1200%2C850&ssl=1","width":1200,"height":850,"caption":"professionelle Politur Emmen Ebikon professionelle Politur Emmen Ebikon"},{"@type":"BreadcrumbList","@id":"https:\/\/nisacar.ch\/fr\/professionelle-politur-emmen-ebikon\/#breadcrumb","itemListElement":[{"@type":"ListItem","position":1,"name":"Home","item":"https:\/\/nisacar.ch\/fr\/"},{"@type":"ListItem","position":2,"name":"Wann lohnt sich eine professionelle Politur wirklich in Emmen und Ebikon?"}]},{"@type":"WebSite","@id":"https:\/\/nisacar.ch\/fr\/#website","url":"https:\/\/nisacar.ch\/fr\/","name":"NISA Car","description":"Perfekte Pflege. Faire Preise. Schweizer Qualit\u00e4t.","publisher":{"@id":"https:\/\/nisacar.ch\/fr\/#organization"},"potentialAction":[{"@type":"SearchAction","target":{"@type":"EntryPoint","urlTemplate":"https:\/\/nisacar.ch\/fr\/?s={search_term_string}"},"query-input":{"@type":"PropertyValueSpecification","valueRequired":true,"valueName":"search_term_string"}}],"inLanguage":"fr-FR"},{"@type":"Organization","@id":"https:\/\/nisacar.ch\/fr\/#organization","name":"NISA Car Angelov","url":"https:\/\/nisacar.ch\/fr\/","logo":{"@type":"ImageObject","inLanguage":"fr-FR","@id":"https:\/\/nisacar.ch\/fr\/#\/schema\/logo\/image\/","url":"https:\/\/i0.wp.com\/nisacar.ch\/wp-content\/uploads\/2025\/10\/cropped-za_autoscout-removebg-preview-Copy.png?fit=420%2C150&ssl=1","contentUrl":"https:\/\/i0.wp.com\/nisacar.ch\/wp-content\/uploads\/2025\/10\/cropped-za_autoscout-removebg-preview-Copy.png?fit=420%2C150&ssl=1","width":420,"height":150,"caption":"NISA Car Angelov"},"image":{"@id":"https:\/\/nisacar.ch\/fr\/#\/schema\/logo\/image\/"},"sameAs":["https:\/\/www.facebook.com\/nisacar.ch1","https:\/\/www.instagram.com\/nisacar_ch\/"]},{"@type":"Person","@id":"https:\/\/nisacar.ch\/fr\/#\/schema\/person\/d92360346fc54e6f3ccb5f67baa14403","name":"Bojan Atanasov","image":{"@type":"ImageObject","inLanguage":"fr-FR","@id":"https:\/\/secure.gravatar.com\/avatar\/2bed02e9a515199a35221b37b3e7871dfba34ba0309d41356bb19e8e3795914d?s=96&d=mm&r=g","url":"https:\/\/secure.gravatar.com\/avatar\/2bed02e9a515199a35221b37b3e7871dfba34ba0309d41356bb19e8e3795914d?s=96&d=mm&r=g","contentUrl":"https:\/\/secure.gravatar.com\/avatar\/2bed02e9a515199a35221b37b3e7871dfba34ba0309d41356bb19e8e3795914d?s=96&d=mm&r=g","caption":"Bojan Atanasov"},"sameAs":["https:\/\/lumovo.ch"],"url":"https:\/\/nisacar.ch\/fr\/author\/atanasov1995\/"}]}},"jetpack_featured_media_url":"https:\/\/i0.wp.com\/nisacar.ch\/wp-content\/uploads\/2026\/04\/professionelle-Politur-Emmen-Ebikon-professionelle-Politur-Emmen-Ebikon.jpg?fit=1200%2C850&ssl=1","jetpack_sharing_enabled":true,"_links":{"self":[{"href":"https:\/\/nisacar.ch\/fr\/wp-json\/wp\/v2\/posts\/2869","targetHints":{"allow":["GET"]}}],"collection":[{"href":"https:\/\/nisacar.ch\/fr\/wp-json\/wp\/v2\/posts"}],"about":[{"href":"https:\/\/nisacar.ch\/fr\/wp-json\/wp\/v2\/types\/post"}],"author":[{"embeddable":true,"href":"https:\/\/nisacar.ch\/fr\/wp-json\/wp\/v2\/users\/2"}],"replies":[{"embeddable":true,"href":"https:\/\/nisacar.ch\/fr\/wp-json\/wp\/v2\/comments?post=2869"}],"version-history":[{"count":1,"href":"https:\/\/nisacar.ch\/fr\/wp-json\/wp\/v2\/posts\/2869\/revisions"}],"predecessor-version":[{"id":2871,"href":"https:\/\/nisacar.ch\/fr\/wp-json\/wp\/v2\/posts\/2869\/revisions\/2871"}],"wp:featuredmedia":[{"embeddable":true,"href":"https:\/\/nisacar.ch\/fr\/wp-json\/wp\/v2\/media\/2870"}],"wp:attachment":[{"href":"https:\/\/nisacar.ch\/fr\/wp-json\/wp\/v2\/media?parent=2869"}],"wp:term":[{"taxonomy":"category","embeddable":true,"href":"https:\/\/nisacar.ch\/fr\/wp-json\/wp\/v2\/categories?post=2869"},{"taxonomy":"post_tag","embeddable":true,"href":"https:\/\/nisacar.ch\/fr\/wp-json\/wp\/v2\/tags?post=2869"}],"curies":[{"name":"wp","href":"https:\/\/api.w.org\/{rel}","templated":true}]}}