{"id":2827,"date":"2026-04-03T10:25:17","date_gmt":"2026-04-03T08:25:17","guid":{"rendered":"https:\/\/nisacar.ch\/?p=2827"},"modified":"2026-03-19T10:30:58","modified_gmt":"2026-03-19T09:30:58","slug":"occasion-kaufen-luzern-haendler-oder-privat","status":"publish","type":"post","link":"https:\/\/nisacar.ch\/fr\/occasion-kaufen-luzern-haendler-oder-privat\/","title":{"rendered":"Occasion kaufen in Luzern \u2013 H\u00e4ndler oder Privatverkauf?"},"content":{"rendered":"\n<p class=\"\">Wer eine Occasion kaufen m\u00f6chte, steht oft fr\u00fch vor einer wichtigen Grundsatzfrage: Soll das Auto bei einem H\u00e4ndler gekauft werden oder lieber direkt von privat? Beide Wege haben klare Vor- und Nachteile. Welche Variante besser passt, h\u00e4ngt nicht nur vom Fahrzeug selbst ab, sondern auch davon, wie viel Sicherheit, Beratung, Eigeninitiative und Risiko man beim Kauf akzeptieren m\u00f6chte.<\/p>\n\n\n\n<p class=\"\">Gerade in Luzern und Umgebung ist der Occasionenmarkt vielseitig. Es gibt H\u00e4ndler mit gepflegten Fahrzeugen, private Inserate mit attraktiven Preisen und zahlreiche M\u00f6glichkeiten, das passende Auto zu finden. Auf den ersten Blick wirkt das wie eine reine Preisfrage. In der Praxis zeigt sich aber schnell, dass der Kaufweg selbst einen grossen Unterschied macht. Denn beim Autokauf geht es nicht nur um Marke, Modell und Kilometerstand, sondern auch um Vertrauen, Zustand, Transparenz und das Gef\u00fchl, eine gute Entscheidung zu treffen.<\/p>\n\n\n\n<p class=\"\">In diesem Beitrag erfahren Sie, worauf Sie achten sollten, wenn Sie eine <strong>Occasion kaufen Luzern H\u00e4ndler oder Privat<\/strong> vergleichen m\u00f6chten. Sie sehen, welche St\u00e4rken beide Wege haben, wo typische Stolpersteine liegen und welche L\u00f6sung zu welchem K\u00e4ufertyp oft besser passt. Weitere hilfreiche Themen finden Sie auch auf unserer <a href=\"https:\/\/nisacar.ch\/blog\/\">Blog-\u00dcbersicht<\/a>.<\/p>\n\n\n\n<h2 class=\"wp-block-heading\">Warum diese Entscheidung so wichtig ist<\/h2>\n\n\n\n<p class=\"\">Viele K\u00e4ufer konzentrieren sich bei der Fahrzeugsuche ausschliesslich auf das Auto selbst. Das ist verst\u00e4ndlich, aber zu kurz gedacht. Der Weg, auf dem Sie das Auto kaufen, beeinflusst den gesamten Ablauf: die Art der Beratung, die Transparenz der Informationen, den organisatorischen Aufwand, die Vergleichbarkeit und auch das pers\u00f6nliche Sicherheitsgef\u00fchl.<\/p>\n\n\n\n<p class=\"\">Ein sehr gutes Fahrzeug bleibt nat\u00fcrlich ein gutes Fahrzeug \u2013 egal, ob es von privat oder beim H\u00e4ndler angeboten wird. Trotzdem unterscheiden sich die Rahmenbedingungen oft deutlich. Wer diese Unterschiede nicht bewusst mitdenkt, entscheidet am Ende vielleicht nur nach Preis und \u00fcbersieht wichtige Faktoren, die sp\u00e4ter den gr\u00f6sseren Unterschied machen.<\/p>\n\n\n\n<p class=\"\">Genau deshalb lohnt sich vor dem Kauf nicht nur der Blick auf das Fahrzeug, sondern auch auf die Kaufart selbst.<\/p>\n\n\n\n<h2 class=\"wp-block-heading\">Was f\u00fcr den Kauf bei einem H\u00e4ndler spricht<\/h2>\n\n\n\n<p class=\"\">F\u00fcr viele K\u00e4ufer ist der H\u00e4ndler die angenehmere und sicherere L\u00f6sung. Ein grosser Vorteil liegt in der Struktur des gesamten Prozesses. Fahrzeuge sind in der Regel vorbereitet, Besichtigungen laufen geordneter ab und der Kontakt ist meist professioneller organisiert. Gerade Menschen, die nicht oft Autos kaufen, empfinden das als sehr hilfreich.<\/p>\n\n\n\n<p class=\"\">Hinzu kommt die pers\u00f6nliche Beratung. Ein guter H\u00e4ndler erkl\u00e4rt das Fahrzeug nachvollziehbar, beantwortet Fragen offen und hilft dabei, das Angebot einzuordnen. Das schafft Klarheit und macht es leichter, eine informierte Entscheidung zu treffen.<\/p>\n\n\n\n<p class=\"\">Besonders im regionalen Umfeld ist dieser Aspekt stark. Kurze Wege, direkte Gespr\u00e4che und ein greifbarer Ansprechpartner sorgen oft f\u00fcr mehr Vertrauen. Mehr dazu lesen Sie auch hier: <a href=\"https:\/\/nisacar.ch\/fr\/regionale-autohaendler-luzern\/\">Warum regionale Autoh\u00e4ndler in Luzern f\u00fcr viele K\u00e4ufer die bessere Wahl sind<\/a>.<\/p>\n\n\n\n<h2 class=\"wp-block-heading\">Typische Vorteile beim H\u00e4ndlerkauf<\/h2>\n\n\n\n<p class=\"\">Der Kauf beim H\u00e4ndler bringt in vielen F\u00e4llen praktische Vorteile mit sich. Dazu geh\u00f6ren vor allem:<\/p>\n\n\n\n<ul class=\"wp-block-list\">\n<li class=\"\">pers\u00f6nliche und strukturierte Beratung,<\/li>\n\n\n\n<li class=\"\">ein klarerer und organisierter Ablauf,<\/li>\n\n\n\n<li class=\"\">meist gepflegt pr\u00e4sentierte Fahrzeuge,<\/li>\n\n\n\n<li class=\"\">ein besser vergleichbarer Gesamteindruck,<\/li>\n\n\n\n<li class=\"\">ein direkter Ansprechpartner vor und oft auch nach dem Kauf.<\/li>\n<\/ul>\n\n\n\n<p class=\"\">Gerade f\u00fcr K\u00e4ufer, die m\u00f6glichst wenig Unsicherheit wollen, ist das ein starkes Argument. Auch wer mehrere Fahrzeuge vergleichen oder sich ruhig beraten lassen m\u00f6chte, profitiert von dieser Struktur. Der Kauf f\u00fchlt sich h\u00e4ufig klarer und professioneller an als bei privaten Einzelangeboten.<\/p>\n\n\n\n<h2 class=\"wp-block-heading\">Was f\u00fcr den Privatkauf spricht<\/h2>\n\n\n\n<p class=\"\">Der Privatverkauf hat vor allem deshalb viele Interessenten, weil die Preise auf den ersten Blick oft attraktiv wirken. Ohne H\u00e4ndlerstruktur und ohne professionellen Verkaufsrahmen hoffen viele K\u00e4ufer auf ein besseres Preis-Leistungs-Verh\u00e4ltnis. Das kann in manchen F\u00e4llen auch tats\u00e4chlich so sein.<\/p>\n\n\n\n<p class=\"\">Ausserdem hat der Privatkauf f\u00fcr manche einen pers\u00f6nlichen Reiz. Man spricht direkt mit dem bisherigen Besitzer und bekommt manchmal ein direkteres Gef\u00fchl daf\u00fcr, wie das Fahrzeug genutzt wurde. Wenn der Verk\u00e4ufer offen, glaubw\u00fcrdig und gut vorbereitet ist, kann das durchaus positiv sein.<\/p>\n\n\n\n<p class=\"\">Trotzdem sollte man sich vom vermeintlich g\u00fcnstigeren Preis nicht blenden lassen. Denn beim Privatkauf liegt mehr Verantwortung bei Ihnen selbst. Genau das ist der entscheidende Unterschied.<\/p>\n\n\n\n<h2 class=\"wp-block-heading\">Der Preis allein sollte nicht entscheiden<\/h2>\n\n\n\n<p class=\"\">Viele K\u00e4ufer starten mit der Annahme, dass privat fast immer g\u00fcnstiger sein muss. Das kann vorkommen, ist aber nicht automatisch die bessere Gesamtl\u00f6sung. Der Preis ist nur ein Teil des Kaufes. Genauso wichtig sind Zustand, Nachvollziehbarkeit, Vorbereitung des Fahrzeugs und das pers\u00f6nliche Sicherheitsgef\u00fchl im Prozess.<\/p>\n\n\n\n<p class=\"\">Ein etwas g\u00fcnstigeres Auto kann am Ende teurer werden, wenn Sie nach dem Kauf schnell in Unterhalt, Pflege oder Unsicherheiten investieren m\u00fcssen. Umgekehrt kann ein auf den ersten Blick etwas teureres Fahrzeug beim H\u00e4ndler die rundere und wirtschaftlich sinnvollere Entscheidung sein, wenn Zustand und Ablauf insgesamt \u00fcberzeugender sind.<\/p>\n\n\n\n<p class=\"\">Der beste Kauf ist nicht automatisch der billigste, sondern derjenige, der insgesamt am besten passt.<\/p>\n\n\n\n<h2 class=\"wp-block-heading\">Mehr Eigenverantwortung beim Privatkauf<\/h2>\n\n\n\n<p class=\"\">Beim Kauf von privat m\u00fcssen Sie genauer hinschauen, strukturierter fragen und insgesamt mehr selbst einordnen. Das bedeutet nicht, dass Privatk\u00e4ufe grunds\u00e4tzlich problematisch sind. Es bedeutet nur, dass Sie mehr Verantwortung f\u00fcr die Einsch\u00e4tzung \u00fcbernehmen.<\/p>\n\n\n\n<p class=\"\">Wichtige Punkte sind dabei unter anderem:<\/p>\n\n\n\n<ul class=\"wp-block-list\">\n<li class=\"\">Wirken Fahrzeugzustand und Angaben stimmig?<\/li>\n\n\n\n<li class=\"\">Gibt es nachvollziehbare Unterlagen?<\/li>\n\n\n\n<li class=\"\">Ist der Verk\u00e4ufer offen und klar in seinen Antworten?<\/li>\n\n\n\n<li class=\"\">Passt der Gesamteindruck zum verlangten Preis?<\/li>\n\n\n\n<li class=\"\">F\u00fchlen Sie sich beim Gespr\u00e4ch und bei der Besichtigung sicher?<\/li>\n<\/ul>\n\n\n\n<p class=\"\">Wer hier unsicher ist oder wenig Erfahrung mit Fahrzeugen hat, f\u00fchlt sich beim H\u00e4ndlerkauf oft wohler. Genau deshalb ist die Entscheidung auch eine Frage des K\u00e4ufertyps \u2013 nicht nur des Budgets.<\/p>\n\n\n\n<h2 class=\"wp-block-heading\">Warum der Zustand der Occasion wichtiger ist als der Verkaufsweg<\/h2>\n\n\n\n<p class=\"\">So unterschiedlich H\u00e4ndler und Privatverk\u00e4ufer sein k\u00f6nnen: Am Ende bleibt der Zustand des Fahrzeugs entscheidend. Ein schlecht gepflegtes Auto bleibt problematisch, auch wenn der Verk\u00e4ufer freundlich ist. Und eine gute Occasion bleibt interessant, egal \u00fcber welchen Kanal sie angeboten wird.<\/p>\n\n\n\n<p class=\"\">Deshalb sollten Sie sich nie allein von der Verkaufsform leiten lassen. Viel wichtiger ist, wie das Fahrzeug wirkt, wie nachvollziehbar die Historie ist und wie es sich bei Besichtigung und Probefahrt anf\u00fchlt. Wer hier strukturiert vorgeht, trifft meist die bessere Entscheidung.<\/p>\n\n\n\n<p class=\"\">Wenn Sie tiefer in die Bewertung einer Occasion einsteigen m\u00f6chten, lesen Sie auch unseren Beitrag <a href=\"https:\/\/nisacar.ch\/fr\/gebrauchtwagen-kaufen-sursee-schenkon\/\">Gebrauchtwagen kaufen in Sursee und Schenkon \u2013 worauf sollte man besonders achten?<\/a>.<\/p>\n\n\n\n<h2 class=\"wp-block-heading\">Besichtigung und Probefahrt sind bei beiden Varianten Pflicht<\/h2>\n\n\n\n<p class=\"\">Egal ob H\u00e4ndler oder privat: Eine Besichtigung und Probefahrt sollten nie \u00fcbersprungen werden. Erst vor Ort zeigt sich, ob die Stimmung des Angebots mit der Realit\u00e4t zusammenpasst. Wie wirkt der Innenraum? Ist der Lack gepflegt? Gibt es sichtbare Gebrauchsspuren? Wie f\u00fchlt sich das Auto beim Fahren an?<\/p>\n\n\n\n<p class=\"\">Gerade bei Occasionen sind es oft kleine Details, die ein gutes oder weniger gutes Gef\u00fchl ausl\u00f6sen. Eine Probefahrt hilft dabei, Ger\u00e4usche, Lenkgef\u00fchl, Bremsverhalten und den allgemeinen Eindruck besser einzuordnen. Rein auf Fotos oder Beschreibungen sollte man sich nie verlassen.<\/p>\n\n\n\n<p class=\"\">Auch wenn der Kaufpreis interessant wirkt: Ohne echten Eindruck vor Ort fehlt ein wesentlicher Teil der Entscheidung.<\/p>\n\n\n\n<h2 class=\"wp-block-heading\">Worauf K\u00e4ufer beim H\u00e4ndler besonders achten sollten<\/h2>\n\n\n\n<p class=\"\">Auch beim H\u00e4ndler gilt: Nicht einfach nur auf die sch\u00f6ne Pr\u00e4sentation schauen. Ein gepflegtes Umfeld und ein ordentlicher Auftritt sind positiv, ersetzen aber keine eigene Aufmerksamkeit. Achten Sie auch hier auf Klarheit, Ehrlichkeit und einen nachvollziehbaren Gesamteindruck.<\/p>\n\n\n\n<p class=\"\">Hilfreiche Fragen sind zum Beispiel:<\/p>\n\n\n\n<ul class=\"wp-block-list\">\n<li class=\"\">Wie offen wird auf den Fahrzeugzustand eingegangen?<\/li>\n\n\n\n<li class=\"\">Wie gut passen Optik, Laufleistung und Historie zusammen?<\/li>\n\n\n\n<li class=\"\">Wirkt die Beratung ehrlich oder nur verkaufsgetrieben?<\/li>\n\n\n\n<li class=\"\">F\u00fchlen Sie sich ernst genommen und gut informiert?<\/li>\n<\/ul>\n\n\n\n<p class=\"\">Ein guter H\u00e4ndler \u00fcberzeugt nicht nur durch Fahrzeuge, sondern auch durch die Art, wie er mit Fragen und Unsicherheiten umgeht.<\/p>\n\n\n\n<h2 class=\"wp-block-heading\">Worauf K\u00e4ufer beim Privatkauf besonders achten sollten<\/h2>\n\n\n\n<p class=\"\">Beim Privatkauf ist es besonders wichtig, nicht zu schnell auf ein vermeintliches Schn\u00e4ppchen zu reagieren. Gerade wenn ein Preis ungew\u00f6hnlich attraktiv erscheint, sollte besonders genau hingeschaut werden. Stimmen Fahrzeugzustand, Unterlagen und Kommunikation wirklich zusammen?<\/p>\n\n\n\n<p class=\"\">Achten Sie auf einen ruhigen, sachlichen Ablauf. Lassen Sie sich nicht unter Druck setzen und hinterfragen Sie Unklarheiten freundlich, aber konsequent. Je transparenter der Verk\u00e4ufer und je stimmiger der Gesamteindruck, desto besser. Wenn etwas widerspr\u00fcchlich oder unangenehm wirkt, ist Zur\u00fcckhaltung fast immer die kl\u00fcgere Reaktion.<\/p>\n\n\n\n<p class=\"\">Ein guter Privatkauf braucht kein Bauchweh. Wenn Unsicherheit bleibt, ist das selbst schon ein wichtiges Signal.<\/p>\n\n\n\n<h2 class=\"wp-block-heading\">Finanzierung und Alltagssicherheit ebenfalls mitdenken<\/h2>\n\n\n\n<p class=\"\">Gerade wenn ein Fahrzeug nicht bar bezahlt wird oder wenn das Budget knapp kalkuliert ist, sollte der Kaufweg ebenfalls realistisch betrachtet werden. Viele K\u00e4ufer f\u00fchlen sich bei strukturierten H\u00e4ndlergespr\u00e4chen wohler, weil dort Fahrzeugwahl und Finanzierbarkeit oft besser eingeordnet werden k\u00f6nnen.<\/p>\n\n\n\n<p class=\"\">Wenn Sie sich mit diesem Thema besch\u00e4ftigen, lesen Sie auch <a href=\"https:\/\/nisacar.ch\/fr\/occasion-auto-finanzieren-luzern-kriens\/\">Occasion Auto finanzieren in Luzern und Kriens \u2013 was sollte man vorher pr\u00fcfen?<\/a>.<\/p>\n\n\n\n<p class=\"\">Wichtig ist, dass das Auto nicht nur kurzfristig gef\u00e4llt, sondern langfristig in Ihren Alltag passt \u2013 technisch, finanziell und organisatorisch.<\/p>\n\n\n\n<h2 class=\"wp-block-heading\">H\u00e4ndler oder Privat \u2013 welche Variante passt zu welchem K\u00e4ufertyp?<\/h2>\n\n\n\n<p class=\"\">Der H\u00e4ndlerkauf passt oft besser zu Menschen, die eine klare Struktur, pers\u00f6nliche Beratung und ein ruhigeres Gesamtgef\u00fchl beim Kauf m\u00f6chten. Wer Wert auf Erreichbarkeit, kurze Wege und nachvollziehbare Kommunikation legt, f\u00fchlt sich hier meist wohler.<\/p>\n\n\n\n<p class=\"\">Der Privatkauf kann dagegen interessant sein f\u00fcr K\u00e4ufer, die sehr selbstst\u00e4ndig vergleichen, gerne eigenverantwortlich pr\u00fcfen und bereit sind, mehr Unsicherheit in Kauf zu nehmen, wenn der Preis daf\u00fcr attraktiv erscheint. Wichtig ist, dass man seine eigene Rolle ehrlich einsch\u00e4tzt.<\/p>\n\n\n\n<p class=\"\">Es gibt also kein pauschales \u201ebesser\u201c. Es gibt nur die L\u00f6sung, die realistischer zu Ihrer Art des Kaufens passt.<\/p>\n\n\n\n<h2 class=\"wp-block-heading\">Warum regionale H\u00e4ndler in Luzern oft die angenehmere L\u00f6sung sind<\/h2>\n\n\n\n<p class=\"\">Gerade in Luzern und Umgebung bringt der regionale H\u00e4ndlerkauf viele Vorteile zusammen: kurze Wege, pers\u00f6nliche Ansprechpartner, bessere Erreichbarkeit und oft ein ruhigeres Gef\u00fchl im gesamten Prozess. F\u00fcr viele K\u00e4ufer ist genau das am Ende mehr wert als ein vermeintlich g\u00fcnstigeres Einzelangebot mit mehr Unsicherheit.<\/p>\n\n\n\n<p class=\"\">Bei NISA Car legen wir Wert auf transparente Beratung, nachvollziehbare Fahrzeugl\u00f6sungen und einen pers\u00f6nlichen Umgang. Weitere Informationen zu unseren Angeboten finden Sie unter <a href=\"https:\/\/nisacar.ch\/leistungen\/\">Leistungen<\/a> sowie bei unseren aktuellen <a href=\"https:\/\/nisacar.ch\/automobile\/\">Automobilen<\/a>.<\/p>\n\n\n\n<h2 class=\"wp-block-heading\">Fazit: Nicht nur das Auto, sondern auch der Kaufweg sollte zu Ihnen passen<\/h2>\n\n\n\n<p class=\"\"><strong>Occasion kaufen Luzern H\u00e4ndler oder Privat<\/strong> ist keine reine Preisfrage. Der Kauf beim H\u00e4ndler bietet oft mehr Struktur, Beratung und Vertrauen. Der Privatkauf kann preislich interessant sein, verlangt aber meist mehr Eigenverantwortung und ein sicheres Gef\u00fchl bei der Einsch\u00e4tzung. Welche Variante besser ist, h\u00e4ngt deshalb nicht nur vom Fahrzeug, sondern auch von Ihren Erwartungen und Ihrem K\u00e4ufertyp ab.<\/p>\n\n\n\n<p class=\"\">Wichtig ist vor allem, nicht zu schnell zu entscheiden. Wer Zustand, Eindruck, Kaufweg und Alltagstauglichkeit gemeinsam betrachtet, findet meist die bessere Occasion \u2013 und nicht nur das scheinbar bessere Angebot auf den ersten Blick.<\/p>\n\n\n\n<p class=\"\">Wenn Sie aktuell eine passende Occasion suchen oder eine pers\u00f6nliche Einsch\u00e4tzung w\u00fcnschen, nehmen Sie gerne <a href=\"https:\/\/nisacar.ch\/kontakt\/\">Kontakt<\/a> mit uns auf. Wir beraten Sie transparent und praxisnah bei der passenden Fahrzeugwahl.<\/p>\n\n\n\n<h2 class=\"wp-block-heading\">Weitere hilfreiche Artikel<\/h2>\n\n\n\n<ul class=\"wp-block-list\">\n<li class=\"\"><a href=\"https:\/\/nisacar.ch\/fr\/gebrauchtwagen-kaufen-sursee-schenkon\/\">Gebrauchtwagen kaufen in Sursee und Schenkon \u2013 worauf sollte man besonders achten?<\/a><\/li>\n\n\n\n<li class=\"\"><a href=\"https:\/\/nisacar.ch\/fr\/regionale-autohaendler-luzern\/\">Warum regionale Autoh\u00e4ndler in Luzern f\u00fcr viele K\u00e4ufer die bessere Wahl sind<\/a><\/li>\n\n\n\n<li class=\"\"><a href=\"https:\/\/nisacar.ch\/fr\/occasion-auto-finanzieren-luzern-kriens\/\">Occasion Auto finanzieren in Luzern und Kriens \u2013 was sollte man vorher pr\u00fcfen?<\/a><\/li>\n<\/ul>\n","protected":false},"excerpt":{"rendered":"<p>Wer eine Occasion kaufen m\u00f6chte, steht oft fr\u00fch vor einer wichtigen Grundsatzfrage: Soll das Auto bei einem H\u00e4ndler gekauft werden oder lieber direkt von privat? Beide<span class=\"excerpt-hellip\"> [\u2026]<\/span><\/p>\n","protected":false},"author":2,"featured_media":2828,"comment_status":"closed","ping_status":"closed","sticky":false,"template":"","format":"standard","meta":{"_acf_changed":false,"nf_dc_page":"","_jetpack_memberships_contains_paid_content":false,"footnotes":""},"categories":[23],"tags":[43,55],"class_list":["post-2827","post","type-post","status-publish","format-standard","has-post-thumbnail","hentry","category-autokauf-verkauf","tag-gebrauchtwagen","tag-luzern"],"acf":[],"yoast_head":"<!-- This site is optimized with the Yoast SEO plugin v27.5 - https:\/\/yoast.com\/product\/yoast-seo-wordpress\/ -->\n<title>Occasion kaufen in Luzern \u2013 H\u00e4ndler oder Privatverkauf?<\/title>\n<meta name=\"description\" content=\"Occasion kaufen in Luzern: Erfahren Sie, ob ein Kauf beim H\u00e4ndler oder privat besser zu Ihnen passt und worauf Sie bei beiden Varianten achten sollten\" \/>\n<meta name=\"robots\" content=\"index, follow, max-snippet:-1, max-image-preview:large, max-video-preview:-1\" \/>\n<link rel=\"canonical\" href=\"https:\/\/nisacar.ch\/fr\/occasion-kaufen-luzern-haendler-oder-privat\/\" \/>\n<meta property=\"og:locale\" content=\"fr_FR\" \/>\n<meta property=\"og:type\" content=\"article\" \/>\n<meta property=\"og:title\" content=\"Occasion kaufen in Luzern \u2013 H\u00e4ndler oder Privatverkauf?\" \/>\n<meta property=\"og:description\" content=\"Occasion kaufen in Luzern: Erfahren Sie, ob ein Kauf beim H\u00e4ndler oder privat besser zu Ihnen passt und worauf Sie bei beiden Varianten achten sollten.\" \/>\n<meta property=\"og:url\" content=\"https:\/\/nisacar.ch\/fr\/occasion-kaufen-luzern-haendler-oder-privat\/\" \/>\n<meta property=\"og:site_name\" content=\"NISA Car\" \/>\n<meta property=\"article:publisher\" content=\"https:\/\/www.facebook.com\/nisacar.ch1\" \/>\n<meta property=\"article:published_time\" content=\"2026-04-03T08:25:17+00:00\" \/>\n<meta property=\"og:image\" content=\"https:\/\/i0.wp.com\/nisacar.ch\/wp-content\/uploads\/2026\/03\/used-car-parked-for-private-sale-Occasion-kaufen-Luzern-Handler-oder-Privat.jpg?fit=1200%2C850&ssl=1\" \/>\n\t<meta property=\"og:image:width\" content=\"1200\" \/>\n\t<meta property=\"og:image:height\" content=\"850\" \/>\n\t<meta property=\"og:image:type\" content=\"image\/jpeg\" \/>\n<meta name=\"author\" content=\"Bojan Atanasov\" \/>\n<meta name=\"twitter:card\" content=\"summary_large_image\" \/>\n<meta name=\"twitter:label1\" content=\"\u00c9crit par\" \/>\n\t<meta name=\"twitter:data1\" content=\"Bojan Atanasov\" \/>\n\t<meta name=\"twitter:label2\" content=\"Dur\u00e9e de lecture estim\u00e9e\" \/>\n\t<meta name=\"twitter:data2\" content=\"8 minutes\" \/>\n<script type=\"application\/ld+json\" class=\"yoast-schema-graph\">{\"@context\":\"https:\\\/\\\/schema.org\",\"@graph\":[{\"@type\":\"Article\",\"@id\":\"https:\\\/\\\/nisacar.ch\\\/fr\\\/occasion-kaufen-luzern-haendler-oder-privat\\\/#article\",\"isPartOf\":{\"@id\":\"https:\\\/\\\/nisacar.ch\\\/fr\\\/occasion-kaufen-luzern-haendler-oder-privat\\\/\"},\"author\":{\"name\":\"Bojan Atanasov\",\"@id\":\"https:\\\/\\\/nisacar.ch\\\/fr\\\/#\\\/schema\\\/person\\\/d92360346fc54e6f3ccb5f67baa14403\"},\"headline\":\"Occasion kaufen in Luzern \u2013 H\u00e4ndler oder Privatverkauf?\",\"datePublished\":\"2026-04-03T08:25:17+00:00\",\"mainEntityOfPage\":{\"@id\":\"https:\\\/\\\/nisacar.ch\\\/fr\\\/occasion-kaufen-luzern-haendler-oder-privat\\\/\"},\"wordCount\":1894,\"publisher\":{\"@id\":\"https:\\\/\\\/nisacar.ch\\\/fr\\\/#organization\"},\"image\":{\"@id\":\"https:\\\/\\\/nisacar.ch\\\/fr\\\/occasion-kaufen-luzern-haendler-oder-privat\\\/#primaryimage\"},\"thumbnailUrl\":\"https:\\\/\\\/i0.wp.com\\\/nisacar.ch\\\/wp-content\\\/uploads\\\/2026\\\/03\\\/used-car-parked-for-private-sale-Occasion-kaufen-Luzern-Handler-oder-Privat.jpg?fit=1200%2C850&ssl=1\",\"keywords\":[\"Gebrauchtwagen\",\"Luzern\"],\"articleSection\":[\"Autokauf &amp; Verkauf\"],\"inLanguage\":\"fr-FR\"},{\"@type\":\"WebPage\",\"@id\":\"https:\\\/\\\/nisacar.ch\\\/fr\\\/occasion-kaufen-luzern-haendler-oder-privat\\\/\",\"url\":\"https:\\\/\\\/nisacar.ch\\\/fr\\\/occasion-kaufen-luzern-haendler-oder-privat\\\/\",\"name\":\"Occasion kaufen in Luzern \u2013 H\u00e4ndler oder Privatverkauf?\",\"isPartOf\":{\"@id\":\"https:\\\/\\\/nisacar.ch\\\/fr\\\/#website\"},\"primaryImageOfPage\":{\"@id\":\"https:\\\/\\\/nisacar.ch\\\/fr\\\/occasion-kaufen-luzern-haendler-oder-privat\\\/#primaryimage\"},\"image\":{\"@id\":\"https:\\\/\\\/nisacar.ch\\\/fr\\\/occasion-kaufen-luzern-haendler-oder-privat\\\/#primaryimage\"},\"thumbnailUrl\":\"https:\\\/\\\/i0.wp.com\\\/nisacar.ch\\\/wp-content\\\/uploads\\\/2026\\\/03\\\/used-car-parked-for-private-sale-Occasion-kaufen-Luzern-Handler-oder-Privat.jpg?fit=1200%2C850&ssl=1\",\"datePublished\":\"2026-04-03T08:25:17+00:00\",\"description\":\"Occasion kaufen in Luzern: Erfahren Sie, ob ein Kauf beim H\u00e4ndler oder privat besser zu Ihnen passt und worauf Sie bei beiden Varianten achten sollten\",\"breadcrumb\":{\"@id\":\"https:\\\/\\\/nisacar.ch\\\/fr\\\/occasion-kaufen-luzern-haendler-oder-privat\\\/#breadcrumb\"},\"inLanguage\":\"fr-FR\",\"potentialAction\":[{\"@type\":\"ReadAction\",\"target\":[\"https:\\\/\\\/nisacar.ch\\\/fr\\\/occasion-kaufen-luzern-haendler-oder-privat\\\/\"]}]},{\"@type\":\"ImageObject\",\"inLanguage\":\"fr-FR\",\"@id\":\"https:\\\/\\\/nisacar.ch\\\/fr\\\/occasion-kaufen-luzern-haendler-oder-privat\\\/#primaryimage\",\"url\":\"https:\\\/\\\/i0.wp.com\\\/nisacar.ch\\\/wp-content\\\/uploads\\\/2026\\\/03\\\/used-car-parked-for-private-sale-Occasion-kaufen-Luzern-Handler-oder-Privat.jpg?fit=1200%2C850&ssl=1\",\"contentUrl\":\"https:\\\/\\\/i0.wp.com\\\/nisacar.ch\\\/wp-content\\\/uploads\\\/2026\\\/03\\\/used-car-parked-for-private-sale-Occasion-kaufen-Luzern-Handler-oder-Privat.jpg?fit=1200%2C850&ssl=1\",\"width\":1200,\"height\":850,\"caption\":\"Occasion kaufen Luzern H\u00e4ndler oder Privat Occasion kaufen Luzern H\u00e4ndler oder Privat\"},{\"@type\":\"BreadcrumbList\",\"@id\":\"https:\\\/\\\/nisacar.ch\\\/fr\\\/occasion-kaufen-luzern-haendler-oder-privat\\\/#breadcrumb\",\"itemListElement\":[{\"@type\":\"ListItem\",\"position\":1,\"name\":\"Home\",\"item\":\"https:\\\/\\\/nisacar.ch\\\/fr\\\/\"},{\"@type\":\"ListItem\",\"position\":2,\"name\":\"Occasion kaufen in Luzern \u2013 H\u00e4ndler oder Privatverkauf?\"}]},{\"@type\":\"WebSite\",\"@id\":\"https:\\\/\\\/nisacar.ch\\\/fr\\\/#website\",\"url\":\"https:\\\/\\\/nisacar.ch\\\/fr\\\/\",\"name\":\"NISA Car\",\"description\":\"Perfekte Pflege. Faire Preise. Schweizer Qualit\u00e4t.\",\"publisher\":{\"@id\":\"https:\\\/\\\/nisacar.ch\\\/fr\\\/#organization\"},\"potentialAction\":[{\"@type\":\"SearchAction\",\"target\":{\"@type\":\"EntryPoint\",\"urlTemplate\":\"https:\\\/\\\/nisacar.ch\\\/fr\\\/?s={search_term_string}\"},\"query-input\":{\"@type\":\"PropertyValueSpecification\",\"valueRequired\":true,\"valueName\":\"search_term_string\"}}],\"inLanguage\":\"fr-FR\"},{\"@type\":\"Organization\",\"@id\":\"https:\\\/\\\/nisacar.ch\\\/fr\\\/#organization\",\"name\":\"NISA Car Angelov\",\"url\":\"https:\\\/\\\/nisacar.ch\\\/fr\\\/\",\"logo\":{\"@type\":\"ImageObject\",\"inLanguage\":\"fr-FR\",\"@id\":\"https:\\\/\\\/nisacar.ch\\\/fr\\\/#\\\/schema\\\/logo\\\/image\\\/\",\"url\":\"https:\\\/\\\/i0.wp.com\\\/nisacar.ch\\\/wp-content\\\/uploads\\\/2025\\\/10\\\/cropped-za_autoscout-removebg-preview-Copy.png?fit=420%2C150&ssl=1\",\"contentUrl\":\"https:\\\/\\\/i0.wp.com\\\/nisacar.ch\\\/wp-content\\\/uploads\\\/2025\\\/10\\\/cropped-za_autoscout-removebg-preview-Copy.png?fit=420%2C150&ssl=1\",\"width\":420,\"height\":150,\"caption\":\"NISA Car Angelov\"},\"image\":{\"@id\":\"https:\\\/\\\/nisacar.ch\\\/fr\\\/#\\\/schema\\\/logo\\\/image\\\/\"},\"sameAs\":[\"https:\\\/\\\/www.facebook.com\\\/nisacar.ch1\",\"https:\\\/\\\/www.instagram.com\\\/nisacar_ch\\\/\"]},{\"@type\":\"Person\",\"@id\":\"https:\\\/\\\/nisacar.ch\\\/fr\\\/#\\\/schema\\\/person\\\/d92360346fc54e6f3ccb5f67baa14403\",\"name\":\"Bojan Atanasov\",\"image\":{\"@type\":\"ImageObject\",\"inLanguage\":\"fr-FR\",\"@id\":\"https:\\\/\\\/secure.gravatar.com\\\/avatar\\\/2bed02e9a515199a35221b37b3e7871dfba34ba0309d41356bb19e8e3795914d?s=96&d=mm&r=g\",\"url\":\"https:\\\/\\\/secure.gravatar.com\\\/avatar\\\/2bed02e9a515199a35221b37b3e7871dfba34ba0309d41356bb19e8e3795914d?s=96&d=mm&r=g\",\"contentUrl\":\"https:\\\/\\\/secure.gravatar.com\\\/avatar\\\/2bed02e9a515199a35221b37b3e7871dfba34ba0309d41356bb19e8e3795914d?s=96&d=mm&r=g\",\"caption\":\"Bojan Atanasov\"},\"sameAs\":[\"https:\\\/\\\/lumovo.ch\"],\"url\":\"https:\\\/\\\/nisacar.ch\\\/fr\\\/author\\\/atanasov1995\\\/\"}]}<\/script>\n<!-- \/ Yoast SEO plugin. -->","yoast_head_json":{"title":"Occasion kaufen in Luzern \u2013 H\u00e4ndler oder Privatverkauf?","description":"Occasion kaufen in Luzern: Erfahren Sie, ob ein Kauf beim H\u00e4ndler oder privat besser zu Ihnen passt und worauf Sie bei beiden Varianten achten sollten","robots":{"index":"index","follow":"follow","max-snippet":"max-snippet:-1","max-image-preview":"max-image-preview:large","max-video-preview":"max-video-preview:-1"},"canonical":"https:\/\/nisacar.ch\/fr\/occasion-kaufen-luzern-haendler-oder-privat\/","og_locale":"fr_FR","og_type":"article","og_title":"Occasion kaufen in Luzern \u2013 H\u00e4ndler oder Privatverkauf?","og_description":"Occasion kaufen in Luzern: Erfahren Sie, ob ein Kauf beim H\u00e4ndler oder privat besser zu Ihnen passt und worauf Sie bei beiden Varianten achten sollten.","og_url":"https:\/\/nisacar.ch\/fr\/occasion-kaufen-luzern-haendler-oder-privat\/","og_site_name":"NISA Car","article_publisher":"https:\/\/www.facebook.com\/nisacar.ch1","article_published_time":"2026-04-03T08:25:17+00:00","og_image":[{"width":1200,"height":850,"url":"https:\/\/i0.wp.com\/nisacar.ch\/wp-content\/uploads\/2026\/03\/used-car-parked-for-private-sale-Occasion-kaufen-Luzern-Handler-oder-Privat.jpg?fit=1200%2C850&ssl=1","type":"image\/jpeg"}],"author":"Bojan Atanasov","twitter_card":"summary_large_image","twitter_misc":{"\u00c9crit par":"Bojan Atanasov","Dur\u00e9e de lecture estim\u00e9e":"8 minutes"},"schema":{"@context":"https:\/\/schema.org","@graph":[{"@type":"Article","@id":"https:\/\/nisacar.ch\/fr\/occasion-kaufen-luzern-haendler-oder-privat\/#article","isPartOf":{"@id":"https:\/\/nisacar.ch\/fr\/occasion-kaufen-luzern-haendler-oder-privat\/"},"author":{"name":"Bojan Atanasov","@id":"https:\/\/nisacar.ch\/fr\/#\/schema\/person\/d92360346fc54e6f3ccb5f67baa14403"},"headline":"Occasion kaufen in Luzern \u2013 H\u00e4ndler oder Privatverkauf?","datePublished":"2026-04-03T08:25:17+00:00","mainEntityOfPage":{"@id":"https:\/\/nisacar.ch\/fr\/occasion-kaufen-luzern-haendler-oder-privat\/"},"wordCount":1894,"publisher":{"@id":"https:\/\/nisacar.ch\/fr\/#organization"},"image":{"@id":"https:\/\/nisacar.ch\/fr\/occasion-kaufen-luzern-haendler-oder-privat\/#primaryimage"},"thumbnailUrl":"https:\/\/i0.wp.com\/nisacar.ch\/wp-content\/uploads\/2026\/03\/used-car-parked-for-private-sale-Occasion-kaufen-Luzern-Handler-oder-Privat.jpg?fit=1200%2C850&ssl=1","keywords":["Gebrauchtwagen","Luzern"],"articleSection":["Autokauf &amp; Verkauf"],"inLanguage":"fr-FR"},{"@type":"WebPage","@id":"https:\/\/nisacar.ch\/fr\/occasion-kaufen-luzern-haendler-oder-privat\/","url":"https:\/\/nisacar.ch\/fr\/occasion-kaufen-luzern-haendler-oder-privat\/","name":"Occasion kaufen in Luzern \u2013 H\u00e4ndler oder Privatverkauf?","isPartOf":{"@id":"https:\/\/nisacar.ch\/fr\/#website"},"primaryImageOfPage":{"@id":"https:\/\/nisacar.ch\/fr\/occasion-kaufen-luzern-haendler-oder-privat\/#primaryimage"},"image":{"@id":"https:\/\/nisacar.ch\/fr\/occasion-kaufen-luzern-haendler-oder-privat\/#primaryimage"},"thumbnailUrl":"https:\/\/i0.wp.com\/nisacar.ch\/wp-content\/uploads\/2026\/03\/used-car-parked-for-private-sale-Occasion-kaufen-Luzern-Handler-oder-Privat.jpg?fit=1200%2C850&ssl=1","datePublished":"2026-04-03T08:25:17+00:00","description":"Occasion kaufen in Luzern: Erfahren Sie, ob ein Kauf beim H\u00e4ndler oder privat besser zu Ihnen passt und worauf Sie bei beiden Varianten achten sollten","breadcrumb":{"@id":"https:\/\/nisacar.ch\/fr\/occasion-kaufen-luzern-haendler-oder-privat\/#breadcrumb"},"inLanguage":"fr-FR","potentialAction":[{"@type":"ReadAction","target":["https:\/\/nisacar.ch\/fr\/occasion-kaufen-luzern-haendler-oder-privat\/"]}]},{"@type":"ImageObject","inLanguage":"fr-FR","@id":"https:\/\/nisacar.ch\/fr\/occasion-kaufen-luzern-haendler-oder-privat\/#primaryimage","url":"https:\/\/i0.wp.com\/nisacar.ch\/wp-content\/uploads\/2026\/03\/used-car-parked-for-private-sale-Occasion-kaufen-Luzern-Handler-oder-Privat.jpg?fit=1200%2C850&ssl=1","contentUrl":"https:\/\/i0.wp.com\/nisacar.ch\/wp-content\/uploads\/2026\/03\/used-car-parked-for-private-sale-Occasion-kaufen-Luzern-Handler-oder-Privat.jpg?fit=1200%2C850&ssl=1","width":1200,"height":850,"caption":"Occasion kaufen Luzern H\u00e4ndler oder Privat Occasion kaufen Luzern H\u00e4ndler oder Privat"},{"@type":"BreadcrumbList","@id":"https:\/\/nisacar.ch\/fr\/occasion-kaufen-luzern-haendler-oder-privat\/#breadcrumb","itemListElement":[{"@type":"ListItem","position":1,"name":"Home","item":"https:\/\/nisacar.ch\/fr\/"},{"@type":"ListItem","position":2,"name":"Occasion kaufen in Luzern \u2013 H\u00e4ndler oder Privatverkauf?"}]},{"@type":"WebSite","@id":"https:\/\/nisacar.ch\/fr\/#website","url":"https:\/\/nisacar.ch\/fr\/","name":"NISA Car","description":"Perfekte Pflege. Faire Preise. Schweizer Qualit\u00e4t.","publisher":{"@id":"https:\/\/nisacar.ch\/fr\/#organization"},"potentialAction":[{"@type":"SearchAction","target":{"@type":"EntryPoint","urlTemplate":"https:\/\/nisacar.ch\/fr\/?s={search_term_string}"},"query-input":{"@type":"PropertyValueSpecification","valueRequired":true,"valueName":"search_term_string"}}],"inLanguage":"fr-FR"},{"@type":"Organization","@id":"https:\/\/nisacar.ch\/fr\/#organization","name":"NISA Car Angelov","url":"https:\/\/nisacar.ch\/fr\/","logo":{"@type":"ImageObject","inLanguage":"fr-FR","@id":"https:\/\/nisacar.ch\/fr\/#\/schema\/logo\/image\/","url":"https:\/\/i0.wp.com\/nisacar.ch\/wp-content\/uploads\/2025\/10\/cropped-za_autoscout-removebg-preview-Copy.png?fit=420%2C150&ssl=1","contentUrl":"https:\/\/i0.wp.com\/nisacar.ch\/wp-content\/uploads\/2025\/10\/cropped-za_autoscout-removebg-preview-Copy.png?fit=420%2C150&ssl=1","width":420,"height":150,"caption":"NISA Car Angelov"},"image":{"@id":"https:\/\/nisacar.ch\/fr\/#\/schema\/logo\/image\/"},"sameAs":["https:\/\/www.facebook.com\/nisacar.ch1","https:\/\/www.instagram.com\/nisacar_ch\/"]},{"@type":"Person","@id":"https:\/\/nisacar.ch\/fr\/#\/schema\/person\/d92360346fc54e6f3ccb5f67baa14403","name":"Bojan Atanasov","image":{"@type":"ImageObject","inLanguage":"fr-FR","@id":"https:\/\/secure.gravatar.com\/avatar\/2bed02e9a515199a35221b37b3e7871dfba34ba0309d41356bb19e8e3795914d?s=96&d=mm&r=g","url":"https:\/\/secure.gravatar.com\/avatar\/2bed02e9a515199a35221b37b3e7871dfba34ba0309d41356bb19e8e3795914d?s=96&d=mm&r=g","contentUrl":"https:\/\/secure.gravatar.com\/avatar\/2bed02e9a515199a35221b37b3e7871dfba34ba0309d41356bb19e8e3795914d?s=96&d=mm&r=g","caption":"Bojan Atanasov"},"sameAs":["https:\/\/lumovo.ch"],"url":"https:\/\/nisacar.ch\/fr\/author\/atanasov1995\/"}]}},"jetpack_featured_media_url":"https:\/\/i0.wp.com\/nisacar.ch\/wp-content\/uploads\/2026\/03\/used-car-parked-for-private-sale-Occasion-kaufen-Luzern-Handler-oder-Privat.jpg?fit=1200%2C850&ssl=1","jetpack_sharing_enabled":true,"_links":{"self":[{"href":"https:\/\/nisacar.ch\/fr\/wp-json\/wp\/v2\/posts\/2827","targetHints":{"allow":["GET"]}}],"collection":[{"href":"https:\/\/nisacar.ch\/fr\/wp-json\/wp\/v2\/posts"}],"about":[{"href":"https:\/\/nisacar.ch\/fr\/wp-json\/wp\/v2\/types\/post"}],"author":[{"embeddable":true,"href":"https:\/\/nisacar.ch\/fr\/wp-json\/wp\/v2\/users\/2"}],"replies":[{"embeddable":true,"href":"https:\/\/nisacar.ch\/fr\/wp-json\/wp\/v2\/comments?post=2827"}],"version-history":[{"count":1,"href":"https:\/\/nisacar.ch\/fr\/wp-json\/wp\/v2\/posts\/2827\/revisions"}],"predecessor-version":[{"id":2829,"href":"https:\/\/nisacar.ch\/fr\/wp-json\/wp\/v2\/posts\/2827\/revisions\/2829"}],"wp:featuredmedia":[{"embeddable":true,"href":"https:\/\/nisacar.ch\/fr\/wp-json\/wp\/v2\/media\/2828"}],"wp:attachment":[{"href":"https:\/\/nisacar.ch\/fr\/wp-json\/wp\/v2\/media?parent=2827"}],"wp:term":[{"taxonomy":"category","embeddable":true,"href":"https:\/\/nisacar.ch\/fr\/wp-json\/wp\/v2\/categories?post=2827"},{"taxonomy":"post_tag","embeddable":true,"href":"https:\/\/nisacar.ch\/fr\/wp-json\/wp\/v2\/tags?post=2827"}],"curies":[{"name":"wp","href":"https:\/\/api.w.org\/{rel}","templated":true}]}}