{"id":2690,"date":"2026-03-22T17:57:42","date_gmt":"2026-03-22T16:57:42","guid":{"rendered":"https:\/\/nisacar.ch\/?p=2690"},"modified":"2026-03-16T18:01:30","modified_gmt":"2026-03-16T17:01:30","slug":"windschutzscheibe-wechseln-sursee-sempach-2","status":"publish","type":"post","link":"https:\/\/nisacar.ch\/fr\/windschutzscheibe-wechseln-sursee-sempach-2\/","title":{"rendered":"Windschutzscheibe wechseln in Sursee und Sempach \u2013 wann ist ein Austausch n\u00f6tig?"},"content":{"rendered":"\n<p class=\"\">Eine besch\u00e4digte Windschutzscheibe ist mehr als nur ein optischer Mangel. Viele Autofahrer bemerken zun\u00e4chst nur einen kleinen Steinschlag oder einen feinen Riss und hoffen, dass das Problem nicht gr\u00f6sser wird. In manchen F\u00e4llen ist das verst\u00e4ndlich, denn nicht jeder Schaden bedeutet automatisch, dass die gesamte Scheibe ersetzt werden muss. Gleichzeitig ist es aber riskant, zu lange abzuwarten. Aus einem kleinen Schaden kann schnell ein gr\u00f6sseres Sicherheitsproblem werden.<\/p>\n\n\n\n<p class=\"\">Gerade im Alltag in Sursee, Sempach und der umliegenden Region sind Fahrzeuge st\u00e4ndig unterschiedlichen Belastungen ausgesetzt. Temperaturwechsel, Schlagl\u00f6cher, Vibrationen, Regen, Frost und direkte Sonneneinstrahlung k\u00f6nnen dazu beitragen, dass sich ein vorhandener Glasschaden weiter ausdehnt. Was zuerst noch harmlos aussieht, kann sich pl\u00f6tzlich zu einem langen Riss entwickeln \u2013 und dann ist eine Reparatur meist nicht mehr m\u00f6glich.<\/p>\n\n\n\n<p class=\"\">In diesem Beitrag erfahren Sie, wann ein <strong>Windschutzscheibe wechseln Sursee Sempach<\/strong> wirklich n\u00f6tig ist, wann eine Reparatur noch ausreichen kann und warum man Sch\u00e4den an der Frontscheibe nie untersch\u00e4tzen sollte. Weitere hilfreiche Beitr\u00e4ge rund ums Fahrzeug finden Sie auch auf unserer <a href=\"https:\/\/nisacar.ch\/blog\/\">Blog-\u00dcbersicht<\/a>.<\/p>\n\n\n\n<h2 class=\"wp-block-heading\">Warum die Windschutzscheibe so wichtig ist<\/h2>\n\n\n\n<p class=\"\">Viele sehen die Windschutzscheibe vor allem als Schutz vor Wind, Regen und Schmutz. Tats\u00e4chlich erf\u00fcllt sie aber eine deutlich wichtigere Funktion. Die Frontscheibe ist ein sicherheitsrelevanter Bestandteil des Fahrzeugs und tr\u00e4gt zur Stabilit\u00e4t der gesamten Karosserie bei. Gleichzeitig ist sie entscheidend f\u00fcr freie Sicht \u2013 und damit f\u00fcr sicheres Fahren.<\/p>\n\n\n\n<p class=\"\">Moderne Fahrzeuge sind zudem h\u00e4ufig mit Fahrassistenzsystemen ausgestattet, die im Bereich der Frontscheibe arbeiten oder von deren einwandfreiem Zustand abh\u00e4ngig sind. Schon deshalb sollte ein Schaden nicht einfach ignoriert werden. Wer mit eingeschr\u00e4nkter Sicht oder einer strukturell geschw\u00e4chten Scheibe unterwegs ist, erh\u00f6ht das Risiko im Alltag unn\u00f6tig.<\/p>\n\n\n\n<p class=\"\">Die Frontscheibe ist also nicht nur ein Glasbauteil, sondern ein zentraler Teil von Sicherheit, Fahrkomfort und Fahrzeugfunktion. Genau deshalb lohnt es sich, bei Sch\u00e4den fr\u00fch zu handeln.<\/p>\n\n\n\n<h2 class=\"wp-block-heading\">Wann eine Reparatur noch m\u00f6glich ist<\/h2>\n\n\n\n<p class=\"\">Nicht jeder Schaden f\u00fchrt sofort zum Austausch. In vielen F\u00e4llen kann ein Steinschlag noch repariert werden \u2013 vorausgesetzt, bestimmte Bedingungen sind erf\u00fcllt. Das ist vor allem dann m\u00f6glich, wenn der Schaden klein, kompakt und nicht im kritischen Bereich der Scheibe liegt.<\/p>\n\n\n\n<p class=\"\">Eine Reparatur kommt oft infrage, wenn:<\/p>\n\n\n\n<ul class=\"wp-block-list\">\n<li class=\"\">der Schaden klein und lokal begrenzt ist,<\/li>\n\n\n\n<li class=\"\">kein l\u00e4ngerer Riss entstanden ist,<\/li>\n\n\n\n<li class=\"\">der Randbereich der Scheibe nicht betroffen ist,<\/li>\n\n\n\n<li class=\"\">der Schaden nicht direkt im Sichtfeld des Fahrers liegt.<\/li>\n<\/ul>\n\n\n\n<p class=\"\">Gerade bei frischen Steinschl\u00e4gen ist die Chance auf eine Reparatur am gr\u00f6ssten. Wer schnell reagiert, kann h\u00e4ufig vermeiden, dass die Scheibe komplett ersetzt werden muss. Mehr dazu lesen Sie auch in unserem Beitrag <a href=\"https:\/\/nisacar.ch\/fr\/steinschlag-reparieren-emmen-rothenburg\/\">Steinschlag reparieren in Emmen und Rothenburg \u2013 wann reicht eine Reparatur?<\/a>.<\/p>\n\n\n\n<h2 class=\"wp-block-heading\">Wann ein Austausch der Windschutzscheibe n\u00f6tig wird<\/h2>\n\n\n\n<p class=\"\">Es gibt klare F\u00e4lle, in denen ein Wechsel der Frontscheibe die richtige und sichere L\u00f6sung ist. Sobald bestimmte Kriterien erf\u00fcllt sind, reicht eine Reparatur in der Regel nicht mehr aus. Dann geht es nicht nur um Optik, sondern um Sicht, Stabilit\u00e4t und Verkehrssicherheit.<\/p>\n\n\n\n<p class=\"\">Ein Austausch wird meist notwendig, wenn:<\/p>\n\n\n\n<ul class=\"wp-block-list\">\n<li class=\"\">der Schaden im direkten Sichtfeld des Fahrers liegt,<\/li>\n\n\n\n<li class=\"\">ein l\u00e4ngerer Riss entstanden ist,<\/li>\n\n\n\n<li class=\"\">der Schaden den Randbereich der Scheibe betrifft,<\/li>\n\n\n\n<li class=\"\">mehrere Sch\u00e4den vorhanden sind,<\/li>\n\n\n\n<li class=\"\">die Struktur der Scheibe sichtbar st\u00e4rker beeintr\u00e4chtigt ist.<\/li>\n<\/ul>\n\n\n\n<p class=\"\">Gerade Risse entwickeln sich oft schneller weiter, als viele erwarten. Temperaturwechsel zwischen kalter Aussenluft und warmer Innenraumluft, aber auch normale Ersch\u00fctterungen im Alltag, k\u00f6nnen dazu f\u00fchren, dass sich der Schaden pl\u00f6tzlich vergr\u00f6ssert. Wer dann noch wartet, erh\u00f6ht das Risiko und reduziert die Chance auf eine einfache L\u00f6sung.<\/p>\n\n\n\n<h2 class=\"wp-block-heading\">Warum ein Riss nicht nur ein kosmetisches Problem ist<\/h2>\n\n\n\n<p class=\"\">Ein Riss in der Windschutzscheibe kann auf den ersten Blick harmlos wirken, besonders wenn er noch nicht sehr lang ist. In der Praxis hat er aber mehrere Nachteile. Erstens beeintr\u00e4chtigt er h\u00e4ufig die Sicht \u2013 direkt oder indirekt durch Lichtreflexionen. Zweitens schw\u00e4cht er die Struktur der Scheibe. Drittens kann er sich jederzeit ausweiten.<\/p>\n\n\n\n<p class=\"\">Vor allem bei tiefstehender Sonne, Gegenlicht, Regen oder Nachtfahrten werden kleine Sch\u00e4den oft st\u00f6render als erwartet. Die Sicht ist dann nicht mehr so klar und ruhig wie mit einer intakten Scheibe. Gerade im dichten Verkehr oder bei h\u00f6heren Geschwindigkeiten sollte man diesen Faktor nicht untersch\u00e4tzen.<\/p>\n\n\n\n<p class=\"\">Wenn bereits ein Riss vorhanden ist, sollte deshalb m\u00f6glichst rasch beurteilt werden, ob ein Wechsel n\u00f6tig ist. Je l\u00e4nger man wartet, desto weniger Handlungsspielraum bleibt in der Regel.<\/p>\n\n\n\n<h2 class=\"wp-block-heading\">Typische Ursachen f\u00fcr Sch\u00e4den an der Frontscheibe<\/h2>\n\n\n\n<p class=\"\">Die meisten Sch\u00e4den entstehen nicht durch einen grossen Unfall, sondern im normalen Fahralltag. Besonders h\u00e4ufig sind aufgewirbelte Steinchen von anderen Fahrzeugen, vor allem auf Autobahnen, Landstrassen oder Baustellenbereichen. Ein kleiner Einschlag reicht oft schon aus, um einen sichtbaren Schaden zu verursachen.<\/p>\n\n\n\n<p class=\"\">Weitere Faktoren, die Sch\u00e4den verschlimmern k\u00f6nnen, sind:<\/p>\n\n\n\n<ul class=\"wp-block-list\">\n<li class=\"\">starke Temperaturunterschiede,<\/li>\n\n\n\n<li class=\"\">Schlagl\u00f6cher und Ersch\u00fctterungen,<\/li>\n\n\n\n<li class=\"\">Frost und Eis,<\/li>\n\n\n\n<li class=\"\">mechanische Belastungen im Alltag,<\/li>\n\n\n\n<li class=\"\">bereits vorhandene kleine Vorsch\u00e4den.<\/li>\n<\/ul>\n\n\n\n<p class=\"\">Gerade im Wechsel der Jahreszeiten kommt es h\u00e4ufig vor, dass sich \u00e4ltere Steinschl\u00e4ge pl\u00f6tzlich weiterentwickeln. Deshalb ist es sinnvoll, die Scheibe regelm\u00e4ssig im Blick zu behalten \u2013 besonders nach l\u00e4ngeren Fahrten oder wenn ein Einschlag h\u00f6rbar war.<\/p>\n\n\n\n<h2 class=\"wp-block-heading\">Windschutzscheibe wechseln in Sursee und Sempach \u2013 warum fr\u00fches Handeln sinnvoll ist<\/h2>\n\n\n\n<p class=\"\">Viele Autofahrer hoffen, dass ein kleiner Schaden erstmal so bleibt. Das kann funktionieren, muss aber nicht. Die eigentliche Schwierigkeit ist, dass man nie genau vorhersagen kann, wann sich ein bestehender Schaden ausweitet. Genau deshalb ist fr\u00fches Handeln oft die bessere Entscheidung.<\/p>\n\n\n\n<p class=\"\">Wer die Scheibe zeitnah pr\u00fcfen l\u00e4sst, erh\u00e4lt Klarheit. Es kann sich herausstellen, dass eine Reparatur noch m\u00f6glich ist. Oder es wird fr\u00fchzeitig erkannt, dass ein Austausch sinnvoll ist, bevor sich der Zustand verschlechtert. Beides ist besser, als den Schaden wochenlang zu beobachten und dann pl\u00f6tzlich mit einer stark besch\u00e4digten Frontscheibe dazustehen.<\/p>\n\n\n\n<p class=\"\">Gerade wenn das Auto t\u00e4glich gebraucht wird, ist ein geplanter und rechtzeitig organisierter Scheibenwechsel deutlich angenehmer als ein spontanes gr\u00f6sseres Problem im unpassenden Moment.<\/p>\n\n\n\n<h2 class=\"wp-block-heading\">Welche Rolle das Sichtfeld des Fahrers spielt<\/h2>\n\n\n\n<p class=\"\">Ein ganz wichtiger Punkt bei der Beurteilung ist die Lage des Schadens. Befindet sich ein Steinschlag oder Riss direkt im Sichtbereich des Fahrers, wird es besonders relevant. Selbst wenn der Schaden nicht riesig ist, kann er die Sicht st\u00f6ren oder bei Lichtverh\u00e4ltnissen unangenehm auffallen.<\/p>\n\n\n\n<p class=\"\">Zudem kann eine reparierte Stelle in diesem Bereich optisch leicht sichtbar bleiben. Aus Sicherheitsgr\u00fcnden ist deshalb oft ein Austausch sinnvoller, wenn der Schaden an einer sensiblen Position sitzt. Die klare und ungest\u00f6rte Sicht auf die Strasse hat immer Vorrang.<\/p>\n\n\n\n<p class=\"\">Gerade bei Fahrten im Stadtverkehr, auf der Autobahn oder bei schlechtem Wetter macht eine uneingeschr\u00e4nkte Sicht einen direkten Unterschied. Deshalb wird dieser Punkt bei der Entscheidung besonders ernst genommen.<\/p>\n\n\n\n<h2 class=\"wp-block-heading\">Was passiert beim Wechsel der Windschutzscheibe?<\/h2>\n\n\n\n<p class=\"\">Viele Fahrzeughalter fragen sich, wie ein Scheibenwechsel eigentlich abl\u00e4uft. Grunds\u00e4tzlich wird dabei die besch\u00e4digte Frontscheibe fachgerecht entfernt und durch eine neue ersetzt. Entscheidend ist, dass dies sauber und professionell erfolgt, damit Dichtigkeit, Stabilit\u00e4t und Funktion des Fahrzeugs vollst\u00e4ndig erhalten bleiben.<\/p>\n\n\n\n<p class=\"\">Bei modernen Fahrzeugen ist zudem besondere Sorgfalt gefragt, weil rund um die Frontscheibe oft technische Systeme, Sensoren oder Kamerabereiche ber\u00fccksichtigt werden m\u00fcssen. Genau deshalb sollte ein Wechsel nicht als einfache Nebensache betrachtet werden, sondern als fachgerechte Arbeit an einem sicherheitsrelevanten Bauteil.<\/p>\n\n\n\n<p class=\"\">Das Ziel ist immer, dass das Fahrzeug danach wieder in einem sicheren und technisch sauberen Zustand im Einsatz ist \u2013 mit klarer Sicht und einer intakten Frontscheibe.<\/p>\n\n\n\n<h2 class=\"wp-block-heading\">Auch f\u00fcr den Fahrzeugwert ist eine intakte Scheibe wichtig<\/h2>\n\n\n\n<p class=\"\">Eine besch\u00e4digte Windschutzscheibe beeinflusst nicht nur die Sicherheit, sondern oft auch den Gesamteindruck eines Fahrzeugs. Wer sein Auto gepflegt halten oder sp\u00e4ter verkaufen m\u00f6chte, sollte sichtbare Glassch\u00e4den nicht auf die lange Bank schieben. Ein Fahrzeug mit klarer, intakter Frontscheibe wirkt gepflegter und vertrauensw\u00fcrdiger.<\/p>\n\n\n\n<p class=\"\">Gerade beim Verkauf achten Interessenten stark auf den ersten Eindruck. Kleine sichtbare Sch\u00e4den lassen ein Auto schnell ungepflegt erscheinen, selbst wenn es technisch in gutem Zustand ist. Wenn Sie sich mit dem Thema Verkauf besch\u00e4ftigen, k\u00f6nnte auch dieser Beitrag interessant sein: <a href=\"https:\/\/nisacar.ch\/fr\/auto-verkaufen-kriens-horw\/\">Auto verkaufen in Kriens und Horw \u2013 privat oder an einen H\u00e4ndler?<\/a><\/p>\n\n\n\n<p class=\"\">Zus\u00e4tzlich wirkt ein Fahrzeug mit sauberem Lack und guten Glasfl\u00e4chen insgesamt hochwertiger. Passend dazu lesen Sie auch: <a href=\"https:\/\/nisacar.ch\/fr\/auto-polieren-luzern-kriens\/\">Auto polieren in Luzern oder Kriens \u2013 wann lohnt sich eine professionelle Aufbereitung?<\/a><\/p>\n\n\n\n<h2 class=\"wp-block-heading\">F\u00fcr welche Fahrzeuge ist das Thema besonders relevant?<\/h2>\n\n\n\n<p class=\"\">Grunds\u00e4tzlich kann jede Frontscheibe besch\u00e4digt werden \u2013 egal ob Kleinwagen, Familienauto, SUV, Transporter oder Gesch\u00e4ftsfahrzeug. Besonders relevant ist das Thema f\u00fcr Fahrzeuge, die t\u00e4glich viele Kilometer zur\u00fccklegen oder regelm\u00e4ssig auf Autobahnen und Landstrassen unterwegs sind. Dort ist das Risiko f\u00fcr Steinschl\u00e4ge naturgem\u00e4ss h\u00f6her.<\/p>\n\n\n\n<p class=\"\">Aber auch Fahrzeuge, die eher wenig bewegt werden, sind nicht automatisch gesch\u00fctzt. Bereits vorhandene kleine Sch\u00e4den k\u00f6nnen sich bei Wetterwechseln, Sonneneinstrahlung oder K\u00e4lte weiterentwickeln. Deshalb lohnt sich eine Kontrolle unabh\u00e4ngig davon, ob das Auto viel oder wenig gefahren wird.<\/p>\n\n\n\n<h2 class=\"wp-block-heading\">Warum regionale Unterst\u00fctzung in Sursee und Sempach sinnvoll ist<\/h2>\n\n\n\n<p class=\"\">Gerade bei Scheibensch\u00e4den m\u00f6chten viele Autofahrer schnelle Klarheit und kurze Wege. Ein regionaler Ansprechpartner ist dabei ein klarer Vorteil. Sie erhalten eine direkte Einsch\u00e4tzung, pers\u00f6nliche Beratung und eine L\u00f6sung, die zu Ihrem Fahrzeug und zur tats\u00e4chlichen Schadenslage passt.<\/p>\n\n\n\n<p class=\"\">Bei NISA Car legen wir Wert auf ehrliche Beurteilung und verst\u00e4ndliche Empfehlungen. Wir sagen offen, ob eine Reparatur noch m\u00f6glich ist oder ob ein Wechsel der Windschutzscheibe die bessere L\u00f6sung darstellt. Genau diese Klarheit ist bei Glassch\u00e4den besonders wichtig.<\/p>\n\n\n\n<p class=\"\">Mehr zu unseren Angeboten finden Sie auch unter <a href=\"https:\/\/nisacar.ch\/leistungen\/\">Leistungen<\/a> sowie bei unseren aktuellen <a href=\"https:\/\/nisacar.ch\/automobile\/\">Automobilen<\/a>.<\/p>\n\n\n\n<h2 class=\"wp-block-heading\">Fazit: Nicht jeder Schaden braucht einen Wechsel \u2013 aber manche eben doch<\/h2>\n\n\n\n<p class=\"\"><strong>Windschutzscheibe wechseln Sursee Sempach<\/strong> ist immer dann ein wichtiges Thema, wenn ein Schaden nicht mehr sinnvoll repariert werden kann oder die Sicherheit beeintr\u00e4chtigt ist. Kleine Steinschl\u00e4ge lassen sich in manchen F\u00e4llen noch instand setzen. Liegt der Schaden aber im Sichtfeld, am Rand der Scheibe oder hat sich bereits zu einem Riss entwickelt, ist ein Austausch oft die richtige L\u00f6sung.<\/p>\n\n\n\n<p class=\"\">Wichtig ist vor allem, nicht zu lange zu warten. Je fr\u00fcher ein Schaden gepr\u00fcft wird, desto besser l\u00e4sst sich entscheiden, welcher Weg sinnvoll ist. Das sch\u00fctzt nicht nur die Sicht und die Stabilit\u00e4t der Scheibe, sondern oft auch vor gr\u00f6sserem Aufwand im weiteren Verlauf.<\/p>\n\n\n\n<p class=\"\">Wenn Ihre Frontscheibe besch\u00e4digt ist oder Sie eine ehrliche Einsch\u00e4tzung ben\u00f6tigen, nehmen Sie gerne <a href=\"https:\/\/nisacar.ch\/kontakt\/\">Kontakt<\/a> mit uns auf. Wir unterst\u00fctzen Sie mit einer transparenten Beurteilung und der passenden L\u00f6sung f\u00fcr Ihr Fahrzeug.<\/p>\n\n\n\n<h2 class=\"wp-block-heading\">Weitere hilfreiche Artikel<\/h2>\n\n\n\n<ul class=\"wp-block-list\">\n<li class=\"\"><a href=\"https:\/\/nisacar.ch\/fr\/steinschlag-reparieren-emmen-rothenburg\/\">Steinschlag reparieren in Emmen und Rothenburg \u2013 wann reicht eine Reparatur?<\/a><\/li>\n\n\n\n<li class=\"\"><a href=\"https:\/\/nisacar.ch\/fr\/fruehjahrscheck-auto-luzern-umgebung\/\">Fr\u00fchjahrscheck f\u00fcrs Auto in Luzern und Umgebung \u2013 diese Punkte sollten Sie pr\u00fcfen<\/a><\/li>\n\n\n\n<li class=\"\"><a href=\"https:\/\/nisacar.ch\/fr\/auto-polieren-luzern-kriens\/\">Auto polieren in Luzern oder Kriens \u2013 wann lohnt sich eine professionelle Aufbereitung?<\/a><\/li>\n<\/ul>\n","protected":false},"excerpt":{"rendered":"<p>Eine besch\u00e4digte Windschutzscheibe ist mehr als nur ein optischer Mangel. Viele Autofahrer bemerken zun\u00e4chst nur einen kleinen Steinschlag oder einen feinen Riss und hoffen, dass das<span class=\"excerpt-hellip\"> [\u2026]<\/span><\/p>\n","protected":false},"author":2,"featured_media":2691,"comment_status":"closed","ping_status":"closed","sticky":false,"template":"","format":"standard","meta":{"_acf_changed":false,"nf_dc_page":"","_jetpack_memberships_contains_paid_content":false,"footnotes":""},"categories":[18],"tags":[56,27],"class_list":["post-2690","post","type-post","status-publish","format-standard","has-post-thumbnail","hentry","category-scheibenservice","tag-sursee","tag-windschutzscheibe"],"acf":[],"yoast_head":"<!-- This site is optimized with the Yoast SEO plugin v27.5 - https:\/\/yoast.com\/product\/yoast-seo-wordpress\/ -->\n<title>Windschutzscheibe wechseln in Sursee und Sempach \u2013 wann ist ein Austausch n\u00f6tig?<\/title>\n<meta name=\"description\" content=\"Meta description: Windschutzscheibe wechseln in Sursee und Sempach: Erfahren Sie, wann ein Austausch n\u00f6tig ist, wann eine Reparatur...\" \/>\n<meta name=\"robots\" content=\"index, follow, max-snippet:-1, max-image-preview:large, max-video-preview:-1\" \/>\n<link rel=\"canonical\" href=\"https:\/\/nisacar.ch\/fr\/windschutzscheibe-wechseln-sursee-sempach-2\/\" \/>\n<meta property=\"og:locale\" content=\"fr_FR\" \/>\n<meta property=\"og:type\" content=\"article\" \/>\n<meta property=\"og:title\" content=\"Windschutzscheibe wechseln in Sursee und Sempach \u2013 wann ist ein Austausch n\u00f6tig?\" \/>\n<meta property=\"og:description\" content=\"Meta description: Windschutzscheibe wechseln in Sursee und Sempach: Erfahren Sie, wann ein Austausch n\u00f6tig ist, wann eine Reparatur reicht und warum Sie Sch\u00e4den an der Frontscheibe nicht ignorieren sollten.\" \/>\n<meta property=\"og:url\" content=\"https:\/\/nisacar.ch\/fr\/windschutzscheibe-wechseln-sursee-sempach-2\/\" \/>\n<meta property=\"og:site_name\" content=\"NISA Car\" \/>\n<meta property=\"article:publisher\" content=\"https:\/\/www.facebook.com\/nisacar.ch1\" \/>\n<meta property=\"article:published_time\" content=\"2026-03-22T16:57:42+00:00\" \/>\n<meta property=\"og:image\" content=\"https:\/\/i0.wp.com\/nisacar.ch\/wp-content\/uploads\/2026\/03\/Windschutzscheibe-wechseln-Sursee-Sempach-Scheibenservice-Tags-Windschutzscheibe-Scheibenwechsel-Frontscheibe-Sursee-Sempach-Windschutzscheibe-wechseln-in-Sursee-und-Sempach-%E2%80%93-wann-ist-ein-Aus.jpg?fit=1200%2C850&ssl=1\" \/>\n\t<meta property=\"og:image:width\" content=\"1200\" \/>\n\t<meta property=\"og:image:height\" content=\"850\" \/>\n\t<meta property=\"og:image:type\" content=\"image\/jpeg\" \/>\n<meta name=\"author\" content=\"Bojan Atanasov\" \/>\n<meta name=\"twitter:card\" content=\"summary_large_image\" \/>\n<meta name=\"twitter:label1\" content=\"\u00c9crit par\" \/>\n\t<meta name=\"twitter:data1\" content=\"Bojan Atanasov\" \/>\n\t<meta name=\"twitter:label2\" content=\"Dur\u00e9e de lecture estim\u00e9e\" \/>\n\t<meta name=\"twitter:data2\" content=\"8 minutes\" \/>\n<script type=\"application\/ld+json\" class=\"yoast-schema-graph\">{\"@context\":\"https:\\\/\\\/schema.org\",\"@graph\":[{\"@type\":\"Article\",\"@id\":\"https:\\\/\\\/nisacar.ch\\\/fr\\\/windschutzscheibe-wechseln-sursee-sempach-2\\\/#article\",\"isPartOf\":{\"@id\":\"https:\\\/\\\/nisacar.ch\\\/fr\\\/windschutzscheibe-wechseln-sursee-sempach-2\\\/\"},\"author\":{\"name\":\"Bojan Atanasov\",\"@id\":\"https:\\\/\\\/nisacar.ch\\\/fr\\\/#\\\/schema\\\/person\\\/d92360346fc54e6f3ccb5f67baa14403\"},\"headline\":\"Windschutzscheibe wechseln in Sursee und Sempach \u2013 wann ist ein Austausch n\u00f6tig?\",\"datePublished\":\"2026-03-22T16:57:42+00:00\",\"mainEntityOfPage\":{\"@id\":\"https:\\\/\\\/nisacar.ch\\\/fr\\\/windschutzscheibe-wechseln-sursee-sempach-2\\\/\"},\"wordCount\":1831,\"publisher\":{\"@id\":\"https:\\\/\\\/nisacar.ch\\\/fr\\\/#organization\"},\"image\":{\"@id\":\"https:\\\/\\\/nisacar.ch\\\/fr\\\/windschutzscheibe-wechseln-sursee-sempach-2\\\/#primaryimage\"},\"thumbnailUrl\":\"https:\\\/\\\/i0.wp.com\\\/nisacar.ch\\\/wp-content\\\/uploads\\\/2026\\\/03\\\/Windschutzscheibe-wechseln-Sursee-Sempach-Scheibenservice-Tags-Windschutzscheibe-Scheibenwechsel-Frontscheibe-Sursee-Sempach-Windschutzscheibe-wechseln-in-Sursee-und-Sempach-%E2%80%93-wann-ist-ein-Aus.jpg?fit=1200%2C850&ssl=1\",\"keywords\":[\"Sursee\",\"Windschutzscheibe\"],\"articleSection\":[\"Scheibenservice\"],\"inLanguage\":\"fr-FR\"},{\"@type\":\"WebPage\",\"@id\":\"https:\\\/\\\/nisacar.ch\\\/fr\\\/windschutzscheibe-wechseln-sursee-sempach-2\\\/\",\"url\":\"https:\\\/\\\/nisacar.ch\\\/fr\\\/windschutzscheibe-wechseln-sursee-sempach-2\\\/\",\"name\":\"Windschutzscheibe wechseln in Sursee und Sempach \u2013 wann ist ein Austausch n\u00f6tig?\",\"isPartOf\":{\"@id\":\"https:\\\/\\\/nisacar.ch\\\/fr\\\/#website\"},\"primaryImageOfPage\":{\"@id\":\"https:\\\/\\\/nisacar.ch\\\/fr\\\/windschutzscheibe-wechseln-sursee-sempach-2\\\/#primaryimage\"},\"image\":{\"@id\":\"https:\\\/\\\/nisacar.ch\\\/fr\\\/windschutzscheibe-wechseln-sursee-sempach-2\\\/#primaryimage\"},\"thumbnailUrl\":\"https:\\\/\\\/i0.wp.com\\\/nisacar.ch\\\/wp-content\\\/uploads\\\/2026\\\/03\\\/Windschutzscheibe-wechseln-Sursee-Sempach-Scheibenservice-Tags-Windschutzscheibe-Scheibenwechsel-Frontscheibe-Sursee-Sempach-Windschutzscheibe-wechseln-in-Sursee-und-Sempach-%E2%80%93-wann-ist-ein-Aus.jpg?fit=1200%2C850&ssl=1\",\"datePublished\":\"2026-03-22T16:57:42+00:00\",\"description\":\"Meta description: Windschutzscheibe wechseln in Sursee und Sempach: Erfahren Sie, wann ein Austausch n\u00f6tig ist, wann eine Reparatur...\",\"breadcrumb\":{\"@id\":\"https:\\\/\\\/nisacar.ch\\\/fr\\\/windschutzscheibe-wechseln-sursee-sempach-2\\\/#breadcrumb\"},\"inLanguage\":\"fr-FR\",\"potentialAction\":[{\"@type\":\"ReadAction\",\"target\":[\"https:\\\/\\\/nisacar.ch\\\/fr\\\/windschutzscheibe-wechseln-sursee-sempach-2\\\/\"]}]},{\"@type\":\"ImageObject\",\"inLanguage\":\"fr-FR\",\"@id\":\"https:\\\/\\\/nisacar.ch\\\/fr\\\/windschutzscheibe-wechseln-sursee-sempach-2\\\/#primaryimage\",\"url\":\"https:\\\/\\\/i0.wp.com\\\/nisacar.ch\\\/wp-content\\\/uploads\\\/2026\\\/03\\\/Windschutzscheibe-wechseln-Sursee-Sempach-Scheibenservice-Tags-Windschutzscheibe-Scheibenwechsel-Frontscheibe-Sursee-Sempach-Windschutzscheibe-wechseln-in-Sursee-und-Sempach-%E2%80%93-wann-ist-ein-Aus.jpg?fit=1200%2C850&ssl=1\",\"contentUrl\":\"https:\\\/\\\/i0.wp.com\\\/nisacar.ch\\\/wp-content\\\/uploads\\\/2026\\\/03\\\/Windschutzscheibe-wechseln-Sursee-Sempach-Scheibenservice-Tags-Windschutzscheibe-Scheibenwechsel-Frontscheibe-Sursee-Sempach-Windschutzscheibe-wechseln-in-Sursee-und-Sempach-%E2%80%93-wann-ist-ein-Aus.jpg?fit=1200%2C850&ssl=1\",\"width\":1200,\"height\":850,\"caption\":\"Windschutzscheibe wechseln Sursee Sempach Scheibenservice Tags Windschutzscheibe, Scheibenwechsel, Frontscheibe, Sursee, Sempach Windschutzscheibe wechseln in Sursee und Sempach \u2013 wann ist ein Aus\"},{\"@type\":\"BreadcrumbList\",\"@id\":\"https:\\\/\\\/nisacar.ch\\\/fr\\\/windschutzscheibe-wechseln-sursee-sempach-2\\\/#breadcrumb\",\"itemListElement\":[{\"@type\":\"ListItem\",\"position\":1,\"name\":\"Home\",\"item\":\"https:\\\/\\\/nisacar.ch\\\/fr\\\/\"},{\"@type\":\"ListItem\",\"position\":2,\"name\":\"Windschutzscheibe wechseln in Sursee und Sempach \u2013 wann ist ein Austausch n\u00f6tig?\"}]},{\"@type\":\"WebSite\",\"@id\":\"https:\\\/\\\/nisacar.ch\\\/fr\\\/#website\",\"url\":\"https:\\\/\\\/nisacar.ch\\\/fr\\\/\",\"name\":\"NISA Car\",\"description\":\"Perfekte Pflege. Faire Preise. Schweizer Qualit\u00e4t.\",\"publisher\":{\"@id\":\"https:\\\/\\\/nisacar.ch\\\/fr\\\/#organization\"},\"potentialAction\":[{\"@type\":\"SearchAction\",\"target\":{\"@type\":\"EntryPoint\",\"urlTemplate\":\"https:\\\/\\\/nisacar.ch\\\/fr\\\/?s={search_term_string}\"},\"query-input\":{\"@type\":\"PropertyValueSpecification\",\"valueRequired\":true,\"valueName\":\"search_term_string\"}}],\"inLanguage\":\"fr-FR\"},{\"@type\":\"Organization\",\"@id\":\"https:\\\/\\\/nisacar.ch\\\/fr\\\/#organization\",\"name\":\"NISA Car Angelov\",\"url\":\"https:\\\/\\\/nisacar.ch\\\/fr\\\/\",\"logo\":{\"@type\":\"ImageObject\",\"inLanguage\":\"fr-FR\",\"@id\":\"https:\\\/\\\/nisacar.ch\\\/fr\\\/#\\\/schema\\\/logo\\\/image\\\/\",\"url\":\"https:\\\/\\\/i0.wp.com\\\/nisacar.ch\\\/wp-content\\\/uploads\\\/2025\\\/10\\\/cropped-za_autoscout-removebg-preview-Copy.png?fit=420%2C150&ssl=1\",\"contentUrl\":\"https:\\\/\\\/i0.wp.com\\\/nisacar.ch\\\/wp-content\\\/uploads\\\/2025\\\/10\\\/cropped-za_autoscout-removebg-preview-Copy.png?fit=420%2C150&ssl=1\",\"width\":420,\"height\":150,\"caption\":\"NISA Car Angelov\"},\"image\":{\"@id\":\"https:\\\/\\\/nisacar.ch\\\/fr\\\/#\\\/schema\\\/logo\\\/image\\\/\"},\"sameAs\":[\"https:\\\/\\\/www.facebook.com\\\/nisacar.ch1\",\"https:\\\/\\\/www.instagram.com\\\/nisacar_ch\\\/\"]},{\"@type\":\"Person\",\"@id\":\"https:\\\/\\\/nisacar.ch\\\/fr\\\/#\\\/schema\\\/person\\\/d92360346fc54e6f3ccb5f67baa14403\",\"name\":\"Bojan Atanasov\",\"image\":{\"@type\":\"ImageObject\",\"inLanguage\":\"fr-FR\",\"@id\":\"https:\\\/\\\/secure.gravatar.com\\\/avatar\\\/2bed02e9a515199a35221b37b3e7871dfba34ba0309d41356bb19e8e3795914d?s=96&d=mm&r=g\",\"url\":\"https:\\\/\\\/secure.gravatar.com\\\/avatar\\\/2bed02e9a515199a35221b37b3e7871dfba34ba0309d41356bb19e8e3795914d?s=96&d=mm&r=g\",\"contentUrl\":\"https:\\\/\\\/secure.gravatar.com\\\/avatar\\\/2bed02e9a515199a35221b37b3e7871dfba34ba0309d41356bb19e8e3795914d?s=96&d=mm&r=g\",\"caption\":\"Bojan Atanasov\"},\"sameAs\":[\"https:\\\/\\\/lumovo.ch\"],\"url\":\"https:\\\/\\\/nisacar.ch\\\/fr\\\/author\\\/atanasov1995\\\/\"}]}<\/script>\n<!-- \/ Yoast SEO plugin. -->","yoast_head_json":{"title":"Windschutzscheibe wechseln in Sursee und Sempach \u2013 wann ist ein Austausch n\u00f6tig?","description":"Meta description: Windschutzscheibe wechseln in Sursee und Sempach: Erfahren Sie, wann ein Austausch n\u00f6tig ist, wann eine Reparatur...","robots":{"index":"index","follow":"follow","max-snippet":"max-snippet:-1","max-image-preview":"max-image-preview:large","max-video-preview":"max-video-preview:-1"},"canonical":"https:\/\/nisacar.ch\/fr\/windschutzscheibe-wechseln-sursee-sempach-2\/","og_locale":"fr_FR","og_type":"article","og_title":"Windschutzscheibe wechseln in Sursee und Sempach \u2013 wann ist ein Austausch n\u00f6tig?","og_description":"Meta description: Windschutzscheibe wechseln in Sursee und Sempach: Erfahren Sie, wann ein Austausch n\u00f6tig ist, wann eine Reparatur reicht und warum Sie Sch\u00e4den an der Frontscheibe nicht ignorieren sollten.","og_url":"https:\/\/nisacar.ch\/fr\/windschutzscheibe-wechseln-sursee-sempach-2\/","og_site_name":"NISA Car","article_publisher":"https:\/\/www.facebook.com\/nisacar.ch1","article_published_time":"2026-03-22T16:57:42+00:00","og_image":[{"width":1200,"height":850,"url":"https:\/\/i0.wp.com\/nisacar.ch\/wp-content\/uploads\/2026\/03\/Windschutzscheibe-wechseln-Sursee-Sempach-Scheibenservice-Tags-Windschutzscheibe-Scheibenwechsel-Frontscheibe-Sursee-Sempach-Windschutzscheibe-wechseln-in-Sursee-und-Sempach-%E2%80%93-wann-ist-ein-Aus.jpg?fit=1200%2C850&ssl=1","type":"image\/jpeg"}],"author":"Bojan Atanasov","twitter_card":"summary_large_image","twitter_misc":{"\u00c9crit par":"Bojan Atanasov","Dur\u00e9e de lecture estim\u00e9e":"8 minutes"},"schema":{"@context":"https:\/\/schema.org","@graph":[{"@type":"Article","@id":"https:\/\/nisacar.ch\/fr\/windschutzscheibe-wechseln-sursee-sempach-2\/#article","isPartOf":{"@id":"https:\/\/nisacar.ch\/fr\/windschutzscheibe-wechseln-sursee-sempach-2\/"},"author":{"name":"Bojan Atanasov","@id":"https:\/\/nisacar.ch\/fr\/#\/schema\/person\/d92360346fc54e6f3ccb5f67baa14403"},"headline":"Windschutzscheibe wechseln in Sursee und Sempach \u2013 wann ist ein Austausch n\u00f6tig?","datePublished":"2026-03-22T16:57:42+00:00","mainEntityOfPage":{"@id":"https:\/\/nisacar.ch\/fr\/windschutzscheibe-wechseln-sursee-sempach-2\/"},"wordCount":1831,"publisher":{"@id":"https:\/\/nisacar.ch\/fr\/#organization"},"image":{"@id":"https:\/\/nisacar.ch\/fr\/windschutzscheibe-wechseln-sursee-sempach-2\/#primaryimage"},"thumbnailUrl":"https:\/\/i0.wp.com\/nisacar.ch\/wp-content\/uploads\/2026\/03\/Windschutzscheibe-wechseln-Sursee-Sempach-Scheibenservice-Tags-Windschutzscheibe-Scheibenwechsel-Frontscheibe-Sursee-Sempach-Windschutzscheibe-wechseln-in-Sursee-und-Sempach-%E2%80%93-wann-ist-ein-Aus.jpg?fit=1200%2C850&ssl=1","keywords":["Sursee","Windschutzscheibe"],"articleSection":["Scheibenservice"],"inLanguage":"fr-FR"},{"@type":"WebPage","@id":"https:\/\/nisacar.ch\/fr\/windschutzscheibe-wechseln-sursee-sempach-2\/","url":"https:\/\/nisacar.ch\/fr\/windschutzscheibe-wechseln-sursee-sempach-2\/","name":"Windschutzscheibe wechseln in Sursee und Sempach \u2013 wann ist ein Austausch n\u00f6tig?","isPartOf":{"@id":"https:\/\/nisacar.ch\/fr\/#website"},"primaryImageOfPage":{"@id":"https:\/\/nisacar.ch\/fr\/windschutzscheibe-wechseln-sursee-sempach-2\/#primaryimage"},"image":{"@id":"https:\/\/nisacar.ch\/fr\/windschutzscheibe-wechseln-sursee-sempach-2\/#primaryimage"},"thumbnailUrl":"https:\/\/i0.wp.com\/nisacar.ch\/wp-content\/uploads\/2026\/03\/Windschutzscheibe-wechseln-Sursee-Sempach-Scheibenservice-Tags-Windschutzscheibe-Scheibenwechsel-Frontscheibe-Sursee-Sempach-Windschutzscheibe-wechseln-in-Sursee-und-Sempach-%E2%80%93-wann-ist-ein-Aus.jpg?fit=1200%2C850&ssl=1","datePublished":"2026-03-22T16:57:42+00:00","description":"Meta description: Windschutzscheibe wechseln in Sursee und Sempach: Erfahren Sie, wann ein Austausch n\u00f6tig ist, wann eine Reparatur...","breadcrumb":{"@id":"https:\/\/nisacar.ch\/fr\/windschutzscheibe-wechseln-sursee-sempach-2\/#breadcrumb"},"inLanguage":"fr-FR","potentialAction":[{"@type":"ReadAction","target":["https:\/\/nisacar.ch\/fr\/windschutzscheibe-wechseln-sursee-sempach-2\/"]}]},{"@type":"ImageObject","inLanguage":"fr-FR","@id":"https:\/\/nisacar.ch\/fr\/windschutzscheibe-wechseln-sursee-sempach-2\/#primaryimage","url":"https:\/\/i0.wp.com\/nisacar.ch\/wp-content\/uploads\/2026\/03\/Windschutzscheibe-wechseln-Sursee-Sempach-Scheibenservice-Tags-Windschutzscheibe-Scheibenwechsel-Frontscheibe-Sursee-Sempach-Windschutzscheibe-wechseln-in-Sursee-und-Sempach-%E2%80%93-wann-ist-ein-Aus.jpg?fit=1200%2C850&ssl=1","contentUrl":"https:\/\/i0.wp.com\/nisacar.ch\/wp-content\/uploads\/2026\/03\/Windschutzscheibe-wechseln-Sursee-Sempach-Scheibenservice-Tags-Windschutzscheibe-Scheibenwechsel-Frontscheibe-Sursee-Sempach-Windschutzscheibe-wechseln-in-Sursee-und-Sempach-%E2%80%93-wann-ist-ein-Aus.jpg?fit=1200%2C850&ssl=1","width":1200,"height":850,"caption":"Windschutzscheibe wechseln Sursee Sempach Scheibenservice Tags Windschutzscheibe, Scheibenwechsel, Frontscheibe, Sursee, Sempach Windschutzscheibe wechseln in Sursee und Sempach \u2013 wann ist ein Aus"},{"@type":"BreadcrumbList","@id":"https:\/\/nisacar.ch\/fr\/windschutzscheibe-wechseln-sursee-sempach-2\/#breadcrumb","itemListElement":[{"@type":"ListItem","position":1,"name":"Home","item":"https:\/\/nisacar.ch\/fr\/"},{"@type":"ListItem","position":2,"name":"Windschutzscheibe wechseln in Sursee und Sempach \u2013 wann ist ein Austausch n\u00f6tig?"}]},{"@type":"WebSite","@id":"https:\/\/nisacar.ch\/fr\/#website","url":"https:\/\/nisacar.ch\/fr\/","name":"NISA Car","description":"Perfekte Pflege. Faire Preise. Schweizer Qualit\u00e4t.","publisher":{"@id":"https:\/\/nisacar.ch\/fr\/#organization"},"potentialAction":[{"@type":"SearchAction","target":{"@type":"EntryPoint","urlTemplate":"https:\/\/nisacar.ch\/fr\/?s={search_term_string}"},"query-input":{"@type":"PropertyValueSpecification","valueRequired":true,"valueName":"search_term_string"}}],"inLanguage":"fr-FR"},{"@type":"Organization","@id":"https:\/\/nisacar.ch\/fr\/#organization","name":"NISA Car Angelov","url":"https:\/\/nisacar.ch\/fr\/","logo":{"@type":"ImageObject","inLanguage":"fr-FR","@id":"https:\/\/nisacar.ch\/fr\/#\/schema\/logo\/image\/","url":"https:\/\/i0.wp.com\/nisacar.ch\/wp-content\/uploads\/2025\/10\/cropped-za_autoscout-removebg-preview-Copy.png?fit=420%2C150&ssl=1","contentUrl":"https:\/\/i0.wp.com\/nisacar.ch\/wp-content\/uploads\/2025\/10\/cropped-za_autoscout-removebg-preview-Copy.png?fit=420%2C150&ssl=1","width":420,"height":150,"caption":"NISA Car Angelov"},"image":{"@id":"https:\/\/nisacar.ch\/fr\/#\/schema\/logo\/image\/"},"sameAs":["https:\/\/www.facebook.com\/nisacar.ch1","https:\/\/www.instagram.com\/nisacar_ch\/"]},{"@type":"Person","@id":"https:\/\/nisacar.ch\/fr\/#\/schema\/person\/d92360346fc54e6f3ccb5f67baa14403","name":"Bojan Atanasov","image":{"@type":"ImageObject","inLanguage":"fr-FR","@id":"https:\/\/secure.gravatar.com\/avatar\/2bed02e9a515199a35221b37b3e7871dfba34ba0309d41356bb19e8e3795914d?s=96&d=mm&r=g","url":"https:\/\/secure.gravatar.com\/avatar\/2bed02e9a515199a35221b37b3e7871dfba34ba0309d41356bb19e8e3795914d?s=96&d=mm&r=g","contentUrl":"https:\/\/secure.gravatar.com\/avatar\/2bed02e9a515199a35221b37b3e7871dfba34ba0309d41356bb19e8e3795914d?s=96&d=mm&r=g","caption":"Bojan Atanasov"},"sameAs":["https:\/\/lumovo.ch"],"url":"https:\/\/nisacar.ch\/fr\/author\/atanasov1995\/"}]}},"jetpack_featured_media_url":"https:\/\/i0.wp.com\/nisacar.ch\/wp-content\/uploads\/2026\/03\/Windschutzscheibe-wechseln-Sursee-Sempach-Scheibenservice-Tags-Windschutzscheibe-Scheibenwechsel-Frontscheibe-Sursee-Sempach-Windschutzscheibe-wechseln-in-Sursee-und-Sempach-%E2%80%93-wann-ist-ein-Aus.jpg?fit=1200%2C850&ssl=1","jetpack_sharing_enabled":true,"_links":{"self":[{"href":"https:\/\/nisacar.ch\/fr\/wp-json\/wp\/v2\/posts\/2690","targetHints":{"allow":["GET"]}}],"collection":[{"href":"https:\/\/nisacar.ch\/fr\/wp-json\/wp\/v2\/posts"}],"about":[{"href":"https:\/\/nisacar.ch\/fr\/wp-json\/wp\/v2\/types\/post"}],"author":[{"embeddable":true,"href":"https:\/\/nisacar.ch\/fr\/wp-json\/wp\/v2\/users\/2"}],"replies":[{"embeddable":true,"href":"https:\/\/nisacar.ch\/fr\/wp-json\/wp\/v2\/comments?post=2690"}],"version-history":[{"count":2,"href":"https:\/\/nisacar.ch\/fr\/wp-json\/wp\/v2\/posts\/2690\/revisions"}],"predecessor-version":[{"id":2693,"href":"https:\/\/nisacar.ch\/fr\/wp-json\/wp\/v2\/posts\/2690\/revisions\/2693"}],"wp:featuredmedia":[{"embeddable":true,"href":"https:\/\/nisacar.ch\/fr\/wp-json\/wp\/v2\/media\/2691"}],"wp:attachment":[{"href":"https:\/\/nisacar.ch\/fr\/wp-json\/wp\/v2\/media?parent=2690"}],"wp:term":[{"taxonomy":"category","embeddable":true,"href":"https:\/\/nisacar.ch\/fr\/wp-json\/wp\/v2\/categories?post=2690"},{"taxonomy":"post_tag","embeddable":true,"href":"https:\/\/nisacar.ch\/fr\/wp-json\/wp\/v2\/tags?post=2690"}],"curies":[{"name":"wp","href":"https:\/\/api.w.org\/{rel}","templated":true}]}}