{"id":2682,"date":"2026-03-20T17:51:53","date_gmt":"2026-03-20T16:51:53","guid":{"rendered":"https:\/\/nisacar.ch\/?p=2682"},"modified":"2026-03-16T17:54:05","modified_gmt":"2026-03-16T16:54:05","slug":"fruehjahrscheck-auto-luzern-umgebung","status":"publish","type":"post","link":"https:\/\/nisacar.ch\/fr\/fruehjahrscheck-auto-luzern-umgebung\/","title":{"rendered":"Fr\u00fchjahrscheck f\u00fcrs Auto in Luzern und Umgebung \u2013 diese Punkte sollten Sie pr\u00fcfen"},"content":{"rendered":"\n<p class=\"\">Wenn der Winter vorbei ist, freuen sich viele Autofahrer auf l\u00e4ngere Tage, bessere Strassenverh\u00e4ltnisse und angenehmere Temperaturen. F\u00fcr das Auto beginnt damit aber auch eine wichtige \u00dcbergangszeit. K\u00e4lte, N\u00e4sse, Streusalz, Schmutz und h\u00e4ufige Temperaturwechsel haben in den vergangenen Monaten Spuren hinterlassen. Selbst wenn das Fahrzeug zuverl\u00e4ssig gefahren ist, bedeutet das nicht automatisch, dass alles in optimalem Zustand ist.<\/p>\n\n\n\n<p class=\"\">Genau deshalb lohnt sich ein gr\u00fcndlicher Fr\u00fchjahrscheck. Wer sein Auto nach dem Winter sorgf\u00e4ltig pr\u00fcft, erkennt kleine Probleme oft fr\u00fchzeitig und kann vermeiden, dass daraus gr\u00f6ssere Reparaturen oder Sicherheitsrisiken entstehen. Gleichzeitig sorgt ein saisonaler Check daf\u00fcr, dass das Fahrzeug sauberer, gepflegter und angenehmer in die w\u00e4rmere Jahreszeit startet.<\/p>\n\n\n\n<p class=\"\">In diesem Beitrag zeigen wir Ihnen, welche Punkte bei einem <strong>Fr\u00fchjahrscheck Auto Luzern Umgebung<\/strong> besonders wichtig sind. Sie erfahren, worauf Sie achten sollten, welche Bereiche nach dem Winter besonders belastet sind und warum sich ein solcher Check sowohl f\u00fcr Sicherheit als auch f\u00fcr Werterhalt lohnt. Weitere hilfreiche Themen rund ums Fahrzeug finden Sie auch auf unserer <a href=\"https:\/\/nisacar.ch\/blog\/\">Blog-\u00dcbersicht<\/a>.<\/p>\n\n\n\n<h2 class=\"wp-block-heading\">Warum der Fr\u00fchjahrscheck mehr ist als nur eine Routine<\/h2>\n\n\n\n<p class=\"\">Viele Fahrzeughalter verbinden den Fr\u00fchling vor allem mit dem Reifenwechsel. Das ist nat\u00fcrlich ein wichtiger Punkt, aber l\u00e4ngst nicht alles. Der Winter beansprucht ein Auto in vielerlei Hinsicht. Feuchtigkeit, Salz, kalte Temperaturen, beschlagene Scheiben, schlechte Sicht, k\u00fcrzere Fahrten und mehr Schmutz auf der Strasse wirken sich auf verschiedene Komponenten aus.<\/p>\n\n\n\n<p class=\"\">Ein Fr\u00fchjahrscheck ist deshalb keine unn\u00f6tige Zusatzaufgabe, sondern eine sinnvolle Bestandsaufnahme. Er hilft dabei, sicherheitsrelevante Punkte zu kontrollieren, das Fahrzeug optisch wieder aufzufrischen und m\u00f6gliche Folgesch\u00e4den fr\u00fch zu erkennen. Gerade wer t\u00e4glich auf sein Auto angewiesen ist, profitiert davon, wenn nach der kalten Jahreszeit alles wieder in einem sauberen und verl\u00e4sslichen Zustand ist.<\/p>\n\n\n\n<p class=\"\">In der Region Luzern und Umgebung, wo Fahrzeuge oft sowohl im Stadtverkehr als auch auf Landstrassen oder Autobahnstrecken genutzt werden, ist ein solcher Check besonders sinnvoll. Unterschiedliche Fahrprofile bedeuten auch unterschiedliche Belastungen \u2013 und genau deshalb sollte man das Auto nicht einfach ungepr\u00fcft in die neue Saison \u00fcbernehmen.<\/p>\n\n\n\n<h2 class=\"wp-block-heading\">Reifen pr\u00fcfen und saisonal richtig aufgestellt sein<\/h2>\n\n\n\n<p class=\"\">Der Reifenwechsel geh\u00f6rt f\u00fcr viele Autofahrer zum klassischen Fr\u00fchjahrsprogramm. Dabei geht es nicht nur darum, von Winter- auf Sommerreifen umzusteigen, sondern auch um den allgemeinen Zustand der Reifen. Profil, Alter, gleichm\u00e4ssige Abnutzung und Luftdruck sollten genau kontrolliert werden.<\/p>\n\n\n\n<p class=\"\">Ungleichm\u00e4ssig abgefahrene Reifen k\u00f6nnen auf Probleme bei Fahrwerk, Spur oder Luftdruck hinweisen. Auch kleine Besch\u00e4digungen oder stark verh\u00e4rtetes Gummi sollte man nicht ignorieren. Gerade nach dem Winter ist es sinnvoll, hier genauer hinzusehen, statt sich nur auf den reinen Wechsel zu konzentrieren.<\/p>\n\n\n\n<p class=\"\">Wer unsicher ist, ob Sommerreifen oder Ganzjahresreifen besser zur eigenen Nutzung passen, findet hier weitere Informationen: <a href=\"https:\/\/nisacar.ch\/fr\/sommerreifen-oder-ganzjahresreifen-luzern\/\">Sommerreifen oder Ganzjahresreifen in Luzern \u2013 was ist die bessere Wahl?<\/a><\/p>\n\n\n\n<h2 class=\"wp-block-heading\">Bremsen nach dem Winter besonders ernst nehmen<\/h2>\n\n\n\n<p class=\"\">Bremsen geh\u00f6ren zu den wichtigsten sicherheitsrelevanten Bauteilen am Fahrzeug. Im Winter sind sie oft st\u00e4rker belastet \u2013 durch N\u00e4sse, Schmutz, Salz und h\u00e4ufiges Bremsen bei schwierigen Strassenverh\u00e4ltnissen. Deshalb ist der Fr\u00fchling ein guter Zeitpunkt, um das Bremssystem genauer zu betrachten.<\/p>\n\n\n\n<p class=\"\">Achten Sie auf Anzeichen wie:<\/p>\n\n\n\n<ul class=\"wp-block-list\">\n<li class=\"\">ungewohnte Ger\u00e4usche beim Bremsen,<\/li>\n\n\n\n<li class=\"\">ein ver\u00e4ndertes Pedalgef\u00fchl,<\/li>\n\n\n\n<li class=\"\">Vibrationen oder Ziehen beim Bremsen,<\/li>\n\n\n\n<li class=\"\">sichtbare Spuren von Rost oder Verschleiss.<\/li>\n<\/ul>\n\n\n\n<p class=\"\">Auch wenn das Fahrzeug im Alltag noch normal wirkt, lohnt sich eine Kontrolle. Gerade kleinere Auff\u00e4lligkeiten werden oft erst sp\u00e4t ernst genommen. Wer Ger\u00e4usche oder Ver\u00e4nderungen bemerkt, sollte das nicht aufschieben. Passend dazu lesen Sie auch unseren Beitrag <a href=\"https:\/\/nisacar.ch\/fr\/bremsen-quietschen-luzern-emmen\/\">Bremsen quietschen in Luzern und Emmen \u2013 was Autofahrer wissen sollten<\/a>.<\/p>\n\n\n\n<h2 class=\"wp-block-heading\">Fl\u00fcssigkeiten kontrollieren: kleine Punkte mit grosser Wirkung<\/h2>\n\n\n\n<p class=\"\">Nach dem Winter sollten die wichtigsten Fl\u00fcssigkeiten im Fahrzeug gepr\u00fcft werden. Dazu geh\u00f6ren je nach Fahrzeug unter anderem Motor\u00f6l, K\u00fchlmittel, Scheibenwischwasser und Bremsfl\u00fcssigkeit. Gerade beim Scheibenwischwasser wird oft nur nachgef\u00fcllt, ohne an die Gesamtfunktion zu denken. Nach einer kalten und schmutzigen Jahreszeit ist jedoch der richtige Zeitpunkt, das gesamte System bewusst zu kontrollieren.<\/p>\n\n\n\n<p class=\"\">Ein ausreichender F\u00fcllstand ist wichtig, aber ebenso entscheidend ist die allgemeine Aufmerksamkeit f\u00fcr Ver\u00e4nderungen. Wenn Fl\u00fcssigkeiten ungew\u00f6hnlich schnell sinken oder etwas auff\u00e4llig wirkt, sollte genauer hingeschaut werden. Solche Punkte wirken unscheinbar, k\u00f6nnen im Alltag aber grosse Auswirkungen auf Sicherheit und Zuverl\u00e4ssigkeit haben.<\/p>\n\n\n\n<h2 class=\"wp-block-heading\">Scheiben, Wischer und Sicht \u00fcberpr\u00fcfen<\/h2>\n\n\n\n<p class=\"\">Im Winter leiden Windschutzscheibe und Wischer besonders stark. Eis, Schmutz, Salz und h\u00e4ufiges Wischen bei schlechter Sicht beanspruchen die Materialien stark. Deshalb sollte im Fr\u00fchling gepr\u00fcft werden, ob die Wischer noch sauber arbeiten und ob die Scheiben frei von Sch\u00e4den sind.<\/p>\n\n\n\n<p class=\"\">Schon kleine Steinschl\u00e4ge k\u00f6nnen sich bei Temperaturwechseln weiter ausdehnen. Was im Winter noch nur ein kleiner Punkt war, kann im Fr\u00fchling schnell zu einem l\u00e4ngeren Riss werden. Gleichzeitig verschmierte oder abgenutzte Wischerbl\u00e4tter beeintr\u00e4chtigen die Sicht deutlich und sorgen oft f\u00fcr unn\u00f6tigen Frust im Alltag.<\/p>\n\n\n\n<p class=\"\">Wenn Sie Sch\u00e4den an der Frontscheibe bemerkt haben, lesen Sie auch: <a href=\"https:\/\/nisacar.ch\/fr\/steinschlag-reparieren-emmen-rothenburg\/\">Steinschlag reparieren in Emmen und Rothenburg \u2013 wann reicht eine Reparatur?<\/a><\/p>\n\n\n\n<h2 class=\"wp-block-heading\">Unterboden und Lack von Salzresten befreien<\/h2>\n\n\n\n<p class=\"\">Streusalz geh\u00f6rt zu den gr\u00f6ssten Belastungen f\u00fcr Fahrzeuge in der kalten Jahreszeit. Auch wenn man das Auto regelm\u00e4ssig w\u00e4scht, k\u00f6nnen sich R\u00fcckst\u00e4nde an schwer erreichbaren Stellen halten. Deshalb ist der Fr\u00fchling der richtige Moment, um das Fahrzeug gr\u00fcndlich von Winterspuren zu befreien.<\/p>\n\n\n\n<p class=\"\">Besonders wichtig sind dabei der Unterboden, Radk\u00e4sten, T\u00fcrfalzen und andere Bereiche, in denen sich Schmutz und Salz sammeln. Diese R\u00fcckst\u00e4nde sehen nicht nur unsch\u00f6n aus, sondern k\u00f6nnen langfristig auch den Zustand des Fahrzeugs negativ beeinflussen. Eine gr\u00fcndliche Reinigung ist deshalb nicht nur kosmetisch, sondern ein sinnvoller Beitrag zum Werterhalt.<\/p>\n\n\n\n<p class=\"\">Auch der Lack selbst sollte gepr\u00fcft werden. Viele Fahrzeuge wirken nach dem Winter stumpfer, matter und sichtbar beansprucht. Wer das Auto optisch wieder aufwerten m\u00f6chte, profitiert oft von einer gezielten Aufbereitung. Mehr dazu lesen Sie hier: <a href=\"https:\/\/nisacar.ch\/fr\/auto-polieren-luzern-kriens\/\">Auto polieren in Luzern oder Kriens \u2013 wann lohnt sich eine professionelle Aufbereitung?<\/a><\/p>\n\n\n\n<h2 class=\"wp-block-heading\">Beleuchtung kontrollieren und sichtbar bleiben<\/h2>\n\n\n\n<p class=\"\">Im Winter werden Scheinwerfer, R\u00fccklichter und Blinker besonders stark beansprucht. Schmutz, Feuchtigkeit und h\u00e4ufige Nutzung wirken sich auf die gesamte Beleuchtung aus. Gerade nach der kalten Jahreszeit sollte deshalb gepr\u00fcft werden, ob alle Leuchten korrekt funktionieren.<\/p>\n\n\n\n<p class=\"\">Auch leicht matte oder verschmutzte Lichtfl\u00e4chen k\u00f6nnen die Sichtbarkeit beeintr\u00e4chtigen. Eine kurze Kontrolle kostet wenig Zeit, kann aber im Alltag und bei schlechten Wetterbedingungen einen echten Unterschied machen. Gute Sicht und gute Sichtbarkeit geh\u00f6ren zu den Grundlagen sicherer Fahrten \u2013 unabh\u00e4ngig von Jahreszeit und Fahrzeugtyp.<\/p>\n\n\n\n<h2 class=\"wp-block-heading\">Batterie und Startverhalten nicht untersch\u00e4tzen<\/h2>\n\n\n\n<p class=\"\">Viele Batterien zeigen Schw\u00e4chen besonders nach dem Winter. K\u00e4lte belastet die Batterie stark, vor allem wenn das Fahrzeug h\u00e4ufig auf kurzen Strecken bewegt wird. Wenn der Motor nach kalten Monaten weniger kraftvoll startet oder elektrische Systeme auff\u00e4llig reagieren, sollte das nicht ignoriert werden.<\/p>\n\n\n\n<p class=\"\">Gerade im Fr\u00fchling ist ein guter Zeitpunkt, um auf das Startverhalten zu achten. Ein Fahrzeug, das jetzt schon unzuverl\u00e4ssig wirkt, kann sp\u00e4ter unerwartet Probleme machen. Wer solche Hinweise fr\u00fch erkennt, bleibt im Alltag deutlich entspannter unterwegs.<\/p>\n\n\n\n<h2 class=\"wp-block-heading\">Innenraum auffrischen und das Fahrzeug angenehmer nutzen<\/h2>\n\n\n\n<p class=\"\">Neben Technik und Sicherheit spielt auch der Innenraum eine wichtige Rolle. Im Winter sammeln sich oft Feuchtigkeit, Schmutz, Salzreste und Staub im Fahrzeug. Fussmatten, Teppiche, Sitze und Ablagen profitieren im Fr\u00fchling von einer gr\u00fcndlichen Reinigung.<\/p>\n\n\n\n<p class=\"\">Ein sauberer Innenraum sorgt nicht nur f\u00fcr ein besseres Gef\u00fchl beim Fahren, sondern tr\u00e4gt auch zum gepflegten Gesamteindruck des Autos bei. Gerade wenn man viel Zeit im Fahrzeug verbringt, ist dieser Punkt wichtiger, als viele denken. Auch f\u00fcr den Werterhalt ist ein sauberer Innenraum ein Plus.<\/p>\n\n\n\n<h2 class=\"wp-block-heading\">Warum sich der Fr\u00fchjahrscheck auch wirtschaftlich lohnt<\/h2>\n\n\n\n<p class=\"\">Ein saisonaler Check hilft nicht nur bei der Sicherheit, sondern oft auch beim Sparen. Kleine Probleme, die fr\u00fch erkannt werden, lassen sich meist einfacher und g\u00fcnstiger l\u00f6sen als Sch\u00e4den, die sich \u00fcber Wochen oder Monate versch\u00e4rfen. Ein ungleichm\u00e4ssig abgefahrener Reifen, eine schwache Batterie, verschlissene Wischer oder ein kleiner Steinschlag sind typische Beispiele daf\u00fcr.<\/p>\n\n\n\n<p class=\"\">Wer das Fahrzeug regelm\u00e4ssig pr\u00fcft und pflegt, vermeidet oft unn\u00f6tige Folgekosten. Gleichzeitig bleibt das Auto in einem besseren Allgemeinzustand, was sich sp\u00e4ter auch beim Verkauf positiv bemerkbar machen kann. Ein gepflegtes Fahrzeug wirkt vertrauensw\u00fcrdiger und macht insgesamt einen besseren Eindruck.<\/p>\n\n\n\n<p class=\"\">Wenn Sie sich auch f\u00fcr den Kauf oder Verkauf eines Fahrzeugs interessieren, finden Sie weitere Informationen unter <a href=\"https:\/\/nisacar.ch\/automobile\/\">Automobile<\/a> sowie in unseren Beitr\u00e4gen rund um den Fahrzeugmarkt.<\/p>\n\n\n\n<h2 class=\"wp-block-heading\">F\u00fcr welche Fahrzeuge ist der Fr\u00fchjahrscheck sinnvoll?<\/h2>\n\n\n\n<p class=\"\">Die einfache Antwort lautet: f\u00fcr praktisch jedes Fahrzeug. Ob Kleinwagen, Familienauto, SUV, Gesch\u00e4ftsfahrzeug oder Pendlerauto \u2013 jedes Fahrzeug profitiert von einer saisonalen Kontrolle. Gerade Alltagsautos, die im Winter regelm\u00e4ssig genutzt wurden, sollten im Fr\u00fchling bewusst gepr\u00fcft werden.<\/p>\n\n\n\n<p class=\"\">Auch Fahrzeuge, die eher wenig bewegt wurden, sind nicht automatisch ausgenommen. L\u00e4ngere Standzeiten, Feuchtigkeit und Temperaturschwankungen k\u00f6nnen ebenfalls Spuren hinterlassen. Ein Fr\u00fchjahrscheck ist deshalb nicht nur f\u00fcr Vielfahrer sinnvoll, sondern f\u00fcr alle, die ihr Fahrzeug sicher und gepflegt nutzen m\u00f6chten.<\/p>\n\n\n\n<h2 class=\"wp-block-heading\">Warum regionale Unterst\u00fctzung in Luzern und Umgebung sinnvoll ist<\/h2>\n\n\n\n<p class=\"\">Ein regionaler Ansprechpartner bringt kurze Wege, pers\u00f6nliche Beratung und eine realistische Einsch\u00e4tzung des Fahrzeugzustands. Gerade beim Fr\u00fchjahrscheck m\u00f6chten viele Autofahrer wissen, was tats\u00e4chlich wichtig ist und was sich im konkreten Fall wirklich lohnt.<\/p>\n\n\n\n<p class=\"\">Bei NISA Car setzen wir auf klare Empfehlungen, nachvollziehbare Einsch\u00e4tzungen und praktische L\u00f6sungen. Wir sehen uns das Fahrzeug an, besprechen die relevanten Punkte und helfen Ihnen dabei, sicher und gepflegt in die neue Saison zu starten. Mehr zu unseren Angeboten finden Sie auch unter <a href=\"https:\/\/nisacar.ch\/leistungen\/\">Leistungen<\/a>.<\/p>\n\n\n\n<h2 class=\"wp-block-heading\">Fazit: Der Fr\u00fchjahrscheck schafft Sicherheit, Pflege und einen besseren Start in die Saison<\/h2>\n\n\n\n<p class=\"\">Ein <strong>Fr\u00fchjahrscheck Auto Luzern Umgebung<\/strong> ist eine sinnvolle Massnahme f\u00fcr alle, die ihr Fahrzeug nach dem Winter nicht dem Zufall \u00fcberlassen m\u00f6chten. Reifen, Bremsen, Scheiben, Wischer, Fl\u00fcssigkeiten, Batterie, Unterboden und Lack verdienen nach der kalten Jahreszeit besondere Aufmerksamkeit. Wer jetzt pr\u00fcft und pflegt, f\u00e4hrt oft sicherer, entspannter und vermeidet unn\u00f6tige Folgekosten.<\/p>\n\n\n\n<p class=\"\">Der Fr\u00fchling ist der ideale Moment, um das Auto technisch und optisch wieder in einen starken Zustand zu bringen. So startet das Fahrzeug nicht nur sauberer, sondern auch zuverl\u00e4ssiger in die neue Saison.<\/p>\n\n\n\n<p class=\"\">Wenn Sie Ihr Fahrzeug professionell pr\u00fcfen oder fit f\u00fcr den Fr\u00fchling machen m\u00f6chten, nehmen Sie gerne <a href=\"https:\/\/nisacar.ch\/kontakt\/\">Kontakt<\/a> mit uns auf. Wir unterst\u00fctzen Sie mit einer ehrlichen Einsch\u00e4tzung und der passenden L\u00f6sung f\u00fcr Ihr Fahrzeug.<\/p>\n\n\n\n<h2 class=\"wp-block-heading\">Weitere hilfreiche Artikel<\/h2>\n\n\n\n<ul class=\"wp-block-list\">\n<li class=\"\"><a href=\"https:\/\/nisacar.ch\/fr\/auto-polieren-luzern-kriens\/\">Auto polieren in Luzern oder Kriens \u2013 wann lohnt sich eine professionelle Aufbereitung?<\/a><\/li>\n\n\n\n<li class=\"\"><a href=\"https:\/\/nisacar.ch\/fr\/bremsen-quietschen-luzern-emmen\/\">Bremsen quietschen in Luzern und Emmen \u2013 was Autofahrer wissen sollten<\/a><\/li>\n\n\n\n<li class=\"\"><a href=\"https:\/\/nisacar.ch\/fr\/steinschlag-reparieren-emmen-rothenburg\/\">Steinschlag reparieren in Emmen und Rothenburg \u2013 wann reicht eine Reparatur?<\/a><\/li>\n<\/ul>\n","protected":false},"excerpt":{"rendered":"<p>Wenn der Winter vorbei ist, freuen sich viele Autofahrer auf l\u00e4ngere Tage, bessere Strassenverh\u00e4ltnisse und angenehmere Temperaturen. F\u00fcr das Auto beginnt damit aber auch eine wichtige<span class=\"excerpt-hellip\"> [\u2026]<\/span><\/p>\n","protected":false},"author":2,"featured_media":2683,"comment_status":"closed","ping_status":"closed","sticky":false,"template":"","format":"standard","meta":{"_acf_changed":false,"nf_dc_page":"","_jetpack_memberships_contains_paid_content":false,"footnotes":""},"categories":[21],"tags":[41,55],"class_list":["post-2682","post","type-post","status-publish","format-standard","has-post-thumbnail","hentry","category-auto-ratgeber","tag-fahrzeugpflege","tag-luzern"],"acf":[],"yoast_head":"<!-- This site is optimized with the Yoast SEO plugin v27.5 - https:\/\/yoast.com\/product\/yoast-seo-wordpress\/ -->\n<title>Fr\u00fchjahrscheck f\u00fcrs Auto in Luzern und Umgebung \u2013 diese Punkte sollten Sie pr\u00fcfen<\/title>\n<meta name=\"description\" content=\"Fr\u00fchjahrscheck f\u00fcrs Auto in Luzern und Umgebung: Erfahren Sie, welche Punkte nach dem Winter wichtig sind und wie Sie Ihr Fahrzeug sicher und gepflegt in die neue Saison bringen\" \/>\n<meta name=\"robots\" content=\"index, follow, max-snippet:-1, max-image-preview:large, max-video-preview:-1\" \/>\n<link rel=\"canonical\" href=\"https:\/\/nisacar.ch\/fr\/fruehjahrscheck-auto-luzern-umgebung\/\" \/>\n<meta property=\"og:locale\" content=\"fr_FR\" \/>\n<meta property=\"og:type\" content=\"article\" \/>\n<meta property=\"og:title\" content=\"Fr\u00fchjahrscheck f\u00fcrs Auto in Luzern und Umgebung \u2013 diese Punkte sollten Sie pr\u00fcfen\" \/>\n<meta property=\"og:description\" content=\"Fr\u00fchjahrscheck f\u00fcrs Auto in Luzern und Umgebung: Erfahren Sie, welche Punkte nach dem Winter wichtig sind und wie Sie Ihr Fahrzeug sicher und gepflegt in die neue Saison bringen\" \/>\n<meta property=\"og:url\" content=\"https:\/\/nisacar.ch\/fr\/fruehjahrscheck-auto-luzern-umgebung\/\" \/>\n<meta property=\"og:site_name\" content=\"NISA Car\" \/>\n<meta property=\"article:publisher\" content=\"https:\/\/www.facebook.com\/nisacar.ch1\" \/>\n<meta property=\"article:published_time\" content=\"2026-03-20T16:51:53+00:00\" \/>\n<meta property=\"og:image\" content=\"https:\/\/i0.wp.com\/nisacar.ch\/wp-content\/uploads\/2026\/03\/Fruhjahrscheck-Auto-Luzern-Umgebung-Auto-Ratgeber-Tags-Fruhjahrscheck-Auto-Check-Fahrzeugpflege-Luzern-Fruhling-Fruhjahrscheck-furs-Auto-in-Luzern-und-Umgebung-%E2%80%93-diese-Punkte-sollten-Sie-prufe.jpg?fit=1200%2C850&ssl=1\" \/>\n\t<meta property=\"og:image:width\" content=\"1200\" \/>\n\t<meta property=\"og:image:height\" content=\"850\" \/>\n\t<meta property=\"og:image:type\" content=\"image\/jpeg\" \/>\n<meta name=\"author\" content=\"Bojan Atanasov\" \/>\n<meta name=\"twitter:card\" content=\"summary_large_image\" \/>\n<meta name=\"twitter:label1\" content=\"\u00c9crit par\" \/>\n\t<meta name=\"twitter:data1\" content=\"Bojan Atanasov\" \/>\n\t<meta name=\"twitter:label2\" content=\"Dur\u00e9e de lecture estim\u00e9e\" \/>\n\t<meta name=\"twitter:data2\" content=\"8 minutes\" \/>\n<script type=\"application\/ld+json\" class=\"yoast-schema-graph\">{\"@context\":\"https:\\\/\\\/schema.org\",\"@graph\":[{\"@type\":\"Article\",\"@id\":\"https:\\\/\\\/nisacar.ch\\\/fr\\\/fruehjahrscheck-auto-luzern-umgebung\\\/#article\",\"isPartOf\":{\"@id\":\"https:\\\/\\\/nisacar.ch\\\/fr\\\/fruehjahrscheck-auto-luzern-umgebung\\\/\"},\"author\":{\"name\":\"Bojan Atanasov\",\"@id\":\"https:\\\/\\\/nisacar.ch\\\/fr\\\/#\\\/schema\\\/person\\\/d92360346fc54e6f3ccb5f67baa14403\"},\"headline\":\"Fr\u00fchjahrscheck f\u00fcrs Auto in Luzern und Umgebung \u2013 diese Punkte sollten Sie pr\u00fcfen\",\"datePublished\":\"2026-03-20T16:51:53+00:00\",\"mainEntityOfPage\":{\"@id\":\"https:\\\/\\\/nisacar.ch\\\/fr\\\/fruehjahrscheck-auto-luzern-umgebung\\\/\"},\"wordCount\":1824,\"publisher\":{\"@id\":\"https:\\\/\\\/nisacar.ch\\\/fr\\\/#organization\"},\"image\":{\"@id\":\"https:\\\/\\\/nisacar.ch\\\/fr\\\/fruehjahrscheck-auto-luzern-umgebung\\\/#primaryimage\"},\"thumbnailUrl\":\"https:\\\/\\\/i0.wp.com\\\/nisacar.ch\\\/wp-content\\\/uploads\\\/2026\\\/03\\\/Fruhjahrscheck-Auto-Luzern-Umgebung-Auto-Ratgeber-Tags-Fruhjahrscheck-Auto-Check-Fahrzeugpflege-Luzern-Fruhling-Fruhjahrscheck-furs-Auto-in-Luzern-und-Umgebung-%E2%80%93-diese-Punkte-sollten-Sie-prufe.jpg?fit=1200%2C850&ssl=1\",\"keywords\":[\"Fahrzeugpflege\",\"Luzern\"],\"articleSection\":[\"Auto Ratgeber\"],\"inLanguage\":\"fr-FR\"},{\"@type\":\"WebPage\",\"@id\":\"https:\\\/\\\/nisacar.ch\\\/fr\\\/fruehjahrscheck-auto-luzern-umgebung\\\/\",\"url\":\"https:\\\/\\\/nisacar.ch\\\/fr\\\/fruehjahrscheck-auto-luzern-umgebung\\\/\",\"name\":\"Fr\u00fchjahrscheck f\u00fcrs Auto in Luzern und Umgebung \u2013 diese Punkte sollten Sie pr\u00fcfen\",\"isPartOf\":{\"@id\":\"https:\\\/\\\/nisacar.ch\\\/fr\\\/#website\"},\"primaryImageOfPage\":{\"@id\":\"https:\\\/\\\/nisacar.ch\\\/fr\\\/fruehjahrscheck-auto-luzern-umgebung\\\/#primaryimage\"},\"image\":{\"@id\":\"https:\\\/\\\/nisacar.ch\\\/fr\\\/fruehjahrscheck-auto-luzern-umgebung\\\/#primaryimage\"},\"thumbnailUrl\":\"https:\\\/\\\/i0.wp.com\\\/nisacar.ch\\\/wp-content\\\/uploads\\\/2026\\\/03\\\/Fruhjahrscheck-Auto-Luzern-Umgebung-Auto-Ratgeber-Tags-Fruhjahrscheck-Auto-Check-Fahrzeugpflege-Luzern-Fruhling-Fruhjahrscheck-furs-Auto-in-Luzern-und-Umgebung-%E2%80%93-diese-Punkte-sollten-Sie-prufe.jpg?fit=1200%2C850&ssl=1\",\"datePublished\":\"2026-03-20T16:51:53+00:00\",\"description\":\"Fr\u00fchjahrscheck f\u00fcrs Auto in Luzern und Umgebung: Erfahren Sie, welche Punkte nach dem Winter wichtig sind und wie Sie Ihr Fahrzeug sicher und gepflegt in die neue Saison bringen\",\"breadcrumb\":{\"@id\":\"https:\\\/\\\/nisacar.ch\\\/fr\\\/fruehjahrscheck-auto-luzern-umgebung\\\/#breadcrumb\"},\"inLanguage\":\"fr-FR\",\"potentialAction\":[{\"@type\":\"ReadAction\",\"target\":[\"https:\\\/\\\/nisacar.ch\\\/fr\\\/fruehjahrscheck-auto-luzern-umgebung\\\/\"]}]},{\"@type\":\"ImageObject\",\"inLanguage\":\"fr-FR\",\"@id\":\"https:\\\/\\\/nisacar.ch\\\/fr\\\/fruehjahrscheck-auto-luzern-umgebung\\\/#primaryimage\",\"url\":\"https:\\\/\\\/i0.wp.com\\\/nisacar.ch\\\/wp-content\\\/uploads\\\/2026\\\/03\\\/Fruhjahrscheck-Auto-Luzern-Umgebung-Auto-Ratgeber-Tags-Fruhjahrscheck-Auto-Check-Fahrzeugpflege-Luzern-Fruhling-Fruhjahrscheck-furs-Auto-in-Luzern-und-Umgebung-%E2%80%93-diese-Punkte-sollten-Sie-prufe.jpg?fit=1200%2C850&ssl=1\",\"contentUrl\":\"https:\\\/\\\/i0.wp.com\\\/nisacar.ch\\\/wp-content\\\/uploads\\\/2026\\\/03\\\/Fruhjahrscheck-Auto-Luzern-Umgebung-Auto-Ratgeber-Tags-Fruhjahrscheck-Auto-Check-Fahrzeugpflege-Luzern-Fruhling-Fruhjahrscheck-furs-Auto-in-Luzern-und-Umgebung-%E2%80%93-diese-Punkte-sollten-Sie-prufe.jpg?fit=1200%2C850&ssl=1\",\"width\":1200,\"height\":850,\"caption\":\"Fr\u00fchjahrscheck Auto Luzern Umgebung Auto Ratgeber Tags Fr\u00fchjahrscheck, Auto Check, Fahrzeugpflege, Luzern, Fr\u00fchling Fr\u00fchjahrscheck f\u00fcrs Auto in Luzern und Umgebung \u2013 diese Punkte sollten Sie pr\u00fcfe\"},{\"@type\":\"BreadcrumbList\",\"@id\":\"https:\\\/\\\/nisacar.ch\\\/fr\\\/fruehjahrscheck-auto-luzern-umgebung\\\/#breadcrumb\",\"itemListElement\":[{\"@type\":\"ListItem\",\"position\":1,\"name\":\"Home\",\"item\":\"https:\\\/\\\/nisacar.ch\\\/fr\\\/\"},{\"@type\":\"ListItem\",\"position\":2,\"name\":\"Fr\u00fchjahrscheck f\u00fcrs Auto in Luzern und Umgebung \u2013 diese Punkte sollten Sie pr\u00fcfen\"}]},{\"@type\":\"WebSite\",\"@id\":\"https:\\\/\\\/nisacar.ch\\\/fr\\\/#website\",\"url\":\"https:\\\/\\\/nisacar.ch\\\/fr\\\/\",\"name\":\"NISA Car\",\"description\":\"Perfekte Pflege. Faire Preise. Schweizer Qualit\u00e4t.\",\"publisher\":{\"@id\":\"https:\\\/\\\/nisacar.ch\\\/fr\\\/#organization\"},\"potentialAction\":[{\"@type\":\"SearchAction\",\"target\":{\"@type\":\"EntryPoint\",\"urlTemplate\":\"https:\\\/\\\/nisacar.ch\\\/fr\\\/?s={search_term_string}\"},\"query-input\":{\"@type\":\"PropertyValueSpecification\",\"valueRequired\":true,\"valueName\":\"search_term_string\"}}],\"inLanguage\":\"fr-FR\"},{\"@type\":\"Organization\",\"@id\":\"https:\\\/\\\/nisacar.ch\\\/fr\\\/#organization\",\"name\":\"NISA Car Angelov\",\"url\":\"https:\\\/\\\/nisacar.ch\\\/fr\\\/\",\"logo\":{\"@type\":\"ImageObject\",\"inLanguage\":\"fr-FR\",\"@id\":\"https:\\\/\\\/nisacar.ch\\\/fr\\\/#\\\/schema\\\/logo\\\/image\\\/\",\"url\":\"https:\\\/\\\/i0.wp.com\\\/nisacar.ch\\\/wp-content\\\/uploads\\\/2025\\\/10\\\/cropped-za_autoscout-removebg-preview-Copy.png?fit=420%2C150&ssl=1\",\"contentUrl\":\"https:\\\/\\\/i0.wp.com\\\/nisacar.ch\\\/wp-content\\\/uploads\\\/2025\\\/10\\\/cropped-za_autoscout-removebg-preview-Copy.png?fit=420%2C150&ssl=1\",\"width\":420,\"height\":150,\"caption\":\"NISA Car Angelov\"},\"image\":{\"@id\":\"https:\\\/\\\/nisacar.ch\\\/fr\\\/#\\\/schema\\\/logo\\\/image\\\/\"},\"sameAs\":[\"https:\\\/\\\/www.facebook.com\\\/nisacar.ch1\",\"https:\\\/\\\/www.instagram.com\\\/nisacar_ch\\\/\"]},{\"@type\":\"Person\",\"@id\":\"https:\\\/\\\/nisacar.ch\\\/fr\\\/#\\\/schema\\\/person\\\/d92360346fc54e6f3ccb5f67baa14403\",\"name\":\"Bojan Atanasov\",\"image\":{\"@type\":\"ImageObject\",\"inLanguage\":\"fr-FR\",\"@id\":\"https:\\\/\\\/secure.gravatar.com\\\/avatar\\\/2bed02e9a515199a35221b37b3e7871dfba34ba0309d41356bb19e8e3795914d?s=96&d=mm&r=g\",\"url\":\"https:\\\/\\\/secure.gravatar.com\\\/avatar\\\/2bed02e9a515199a35221b37b3e7871dfba34ba0309d41356bb19e8e3795914d?s=96&d=mm&r=g\",\"contentUrl\":\"https:\\\/\\\/secure.gravatar.com\\\/avatar\\\/2bed02e9a515199a35221b37b3e7871dfba34ba0309d41356bb19e8e3795914d?s=96&d=mm&r=g\",\"caption\":\"Bojan Atanasov\"},\"sameAs\":[\"https:\\\/\\\/lumovo.ch\"],\"url\":\"https:\\\/\\\/nisacar.ch\\\/fr\\\/author\\\/atanasov1995\\\/\"}]}<\/script>\n<!-- \/ Yoast SEO plugin. -->","yoast_head_json":{"title":"Fr\u00fchjahrscheck f\u00fcrs Auto in Luzern und Umgebung \u2013 diese Punkte sollten Sie pr\u00fcfen","description":"Fr\u00fchjahrscheck f\u00fcrs Auto in Luzern und Umgebung: Erfahren Sie, welche Punkte nach dem Winter wichtig sind und wie Sie Ihr Fahrzeug sicher und gepflegt in die neue Saison bringen","robots":{"index":"index","follow":"follow","max-snippet":"max-snippet:-1","max-image-preview":"max-image-preview:large","max-video-preview":"max-video-preview:-1"},"canonical":"https:\/\/nisacar.ch\/fr\/fruehjahrscheck-auto-luzern-umgebung\/","og_locale":"fr_FR","og_type":"article","og_title":"Fr\u00fchjahrscheck f\u00fcrs Auto in Luzern und Umgebung \u2013 diese Punkte sollten Sie pr\u00fcfen","og_description":"Fr\u00fchjahrscheck f\u00fcrs Auto in Luzern und Umgebung: Erfahren Sie, welche Punkte nach dem Winter wichtig sind und wie Sie Ihr Fahrzeug sicher und gepflegt in die neue Saison bringen","og_url":"https:\/\/nisacar.ch\/fr\/fruehjahrscheck-auto-luzern-umgebung\/","og_site_name":"NISA Car","article_publisher":"https:\/\/www.facebook.com\/nisacar.ch1","article_published_time":"2026-03-20T16:51:53+00:00","og_image":[{"width":1200,"height":850,"url":"https:\/\/i0.wp.com\/nisacar.ch\/wp-content\/uploads\/2026\/03\/Fruhjahrscheck-Auto-Luzern-Umgebung-Auto-Ratgeber-Tags-Fruhjahrscheck-Auto-Check-Fahrzeugpflege-Luzern-Fruhling-Fruhjahrscheck-furs-Auto-in-Luzern-und-Umgebung-%E2%80%93-diese-Punkte-sollten-Sie-prufe.jpg?fit=1200%2C850&ssl=1","type":"image\/jpeg"}],"author":"Bojan Atanasov","twitter_card":"summary_large_image","twitter_misc":{"\u00c9crit par":"Bojan Atanasov","Dur\u00e9e de lecture estim\u00e9e":"8 minutes"},"schema":{"@context":"https:\/\/schema.org","@graph":[{"@type":"Article","@id":"https:\/\/nisacar.ch\/fr\/fruehjahrscheck-auto-luzern-umgebung\/#article","isPartOf":{"@id":"https:\/\/nisacar.ch\/fr\/fruehjahrscheck-auto-luzern-umgebung\/"},"author":{"name":"Bojan Atanasov","@id":"https:\/\/nisacar.ch\/fr\/#\/schema\/person\/d92360346fc54e6f3ccb5f67baa14403"},"headline":"Fr\u00fchjahrscheck f\u00fcrs Auto in Luzern und Umgebung \u2013 diese Punkte sollten Sie pr\u00fcfen","datePublished":"2026-03-20T16:51:53+00:00","mainEntityOfPage":{"@id":"https:\/\/nisacar.ch\/fr\/fruehjahrscheck-auto-luzern-umgebung\/"},"wordCount":1824,"publisher":{"@id":"https:\/\/nisacar.ch\/fr\/#organization"},"image":{"@id":"https:\/\/nisacar.ch\/fr\/fruehjahrscheck-auto-luzern-umgebung\/#primaryimage"},"thumbnailUrl":"https:\/\/i0.wp.com\/nisacar.ch\/wp-content\/uploads\/2026\/03\/Fruhjahrscheck-Auto-Luzern-Umgebung-Auto-Ratgeber-Tags-Fruhjahrscheck-Auto-Check-Fahrzeugpflege-Luzern-Fruhling-Fruhjahrscheck-furs-Auto-in-Luzern-und-Umgebung-%E2%80%93-diese-Punkte-sollten-Sie-prufe.jpg?fit=1200%2C850&ssl=1","keywords":["Fahrzeugpflege","Luzern"],"articleSection":["Auto Ratgeber"],"inLanguage":"fr-FR"},{"@type":"WebPage","@id":"https:\/\/nisacar.ch\/fr\/fruehjahrscheck-auto-luzern-umgebung\/","url":"https:\/\/nisacar.ch\/fr\/fruehjahrscheck-auto-luzern-umgebung\/","name":"Fr\u00fchjahrscheck f\u00fcrs Auto in Luzern und Umgebung \u2013 diese Punkte sollten Sie pr\u00fcfen","isPartOf":{"@id":"https:\/\/nisacar.ch\/fr\/#website"},"primaryImageOfPage":{"@id":"https:\/\/nisacar.ch\/fr\/fruehjahrscheck-auto-luzern-umgebung\/#primaryimage"},"image":{"@id":"https:\/\/nisacar.ch\/fr\/fruehjahrscheck-auto-luzern-umgebung\/#primaryimage"},"thumbnailUrl":"https:\/\/i0.wp.com\/nisacar.ch\/wp-content\/uploads\/2026\/03\/Fruhjahrscheck-Auto-Luzern-Umgebung-Auto-Ratgeber-Tags-Fruhjahrscheck-Auto-Check-Fahrzeugpflege-Luzern-Fruhling-Fruhjahrscheck-furs-Auto-in-Luzern-und-Umgebung-%E2%80%93-diese-Punkte-sollten-Sie-prufe.jpg?fit=1200%2C850&ssl=1","datePublished":"2026-03-20T16:51:53+00:00","description":"Fr\u00fchjahrscheck f\u00fcrs Auto in Luzern und Umgebung: Erfahren Sie, welche Punkte nach dem Winter wichtig sind und wie Sie Ihr Fahrzeug sicher und gepflegt in die neue Saison bringen","breadcrumb":{"@id":"https:\/\/nisacar.ch\/fr\/fruehjahrscheck-auto-luzern-umgebung\/#breadcrumb"},"inLanguage":"fr-FR","potentialAction":[{"@type":"ReadAction","target":["https:\/\/nisacar.ch\/fr\/fruehjahrscheck-auto-luzern-umgebung\/"]}]},{"@type":"ImageObject","inLanguage":"fr-FR","@id":"https:\/\/nisacar.ch\/fr\/fruehjahrscheck-auto-luzern-umgebung\/#primaryimage","url":"https:\/\/i0.wp.com\/nisacar.ch\/wp-content\/uploads\/2026\/03\/Fruhjahrscheck-Auto-Luzern-Umgebung-Auto-Ratgeber-Tags-Fruhjahrscheck-Auto-Check-Fahrzeugpflege-Luzern-Fruhling-Fruhjahrscheck-furs-Auto-in-Luzern-und-Umgebung-%E2%80%93-diese-Punkte-sollten-Sie-prufe.jpg?fit=1200%2C850&ssl=1","contentUrl":"https:\/\/i0.wp.com\/nisacar.ch\/wp-content\/uploads\/2026\/03\/Fruhjahrscheck-Auto-Luzern-Umgebung-Auto-Ratgeber-Tags-Fruhjahrscheck-Auto-Check-Fahrzeugpflege-Luzern-Fruhling-Fruhjahrscheck-furs-Auto-in-Luzern-und-Umgebung-%E2%80%93-diese-Punkte-sollten-Sie-prufe.jpg?fit=1200%2C850&ssl=1","width":1200,"height":850,"caption":"Fr\u00fchjahrscheck Auto Luzern Umgebung Auto Ratgeber Tags Fr\u00fchjahrscheck, Auto Check, Fahrzeugpflege, Luzern, Fr\u00fchling Fr\u00fchjahrscheck f\u00fcrs Auto in Luzern und Umgebung \u2013 diese Punkte sollten Sie pr\u00fcfe"},{"@type":"BreadcrumbList","@id":"https:\/\/nisacar.ch\/fr\/fruehjahrscheck-auto-luzern-umgebung\/#breadcrumb","itemListElement":[{"@type":"ListItem","position":1,"name":"Home","item":"https:\/\/nisacar.ch\/fr\/"},{"@type":"ListItem","position":2,"name":"Fr\u00fchjahrscheck f\u00fcrs Auto in Luzern und Umgebung \u2013 diese Punkte sollten Sie pr\u00fcfen"}]},{"@type":"WebSite","@id":"https:\/\/nisacar.ch\/fr\/#website","url":"https:\/\/nisacar.ch\/fr\/","name":"NISA Car","description":"Perfekte Pflege. Faire Preise. Schweizer Qualit\u00e4t.","publisher":{"@id":"https:\/\/nisacar.ch\/fr\/#organization"},"potentialAction":[{"@type":"SearchAction","target":{"@type":"EntryPoint","urlTemplate":"https:\/\/nisacar.ch\/fr\/?s={search_term_string}"},"query-input":{"@type":"PropertyValueSpecification","valueRequired":true,"valueName":"search_term_string"}}],"inLanguage":"fr-FR"},{"@type":"Organization","@id":"https:\/\/nisacar.ch\/fr\/#organization","name":"NISA Car Angelov","url":"https:\/\/nisacar.ch\/fr\/","logo":{"@type":"ImageObject","inLanguage":"fr-FR","@id":"https:\/\/nisacar.ch\/fr\/#\/schema\/logo\/image\/","url":"https:\/\/i0.wp.com\/nisacar.ch\/wp-content\/uploads\/2025\/10\/cropped-za_autoscout-removebg-preview-Copy.png?fit=420%2C150&ssl=1","contentUrl":"https:\/\/i0.wp.com\/nisacar.ch\/wp-content\/uploads\/2025\/10\/cropped-za_autoscout-removebg-preview-Copy.png?fit=420%2C150&ssl=1","width":420,"height":150,"caption":"NISA Car Angelov"},"image":{"@id":"https:\/\/nisacar.ch\/fr\/#\/schema\/logo\/image\/"},"sameAs":["https:\/\/www.facebook.com\/nisacar.ch1","https:\/\/www.instagram.com\/nisacar_ch\/"]},{"@type":"Person","@id":"https:\/\/nisacar.ch\/fr\/#\/schema\/person\/d92360346fc54e6f3ccb5f67baa14403","name":"Bojan Atanasov","image":{"@type":"ImageObject","inLanguage":"fr-FR","@id":"https:\/\/secure.gravatar.com\/avatar\/2bed02e9a515199a35221b37b3e7871dfba34ba0309d41356bb19e8e3795914d?s=96&d=mm&r=g","url":"https:\/\/secure.gravatar.com\/avatar\/2bed02e9a515199a35221b37b3e7871dfba34ba0309d41356bb19e8e3795914d?s=96&d=mm&r=g","contentUrl":"https:\/\/secure.gravatar.com\/avatar\/2bed02e9a515199a35221b37b3e7871dfba34ba0309d41356bb19e8e3795914d?s=96&d=mm&r=g","caption":"Bojan Atanasov"},"sameAs":["https:\/\/lumovo.ch"],"url":"https:\/\/nisacar.ch\/fr\/author\/atanasov1995\/"}]}},"jetpack_featured_media_url":"https:\/\/i0.wp.com\/nisacar.ch\/wp-content\/uploads\/2026\/03\/Fruhjahrscheck-Auto-Luzern-Umgebung-Auto-Ratgeber-Tags-Fruhjahrscheck-Auto-Check-Fahrzeugpflege-Luzern-Fruhling-Fruhjahrscheck-furs-Auto-in-Luzern-und-Umgebung-%E2%80%93-diese-Punkte-sollten-Sie-prufe.jpg?fit=1200%2C850&ssl=1","jetpack_sharing_enabled":true,"_links":{"self":[{"href":"https:\/\/nisacar.ch\/fr\/wp-json\/wp\/v2\/posts\/2682","targetHints":{"allow":["GET"]}}],"collection":[{"href":"https:\/\/nisacar.ch\/fr\/wp-json\/wp\/v2\/posts"}],"about":[{"href":"https:\/\/nisacar.ch\/fr\/wp-json\/wp\/v2\/types\/post"}],"author":[{"embeddable":true,"href":"https:\/\/nisacar.ch\/fr\/wp-json\/wp\/v2\/users\/2"}],"replies":[{"embeddable":true,"href":"https:\/\/nisacar.ch\/fr\/wp-json\/wp\/v2\/comments?post=2682"}],"version-history":[{"count":3,"href":"https:\/\/nisacar.ch\/fr\/wp-json\/wp\/v2\/posts\/2682\/revisions"}],"predecessor-version":[{"id":2856,"href":"https:\/\/nisacar.ch\/fr\/wp-json\/wp\/v2\/posts\/2682\/revisions\/2856"}],"wp:featuredmedia":[{"embeddable":true,"href":"https:\/\/nisacar.ch\/fr\/wp-json\/wp\/v2\/media\/2683"}],"wp:attachment":[{"href":"https:\/\/nisacar.ch\/fr\/wp-json\/wp\/v2\/media?parent=2682"}],"wp:term":[{"taxonomy":"category","embeddable":true,"href":"https:\/\/nisacar.ch\/fr\/wp-json\/wp\/v2\/categories?post=2682"},{"taxonomy":"post_tag","embeddable":true,"href":"https:\/\/nisacar.ch\/fr\/wp-json\/wp\/v2\/tags?post=2682"}],"curies":[{"name":"wp","href":"https:\/\/api.w.org\/{rel}","templated":true}]}}