{"id":2649,"date":"2026-03-09T14:50:03","date_gmt":"2026-03-09T13:50:03","guid":{"rendered":"https:\/\/nisacar.ch\/?p=2649"},"modified":"2026-03-09T14:50:07","modified_gmt":"2026-03-09T13:50:07","slug":"gebrauchtwagen-kaufen-luzern","status":"publish","type":"post","link":"https:\/\/nisacar.ch\/fr\/gebrauchtwagen-kaufen-luzern\/","title":{"rendered":"Gebrauchtwagen kaufen Luzern \u2013 Checkliste f\u00fcr K\u00e4ufer"},"content":{"rendered":"\n<p class=\"\">Der Kauf eines Gebrauchtwagens ist f\u00fcr viele Autofahrer eine attraktive M\u00f6glichkeit, ein zuverl\u00e4ssiges Fahrzeug zu einem g\u00fcnstigeren Preis zu erhalten. Gerade in der Region Luzern gibt es eine gro\u00dfe Auswahl an Occasion Fahrzeugen.<\/p>\n\n\n\n<p class=\"\">Damit der Kauf eines Gebrauchtwagens jedoch erfolgreich verl\u00e4uft, sollten K\u00e4ufer einige wichtige Punkte beachten. Eine sorgf\u00e4ltige Pr\u00fcfung des Fahrzeugs hilft dabei, sp\u00e4tere Probleme zu vermeiden.<\/p>\n\n\n\n<h2 class=\"wp-block-heading\">Warum einen Gebrauchtwagen kaufen?<\/h2>\n\n\n\n<p class=\"\">Gebrauchtwagen bieten mehrere Vorteile gegen\u00fcber Neuwagen. Besonders der Preis spielt f\u00fcr viele K\u00e4ufer eine wichtige Rolle.<\/p>\n\n\n\n<p class=\"\">Typische Vorteile sind:<\/p>\n\n\n\n<ul class=\"wp-block-list\">\n<li class=\"\">geringerer Kaufpreis<\/li>\n\n\n\n<li class=\"\">gr\u00f6\u00dfere Auswahl an Fahrzeugmodellen<\/li>\n\n\n\n<li class=\"\">schnelle Verf\u00fcgbarkeit<\/li>\n\n\n\n<li class=\"\">geringerer Wertverlust<\/li>\n<\/ul>\n\n\n\n<p class=\"\">Wenn Sie nach einem Fahrzeug suchen, k\u00f6nnen Sie sich auch die <a href=\"https:\/\/nisacar.ch\/automobile\/\">Occasion Fahrzeuge<\/a> ansehen.<\/p>\n\n\n\n<h2 class=\"wp-block-heading\">Checkliste f\u00fcr den Gebrauchtwagenkauf<\/h2>\n\n\n\n<p class=\"\">Beim Kauf eines Gebrauchtwagens sollten K\u00e4ufer mehrere Punkte \u00fcberpr\u00fcfen.<\/p>\n\n\n\n<ul class=\"wp-block-list\">\n<li class=\"\">Kilometerstand des Fahrzeugs<\/li>\n\n\n\n<li class=\"\">Serviceheft und Wartungsnachweise<\/li>\n\n\n\n<li class=\"\">Zustand der Reifen<\/li>\n\n\n\n<li class=\"\">Bremsen und Fahrwerk<\/li>\n\n\n\n<li class=\"\">eventuelle Unfallsch\u00e4den<\/li>\n<\/ul>\n\n\n\n<p class=\"\">Ein professioneller <a href=\"https:\/\/nisacar.ch\/leistungen\/reifen-bremsenservice\/\">Reifen- &amp; Bremsenservice<\/a> kann helfen, sicherheitsrelevante Komponenten zu \u00fcberpr\u00fcfen.<\/p>\n\n\n\n<h2 class=\"wp-block-heading\">Probefahrt nicht vergessen<\/h2>\n\n\n\n<p class=\"\">Eine Probefahrt ist ein wichtiger Schritt beim Autokauf. Dabei k\u00f6nnen K\u00e4ufer feststellen, ob das Fahrzeug ruhig f\u00e4hrt und ob ungew\u00f6hnliche Ger\u00e4usche auftreten.<\/p>\n\n\n\n<p class=\"\">Besonders beim Bremsen oder Lenken lassen sich m\u00f6gliche Probleme erkennen.<\/p>\n\n\n\n<h2 class=\"wp-block-heading\">Fahrzeug optisch pr\u00fcfen<\/h2>\n\n\n\n<p class=\"\">Neben der Technik spielt auch der optische Zustand eine Rolle. Kratzer, matte Lackstellen oder ein ungepflegter Innenraum k\u00f6nnen den Fahrzeugwert beeinflussen.<\/p>\n\n\n\n<p class=\"\">Mehr dar\u00fcber erfahren Sie auch in unserem Artikel \u00fcber <a href=\"https:\/\/nisacar.ch\/fr\/auto-polieren-luzern\/\">Auto polieren Luzern<\/a>.<\/p>\n\n\n\n<h2 class=\"wp-block-heading\">Gebrauchtwagen in der Region Luzern<\/h2>\n\n\n\n<p class=\"\">NISA Car befindet sich in Schenkon und bietet eine Auswahl gepr\u00fcfter Occasion Fahrzeuge f\u00fcr Kunden aus Luzern, Sursee, Sempach und der gesamten Region.<\/p>\n\n\n\n<p class=\"\">Alle Fahrzeuge werden sorgf\u00e4ltig gepr\u00fcft, damit K\u00e4ufer ein zuverl\u00e4ssiges Fahrzeug erhalten.<\/p>\n\n\n\n<p class=\"\">Wenn Sie Fragen zu einem Fahrzeug haben oder eine Probefahrt vereinbaren m\u00f6chten, k\u00f6nnen Sie jederzeit <a href=\"https:\/\/nisacar.ch\/kontakt\/\">Kontakt aufnehmen<\/a>.<\/p>\n\n\n\n<p class=\"\">Mehr \u00fcber das Unternehmen erfahren Sie auch auf der Seite <a href=\"https:\/\/nisacar.ch\/uber-uns\/\">\u00dcber uns<\/a>.<\/p>\n\n\n\n<h3 class=\"wp-block-heading\">Weitere hilfreiche Artikel<\/h3>\n\n\n\n<ul class=\"wp-block-list\">\n<li class=\"\"><a href=\"https:\/\/nisacar.ch\/fr\/occasion-auto-sursee-luzern\/\">Occasion Auto Sursee &amp; Luzern<\/a><\/li>\n\n\n\n<li class=\"\"><a href=\"https:\/\/nisacar.ch\/fr\/auto-verkaufen-sursee-luzern\/\">Auto verkaufen Sursee &amp; Luzern<\/a><\/li>\n\n\n\n<li class=\"\"><a href=\"https:\/\/nisacar.ch\/fr\/wie-lange-halten-bremsbelaege\/\">Wie lange halten Bremsbel\u00e4ge?<\/a><\/li>\n<\/ul>\n\n\n\n<hr class=\"wp-block-separator has-alpha-channel-opacity\"\/>\n\n\n\n<p class=\"\"><strong>Kategorie:<\/strong> Autokauf &amp; Verkauf<\/p>\n\n\n\n<p class=\"\"><strong>Tags:<\/strong> Gebrauchtwagen kaufen, Autokauf, Occasion Auto, Gebrauchtwagen, Luzern<\/p>\n","protected":false},"excerpt":{"rendered":"<p>Der Kauf eines Gebrauchtwagens ist f\u00fcr viele Autofahrer eine attraktive M\u00f6glichkeit, ein zuverl\u00e4ssiges Fahrzeug zu einem g\u00fcnstigeren Preis zu erhalten. Gerade in der Region Luzern gibt<span class=\"excerpt-hellip\"> [\u2026]<\/span><\/p>\n","protected":false},"author":2,"featured_media":2650,"comment_status":"closed","ping_status":"closed","sticky":false,"template":"","format":"standard","meta":{"_acf_changed":false,"nf_dc_page":"","_jetpack_memberships_contains_paid_content":false,"footnotes":""},"categories":[23],"tags":[63,43,55,42],"class_list":["post-2649","post","type-post","status-publish","format-standard","has-post-thumbnail","hentry","category-autokauf-verkauf","tag-autokauf","tag-gebrauchtwagen","tag-luzern","tag-occasion-auto"],"acf":[],"yoast_head":"<!-- This site is optimized with the Yoast SEO plugin v27.5 - https:\/\/yoast.com\/product\/yoast-seo-wordpress\/ -->\n<title>Gebrauchtwagen kaufen Luzern \u2013 Checkliste f\u00fcr K\u00e4ufer<\/title>\n<meta name=\"description\" content=\"Gebrauchtwagen kaufen Luzern: Wichtige Tipps und eine praktische Checkliste, damit Sie beim Autokauf keine wichtigen Punkte \u00fcbersehen.\" \/>\n<meta name=\"robots\" content=\"index, follow, max-snippet:-1, max-image-preview:large, max-video-preview:-1\" \/>\n<link rel=\"canonical\" href=\"https:\/\/nisacar.ch\/fr\/gebrauchtwagen-kaufen-luzern\/\" \/>\n<meta property=\"og:locale\" content=\"fr_FR\" \/>\n<meta property=\"og:type\" content=\"article\" \/>\n<meta property=\"og:title\" content=\"Gebrauchtwagen kaufen Luzern \u2013 Checkliste f\u00fcr K\u00e4ufer\" \/>\n<meta property=\"og:description\" content=\"Gebrauchtwagen kaufen Luzern: Wichtige Tipps und eine praktische Checkliste, damit Sie beim Autokauf keine wichtigen Punkte \u00fcbersehen.\" \/>\n<meta property=\"og:url\" content=\"https:\/\/nisacar.ch\/fr\/gebrauchtwagen-kaufen-luzern\/\" \/>\n<meta property=\"og:site_name\" content=\"NISA Car\" \/>\n<meta property=\"article:publisher\" content=\"https:\/\/www.facebook.com\/nisacar.ch1\" \/>\n<meta property=\"article:published_time\" content=\"2026-03-09T13:50:03+00:00\" \/>\n<meta property=\"article:modified_time\" content=\"2026-03-09T13:50:07+00:00\" \/>\n<meta property=\"og:image\" content=\"https:\/\/nisacar.ch\/wp-content\/uploads\/2026\/03\/Gebrauchtwagen-kaufen-Luzern-Autokauf-Verkauf-Gebrauchtwagen-kaufen-Autokauf-Occasion-Auto-Gebrauchtwagen-Luzern-Wichtige-Tipps-und-eine-praktische-Checkliste-damit-Sie-beim-Autokauf-keine.jpg\" \/>\n\t<meta property=\"og:image:width\" content=\"1200\" \/>\n\t<meta property=\"og:image:height\" content=\"850\" \/>\n\t<meta property=\"og:image:type\" content=\"image\/jpeg\" \/>\n<meta name=\"author\" content=\"Bojan Atanasov\" \/>\n<meta name=\"twitter:card\" content=\"summary_large_image\" \/>\n<meta name=\"twitter:label1\" content=\"\u00c9crit par\" \/>\n\t<meta name=\"twitter:data1\" content=\"Bojan Atanasov\" \/>\n\t<meta name=\"twitter:label2\" content=\"Dur\u00e9e de lecture estim\u00e9e\" \/>\n\t<meta name=\"twitter:data2\" content=\"2 minutes\" \/>\n<script type=\"application\/ld+json\" class=\"yoast-schema-graph\">{\"@context\":\"https:\\\/\\\/schema.org\",\"@graph\":[{\"@type\":\"Article\",\"@id\":\"https:\\\/\\\/nisacar.ch\\\/fr\\\/gebrauchtwagen-kaufen-luzern\\\/#article\",\"isPartOf\":{\"@id\":\"https:\\\/\\\/nisacar.ch\\\/fr\\\/gebrauchtwagen-kaufen-luzern\\\/\"},\"author\":{\"name\":\"Bojan Atanasov\",\"@id\":\"https:\\\/\\\/nisacar.ch\\\/fr\\\/#\\\/schema\\\/person\\\/d92360346fc54e6f3ccb5f67baa14403\"},\"headline\":\"Gebrauchtwagen kaufen Luzern \u2013 Checkliste f\u00fcr K\u00e4ufer\",\"datePublished\":\"2026-03-09T13:50:03+00:00\",\"dateModified\":\"2026-03-09T13:50:07+00:00\",\"mainEntityOfPage\":{\"@id\":\"https:\\\/\\\/nisacar.ch\\\/fr\\\/gebrauchtwagen-kaufen-luzern\\\/\"},\"wordCount\":358,\"publisher\":{\"@id\":\"https:\\\/\\\/nisacar.ch\\\/fr\\\/#organization\"},\"image\":{\"@id\":\"https:\\\/\\\/nisacar.ch\\\/fr\\\/gebrauchtwagen-kaufen-luzern\\\/#primaryimage\"},\"thumbnailUrl\":\"https:\\\/\\\/i0.wp.com\\\/nisacar.ch\\\/wp-content\\\/uploads\\\/2026\\\/03\\\/Gebrauchtwagen-kaufen-Luzern-Autokauf-Verkauf-Gebrauchtwagen-kaufen-Autokauf-Occasion-Auto-Gebrauchtwagen-Luzern-Wichtige-Tipps-und-eine-praktische-Checkliste-damit-Sie-beim-Autokauf-keine.jpg?fit=1200%2C850&ssl=1\",\"keywords\":[\"Autokauf\",\"Gebrauchtwagen\",\"Luzern\",\"Occasion Auto\"],\"articleSection\":[\"Autokauf &amp; Verkauf\"],\"inLanguage\":\"fr-FR\"},{\"@type\":\"WebPage\",\"@id\":\"https:\\\/\\\/nisacar.ch\\\/fr\\\/gebrauchtwagen-kaufen-luzern\\\/\",\"url\":\"https:\\\/\\\/nisacar.ch\\\/fr\\\/gebrauchtwagen-kaufen-luzern\\\/\",\"name\":\"Gebrauchtwagen kaufen Luzern \u2013 Checkliste f\u00fcr K\u00e4ufer\",\"isPartOf\":{\"@id\":\"https:\\\/\\\/nisacar.ch\\\/fr\\\/#website\"},\"primaryImageOfPage\":{\"@id\":\"https:\\\/\\\/nisacar.ch\\\/fr\\\/gebrauchtwagen-kaufen-luzern\\\/#primaryimage\"},\"image\":{\"@id\":\"https:\\\/\\\/nisacar.ch\\\/fr\\\/gebrauchtwagen-kaufen-luzern\\\/#primaryimage\"},\"thumbnailUrl\":\"https:\\\/\\\/i0.wp.com\\\/nisacar.ch\\\/wp-content\\\/uploads\\\/2026\\\/03\\\/Gebrauchtwagen-kaufen-Luzern-Autokauf-Verkauf-Gebrauchtwagen-kaufen-Autokauf-Occasion-Auto-Gebrauchtwagen-Luzern-Wichtige-Tipps-und-eine-praktische-Checkliste-damit-Sie-beim-Autokauf-keine.jpg?fit=1200%2C850&ssl=1\",\"datePublished\":\"2026-03-09T13:50:03+00:00\",\"dateModified\":\"2026-03-09T13:50:07+00:00\",\"description\":\"Gebrauchtwagen kaufen Luzern: Wichtige Tipps und eine praktische Checkliste, damit Sie beim Autokauf keine wichtigen Punkte \u00fcbersehen.\",\"breadcrumb\":{\"@id\":\"https:\\\/\\\/nisacar.ch\\\/fr\\\/gebrauchtwagen-kaufen-luzern\\\/#breadcrumb\"},\"inLanguage\":\"fr-FR\",\"potentialAction\":[{\"@type\":\"ReadAction\",\"target\":[\"https:\\\/\\\/nisacar.ch\\\/fr\\\/gebrauchtwagen-kaufen-luzern\\\/\"]}]},{\"@type\":\"ImageObject\",\"inLanguage\":\"fr-FR\",\"@id\":\"https:\\\/\\\/nisacar.ch\\\/fr\\\/gebrauchtwagen-kaufen-luzern\\\/#primaryimage\",\"url\":\"https:\\\/\\\/i0.wp.com\\\/nisacar.ch\\\/wp-content\\\/uploads\\\/2026\\\/03\\\/Gebrauchtwagen-kaufen-Luzern-Autokauf-Verkauf-Gebrauchtwagen-kaufen-Autokauf-Occasion-Auto-Gebrauchtwagen-Luzern-Wichtige-Tipps-und-eine-praktische-Checkliste-damit-Sie-beim-Autokauf-keine.jpg?fit=1200%2C850&ssl=1\",\"contentUrl\":\"https:\\\/\\\/i0.wp.com\\\/nisacar.ch\\\/wp-content\\\/uploads\\\/2026\\\/03\\\/Gebrauchtwagen-kaufen-Luzern-Autokauf-Verkauf-Gebrauchtwagen-kaufen-Autokauf-Occasion-Auto-Gebrauchtwagen-Luzern-Wichtige-Tipps-und-eine-praktische-Checkliste-damit-Sie-beim-Autokauf-keine.jpg?fit=1200%2C850&ssl=1\",\"width\":1200,\"height\":850,\"caption\":\"Gebrauchtwagen kaufen Luzern Autokauf & Verkauf Gebrauchtwagen kaufen, Autokauf, Occasion Auto, Gebrauchtwagen, Luzern Wichtige Tipps und eine praktische Checkliste, damit Sie beim Autokauf keine\"},{\"@type\":\"BreadcrumbList\",\"@id\":\"https:\\\/\\\/nisacar.ch\\\/fr\\\/gebrauchtwagen-kaufen-luzern\\\/#breadcrumb\",\"itemListElement\":[{\"@type\":\"ListItem\",\"position\":1,\"name\":\"Home\",\"item\":\"https:\\\/\\\/nisacar.ch\\\/fr\\\/\"},{\"@type\":\"ListItem\",\"position\":2,\"name\":\"Gebrauchtwagen kaufen Luzern \u2013 Checkliste f\u00fcr K\u00e4ufer\"}]},{\"@type\":\"WebSite\",\"@id\":\"https:\\\/\\\/nisacar.ch\\\/fr\\\/#website\",\"url\":\"https:\\\/\\\/nisacar.ch\\\/fr\\\/\",\"name\":\"NISA Car\",\"description\":\"Perfekte Pflege. Faire Preise. Schweizer Qualit\u00e4t.\",\"publisher\":{\"@id\":\"https:\\\/\\\/nisacar.ch\\\/fr\\\/#organization\"},\"potentialAction\":[{\"@type\":\"SearchAction\",\"target\":{\"@type\":\"EntryPoint\",\"urlTemplate\":\"https:\\\/\\\/nisacar.ch\\\/fr\\\/?s={search_term_string}\"},\"query-input\":{\"@type\":\"PropertyValueSpecification\",\"valueRequired\":true,\"valueName\":\"search_term_string\"}}],\"inLanguage\":\"fr-FR\"},{\"@type\":\"Organization\",\"@id\":\"https:\\\/\\\/nisacar.ch\\\/fr\\\/#organization\",\"name\":\"NISA Car Angelov\",\"url\":\"https:\\\/\\\/nisacar.ch\\\/fr\\\/\",\"logo\":{\"@type\":\"ImageObject\",\"inLanguage\":\"fr-FR\",\"@id\":\"https:\\\/\\\/nisacar.ch\\\/fr\\\/#\\\/schema\\\/logo\\\/image\\\/\",\"url\":\"https:\\\/\\\/i0.wp.com\\\/nisacar.ch\\\/wp-content\\\/uploads\\\/2025\\\/10\\\/cropped-za_autoscout-removebg-preview-Copy.png?fit=420%2C150&ssl=1\",\"contentUrl\":\"https:\\\/\\\/i0.wp.com\\\/nisacar.ch\\\/wp-content\\\/uploads\\\/2025\\\/10\\\/cropped-za_autoscout-removebg-preview-Copy.png?fit=420%2C150&ssl=1\",\"width\":420,\"height\":150,\"caption\":\"NISA Car Angelov\"},\"image\":{\"@id\":\"https:\\\/\\\/nisacar.ch\\\/fr\\\/#\\\/schema\\\/logo\\\/image\\\/\"},\"sameAs\":[\"https:\\\/\\\/www.facebook.com\\\/nisacar.ch1\",\"https:\\\/\\\/www.instagram.com\\\/nisacar_ch\\\/\"]},{\"@type\":\"Person\",\"@id\":\"https:\\\/\\\/nisacar.ch\\\/fr\\\/#\\\/schema\\\/person\\\/d92360346fc54e6f3ccb5f67baa14403\",\"name\":\"Bojan Atanasov\",\"image\":{\"@type\":\"ImageObject\",\"inLanguage\":\"fr-FR\",\"@id\":\"https:\\\/\\\/secure.gravatar.com\\\/avatar\\\/2bed02e9a515199a35221b37b3e7871dfba34ba0309d41356bb19e8e3795914d?s=96&d=mm&r=g\",\"url\":\"https:\\\/\\\/secure.gravatar.com\\\/avatar\\\/2bed02e9a515199a35221b37b3e7871dfba34ba0309d41356bb19e8e3795914d?s=96&d=mm&r=g\",\"contentUrl\":\"https:\\\/\\\/secure.gravatar.com\\\/avatar\\\/2bed02e9a515199a35221b37b3e7871dfba34ba0309d41356bb19e8e3795914d?s=96&d=mm&r=g\",\"caption\":\"Bojan Atanasov\"},\"sameAs\":[\"https:\\\/\\\/lumovo.ch\"],\"url\":\"https:\\\/\\\/nisacar.ch\\\/fr\\\/author\\\/atanasov1995\\\/\"}]}<\/script>\n<!-- \/ Yoast SEO plugin. -->","yoast_head_json":{"title":"Gebrauchtwagen kaufen Luzern \u2013 Checkliste f\u00fcr K\u00e4ufer","description":"Gebrauchtwagen kaufen Luzern: Wichtige Tipps und eine praktische Checkliste, damit Sie beim Autokauf keine wichtigen Punkte \u00fcbersehen.","robots":{"index":"index","follow":"follow","max-snippet":"max-snippet:-1","max-image-preview":"max-image-preview:large","max-video-preview":"max-video-preview:-1"},"canonical":"https:\/\/nisacar.ch\/fr\/gebrauchtwagen-kaufen-luzern\/","og_locale":"fr_FR","og_type":"article","og_title":"Gebrauchtwagen kaufen Luzern \u2013 Checkliste f\u00fcr K\u00e4ufer","og_description":"Gebrauchtwagen kaufen Luzern: Wichtige Tipps und eine praktische Checkliste, damit Sie beim Autokauf keine wichtigen Punkte \u00fcbersehen.","og_url":"https:\/\/nisacar.ch\/fr\/gebrauchtwagen-kaufen-luzern\/","og_site_name":"NISA Car","article_publisher":"https:\/\/www.facebook.com\/nisacar.ch1","article_published_time":"2026-03-09T13:50:03+00:00","article_modified_time":"2026-03-09T13:50:07+00:00","og_image":[{"width":1200,"height":850,"url":"https:\/\/nisacar.ch\/wp-content\/uploads\/2026\/03\/Gebrauchtwagen-kaufen-Luzern-Autokauf-Verkauf-Gebrauchtwagen-kaufen-Autokauf-Occasion-Auto-Gebrauchtwagen-Luzern-Wichtige-Tipps-und-eine-praktische-Checkliste-damit-Sie-beim-Autokauf-keine.jpg","type":"image\/jpeg"}],"author":"Bojan Atanasov","twitter_card":"summary_large_image","twitter_misc":{"\u00c9crit par":"Bojan Atanasov","Dur\u00e9e de lecture estim\u00e9e":"2 minutes"},"schema":{"@context":"https:\/\/schema.org","@graph":[{"@type":"Article","@id":"https:\/\/nisacar.ch\/fr\/gebrauchtwagen-kaufen-luzern\/#article","isPartOf":{"@id":"https:\/\/nisacar.ch\/fr\/gebrauchtwagen-kaufen-luzern\/"},"author":{"name":"Bojan Atanasov","@id":"https:\/\/nisacar.ch\/fr\/#\/schema\/person\/d92360346fc54e6f3ccb5f67baa14403"},"headline":"Gebrauchtwagen kaufen Luzern \u2013 Checkliste f\u00fcr K\u00e4ufer","datePublished":"2026-03-09T13:50:03+00:00","dateModified":"2026-03-09T13:50:07+00:00","mainEntityOfPage":{"@id":"https:\/\/nisacar.ch\/fr\/gebrauchtwagen-kaufen-luzern\/"},"wordCount":358,"publisher":{"@id":"https:\/\/nisacar.ch\/fr\/#organization"},"image":{"@id":"https:\/\/nisacar.ch\/fr\/gebrauchtwagen-kaufen-luzern\/#primaryimage"},"thumbnailUrl":"https:\/\/i0.wp.com\/nisacar.ch\/wp-content\/uploads\/2026\/03\/Gebrauchtwagen-kaufen-Luzern-Autokauf-Verkauf-Gebrauchtwagen-kaufen-Autokauf-Occasion-Auto-Gebrauchtwagen-Luzern-Wichtige-Tipps-und-eine-praktische-Checkliste-damit-Sie-beim-Autokauf-keine.jpg?fit=1200%2C850&ssl=1","keywords":["Autokauf","Gebrauchtwagen","Luzern","Occasion Auto"],"articleSection":["Autokauf &amp; Verkauf"],"inLanguage":"fr-FR"},{"@type":"WebPage","@id":"https:\/\/nisacar.ch\/fr\/gebrauchtwagen-kaufen-luzern\/","url":"https:\/\/nisacar.ch\/fr\/gebrauchtwagen-kaufen-luzern\/","name":"Gebrauchtwagen kaufen Luzern \u2013 Checkliste f\u00fcr K\u00e4ufer","isPartOf":{"@id":"https:\/\/nisacar.ch\/fr\/#website"},"primaryImageOfPage":{"@id":"https:\/\/nisacar.ch\/fr\/gebrauchtwagen-kaufen-luzern\/#primaryimage"},"image":{"@id":"https:\/\/nisacar.ch\/fr\/gebrauchtwagen-kaufen-luzern\/#primaryimage"},"thumbnailUrl":"https:\/\/i0.wp.com\/nisacar.ch\/wp-content\/uploads\/2026\/03\/Gebrauchtwagen-kaufen-Luzern-Autokauf-Verkauf-Gebrauchtwagen-kaufen-Autokauf-Occasion-Auto-Gebrauchtwagen-Luzern-Wichtige-Tipps-und-eine-praktische-Checkliste-damit-Sie-beim-Autokauf-keine.jpg?fit=1200%2C850&ssl=1","datePublished":"2026-03-09T13:50:03+00:00","dateModified":"2026-03-09T13:50:07+00:00","description":"Gebrauchtwagen kaufen Luzern: Wichtige Tipps und eine praktische Checkliste, damit Sie beim Autokauf keine wichtigen Punkte \u00fcbersehen.","breadcrumb":{"@id":"https:\/\/nisacar.ch\/fr\/gebrauchtwagen-kaufen-luzern\/#breadcrumb"},"inLanguage":"fr-FR","potentialAction":[{"@type":"ReadAction","target":["https:\/\/nisacar.ch\/fr\/gebrauchtwagen-kaufen-luzern\/"]}]},{"@type":"ImageObject","inLanguage":"fr-FR","@id":"https:\/\/nisacar.ch\/fr\/gebrauchtwagen-kaufen-luzern\/#primaryimage","url":"https:\/\/i0.wp.com\/nisacar.ch\/wp-content\/uploads\/2026\/03\/Gebrauchtwagen-kaufen-Luzern-Autokauf-Verkauf-Gebrauchtwagen-kaufen-Autokauf-Occasion-Auto-Gebrauchtwagen-Luzern-Wichtige-Tipps-und-eine-praktische-Checkliste-damit-Sie-beim-Autokauf-keine.jpg?fit=1200%2C850&ssl=1","contentUrl":"https:\/\/i0.wp.com\/nisacar.ch\/wp-content\/uploads\/2026\/03\/Gebrauchtwagen-kaufen-Luzern-Autokauf-Verkauf-Gebrauchtwagen-kaufen-Autokauf-Occasion-Auto-Gebrauchtwagen-Luzern-Wichtige-Tipps-und-eine-praktische-Checkliste-damit-Sie-beim-Autokauf-keine.jpg?fit=1200%2C850&ssl=1","width":1200,"height":850,"caption":"Gebrauchtwagen kaufen Luzern Autokauf & Verkauf Gebrauchtwagen kaufen, Autokauf, Occasion Auto, Gebrauchtwagen, Luzern Wichtige Tipps und eine praktische Checkliste, damit Sie beim Autokauf keine"},{"@type":"BreadcrumbList","@id":"https:\/\/nisacar.ch\/fr\/gebrauchtwagen-kaufen-luzern\/#breadcrumb","itemListElement":[{"@type":"ListItem","position":1,"name":"Home","item":"https:\/\/nisacar.ch\/fr\/"},{"@type":"ListItem","position":2,"name":"Gebrauchtwagen kaufen Luzern \u2013 Checkliste f\u00fcr K\u00e4ufer"}]},{"@type":"WebSite","@id":"https:\/\/nisacar.ch\/fr\/#website","url":"https:\/\/nisacar.ch\/fr\/","name":"NISA Car","description":"Perfekte Pflege. Faire Preise. Schweizer Qualit\u00e4t.","publisher":{"@id":"https:\/\/nisacar.ch\/fr\/#organization"},"potentialAction":[{"@type":"SearchAction","target":{"@type":"EntryPoint","urlTemplate":"https:\/\/nisacar.ch\/fr\/?s={search_term_string}"},"query-input":{"@type":"PropertyValueSpecification","valueRequired":true,"valueName":"search_term_string"}}],"inLanguage":"fr-FR"},{"@type":"Organization","@id":"https:\/\/nisacar.ch\/fr\/#organization","name":"NISA Car Angelov","url":"https:\/\/nisacar.ch\/fr\/","logo":{"@type":"ImageObject","inLanguage":"fr-FR","@id":"https:\/\/nisacar.ch\/fr\/#\/schema\/logo\/image\/","url":"https:\/\/i0.wp.com\/nisacar.ch\/wp-content\/uploads\/2025\/10\/cropped-za_autoscout-removebg-preview-Copy.png?fit=420%2C150&ssl=1","contentUrl":"https:\/\/i0.wp.com\/nisacar.ch\/wp-content\/uploads\/2025\/10\/cropped-za_autoscout-removebg-preview-Copy.png?fit=420%2C150&ssl=1","width":420,"height":150,"caption":"NISA Car Angelov"},"image":{"@id":"https:\/\/nisacar.ch\/fr\/#\/schema\/logo\/image\/"},"sameAs":["https:\/\/www.facebook.com\/nisacar.ch1","https:\/\/www.instagram.com\/nisacar_ch\/"]},{"@type":"Person","@id":"https:\/\/nisacar.ch\/fr\/#\/schema\/person\/d92360346fc54e6f3ccb5f67baa14403","name":"Bojan Atanasov","image":{"@type":"ImageObject","inLanguage":"fr-FR","@id":"https:\/\/secure.gravatar.com\/avatar\/2bed02e9a515199a35221b37b3e7871dfba34ba0309d41356bb19e8e3795914d?s=96&d=mm&r=g","url":"https:\/\/secure.gravatar.com\/avatar\/2bed02e9a515199a35221b37b3e7871dfba34ba0309d41356bb19e8e3795914d?s=96&d=mm&r=g","contentUrl":"https:\/\/secure.gravatar.com\/avatar\/2bed02e9a515199a35221b37b3e7871dfba34ba0309d41356bb19e8e3795914d?s=96&d=mm&r=g","caption":"Bojan Atanasov"},"sameAs":["https:\/\/lumovo.ch"],"url":"https:\/\/nisacar.ch\/fr\/author\/atanasov1995\/"}]}},"jetpack_featured_media_url":"https:\/\/i0.wp.com\/nisacar.ch\/wp-content\/uploads\/2026\/03\/Gebrauchtwagen-kaufen-Luzern-Autokauf-Verkauf-Gebrauchtwagen-kaufen-Autokauf-Occasion-Auto-Gebrauchtwagen-Luzern-Wichtige-Tipps-und-eine-praktische-Checkliste-damit-Sie-beim-Autokauf-keine.jpg?fit=1200%2C850&ssl=1","jetpack_sharing_enabled":true,"_links":{"self":[{"href":"https:\/\/nisacar.ch\/fr\/wp-json\/wp\/v2\/posts\/2649","targetHints":{"allow":["GET"]}}],"collection":[{"href":"https:\/\/nisacar.ch\/fr\/wp-json\/wp\/v2\/posts"}],"about":[{"href":"https:\/\/nisacar.ch\/fr\/wp-json\/wp\/v2\/types\/post"}],"author":[{"embeddable":true,"href":"https:\/\/nisacar.ch\/fr\/wp-json\/wp\/v2\/users\/2"}],"replies":[{"embeddable":true,"href":"https:\/\/nisacar.ch\/fr\/wp-json\/wp\/v2\/comments?post=2649"}],"version-history":[{"count":2,"href":"https:\/\/nisacar.ch\/fr\/wp-json\/wp\/v2\/posts\/2649\/revisions"}],"predecessor-version":[{"id":2652,"href":"https:\/\/nisacar.ch\/fr\/wp-json\/wp\/v2\/posts\/2649\/revisions\/2652"}],"wp:featuredmedia":[{"embeddable":true,"href":"https:\/\/nisacar.ch\/fr\/wp-json\/wp\/v2\/media\/2650"}],"wp:attachment":[{"href":"https:\/\/nisacar.ch\/fr\/wp-json\/wp\/v2\/media?parent=2649"}],"wp:term":[{"taxonomy":"category","embeddable":true,"href":"https:\/\/nisacar.ch\/fr\/wp-json\/wp\/v2\/categories?post=2649"},{"taxonomy":"post_tag","embeddable":true,"href":"https:\/\/nisacar.ch\/fr\/wp-json\/wp\/v2\/tags?post=2649"}],"curies":[{"name":"wp","href":"https:\/\/api.w.org\/{rel}","templated":true}]}}