{"id":2622,"date":"2026-03-09T14:22:10","date_gmt":"2026-03-09T13:22:10","guid":{"rendered":"https:\/\/nisacar.ch\/?p=2622"},"modified":"2026-03-09T14:22:15","modified_gmt":"2026-03-09T13:22:15","slug":"bremsbelaege-wechseln-luzern-2","status":"publish","type":"post","link":"https:\/\/nisacar.ch\/fr\/bremsbelaege-wechseln-luzern-2\/","title":{"rendered":"Bremsbel\u00e4ge wechseln Luzern \u2013 Wann ist ein Wechsel notwendig?"},"content":{"rendered":"\n<p class=\"\">Bremsbel\u00e4ge sind ein wichtiger Bestandteil der Bremsanlage eines Fahrzeugs. Sie sorgen daf\u00fcr, dass das Auto zuverl\u00e4ssig abbremst und sicher zum Stillstand kommt. Da Bremsbel\u00e4ge bei jeder Bremsung Reibung erzeugen, geh\u00f6ren sie zu den typischen Verschlei\u00dfteilen eines Autos.<\/p>\n\n\n\n<p class=\"\">Viele Autofahrer in der Region Luzern fragen sich daher, wann Bremsbel\u00e4ge gewechselt werden sollten und woran man erkennt, dass ein Austausch notwendig ist.<\/p>\n\n\n\n<h2 class=\"wp-block-heading\">Welche Aufgabe haben Bremsbel\u00e4ge?<\/h2>\n\n\n\n<p class=\"\">Bremsbel\u00e4ge dr\u00fccken beim Bremsen gegen die Bremsscheibe. Durch die Reibung zwischen Belag und Scheibe wird das Fahrzeug verlangsamt. Mit der Zeit nutzen sich die Bremsbel\u00e4ge jedoch ab.<\/p>\n\n\n\n<p class=\"\">Ein regelm\u00e4\u00dfiger <a href=\"https:\/\/nisacar.ch\/leistungen\/reifen-bremsenservice\/\">Reifen- &amp; Bremsenservice<\/a> hilft dabei, den Zustand der Bremsanlage zu \u00fcberpr\u00fcfen.<\/p>\n\n\n\n<h2 class=\"wp-block-heading\">Wie erkennt man verschlissene Bremsbel\u00e4ge?<\/h2>\n\n\n\n<p class=\"\">Es gibt mehrere Anzeichen daf\u00fcr, dass Bremsbel\u00e4ge gewechselt werden sollten.<\/p>\n\n\n\n<ul class=\"wp-block-list\">\n<li class=\"\">quietschende Ger\u00e4usche beim Bremsen<\/li>\n\n\n\n<li class=\"\">verl\u00e4ngerter Bremsweg<\/li>\n\n\n\n<li class=\"\">Vibrationen beim Bremsen<\/li>\n\n\n\n<li class=\"\">Warnleuchte im Armaturenbrett<\/li>\n<\/ul>\n\n\n\n<p class=\"\">Wenn eines dieser Symptome auftritt, sollte das Fahrzeug m\u00f6glichst bald \u00fcberpr\u00fcft werden.<\/p>\n\n\n\n<h2 class=\"wp-block-heading\">Wie lange halten Bremsbel\u00e4ge?<\/h2>\n\n\n\n<p class=\"\">Die Lebensdauer von Bremsbel\u00e4gen h\u00e4ngt stark von der Fahrweise und den Fahrbedingungen ab. In vielen F\u00e4llen halten Bremsbel\u00e4ge zwischen 30.000 und 70.000 Kilometer.<\/p>\n\n\n\n<p class=\"\">Mehr dar\u00fcber erfahren Sie auch in unserem Artikel \u00fcber <a href=\"https:\/\/nisacar.ch\/fr\/wie-lange-halten-bremsbelaege\/\">Wie lange halten Bremsbel\u00e4ge?<\/a>.<\/p>\n\n\n\n<h2 class=\"wp-block-heading\">Warum sollte man Bremsbel\u00e4ge rechtzeitig wechseln?<\/h2>\n\n\n\n<p class=\"\">Wenn Bremsbel\u00e4ge vollst\u00e4ndig abgenutzt sind, k\u00f6nnen sie die Bremsscheiben besch\u00e4digen. Dadurch entstehen deutlich h\u00f6here Reparaturkosten.<\/p>\n\n\n\n<p class=\"\">Ein rechtzeitiger Wechsel sch\u00fctzt daher sowohl die Sicherheit als auch andere Fahrzeugteile.<\/p>\n\n\n\n<h2 class=\"wp-block-heading\">Weitere wichtige Fahrzeugservices<\/h2>\n\n\n\n<p class=\"\">Neben der Bremsanlage sollten auch andere Fahrzeugteile regelm\u00e4\u00dfig \u00fcberpr\u00fcft werden.<\/p>\n\n\n\n<p class=\"\">Ein <a href=\"https:\/\/nisacar.ch\/leistungen\/scheibenservice\/\">Scheibenservice<\/a> kann Sch\u00e4den an der Windschutzscheibe fr\u00fchzeitig erkennen.<\/p>\n\n\n\n<p class=\"\">Auch eine professionelle <a href=\"https:\/\/nisacar.ch\/leistungen\/autoaufbereitung-detailing\/\">Autoaufbereitung &amp; Detailing<\/a> tr\u00e4gt zum Werterhalt Ihres Fahrzeugs bei.<\/p>\n\n\n\n<h2 class=\"wp-block-heading\">Bremsbel\u00e4ge wechseln in der Region Luzern<\/h2>\n\n\n\n<p class=\"\">NISA Car befindet sich in Schenkon und betreut Kunden aus Luzern, Sursee, Sempach und der gesamten Region. Das Team \u00fcberpr\u00fcft die Bremsanlage sorgf\u00e4ltig und sorgt daf\u00fcr, dass Ihr Fahrzeug sicher unterwegs ist.<\/p>\n\n\n\n<p class=\"\">Wenn Sie au\u00dferdem ein Fahrzeug suchen, k\u00f6nnen Sie sich die aktuellen <a href=\"https:\/\/nisacar.ch\/automobile\/\">Occasion Fahrzeuge<\/a> ansehen.<\/p>\n\n\n\n<p class=\"\">F\u00fcr eine Terminvereinbarung k\u00f6nnen Sie jederzeit <a href=\"https:\/\/nisacar.ch\/kontakt\/\">Kontakt aufnehmen<\/a>.<\/p>\n\n\n\n<p class=\"\">Mehr \u00fcber das Unternehmen erfahren Sie auch auf der Seite <a href=\"https:\/\/nisacar.ch\/uber-uns\/\">\u00dcber uns<\/a>.<\/p>\n\n\n\n<h3 class=\"wp-block-heading\">Weitere hilfreiche Artikel<\/h3>\n\n\n\n<ul class=\"wp-block-list\">\n<li class=\"\"><a href=\"https:\/\/nisacar.ch\/fr\/bremsenservice-sursee-sempach\/\">Bremsenservice Sursee &amp; Sempach<\/a><\/li>\n\n\n\n<li class=\"\"><a href=\"https:\/\/nisacar.ch\/fr\/reifenwechsel-sursee-schenkon\/\">Reifenwechsel Sursee &amp; Schenkon<\/a><\/li>\n\n\n\n<li class=\"\"><a href=\"https:\/\/nisacar.ch\/fr\/wie-lange-halten-bremsbelaege\/\">Wie lange halten Bremsbel\u00e4ge?<\/a><\/li>\n<\/ul>\n\n\n\n<hr class=\"wp-block-separator has-alpha-channel-opacity\"\/>\n\n\n\n<p class=\"\"><strong>Kategorie:<\/strong> Reifen &amp; Bremsen<\/p>\n\n\n\n<p class=\"\"><strong>Tags:<\/strong> Bremsbel\u00e4ge wechseln, Bremsenservice, Bremssystem, Autoservice, Luzern<\/p>\n","protected":false},"excerpt":{"rendered":"<p>Bremsbel\u00e4ge sind ein wichtiger Bestandteil der Bremsanlage eines Fahrzeugs. Sie sorgen daf\u00fcr, dass das Auto zuverl\u00e4ssig abbremst und sicher zum Stillstand kommt. Da Bremsbel\u00e4ge bei jeder<span class=\"excerpt-hellip\"> [\u2026]<\/span><\/p>\n","protected":false},"author":2,"featured_media":2623,"comment_status":"closed","ping_status":"closed","sticky":false,"template":"","format":"standard","meta":{"_acf_changed":false,"nf_dc_page":"","_jetpack_memberships_contains_paid_content":false,"footnotes":""},"categories":[19],"tags":[50,55],"class_list":["post-2622","post","type-post","status-publish","format-standard","has-post-thumbnail","hentry","category-reifen-bremsen","tag-autoservice","tag-luzern"],"acf":[],"yoast_head":"<!-- This site is optimized with the Yoast SEO plugin v27.5 - https:\/\/yoast.com\/product\/yoast-seo-wordpress\/ -->\n<title>Bremsbel\u00e4ge wechseln Luzern \u2013 Wann ist es n\u00f6tig?<\/title>\n<meta name=\"description\" content=\"Bremsbel\u00e4ge wechseln Luzern: Wann Bremsbel\u00e4ge ersetzt werden sollten und warum ein rechtzeitiger Wechsel wichtig ist.\" \/>\n<meta name=\"robots\" content=\"index, follow, max-snippet:-1, max-image-preview:large, max-video-preview:-1\" \/>\n<link rel=\"canonical\" href=\"https:\/\/nisacar.ch\/fr\/bremsbelaege-wechseln-luzern-2\/\" \/>\n<meta property=\"og:locale\" content=\"fr_FR\" \/>\n<meta property=\"og:type\" content=\"article\" \/>\n<meta property=\"og:title\" content=\"Bremsbel\u00e4ge wechseln Luzern \u2013 Wann ist es n\u00f6tig?\" \/>\n<meta property=\"og:description\" content=\"Bremsbel\u00e4ge wechseln Luzern: Wann Bremsbel\u00e4ge ersetzt werden sollten und warum ein rechtzeitiger Wechsel wichtig ist.\" \/>\n<meta property=\"og:url\" content=\"https:\/\/nisacar.ch\/fr\/bremsbelaege-wechseln-luzern-2\/\" \/>\n<meta property=\"og:site_name\" content=\"NISA Car\" \/>\n<meta property=\"article:publisher\" content=\"https:\/\/www.facebook.com\/nisacar.ch1\" \/>\n<meta property=\"article:published_time\" content=\"2026-03-09T13:22:10+00:00\" \/>\n<meta property=\"article:modified_time\" content=\"2026-03-09T13:22:15+00:00\" \/>\n<meta property=\"og:image\" content=\"https:\/\/nisacar.ch\/wp-content\/uploads\/2026\/03\/Bremsbelage-wechseln-Luzern-Bremsbelage-wechseln-Luzern-Wann-Bremsbelage-ersetzt-werden-sollten-und-warum-ein-rechtzeitiger-Wechsel-wichtig-ist.-Category-Reifen-Bremsen-Tags-Bremsbelage-wechse.jpg\" \/>\n\t<meta property=\"og:image:width\" content=\"1200\" \/>\n\t<meta property=\"og:image:height\" content=\"850\" \/>\n\t<meta property=\"og:image:type\" content=\"image\/jpeg\" \/>\n<meta name=\"author\" content=\"Bojan Atanasov\" \/>\n<meta name=\"twitter:card\" content=\"summary_large_image\" \/>\n<meta name=\"twitter:label1\" content=\"\u00c9crit par\" \/>\n\t<meta name=\"twitter:data1\" content=\"Bojan Atanasov\" \/>\n\t<meta name=\"twitter:label2\" content=\"Dur\u00e9e de lecture estim\u00e9e\" \/>\n\t<meta name=\"twitter:data2\" content=\"2 minutes\" \/>\n<script type=\"application\/ld+json\" class=\"yoast-schema-graph\">{\"@context\":\"https:\\\/\\\/schema.org\",\"@graph\":[{\"@type\":\"Article\",\"@id\":\"https:\\\/\\\/nisacar.ch\\\/fr\\\/bremsbelaege-wechseln-luzern-2\\\/#article\",\"isPartOf\":{\"@id\":\"https:\\\/\\\/nisacar.ch\\\/fr\\\/bremsbelaege-wechseln-luzern-2\\\/\"},\"author\":{\"name\":\"Bojan Atanasov\",\"@id\":\"https:\\\/\\\/nisacar.ch\\\/fr\\\/#\\\/schema\\\/person\\\/d92360346fc54e6f3ccb5f67baa14403\"},\"headline\":\"Bremsbel\u00e4ge wechseln Luzern \u2013 Wann ist ein Wechsel notwendig?\",\"datePublished\":\"2026-03-09T13:22:10+00:00\",\"dateModified\":\"2026-03-09T13:22:15+00:00\",\"mainEntityOfPage\":{\"@id\":\"https:\\\/\\\/nisacar.ch\\\/fr\\\/bremsbelaege-wechseln-luzern-2\\\/\"},\"wordCount\":404,\"publisher\":{\"@id\":\"https:\\\/\\\/nisacar.ch\\\/fr\\\/#organization\"},\"image\":{\"@id\":\"https:\\\/\\\/nisacar.ch\\\/fr\\\/bremsbelaege-wechseln-luzern-2\\\/#primaryimage\"},\"thumbnailUrl\":\"https:\\\/\\\/i0.wp.com\\\/nisacar.ch\\\/wp-content\\\/uploads\\\/2026\\\/03\\\/Bremsbelage-wechseln-Luzern-Bremsbelage-wechseln-Luzern-Wann-Bremsbelage-ersetzt-werden-sollten-und-warum-ein-rechtzeitiger-Wechsel-wichtig-ist.-Category-Reifen-Bremsen-Tags-Bremsbelage-wechse.jpg?fit=1200%2C850&ssl=1\",\"keywords\":[\"Autoservice\",\"Luzern\"],\"articleSection\":[\"Reifen &amp; Bremsen\"],\"inLanguage\":\"fr-FR\"},{\"@type\":\"WebPage\",\"@id\":\"https:\\\/\\\/nisacar.ch\\\/fr\\\/bremsbelaege-wechseln-luzern-2\\\/\",\"url\":\"https:\\\/\\\/nisacar.ch\\\/fr\\\/bremsbelaege-wechseln-luzern-2\\\/\",\"name\":\"Bremsbel\u00e4ge wechseln Luzern \u2013 Wann ist es n\u00f6tig?\",\"isPartOf\":{\"@id\":\"https:\\\/\\\/nisacar.ch\\\/fr\\\/#website\"},\"primaryImageOfPage\":{\"@id\":\"https:\\\/\\\/nisacar.ch\\\/fr\\\/bremsbelaege-wechseln-luzern-2\\\/#primaryimage\"},\"image\":{\"@id\":\"https:\\\/\\\/nisacar.ch\\\/fr\\\/bremsbelaege-wechseln-luzern-2\\\/#primaryimage\"},\"thumbnailUrl\":\"https:\\\/\\\/i0.wp.com\\\/nisacar.ch\\\/wp-content\\\/uploads\\\/2026\\\/03\\\/Bremsbelage-wechseln-Luzern-Bremsbelage-wechseln-Luzern-Wann-Bremsbelage-ersetzt-werden-sollten-und-warum-ein-rechtzeitiger-Wechsel-wichtig-ist.-Category-Reifen-Bremsen-Tags-Bremsbelage-wechse.jpg?fit=1200%2C850&ssl=1\",\"datePublished\":\"2026-03-09T13:22:10+00:00\",\"dateModified\":\"2026-03-09T13:22:15+00:00\",\"description\":\"Bremsbel\u00e4ge wechseln Luzern: Wann Bremsbel\u00e4ge ersetzt werden sollten und warum ein rechtzeitiger Wechsel wichtig ist.\",\"breadcrumb\":{\"@id\":\"https:\\\/\\\/nisacar.ch\\\/fr\\\/bremsbelaege-wechseln-luzern-2\\\/#breadcrumb\"},\"inLanguage\":\"fr-FR\",\"potentialAction\":[{\"@type\":\"ReadAction\",\"target\":[\"https:\\\/\\\/nisacar.ch\\\/fr\\\/bremsbelaege-wechseln-luzern-2\\\/\"]}]},{\"@type\":\"ImageObject\",\"inLanguage\":\"fr-FR\",\"@id\":\"https:\\\/\\\/nisacar.ch\\\/fr\\\/bremsbelaege-wechseln-luzern-2\\\/#primaryimage\",\"url\":\"https:\\\/\\\/i0.wp.com\\\/nisacar.ch\\\/wp-content\\\/uploads\\\/2026\\\/03\\\/Bremsbelage-wechseln-Luzern-Bremsbelage-wechseln-Luzern-Wann-Bremsbelage-ersetzt-werden-sollten-und-warum-ein-rechtzeitiger-Wechsel-wichtig-ist.-Category-Reifen-Bremsen-Tags-Bremsbelage-wechse.jpg?fit=1200%2C850&ssl=1\",\"contentUrl\":\"https:\\\/\\\/i0.wp.com\\\/nisacar.ch\\\/wp-content\\\/uploads\\\/2026\\\/03\\\/Bremsbelage-wechseln-Luzern-Bremsbelage-wechseln-Luzern-Wann-Bremsbelage-ersetzt-werden-sollten-und-warum-ein-rechtzeitiger-Wechsel-wichtig-ist.-Category-Reifen-Bremsen-Tags-Bremsbelage-wechse.jpg?fit=1200%2C850&ssl=1\",\"width\":1200,\"height\":850,\"caption\":\"Bremsbel\u00e4ge wechseln Luzern Bremsbel\u00e4ge wechseln Luzern Wann Bremsbel\u00e4ge ersetzt werden sollten und warum ein rechtzeitiger Wechsel wichtig ist. Category Reifen & Bremsen Tags Bremsbel\u00e4ge wechse\"},{\"@type\":\"BreadcrumbList\",\"@id\":\"https:\\\/\\\/nisacar.ch\\\/fr\\\/bremsbelaege-wechseln-luzern-2\\\/#breadcrumb\",\"itemListElement\":[{\"@type\":\"ListItem\",\"position\":1,\"name\":\"Home\",\"item\":\"https:\\\/\\\/nisacar.ch\\\/fr\\\/\"},{\"@type\":\"ListItem\",\"position\":2,\"name\":\"Bremsbel\u00e4ge wechseln Luzern \u2013 Wann ist ein Wechsel notwendig?\"}]},{\"@type\":\"WebSite\",\"@id\":\"https:\\\/\\\/nisacar.ch\\\/fr\\\/#website\",\"url\":\"https:\\\/\\\/nisacar.ch\\\/fr\\\/\",\"name\":\"NISA Car\",\"description\":\"Perfekte Pflege. Faire Preise. Schweizer Qualit\u00e4t.\",\"publisher\":{\"@id\":\"https:\\\/\\\/nisacar.ch\\\/fr\\\/#organization\"},\"potentialAction\":[{\"@type\":\"SearchAction\",\"target\":{\"@type\":\"EntryPoint\",\"urlTemplate\":\"https:\\\/\\\/nisacar.ch\\\/fr\\\/?s={search_term_string}\"},\"query-input\":{\"@type\":\"PropertyValueSpecification\",\"valueRequired\":true,\"valueName\":\"search_term_string\"}}],\"inLanguage\":\"fr-FR\"},{\"@type\":\"Organization\",\"@id\":\"https:\\\/\\\/nisacar.ch\\\/fr\\\/#organization\",\"name\":\"NISA Car Angelov\",\"url\":\"https:\\\/\\\/nisacar.ch\\\/fr\\\/\",\"logo\":{\"@type\":\"ImageObject\",\"inLanguage\":\"fr-FR\",\"@id\":\"https:\\\/\\\/nisacar.ch\\\/fr\\\/#\\\/schema\\\/logo\\\/image\\\/\",\"url\":\"https:\\\/\\\/i0.wp.com\\\/nisacar.ch\\\/wp-content\\\/uploads\\\/2025\\\/10\\\/cropped-za_autoscout-removebg-preview-Copy.png?fit=420%2C150&ssl=1\",\"contentUrl\":\"https:\\\/\\\/i0.wp.com\\\/nisacar.ch\\\/wp-content\\\/uploads\\\/2025\\\/10\\\/cropped-za_autoscout-removebg-preview-Copy.png?fit=420%2C150&ssl=1\",\"width\":420,\"height\":150,\"caption\":\"NISA Car Angelov\"},\"image\":{\"@id\":\"https:\\\/\\\/nisacar.ch\\\/fr\\\/#\\\/schema\\\/logo\\\/image\\\/\"},\"sameAs\":[\"https:\\\/\\\/www.facebook.com\\\/nisacar.ch1\",\"https:\\\/\\\/www.instagram.com\\\/nisacar_ch\\\/\"]},{\"@type\":\"Person\",\"@id\":\"https:\\\/\\\/nisacar.ch\\\/fr\\\/#\\\/schema\\\/person\\\/d92360346fc54e6f3ccb5f67baa14403\",\"name\":\"Bojan Atanasov\",\"image\":{\"@type\":\"ImageObject\",\"inLanguage\":\"fr-FR\",\"@id\":\"https:\\\/\\\/secure.gravatar.com\\\/avatar\\\/2bed02e9a515199a35221b37b3e7871dfba34ba0309d41356bb19e8e3795914d?s=96&d=mm&r=g\",\"url\":\"https:\\\/\\\/secure.gravatar.com\\\/avatar\\\/2bed02e9a515199a35221b37b3e7871dfba34ba0309d41356bb19e8e3795914d?s=96&d=mm&r=g\",\"contentUrl\":\"https:\\\/\\\/secure.gravatar.com\\\/avatar\\\/2bed02e9a515199a35221b37b3e7871dfba34ba0309d41356bb19e8e3795914d?s=96&d=mm&r=g\",\"caption\":\"Bojan Atanasov\"},\"sameAs\":[\"https:\\\/\\\/lumovo.ch\"],\"url\":\"https:\\\/\\\/nisacar.ch\\\/fr\\\/author\\\/atanasov1995\\\/\"}]}<\/script>\n<!-- \/ Yoast SEO plugin. -->","yoast_head_json":{"title":"Bremsbel\u00e4ge wechseln Luzern \u2013 Wann ist es n\u00f6tig?","description":"Bremsbel\u00e4ge wechseln Luzern: Wann Bremsbel\u00e4ge ersetzt werden sollten und warum ein rechtzeitiger Wechsel wichtig ist.","robots":{"index":"index","follow":"follow","max-snippet":"max-snippet:-1","max-image-preview":"max-image-preview:large","max-video-preview":"max-video-preview:-1"},"canonical":"https:\/\/nisacar.ch\/fr\/bremsbelaege-wechseln-luzern-2\/","og_locale":"fr_FR","og_type":"article","og_title":"Bremsbel\u00e4ge wechseln Luzern \u2013 Wann ist es n\u00f6tig?","og_description":"Bremsbel\u00e4ge wechseln Luzern: Wann Bremsbel\u00e4ge ersetzt werden sollten und warum ein rechtzeitiger Wechsel wichtig ist.","og_url":"https:\/\/nisacar.ch\/fr\/bremsbelaege-wechseln-luzern-2\/","og_site_name":"NISA Car","article_publisher":"https:\/\/www.facebook.com\/nisacar.ch1","article_published_time":"2026-03-09T13:22:10+00:00","article_modified_time":"2026-03-09T13:22:15+00:00","og_image":[{"width":1200,"height":850,"url":"https:\/\/nisacar.ch\/wp-content\/uploads\/2026\/03\/Bremsbelage-wechseln-Luzern-Bremsbelage-wechseln-Luzern-Wann-Bremsbelage-ersetzt-werden-sollten-und-warum-ein-rechtzeitiger-Wechsel-wichtig-ist.-Category-Reifen-Bremsen-Tags-Bremsbelage-wechse.jpg","type":"image\/jpeg"}],"author":"Bojan Atanasov","twitter_card":"summary_large_image","twitter_misc":{"\u00c9crit par":"Bojan Atanasov","Dur\u00e9e de lecture estim\u00e9e":"2 minutes"},"schema":{"@context":"https:\/\/schema.org","@graph":[{"@type":"Article","@id":"https:\/\/nisacar.ch\/fr\/bremsbelaege-wechseln-luzern-2\/#article","isPartOf":{"@id":"https:\/\/nisacar.ch\/fr\/bremsbelaege-wechseln-luzern-2\/"},"author":{"name":"Bojan Atanasov","@id":"https:\/\/nisacar.ch\/fr\/#\/schema\/person\/d92360346fc54e6f3ccb5f67baa14403"},"headline":"Bremsbel\u00e4ge wechseln Luzern \u2013 Wann ist ein Wechsel notwendig?","datePublished":"2026-03-09T13:22:10+00:00","dateModified":"2026-03-09T13:22:15+00:00","mainEntityOfPage":{"@id":"https:\/\/nisacar.ch\/fr\/bremsbelaege-wechseln-luzern-2\/"},"wordCount":404,"publisher":{"@id":"https:\/\/nisacar.ch\/fr\/#organization"},"image":{"@id":"https:\/\/nisacar.ch\/fr\/bremsbelaege-wechseln-luzern-2\/#primaryimage"},"thumbnailUrl":"https:\/\/i0.wp.com\/nisacar.ch\/wp-content\/uploads\/2026\/03\/Bremsbelage-wechseln-Luzern-Bremsbelage-wechseln-Luzern-Wann-Bremsbelage-ersetzt-werden-sollten-und-warum-ein-rechtzeitiger-Wechsel-wichtig-ist.-Category-Reifen-Bremsen-Tags-Bremsbelage-wechse.jpg?fit=1200%2C850&ssl=1","keywords":["Autoservice","Luzern"],"articleSection":["Reifen &amp; Bremsen"],"inLanguage":"fr-FR"},{"@type":"WebPage","@id":"https:\/\/nisacar.ch\/fr\/bremsbelaege-wechseln-luzern-2\/","url":"https:\/\/nisacar.ch\/fr\/bremsbelaege-wechseln-luzern-2\/","name":"Bremsbel\u00e4ge wechseln Luzern \u2013 Wann ist es n\u00f6tig?","isPartOf":{"@id":"https:\/\/nisacar.ch\/fr\/#website"},"primaryImageOfPage":{"@id":"https:\/\/nisacar.ch\/fr\/bremsbelaege-wechseln-luzern-2\/#primaryimage"},"image":{"@id":"https:\/\/nisacar.ch\/fr\/bremsbelaege-wechseln-luzern-2\/#primaryimage"},"thumbnailUrl":"https:\/\/i0.wp.com\/nisacar.ch\/wp-content\/uploads\/2026\/03\/Bremsbelage-wechseln-Luzern-Bremsbelage-wechseln-Luzern-Wann-Bremsbelage-ersetzt-werden-sollten-und-warum-ein-rechtzeitiger-Wechsel-wichtig-ist.-Category-Reifen-Bremsen-Tags-Bremsbelage-wechse.jpg?fit=1200%2C850&ssl=1","datePublished":"2026-03-09T13:22:10+00:00","dateModified":"2026-03-09T13:22:15+00:00","description":"Bremsbel\u00e4ge wechseln Luzern: Wann Bremsbel\u00e4ge ersetzt werden sollten und warum ein rechtzeitiger Wechsel wichtig ist.","breadcrumb":{"@id":"https:\/\/nisacar.ch\/fr\/bremsbelaege-wechseln-luzern-2\/#breadcrumb"},"inLanguage":"fr-FR","potentialAction":[{"@type":"ReadAction","target":["https:\/\/nisacar.ch\/fr\/bremsbelaege-wechseln-luzern-2\/"]}]},{"@type":"ImageObject","inLanguage":"fr-FR","@id":"https:\/\/nisacar.ch\/fr\/bremsbelaege-wechseln-luzern-2\/#primaryimage","url":"https:\/\/i0.wp.com\/nisacar.ch\/wp-content\/uploads\/2026\/03\/Bremsbelage-wechseln-Luzern-Bremsbelage-wechseln-Luzern-Wann-Bremsbelage-ersetzt-werden-sollten-und-warum-ein-rechtzeitiger-Wechsel-wichtig-ist.-Category-Reifen-Bremsen-Tags-Bremsbelage-wechse.jpg?fit=1200%2C850&ssl=1","contentUrl":"https:\/\/i0.wp.com\/nisacar.ch\/wp-content\/uploads\/2026\/03\/Bremsbelage-wechseln-Luzern-Bremsbelage-wechseln-Luzern-Wann-Bremsbelage-ersetzt-werden-sollten-und-warum-ein-rechtzeitiger-Wechsel-wichtig-ist.-Category-Reifen-Bremsen-Tags-Bremsbelage-wechse.jpg?fit=1200%2C850&ssl=1","width":1200,"height":850,"caption":"Bremsbel\u00e4ge wechseln Luzern Bremsbel\u00e4ge wechseln Luzern Wann Bremsbel\u00e4ge ersetzt werden sollten und warum ein rechtzeitiger Wechsel wichtig ist. Category Reifen & Bremsen Tags Bremsbel\u00e4ge wechse"},{"@type":"BreadcrumbList","@id":"https:\/\/nisacar.ch\/fr\/bremsbelaege-wechseln-luzern-2\/#breadcrumb","itemListElement":[{"@type":"ListItem","position":1,"name":"Home","item":"https:\/\/nisacar.ch\/fr\/"},{"@type":"ListItem","position":2,"name":"Bremsbel\u00e4ge wechseln Luzern \u2013 Wann ist ein Wechsel notwendig?"}]},{"@type":"WebSite","@id":"https:\/\/nisacar.ch\/fr\/#website","url":"https:\/\/nisacar.ch\/fr\/","name":"NISA Car","description":"Perfekte Pflege. Faire Preise. Schweizer Qualit\u00e4t.","publisher":{"@id":"https:\/\/nisacar.ch\/fr\/#organization"},"potentialAction":[{"@type":"SearchAction","target":{"@type":"EntryPoint","urlTemplate":"https:\/\/nisacar.ch\/fr\/?s={search_term_string}"},"query-input":{"@type":"PropertyValueSpecification","valueRequired":true,"valueName":"search_term_string"}}],"inLanguage":"fr-FR"},{"@type":"Organization","@id":"https:\/\/nisacar.ch\/fr\/#organization","name":"NISA Car Angelov","url":"https:\/\/nisacar.ch\/fr\/","logo":{"@type":"ImageObject","inLanguage":"fr-FR","@id":"https:\/\/nisacar.ch\/fr\/#\/schema\/logo\/image\/","url":"https:\/\/i0.wp.com\/nisacar.ch\/wp-content\/uploads\/2025\/10\/cropped-za_autoscout-removebg-preview-Copy.png?fit=420%2C150&ssl=1","contentUrl":"https:\/\/i0.wp.com\/nisacar.ch\/wp-content\/uploads\/2025\/10\/cropped-za_autoscout-removebg-preview-Copy.png?fit=420%2C150&ssl=1","width":420,"height":150,"caption":"NISA Car Angelov"},"image":{"@id":"https:\/\/nisacar.ch\/fr\/#\/schema\/logo\/image\/"},"sameAs":["https:\/\/www.facebook.com\/nisacar.ch1","https:\/\/www.instagram.com\/nisacar_ch\/"]},{"@type":"Person","@id":"https:\/\/nisacar.ch\/fr\/#\/schema\/person\/d92360346fc54e6f3ccb5f67baa14403","name":"Bojan Atanasov","image":{"@type":"ImageObject","inLanguage":"fr-FR","@id":"https:\/\/secure.gravatar.com\/avatar\/2bed02e9a515199a35221b37b3e7871dfba34ba0309d41356bb19e8e3795914d?s=96&d=mm&r=g","url":"https:\/\/secure.gravatar.com\/avatar\/2bed02e9a515199a35221b37b3e7871dfba34ba0309d41356bb19e8e3795914d?s=96&d=mm&r=g","contentUrl":"https:\/\/secure.gravatar.com\/avatar\/2bed02e9a515199a35221b37b3e7871dfba34ba0309d41356bb19e8e3795914d?s=96&d=mm&r=g","caption":"Bojan Atanasov"},"sameAs":["https:\/\/lumovo.ch"],"url":"https:\/\/nisacar.ch\/fr\/author\/atanasov1995\/"}]}},"jetpack_featured_media_url":"https:\/\/i0.wp.com\/nisacar.ch\/wp-content\/uploads\/2026\/03\/Bremsbelage-wechseln-Luzern-Bremsbelage-wechseln-Luzern-Wann-Bremsbelage-ersetzt-werden-sollten-und-warum-ein-rechtzeitiger-Wechsel-wichtig-ist.-Category-Reifen-Bremsen-Tags-Bremsbelage-wechse.jpg?fit=1200%2C850&ssl=1","jetpack_sharing_enabled":true,"_links":{"self":[{"href":"https:\/\/nisacar.ch\/fr\/wp-json\/wp\/v2\/posts\/2622","targetHints":{"allow":["GET"]}}],"collection":[{"href":"https:\/\/nisacar.ch\/fr\/wp-json\/wp\/v2\/posts"}],"about":[{"href":"https:\/\/nisacar.ch\/fr\/wp-json\/wp\/v2\/types\/post"}],"author":[{"embeddable":true,"href":"https:\/\/nisacar.ch\/fr\/wp-json\/wp\/v2\/users\/2"}],"replies":[{"embeddable":true,"href":"https:\/\/nisacar.ch\/fr\/wp-json\/wp\/v2\/comments?post=2622"}],"version-history":[{"count":2,"href":"https:\/\/nisacar.ch\/fr\/wp-json\/wp\/v2\/posts\/2622\/revisions"}],"predecessor-version":[{"id":2625,"href":"https:\/\/nisacar.ch\/fr\/wp-json\/wp\/v2\/posts\/2622\/revisions\/2625"}],"wp:featuredmedia":[{"embeddable":true,"href":"https:\/\/nisacar.ch\/fr\/wp-json\/wp\/v2\/media\/2623"}],"wp:attachment":[{"href":"https:\/\/nisacar.ch\/fr\/wp-json\/wp\/v2\/media?parent=2622"}],"wp:term":[{"taxonomy":"category","embeddable":true,"href":"https:\/\/nisacar.ch\/fr\/wp-json\/wp\/v2\/categories?post=2622"},{"taxonomy":"post_tag","embeddable":true,"href":"https:\/\/nisacar.ch\/fr\/wp-json\/wp\/v2\/tags?post=2622"}],"curies":[{"name":"wp","href":"https:\/\/api.w.org\/{rel}","templated":true}]}}