{"id":2565,"date":"2026-03-01T13:07:43","date_gmt":"2026-03-01T12:07:43","guid":{"rendered":"https:\/\/nisacar.ch\/?p=2565"},"modified":"2026-03-09T13:15:45","modified_gmt":"2026-03-09T12:15:45","slug":"riss-windschutzscheibe-fahren","status":"publish","type":"post","link":"https:\/\/nisacar.ch\/fr\/riss-windschutzscheibe-fahren\/","title":{"rendered":"Riss in der Windschutzscheibe \u2013 Darf man noch fahren?"},"content":{"rendered":"\n<p class=\"\">Ein Riss in der Windschutzscheibe kann f\u00fcr viele Autofahrer zun\u00e4chst harmlos wirken. Doch selbst kleine Sch\u00e4den k\u00f6nnen sich schnell vergr\u00f6\u00dfern und zu einem Sicherheitsrisiko werden.<\/p>\n\n\n\n<p class=\"\">Viele Fahrer stellen sich deshalb die Frage: Darf man mit einem Riss in der Windschutzscheibe \u00fcberhaupt noch fahren? In diesem Artikel erkl\u00e4ren wir, worauf Sie achten sollten.<\/p>\n\n\n\n<h2 class=\"wp-block-heading\">Warum ist die Windschutzscheibe so wichtig?<\/h2>\n\n\n\n<p class=\"\">Die Windschutzscheibe ist nicht nur ein Schutz vor Wind und Regen. Sie tr\u00e4gt auch zur Stabilit\u00e4t der Fahrzeugkarosserie bei und unterst\u00fctzt die Funktion der Airbags.<\/p>\n\n\n\n<p class=\"\">Wenn die Scheibe besch\u00e4digt ist, kann die Stabilit\u00e4t des Fahrzeugs beeintr\u00e4chtigt werden.<\/p>\n\n\n\n<h2 class=\"wp-block-heading\">Darf man mit einem Riss in der Windschutzscheibe fahren?<\/h2>\n\n\n\n<p class=\"\">Grunds\u00e4tzlich kann ein kleiner Riss kurzfristig noch fahrbar sein. Allerdings h\u00e4ngt dies stark von der Gr\u00f6\u00dfe und Position des Schadens ab.<\/p>\n\n\n\n<p class=\"\">In folgenden F\u00e4llen sollte das Fahrzeug m\u00f6glichst schnell \u00fcberpr\u00fcft werden:<\/p>\n\n\n\n<ul class=\"wp-block-list\">\n<li class=\"\">der Riss befindet sich im Sichtfeld des Fahrers<\/li>\n\n\n\n<li class=\"\">der Riss wird mit der Zeit gr\u00f6\u00dfer<\/li>\n\n\n\n<li class=\"\">mehrere Sch\u00e4den sind vorhanden<\/li>\n\n\n\n<li class=\"\">die Stabilit\u00e4t der Scheibe ist beeintr\u00e4chtigt<\/li>\n<\/ul>\n\n\n\n<p class=\"\">In solchen F\u00e4llen ist eine schnelle Reparatur wichtig.<\/p>\n\n\n\n<h2 class=\"wp-block-heading\">Wann ist eine Reparatur m\u00f6glich?<\/h2>\n\n\n\n<p class=\"\">Kleine Sch\u00e4den k\u00f6nnen oft repariert werden. Bei einer Reparatur wird ein spezielles Harz in die besch\u00e4digte Stelle eingef\u00fcllt, wodurch das Glas stabilisiert wird.<\/p>\n\n\n\n<p class=\"\">Ein professioneller <a href=\"https:\/\/nisacar.ch\/leistungen\/scheibenservice\/\">Scheibenservice<\/a> kann beurteilen, ob eine Reparatur m\u00f6glich ist.<\/p>\n\n\n\n<p class=\"\">Mehr dar\u00fcber erfahren Sie auch in unserem Artikel \u00fcber <a href=\"https:\/\/nisacar.ch\/fr\/steinschlag-reparatur-sursee-schenkon\/\">Steinschlag Reparatur Sursee &amp; Schenkon<\/a>.<\/p>\n\n\n\n<h2 class=\"wp-block-heading\">Wann muss die Windschutzscheibe ersetzt werden?<\/h2>\n\n\n\n<p class=\"\">Wenn der Schaden zu gro\u00df ist oder sich ein langer Riss gebildet hat, muss die Windschutzscheibe ersetzt werden.<\/p>\n\n\n\n<p class=\"\">Mehr Informationen dazu finden Sie auch in unserem Artikel \u00fcber <a href=\"https:\/\/nisacar.ch\/fr\/windschutzscheibe-wechseln-sursee-sempach\/\">Windschutzscheibe wechseln Sursee &amp; Sempach<\/a>.<\/p>\n\n\n\n<h2 class=\"wp-block-heading\">Warum sollte ein Scheibenschaden schnell repariert werden?<\/h2>\n\n\n\n<p class=\"\">Temperaturschwankungen, Schlagl\u00f6cher oder Vibrationen k\u00f6nnen dazu f\u00fchren, dass sich ein kleiner Riss schnell vergr\u00f6\u00dfert.<\/p>\n\n\n\n<p class=\"\">Eine schnelle Reparatur spart h\u00e4ufig Kosten und verhindert gr\u00f6\u00dfere Sch\u00e4den.<\/p>\n\n\n\n<p class=\"\">Weitere Informationen zur Fahrzeugsicherheit finden Sie auch beim <a href=\"https:\/\/www.tcs.ch\" target=\"_blank\" rel=\"noreferrer noopener\">Touring Club Schweiz (TCS)<\/a>.<\/p>\n\n\n\n<h2 class=\"wp-block-heading\">Weitere wichtige Fahrzeugservices<\/h2>\n\n\n\n<p class=\"\">Neben der Windschutzscheibe sollten auch andere wichtige Fahrzeugteile regelm\u00e4\u00dfig \u00fcberpr\u00fcft werden.<\/p>\n\n\n\n<p class=\"\">Ein professioneller <a href=\"https:\/\/nisacar.ch\/leistungen\/reifen-bremsenservice\/\">Reifen- &amp; Bremsenservice<\/a> sorgt daf\u00fcr, dass Ihr Fahrzeug sicher unterwegs ist.<\/p>\n\n\n\n<p class=\"\">Auch eine <a href=\"https:\/\/nisacar.ch\/leistungen\/autoaufbereitung-detailing\/\">Autoaufbereitung &amp; Detailing<\/a> kann helfen, den Wert Ihres Fahrzeugs langfristig zu erhalten.<\/p>\n\n\n\n<h2 class=\"wp-block-heading\">Scheibenservice in der Region Luzern<\/h2>\n\n\n\n<p class=\"\">NISA Car befindet sich in Schenkon und betreut Kunden aus Luzern, Sursee, Sempach und der gesamten Region. Das Team bietet professionelle Reparaturen und den Austausch von Windschutzscheiben.<\/p>\n\n\n\n<p class=\"\">Wenn Sie au\u00dferdem ein Fahrzeug suchen, k\u00f6nnen Sie sich die aktuellen <a href=\"https:\/\/nisacar.ch\/automobile\/\">Occasion Fahrzeuge<\/a> ansehen.<\/p>\n\n\n\n<p class=\"\">F\u00fcr eine Beratung oder Terminvereinbarung k\u00f6nnen Sie jederzeit <a href=\"https:\/\/nisacar.ch\/kontakt\/\">Kontakt mit NISA Car aufnehmen<\/a>.<\/p>\n\n\n\n<p class=\"\">Mehr \u00fcber das Unternehmen erfahren Sie auf der Seite <a href=\"https:\/\/nisacar.ch\/uber-uns\/\">\u00dcber uns<\/a>.<\/p>\n\n\n\n<h3 class=\"wp-block-heading\">Weitere hilfreiche Artikel<\/h3>\n\n\n\n<ul class=\"wp-block-list\">\n<li class=\"\"><a href=\"https:\/\/nisacar.ch\/fr\/steinschlag-reparatur-sursee-schenkon\/\">Steinschlag Reparatur Sursee &amp; Schenkon<\/a><\/li>\n\n\n\n<li class=\"\"><a href=\"https:\/\/nisacar.ch\/fr\/windschutzscheibe-wechseln-sursee-sempach\/\">Windschutzscheibe wechseln Sursee &amp; Sempach<\/a><\/li>\n\n\n\n<li class=\"\"><a href=\"\/autoservice-luzern-wichtige-wartung-auto\/\">Autoservice Luzern \u2013 Wichtige Wartung f\u00fcr Ihr Auto<\/a><\/li>\n<\/ul>\n\n\n\n<hr class=\"wp-block-separator has-alpha-channel-opacity\"\/>\n\n\n\n<p class=\"\"><strong>Kategorie:<\/strong> Scheibenservice<\/p>\n\n\n\n<p class=\"\"><strong>Tags:<\/strong> Windschutzscheibe Riss, Scheibenservice, Autoglas, Autoservice, Luzern<\/p>\n","protected":false},"excerpt":{"rendered":"<p>Ein Riss in der Windschutzscheibe kann f\u00fcr viele Autofahrer zun\u00e4chst harmlos wirken. Doch selbst kleine Sch\u00e4den k\u00f6nnen sich schnell vergr\u00f6\u00dfern und zu einem Sicherheitsrisiko werden. Viele<span class=\"excerpt-hellip\"> [\u2026]<\/span><\/p>\n","protected":false},"author":2,"featured_media":2567,"comment_status":"closed","ping_status":"closed","sticky":false,"template":"","format":"standard","meta":{"_acf_changed":false,"nf_dc_page":"","_jetpack_memberships_contains_paid_content":false,"footnotes":""},"categories":[18],"tags":[83,50,55,76],"class_list":["post-2565","post","type-post","status-publish","format-standard","has-post-thumbnail","hentry","category-scheibenservice","tag-autoglas","tag-autoservice","tag-luzern","tag-scheibenservice"],"acf":[],"yoast_head":"<!-- This site is optimized with the Yoast SEO plugin v27.5 - https:\/\/yoast.com\/product\/yoast-seo-wordpress\/ -->\n<title>Riss in der Windschutzscheibe \u2013 Darf man fahren?<\/title>\n<meta name=\"description\" content=\"Riss in der Windschutzscheibe: Darf man noch fahren und wann sollte die Scheibe repariert oder ersetzt werden?\" \/>\n<meta name=\"robots\" content=\"index, follow, max-snippet:-1, max-image-preview:large, max-video-preview:-1\" \/>\n<link rel=\"canonical\" href=\"https:\/\/nisacar.ch\/fr\/riss-windschutzscheibe-fahren\/\" \/>\n<meta property=\"og:locale\" content=\"fr_FR\" \/>\n<meta property=\"og:type\" content=\"article\" \/>\n<meta property=\"og:title\" content=\"Riss in der Windschutzscheibe \u2013 Darf man fahren?\" \/>\n<meta property=\"og:description\" content=\"Riss in der Windschutzscheibe: Darf man noch fahren und wann sollte die Scheibe repariert oder ersetzt werden?\" \/>\n<meta property=\"og:url\" content=\"https:\/\/nisacar.ch\/fr\/riss-windschutzscheibe-fahren\/\" \/>\n<meta property=\"og:site_name\" content=\"NISA Car\" \/>\n<meta property=\"article:publisher\" content=\"https:\/\/www.facebook.com\/nisacar.ch1\" \/>\n<meta property=\"article:published_time\" content=\"2026-03-01T12:07:43+00:00\" \/>\n<meta property=\"article:modified_time\" content=\"2026-03-09T12:15:45+00:00\" \/>\n<meta property=\"og:image\" content=\"https:\/\/nisacar.ch\/wp-content\/uploads\/2026\/03\/Riss-Windschutzscheibe-fahren-Scheibenservice-Tags-Windschutzscheibe-Riss-Scheibenservice-Autoglas-Autoservice-Luzern.jpg\" \/>\n\t<meta property=\"og:image:width\" content=\"1200\" \/>\n\t<meta property=\"og:image:height\" content=\"850\" \/>\n\t<meta property=\"og:image:type\" content=\"image\/jpeg\" \/>\n<meta name=\"author\" content=\"Bojan Atanasov\" \/>\n<meta name=\"twitter:card\" content=\"summary_large_image\" \/>\n<meta name=\"twitter:label1\" content=\"\u00c9crit par\" \/>\n\t<meta name=\"twitter:data1\" content=\"Bojan Atanasov\" \/>\n\t<meta name=\"twitter:label2\" content=\"Dur\u00e9e de lecture estim\u00e9e\" \/>\n\t<meta name=\"twitter:data2\" content=\"3 minutes\" \/>\n<script type=\"application\/ld+json\" class=\"yoast-schema-graph\">{\"@context\":\"https:\\\/\\\/schema.org\",\"@graph\":[{\"@type\":\"Article\",\"@id\":\"https:\\\/\\\/nisacar.ch\\\/fr\\\/riss-windschutzscheibe-fahren\\\/#article\",\"isPartOf\":{\"@id\":\"https:\\\/\\\/nisacar.ch\\\/fr\\\/riss-windschutzscheibe-fahren\\\/\"},\"author\":{\"name\":\"Bojan Atanasov\",\"@id\":\"https:\\\/\\\/nisacar.ch\\\/fr\\\/#\\\/schema\\\/person\\\/d92360346fc54e6f3ccb5f67baa14403\"},\"headline\":\"Riss in der Windschutzscheibe \u2013 Darf man noch fahren?\",\"datePublished\":\"2026-03-01T12:07:43+00:00\",\"dateModified\":\"2026-03-09T12:15:45+00:00\",\"mainEntityOfPage\":{\"@id\":\"https:\\\/\\\/nisacar.ch\\\/fr\\\/riss-windschutzscheibe-fahren\\\/\"},\"wordCount\":495,\"publisher\":{\"@id\":\"https:\\\/\\\/nisacar.ch\\\/fr\\\/#organization\"},\"image\":{\"@id\":\"https:\\\/\\\/nisacar.ch\\\/fr\\\/riss-windschutzscheibe-fahren\\\/#primaryimage\"},\"thumbnailUrl\":\"https:\\\/\\\/i0.wp.com\\\/nisacar.ch\\\/wp-content\\\/uploads\\\/2026\\\/03\\\/Riss-Windschutzscheibe-fahren-Scheibenservice-Tags-Windschutzscheibe-Riss-Scheibenservice-Autoglas-Autoservice-Luzern.jpg?fit=1200%2C850&ssl=1\",\"keywords\":[\"Autoglas\",\"Autoservice\",\"Luzern\",\"Scheibenservice\"],\"articleSection\":[\"Scheibenservice\"],\"inLanguage\":\"fr-FR\"},{\"@type\":\"WebPage\",\"@id\":\"https:\\\/\\\/nisacar.ch\\\/fr\\\/riss-windschutzscheibe-fahren\\\/\",\"url\":\"https:\\\/\\\/nisacar.ch\\\/fr\\\/riss-windschutzscheibe-fahren\\\/\",\"name\":\"Riss in der Windschutzscheibe \u2013 Darf man fahren?\",\"isPartOf\":{\"@id\":\"https:\\\/\\\/nisacar.ch\\\/fr\\\/#website\"},\"primaryImageOfPage\":{\"@id\":\"https:\\\/\\\/nisacar.ch\\\/fr\\\/riss-windschutzscheibe-fahren\\\/#primaryimage\"},\"image\":{\"@id\":\"https:\\\/\\\/nisacar.ch\\\/fr\\\/riss-windschutzscheibe-fahren\\\/#primaryimage\"},\"thumbnailUrl\":\"https:\\\/\\\/i0.wp.com\\\/nisacar.ch\\\/wp-content\\\/uploads\\\/2026\\\/03\\\/Riss-Windschutzscheibe-fahren-Scheibenservice-Tags-Windschutzscheibe-Riss-Scheibenservice-Autoglas-Autoservice-Luzern.jpg?fit=1200%2C850&ssl=1\",\"datePublished\":\"2026-03-01T12:07:43+00:00\",\"dateModified\":\"2026-03-09T12:15:45+00:00\",\"description\":\"Riss in der Windschutzscheibe: Darf man noch fahren und wann sollte die Scheibe repariert oder ersetzt werden?\",\"breadcrumb\":{\"@id\":\"https:\\\/\\\/nisacar.ch\\\/fr\\\/riss-windschutzscheibe-fahren\\\/#breadcrumb\"},\"inLanguage\":\"fr-FR\",\"potentialAction\":[{\"@type\":\"ReadAction\",\"target\":[\"https:\\\/\\\/nisacar.ch\\\/fr\\\/riss-windschutzscheibe-fahren\\\/\"]}]},{\"@type\":\"ImageObject\",\"inLanguage\":\"fr-FR\",\"@id\":\"https:\\\/\\\/nisacar.ch\\\/fr\\\/riss-windschutzscheibe-fahren\\\/#primaryimage\",\"url\":\"https:\\\/\\\/i0.wp.com\\\/nisacar.ch\\\/wp-content\\\/uploads\\\/2026\\\/03\\\/Riss-Windschutzscheibe-fahren-Scheibenservice-Tags-Windschutzscheibe-Riss-Scheibenservice-Autoglas-Autoservice-Luzern.jpg?fit=1200%2C850&ssl=1\",\"contentUrl\":\"https:\\\/\\\/i0.wp.com\\\/nisacar.ch\\\/wp-content\\\/uploads\\\/2026\\\/03\\\/Riss-Windschutzscheibe-fahren-Scheibenservice-Tags-Windschutzscheibe-Riss-Scheibenservice-Autoglas-Autoservice-Luzern.jpg?fit=1200%2C850&ssl=1\",\"width\":1200,\"height\":850,\"caption\":\"Riss Windschutzscheibe fahren Scheibenservice Tags Windschutzscheibe Riss, Scheibenservice, Autoglas, Autoservice, Luzern\"},{\"@type\":\"BreadcrumbList\",\"@id\":\"https:\\\/\\\/nisacar.ch\\\/fr\\\/riss-windschutzscheibe-fahren\\\/#breadcrumb\",\"itemListElement\":[{\"@type\":\"ListItem\",\"position\":1,\"name\":\"Home\",\"item\":\"https:\\\/\\\/nisacar.ch\\\/fr\\\/\"},{\"@type\":\"ListItem\",\"position\":2,\"name\":\"Riss in der Windschutzscheibe \u2013 Darf man noch fahren?\"}]},{\"@type\":\"WebSite\",\"@id\":\"https:\\\/\\\/nisacar.ch\\\/fr\\\/#website\",\"url\":\"https:\\\/\\\/nisacar.ch\\\/fr\\\/\",\"name\":\"NISA Car\",\"description\":\"Perfekte Pflege. Faire Preise. Schweizer Qualit\u00e4t.\",\"publisher\":{\"@id\":\"https:\\\/\\\/nisacar.ch\\\/fr\\\/#organization\"},\"potentialAction\":[{\"@type\":\"SearchAction\",\"target\":{\"@type\":\"EntryPoint\",\"urlTemplate\":\"https:\\\/\\\/nisacar.ch\\\/fr\\\/?s={search_term_string}\"},\"query-input\":{\"@type\":\"PropertyValueSpecification\",\"valueRequired\":true,\"valueName\":\"search_term_string\"}}],\"inLanguage\":\"fr-FR\"},{\"@type\":\"Organization\",\"@id\":\"https:\\\/\\\/nisacar.ch\\\/fr\\\/#organization\",\"name\":\"NISA Car Angelov\",\"url\":\"https:\\\/\\\/nisacar.ch\\\/fr\\\/\",\"logo\":{\"@type\":\"ImageObject\",\"inLanguage\":\"fr-FR\",\"@id\":\"https:\\\/\\\/nisacar.ch\\\/fr\\\/#\\\/schema\\\/logo\\\/image\\\/\",\"url\":\"https:\\\/\\\/i0.wp.com\\\/nisacar.ch\\\/wp-content\\\/uploads\\\/2025\\\/10\\\/cropped-za_autoscout-removebg-preview-Copy.png?fit=420%2C150&ssl=1\",\"contentUrl\":\"https:\\\/\\\/i0.wp.com\\\/nisacar.ch\\\/wp-content\\\/uploads\\\/2025\\\/10\\\/cropped-za_autoscout-removebg-preview-Copy.png?fit=420%2C150&ssl=1\",\"width\":420,\"height\":150,\"caption\":\"NISA Car Angelov\"},\"image\":{\"@id\":\"https:\\\/\\\/nisacar.ch\\\/fr\\\/#\\\/schema\\\/logo\\\/image\\\/\"},\"sameAs\":[\"https:\\\/\\\/www.facebook.com\\\/nisacar.ch1\",\"https:\\\/\\\/www.instagram.com\\\/nisacar_ch\\\/\"]},{\"@type\":\"Person\",\"@id\":\"https:\\\/\\\/nisacar.ch\\\/fr\\\/#\\\/schema\\\/person\\\/d92360346fc54e6f3ccb5f67baa14403\",\"name\":\"Bojan Atanasov\",\"image\":{\"@type\":\"ImageObject\",\"inLanguage\":\"fr-FR\",\"@id\":\"https:\\\/\\\/secure.gravatar.com\\\/avatar\\\/2bed02e9a515199a35221b37b3e7871dfba34ba0309d41356bb19e8e3795914d?s=96&d=mm&r=g\",\"url\":\"https:\\\/\\\/secure.gravatar.com\\\/avatar\\\/2bed02e9a515199a35221b37b3e7871dfba34ba0309d41356bb19e8e3795914d?s=96&d=mm&r=g\",\"contentUrl\":\"https:\\\/\\\/secure.gravatar.com\\\/avatar\\\/2bed02e9a515199a35221b37b3e7871dfba34ba0309d41356bb19e8e3795914d?s=96&d=mm&r=g\",\"caption\":\"Bojan Atanasov\"},\"sameAs\":[\"https:\\\/\\\/lumovo.ch\"],\"url\":\"https:\\\/\\\/nisacar.ch\\\/fr\\\/author\\\/atanasov1995\\\/\"}]}<\/script>\n<!-- \/ Yoast SEO plugin. -->","yoast_head_json":{"title":"Riss in der Windschutzscheibe \u2013 Darf man fahren?","description":"Riss in der Windschutzscheibe: Darf man noch fahren und wann sollte die Scheibe repariert oder ersetzt werden?","robots":{"index":"index","follow":"follow","max-snippet":"max-snippet:-1","max-image-preview":"max-image-preview:large","max-video-preview":"max-video-preview:-1"},"canonical":"https:\/\/nisacar.ch\/fr\/riss-windschutzscheibe-fahren\/","og_locale":"fr_FR","og_type":"article","og_title":"Riss in der Windschutzscheibe \u2013 Darf man fahren?","og_description":"Riss in der Windschutzscheibe: Darf man noch fahren und wann sollte die Scheibe repariert oder ersetzt werden?","og_url":"https:\/\/nisacar.ch\/fr\/riss-windschutzscheibe-fahren\/","og_site_name":"NISA Car","article_publisher":"https:\/\/www.facebook.com\/nisacar.ch1","article_published_time":"2026-03-01T12:07:43+00:00","article_modified_time":"2026-03-09T12:15:45+00:00","og_image":[{"width":1200,"height":850,"url":"https:\/\/nisacar.ch\/wp-content\/uploads\/2026\/03\/Riss-Windschutzscheibe-fahren-Scheibenservice-Tags-Windschutzscheibe-Riss-Scheibenservice-Autoglas-Autoservice-Luzern.jpg","type":"image\/jpeg"}],"author":"Bojan Atanasov","twitter_card":"summary_large_image","twitter_misc":{"\u00c9crit par":"Bojan Atanasov","Dur\u00e9e de lecture estim\u00e9e":"3 minutes"},"schema":{"@context":"https:\/\/schema.org","@graph":[{"@type":"Article","@id":"https:\/\/nisacar.ch\/fr\/riss-windschutzscheibe-fahren\/#article","isPartOf":{"@id":"https:\/\/nisacar.ch\/fr\/riss-windschutzscheibe-fahren\/"},"author":{"name":"Bojan Atanasov","@id":"https:\/\/nisacar.ch\/fr\/#\/schema\/person\/d92360346fc54e6f3ccb5f67baa14403"},"headline":"Riss in der Windschutzscheibe \u2013 Darf man noch fahren?","datePublished":"2026-03-01T12:07:43+00:00","dateModified":"2026-03-09T12:15:45+00:00","mainEntityOfPage":{"@id":"https:\/\/nisacar.ch\/fr\/riss-windschutzscheibe-fahren\/"},"wordCount":495,"publisher":{"@id":"https:\/\/nisacar.ch\/fr\/#organization"},"image":{"@id":"https:\/\/nisacar.ch\/fr\/riss-windschutzscheibe-fahren\/#primaryimage"},"thumbnailUrl":"https:\/\/i0.wp.com\/nisacar.ch\/wp-content\/uploads\/2026\/03\/Riss-Windschutzscheibe-fahren-Scheibenservice-Tags-Windschutzscheibe-Riss-Scheibenservice-Autoglas-Autoservice-Luzern.jpg?fit=1200%2C850&ssl=1","keywords":["Autoglas","Autoservice","Luzern","Scheibenservice"],"articleSection":["Scheibenservice"],"inLanguage":"fr-FR"},{"@type":"WebPage","@id":"https:\/\/nisacar.ch\/fr\/riss-windschutzscheibe-fahren\/","url":"https:\/\/nisacar.ch\/fr\/riss-windschutzscheibe-fahren\/","name":"Riss in der Windschutzscheibe \u2013 Darf man fahren?","isPartOf":{"@id":"https:\/\/nisacar.ch\/fr\/#website"},"primaryImageOfPage":{"@id":"https:\/\/nisacar.ch\/fr\/riss-windschutzscheibe-fahren\/#primaryimage"},"image":{"@id":"https:\/\/nisacar.ch\/fr\/riss-windschutzscheibe-fahren\/#primaryimage"},"thumbnailUrl":"https:\/\/i0.wp.com\/nisacar.ch\/wp-content\/uploads\/2026\/03\/Riss-Windschutzscheibe-fahren-Scheibenservice-Tags-Windschutzscheibe-Riss-Scheibenservice-Autoglas-Autoservice-Luzern.jpg?fit=1200%2C850&ssl=1","datePublished":"2026-03-01T12:07:43+00:00","dateModified":"2026-03-09T12:15:45+00:00","description":"Riss in der Windschutzscheibe: Darf man noch fahren und wann sollte die Scheibe repariert oder ersetzt werden?","breadcrumb":{"@id":"https:\/\/nisacar.ch\/fr\/riss-windschutzscheibe-fahren\/#breadcrumb"},"inLanguage":"fr-FR","potentialAction":[{"@type":"ReadAction","target":["https:\/\/nisacar.ch\/fr\/riss-windschutzscheibe-fahren\/"]}]},{"@type":"ImageObject","inLanguage":"fr-FR","@id":"https:\/\/nisacar.ch\/fr\/riss-windschutzscheibe-fahren\/#primaryimage","url":"https:\/\/i0.wp.com\/nisacar.ch\/wp-content\/uploads\/2026\/03\/Riss-Windschutzscheibe-fahren-Scheibenservice-Tags-Windschutzscheibe-Riss-Scheibenservice-Autoglas-Autoservice-Luzern.jpg?fit=1200%2C850&ssl=1","contentUrl":"https:\/\/i0.wp.com\/nisacar.ch\/wp-content\/uploads\/2026\/03\/Riss-Windschutzscheibe-fahren-Scheibenservice-Tags-Windschutzscheibe-Riss-Scheibenservice-Autoglas-Autoservice-Luzern.jpg?fit=1200%2C850&ssl=1","width":1200,"height":850,"caption":"Riss Windschutzscheibe fahren Scheibenservice Tags Windschutzscheibe Riss, Scheibenservice, Autoglas, Autoservice, Luzern"},{"@type":"BreadcrumbList","@id":"https:\/\/nisacar.ch\/fr\/riss-windschutzscheibe-fahren\/#breadcrumb","itemListElement":[{"@type":"ListItem","position":1,"name":"Home","item":"https:\/\/nisacar.ch\/fr\/"},{"@type":"ListItem","position":2,"name":"Riss in der Windschutzscheibe \u2013 Darf man noch fahren?"}]},{"@type":"WebSite","@id":"https:\/\/nisacar.ch\/fr\/#website","url":"https:\/\/nisacar.ch\/fr\/","name":"NISA Car","description":"Perfekte Pflege. Faire Preise. Schweizer Qualit\u00e4t.","publisher":{"@id":"https:\/\/nisacar.ch\/fr\/#organization"},"potentialAction":[{"@type":"SearchAction","target":{"@type":"EntryPoint","urlTemplate":"https:\/\/nisacar.ch\/fr\/?s={search_term_string}"},"query-input":{"@type":"PropertyValueSpecification","valueRequired":true,"valueName":"search_term_string"}}],"inLanguage":"fr-FR"},{"@type":"Organization","@id":"https:\/\/nisacar.ch\/fr\/#organization","name":"NISA Car Angelov","url":"https:\/\/nisacar.ch\/fr\/","logo":{"@type":"ImageObject","inLanguage":"fr-FR","@id":"https:\/\/nisacar.ch\/fr\/#\/schema\/logo\/image\/","url":"https:\/\/i0.wp.com\/nisacar.ch\/wp-content\/uploads\/2025\/10\/cropped-za_autoscout-removebg-preview-Copy.png?fit=420%2C150&ssl=1","contentUrl":"https:\/\/i0.wp.com\/nisacar.ch\/wp-content\/uploads\/2025\/10\/cropped-za_autoscout-removebg-preview-Copy.png?fit=420%2C150&ssl=1","width":420,"height":150,"caption":"NISA Car Angelov"},"image":{"@id":"https:\/\/nisacar.ch\/fr\/#\/schema\/logo\/image\/"},"sameAs":["https:\/\/www.facebook.com\/nisacar.ch1","https:\/\/www.instagram.com\/nisacar_ch\/"]},{"@type":"Person","@id":"https:\/\/nisacar.ch\/fr\/#\/schema\/person\/d92360346fc54e6f3ccb5f67baa14403","name":"Bojan Atanasov","image":{"@type":"ImageObject","inLanguage":"fr-FR","@id":"https:\/\/secure.gravatar.com\/avatar\/2bed02e9a515199a35221b37b3e7871dfba34ba0309d41356bb19e8e3795914d?s=96&d=mm&r=g","url":"https:\/\/secure.gravatar.com\/avatar\/2bed02e9a515199a35221b37b3e7871dfba34ba0309d41356bb19e8e3795914d?s=96&d=mm&r=g","contentUrl":"https:\/\/secure.gravatar.com\/avatar\/2bed02e9a515199a35221b37b3e7871dfba34ba0309d41356bb19e8e3795914d?s=96&d=mm&r=g","caption":"Bojan Atanasov"},"sameAs":["https:\/\/lumovo.ch"],"url":"https:\/\/nisacar.ch\/fr\/author\/atanasov1995\/"}]}},"jetpack_featured_media_url":"https:\/\/i0.wp.com\/nisacar.ch\/wp-content\/uploads\/2026\/03\/Riss-Windschutzscheibe-fahren-Scheibenservice-Tags-Windschutzscheibe-Riss-Scheibenservice-Autoglas-Autoservice-Luzern.jpg?fit=1200%2C850&ssl=1","jetpack_sharing_enabled":true,"_links":{"self":[{"href":"https:\/\/nisacar.ch\/fr\/wp-json\/wp\/v2\/posts\/2565","targetHints":{"allow":["GET"]}}],"collection":[{"href":"https:\/\/nisacar.ch\/fr\/wp-json\/wp\/v2\/posts"}],"about":[{"href":"https:\/\/nisacar.ch\/fr\/wp-json\/wp\/v2\/types\/post"}],"author":[{"embeddable":true,"href":"https:\/\/nisacar.ch\/fr\/wp-json\/wp\/v2\/users\/2"}],"replies":[{"embeddable":true,"href":"https:\/\/nisacar.ch\/fr\/wp-json\/wp\/v2\/comments?post=2565"}],"version-history":[{"count":2,"href":"https:\/\/nisacar.ch\/fr\/wp-json\/wp\/v2\/posts\/2565\/revisions"}],"predecessor-version":[{"id":2569,"href":"https:\/\/nisacar.ch\/fr\/wp-json\/wp\/v2\/posts\/2565\/revisions\/2569"}],"wp:featuredmedia":[{"embeddable":true,"href":"https:\/\/nisacar.ch\/fr\/wp-json\/wp\/v2\/media\/2567"}],"wp:attachment":[{"href":"https:\/\/nisacar.ch\/fr\/wp-json\/wp\/v2\/media?parent=2565"}],"wp:term":[{"taxonomy":"category","embeddable":true,"href":"https:\/\/nisacar.ch\/fr\/wp-json\/wp\/v2\/categories?post=2565"},{"taxonomy":"post_tag","embeddable":true,"href":"https:\/\/nisacar.ch\/fr\/wp-json\/wp\/v2\/tags?post=2565"}],"curies":[{"name":"wp","href":"https:\/\/api.w.org\/{rel}","templated":true}]}}