{"id":2561,"date":"2026-02-28T13:04:48","date_gmt":"2026-02-28T12:04:48","guid":{"rendered":"https:\/\/nisacar.ch\/?p=2561"},"modified":"2026-03-09T13:15:33","modified_gmt":"2026-03-09T12:15:33","slug":"windschutzscheibe-wechseln-sursee-sempach","status":"publish","type":"post","link":"https:\/\/nisacar.ch\/fr\/windschutzscheibe-wechseln-sursee-sempach\/","title":{"rendered":"Windschutzscheibe wechseln Sursee &#038; Sempach \u2013 Wann ist ein Austausch notwendig?"},"content":{"rendered":"\n<p class=\"\">Die Windschutzscheibe ist ein wichtiger Bestandteil der Fahrzeugsicherheit. Sie sch\u00fctzt Fahrer und Passagiere vor Wind, Regen und Schmutz und tr\u00e4gt gleichzeitig zur Stabilit\u00e4t der Fahrzeugkarosserie bei.<\/p>\n\n\n\n<p class=\"\">Wenn die Windschutzscheibe besch\u00e4digt ist, sollte der Schaden schnell \u00fcberpr\u00fcft werden. Besonders in der Region Sursee und Sempach kann ein Steinschlag auf stark befahrenen Stra\u00dfen schnell entstehen.<\/p>\n\n\n\n<h2 class=\"wp-block-heading\">Wann muss eine Windschutzscheibe ersetzt werden?<\/h2>\n\n\n\n<p class=\"\">Nicht jeder Schaden bedeutet automatisch, dass die gesamte Windschutzscheibe ausgetauscht werden muss. Kleine Steinschl\u00e4ge k\u00f6nnen h\u00e4ufig repariert werden.<\/p>\n\n\n\n<p class=\"\">Ein Austausch der Scheibe wird jedoch notwendig, wenn:<\/p>\n\n\n\n<ul class=\"wp-block-list\">\n<li class=\"\">ein langer Riss entstanden ist<\/li>\n\n\n\n<li class=\"\">der Schaden im Sichtfeld des Fahrers liegt<\/li>\n\n\n\n<li class=\"\">mehrere Steinschl\u00e4ge vorhanden sind<\/li>\n\n\n\n<li class=\"\">die Stabilit\u00e4t der Scheibe beeintr\u00e4chtigt ist<\/li>\n<\/ul>\n\n\n\n<p class=\"\">Ein professioneller <a href=\"https:\/\/nisacar.ch\/leistungen\/scheibenservice\/\">Scheibenservice<\/a> kann den Schaden \u00fcberpr\u00fcfen und entscheiden, ob eine Reparatur oder ein Austausch notwendig ist.<\/p>\n\n\n\n<h2 class=\"wp-block-heading\">Wie l\u00e4uft ein Scheibenwechsel ab?<\/h2>\n\n\n\n<p class=\"\">Beim Austausch der Windschutzscheibe wird die besch\u00e4digte Scheibe entfernt und durch eine neue ersetzt. Moderne Werkst\u00e4tten verwenden spezielle Werkzeuge und Klebstoffe, um eine sichere Montage zu gew\u00e4hrleisten.<\/p>\n\n\n\n<p class=\"\">Der Ablauf umfasst meist folgende Schritte:<\/p>\n\n\n\n<ul class=\"wp-block-list\">\n<li class=\"\">Entfernung der besch\u00e4digten Scheibe<\/li>\n\n\n\n<li class=\"\">Reinigung des Scheibenrahmens<\/li>\n\n\n\n<li class=\"\">Einsetzen der neuen Windschutzscheibe<\/li>\n\n\n\n<li class=\"\">Aush\u00e4rtung des Klebstoffs<\/li>\n<\/ul>\n\n\n\n<p class=\"\">Nach dem Austausch ist das Fahrzeug in der Regel schnell wieder fahrbereit.<\/p>\n\n\n\n<h2 class=\"wp-block-heading\">Warum sollte ein Scheibenschaden schnell repariert werden?<\/h2>\n\n\n\n<p class=\"\">Temperaturschwankungen oder Fahrbahnunebenheiten k\u00f6nnen dazu f\u00fchren, dass sich ein kleiner Schaden schnell vergr\u00f6\u00dfert. Ein fr\u00fcher Scheibenservice spart daher h\u00e4ufig Kosten.<\/p>\n\n\n\n<p class=\"\">Weitere Informationen zur Fahrzeugsicherheit finden Sie auch beim <a href=\"https:\/\/www.tcs.ch\" target=\"_blank\" rel=\"noreferrer noopener\">Touring Club Schweiz (TCS)<\/a>.<\/p>\n\n\n\n<h2 class=\"wp-block-heading\">Weitere wichtige Fahrzeugservices<\/h2>\n\n\n\n<p class=\"\">Neben der Windschutzscheibe sollten auch andere sicherheitsrelevante Komponenten regelm\u00e4\u00dfig \u00fcberpr\u00fcft werden.<\/p>\n\n\n\n<p class=\"\">Ein professioneller <a href=\"https:\/\/nisacar.ch\/leistungen\/reifen-bremsenservice\/\">Reifen- &amp; Bremsenservice<\/a> sorgt daf\u00fcr, dass Ihr Fahrzeug sicher unterwegs ist.<\/p>\n\n\n\n<p class=\"\">Auch eine <a href=\"https:\/\/nisacar.ch\/leistungen\/autoaufbereitung-detailing\/\">Autoaufbereitung &amp; Detailing<\/a> kann helfen, das Fahrzeug optisch und technisch in gutem Zustand zu halten.<\/p>\n\n\n\n<h2 class=\"wp-block-heading\">Scheibenservice nahe Sursee und Sempach<\/h2>\n\n\n\n<p class=\"\">NISA Car befindet sich in Schenkon und betreut Kunden aus Sursee, Sempach, Luzern und der gesamten Region. Das Team bietet professionelle Reparaturen und den Austausch von Windschutzscheiben.<\/p>\n\n\n\n<p class=\"\">Wenn Sie au\u00dferdem ein Fahrzeug suchen, k\u00f6nnen Sie sich die aktuellen <a href=\"https:\/\/nisacar.ch\/automobile\/\">Occasion Fahrzeuge<\/a> ansehen.<\/p>\n\n\n\n<p class=\"\">F\u00fcr eine Beratung oder Terminvereinbarung k\u00f6nnen Sie jederzeit <a href=\"https:\/\/nisacar.ch\/kontakt\/\">Kontakt mit NISA Car aufnehmen<\/a>.<\/p>\n\n\n\n<p class=\"\">Mehr \u00fcber das Unternehmen erfahren Sie auf der Seite <a href=\"https:\/\/nisacar.ch\/uber-uns\/\">\u00dcber uns<\/a>.<\/p>\n\n\n\n<h3 class=\"wp-block-heading\">Weitere hilfreiche Artikel<\/h3>\n\n\n\n<ul class=\"wp-block-list\">\n<li class=\"\"><a href=\"https:\/\/nisacar.ch\/fr\/steinschlag-reparatur-sursee-schenkon\/\">Steinschlag Reparatur Sursee &amp; Schenkon<\/a><\/li>\n\n\n\n<li class=\"\"><a href=\"https:\/\/nisacar.ch\/fr\/scheibenservice-sempach-sursee\/\">Scheibenservice Sempach &amp; Sursee<\/a><\/li>\n\n\n\n<li class=\"\"><a href=\"https:\/\/nisacar.ch\/fr\/reifenservice-luzern-wann-reifen-wechseln\/\">Reifenservice Luzern \u2013 Wann sollten Reifen gewechselt werden?<\/a><\/li>\n<\/ul>\n\n\n\n<hr class=\"wp-block-separator has-alpha-channel-opacity\"\/>\n\n\n\n<p class=\"\"><strong>Kategorie:<\/strong> Scheibenservice<\/p>\n\n\n\n<p class=\"\"><strong>Tags:<\/strong> Windschutzscheibe wechseln, Scheibenservice, Autoglas, Autoservice, Sursee<\/p>\n","protected":false},"excerpt":{"rendered":"<p>Die Windschutzscheibe ist ein wichtiger Bestandteil der Fahrzeugsicherheit. Sie sch\u00fctzt Fahrer und Passagiere vor Wind, Regen und Schmutz und tr\u00e4gt gleichzeitig zur Stabilit\u00e4t der Fahrzeugkarosserie bei.<span class=\"excerpt-hellip\"> [\u2026]<\/span><\/p>\n","protected":false},"author":2,"featured_media":2562,"comment_status":"closed","ping_status":"closed","sticky":false,"template":"","format":"standard","meta":{"_acf_changed":false,"nf_dc_page":"","_jetpack_memberships_contains_paid_content":false,"footnotes":""},"categories":[18],"tags":[83,50,55,76],"class_list":["post-2561","post","type-post","status-publish","format-standard","has-post-thumbnail","hentry","category-scheibenservice","tag-autoglas","tag-autoservice","tag-luzern","tag-scheibenservice"],"acf":[],"yoast_head":"<!-- This site is optimized with the Yoast SEO plugin v27.5 - https:\/\/yoast.com\/product\/yoast-seo-wordpress\/ -->\n<title>Windschutzscheibe wechseln Sursee &amp; Sempach \u2013 Scheibenservice<\/title>\n<meta name=\"description\" content=\"Windschutzscheibe wechseln Sursee &amp; Sempach: Wann ein Austausch notwendig ist und wie ein professioneller Scheibenservice hilft.\" \/>\n<meta name=\"robots\" content=\"index, follow, max-snippet:-1, max-image-preview:large, max-video-preview:-1\" \/>\n<link rel=\"canonical\" href=\"https:\/\/nisacar.ch\/fr\/windschutzscheibe-wechseln-sursee-sempach\/\" \/>\n<meta property=\"og:locale\" content=\"fr_FR\" \/>\n<meta property=\"og:type\" content=\"article\" \/>\n<meta property=\"og:title\" content=\"Windschutzscheibe wechseln Sursee &amp; Sempach \u2013 Scheibenservice\" \/>\n<meta property=\"og:description\" content=\"Windschutzscheibe wechseln Sursee &amp; Sempach: Wann ein Austausch notwendig ist und wie ein professioneller Scheibenservice hilft.\" \/>\n<meta property=\"og:url\" content=\"https:\/\/nisacar.ch\/fr\/windschutzscheibe-wechseln-sursee-sempach\/\" \/>\n<meta property=\"og:site_name\" content=\"NISA Car\" \/>\n<meta property=\"article:publisher\" content=\"https:\/\/www.facebook.com\/nisacar.ch1\" \/>\n<meta property=\"article:published_time\" content=\"2026-02-28T12:04:48+00:00\" \/>\n<meta property=\"article:modified_time\" content=\"2026-03-09T12:15:33+00:00\" \/>\n<meta property=\"og:image\" content=\"https:\/\/nisacar.ch\/wp-content\/uploads\/2026\/03\/Windschutzscheibe-wechseln-Sursee-Sempach-Scheibenservice-Tags-Windschutzscheibe-wechseln-Scheibenservice-Autoglas-Autoservice-Sursee.jpg\" \/>\n\t<meta property=\"og:image:width\" content=\"1200\" \/>\n\t<meta property=\"og:image:height\" content=\"850\" \/>\n\t<meta property=\"og:image:type\" content=\"image\/jpeg\" \/>\n<meta name=\"author\" content=\"Bojan Atanasov\" \/>\n<meta name=\"twitter:card\" content=\"summary_large_image\" \/>\n<meta name=\"twitter:label1\" content=\"\u00c9crit par\" \/>\n\t<meta name=\"twitter:data1\" content=\"Bojan Atanasov\" \/>\n\t<meta name=\"twitter:label2\" content=\"Dur\u00e9e de lecture estim\u00e9e\" \/>\n\t<meta name=\"twitter:data2\" content=\"2 minutes\" \/>\n<script type=\"application\/ld+json\" class=\"yoast-schema-graph\">{\"@context\":\"https:\\\/\\\/schema.org\",\"@graph\":[{\"@type\":\"Article\",\"@id\":\"https:\\\/\\\/nisacar.ch\\\/fr\\\/windschutzscheibe-wechseln-sursee-sempach\\\/#article\",\"isPartOf\":{\"@id\":\"https:\\\/\\\/nisacar.ch\\\/fr\\\/windschutzscheibe-wechseln-sursee-sempach\\\/\"},\"author\":{\"name\":\"Bojan Atanasov\",\"@id\":\"https:\\\/\\\/nisacar.ch\\\/fr\\\/#\\\/schema\\\/person\\\/d92360346fc54e6f3ccb5f67baa14403\"},\"headline\":\"Windschutzscheibe wechseln Sursee &#038; Sempach \u2013 Wann ist ein Austausch notwendig?\",\"datePublished\":\"2026-02-28T12:04:48+00:00\",\"dateModified\":\"2026-03-09T12:15:33+00:00\",\"mainEntityOfPage\":{\"@id\":\"https:\\\/\\\/nisacar.ch\\\/fr\\\/windschutzscheibe-wechseln-sursee-sempach\\\/\"},\"wordCount\":409,\"publisher\":{\"@id\":\"https:\\\/\\\/nisacar.ch\\\/fr\\\/#organization\"},\"image\":{\"@id\":\"https:\\\/\\\/nisacar.ch\\\/fr\\\/windschutzscheibe-wechseln-sursee-sempach\\\/#primaryimage\"},\"thumbnailUrl\":\"https:\\\/\\\/i0.wp.com\\\/nisacar.ch\\\/wp-content\\\/uploads\\\/2026\\\/03\\\/Windschutzscheibe-wechseln-Sursee-Sempach-Scheibenservice-Tags-Windschutzscheibe-wechseln-Scheibenservice-Autoglas-Autoservice-Sursee.jpg?fit=1200%2C850&ssl=1\",\"keywords\":[\"Autoglas\",\"Autoservice\",\"Luzern\",\"Scheibenservice\"],\"articleSection\":[\"Scheibenservice\"],\"inLanguage\":\"fr-FR\"},{\"@type\":\"WebPage\",\"@id\":\"https:\\\/\\\/nisacar.ch\\\/fr\\\/windschutzscheibe-wechseln-sursee-sempach\\\/\",\"url\":\"https:\\\/\\\/nisacar.ch\\\/fr\\\/windschutzscheibe-wechseln-sursee-sempach\\\/\",\"name\":\"Windschutzscheibe wechseln Sursee & Sempach \u2013 Scheibenservice\",\"isPartOf\":{\"@id\":\"https:\\\/\\\/nisacar.ch\\\/fr\\\/#website\"},\"primaryImageOfPage\":{\"@id\":\"https:\\\/\\\/nisacar.ch\\\/fr\\\/windschutzscheibe-wechseln-sursee-sempach\\\/#primaryimage\"},\"image\":{\"@id\":\"https:\\\/\\\/nisacar.ch\\\/fr\\\/windschutzscheibe-wechseln-sursee-sempach\\\/#primaryimage\"},\"thumbnailUrl\":\"https:\\\/\\\/i0.wp.com\\\/nisacar.ch\\\/wp-content\\\/uploads\\\/2026\\\/03\\\/Windschutzscheibe-wechseln-Sursee-Sempach-Scheibenservice-Tags-Windschutzscheibe-wechseln-Scheibenservice-Autoglas-Autoservice-Sursee.jpg?fit=1200%2C850&ssl=1\",\"datePublished\":\"2026-02-28T12:04:48+00:00\",\"dateModified\":\"2026-03-09T12:15:33+00:00\",\"description\":\"Windschutzscheibe wechseln Sursee & Sempach: Wann ein Austausch notwendig ist und wie ein professioneller Scheibenservice hilft.\",\"breadcrumb\":{\"@id\":\"https:\\\/\\\/nisacar.ch\\\/fr\\\/windschutzscheibe-wechseln-sursee-sempach\\\/#breadcrumb\"},\"inLanguage\":\"fr-FR\",\"potentialAction\":[{\"@type\":\"ReadAction\",\"target\":[\"https:\\\/\\\/nisacar.ch\\\/fr\\\/windschutzscheibe-wechseln-sursee-sempach\\\/\"]}]},{\"@type\":\"ImageObject\",\"inLanguage\":\"fr-FR\",\"@id\":\"https:\\\/\\\/nisacar.ch\\\/fr\\\/windschutzscheibe-wechseln-sursee-sempach\\\/#primaryimage\",\"url\":\"https:\\\/\\\/i0.wp.com\\\/nisacar.ch\\\/wp-content\\\/uploads\\\/2026\\\/03\\\/Windschutzscheibe-wechseln-Sursee-Sempach-Scheibenservice-Tags-Windschutzscheibe-wechseln-Scheibenservice-Autoglas-Autoservice-Sursee.jpg?fit=1200%2C850&ssl=1\",\"contentUrl\":\"https:\\\/\\\/i0.wp.com\\\/nisacar.ch\\\/wp-content\\\/uploads\\\/2026\\\/03\\\/Windschutzscheibe-wechseln-Sursee-Sempach-Scheibenservice-Tags-Windschutzscheibe-wechseln-Scheibenservice-Autoglas-Autoservice-Sursee.jpg?fit=1200%2C850&ssl=1\",\"width\":1200,\"height\":850,\"caption\":\"Windschutzscheibe wechseln Sursee Sempach Scheibenservice Tags Windschutzscheibe wechseln, Scheibenservice, Autoglas, Autoservice, Sursee\"},{\"@type\":\"BreadcrumbList\",\"@id\":\"https:\\\/\\\/nisacar.ch\\\/fr\\\/windschutzscheibe-wechseln-sursee-sempach\\\/#breadcrumb\",\"itemListElement\":[{\"@type\":\"ListItem\",\"position\":1,\"name\":\"Home\",\"item\":\"https:\\\/\\\/nisacar.ch\\\/fr\\\/\"},{\"@type\":\"ListItem\",\"position\":2,\"name\":\"Windschutzscheibe wechseln Sursee &#038; Sempach \u2013 Wann ist ein Austausch notwendig?\"}]},{\"@type\":\"WebSite\",\"@id\":\"https:\\\/\\\/nisacar.ch\\\/fr\\\/#website\",\"url\":\"https:\\\/\\\/nisacar.ch\\\/fr\\\/\",\"name\":\"NISA Car\",\"description\":\"Perfekte Pflege. Faire Preise. Schweizer Qualit\u00e4t.\",\"publisher\":{\"@id\":\"https:\\\/\\\/nisacar.ch\\\/fr\\\/#organization\"},\"potentialAction\":[{\"@type\":\"SearchAction\",\"target\":{\"@type\":\"EntryPoint\",\"urlTemplate\":\"https:\\\/\\\/nisacar.ch\\\/fr\\\/?s={search_term_string}\"},\"query-input\":{\"@type\":\"PropertyValueSpecification\",\"valueRequired\":true,\"valueName\":\"search_term_string\"}}],\"inLanguage\":\"fr-FR\"},{\"@type\":\"Organization\",\"@id\":\"https:\\\/\\\/nisacar.ch\\\/fr\\\/#organization\",\"name\":\"NISA Car Angelov\",\"url\":\"https:\\\/\\\/nisacar.ch\\\/fr\\\/\",\"logo\":{\"@type\":\"ImageObject\",\"inLanguage\":\"fr-FR\",\"@id\":\"https:\\\/\\\/nisacar.ch\\\/fr\\\/#\\\/schema\\\/logo\\\/image\\\/\",\"url\":\"https:\\\/\\\/i0.wp.com\\\/nisacar.ch\\\/wp-content\\\/uploads\\\/2025\\\/10\\\/cropped-za_autoscout-removebg-preview-Copy.png?fit=420%2C150&ssl=1\",\"contentUrl\":\"https:\\\/\\\/i0.wp.com\\\/nisacar.ch\\\/wp-content\\\/uploads\\\/2025\\\/10\\\/cropped-za_autoscout-removebg-preview-Copy.png?fit=420%2C150&ssl=1\",\"width\":420,\"height\":150,\"caption\":\"NISA Car Angelov\"},\"image\":{\"@id\":\"https:\\\/\\\/nisacar.ch\\\/fr\\\/#\\\/schema\\\/logo\\\/image\\\/\"},\"sameAs\":[\"https:\\\/\\\/www.facebook.com\\\/nisacar.ch1\",\"https:\\\/\\\/www.instagram.com\\\/nisacar_ch\\\/\"]},{\"@type\":\"Person\",\"@id\":\"https:\\\/\\\/nisacar.ch\\\/fr\\\/#\\\/schema\\\/person\\\/d92360346fc54e6f3ccb5f67baa14403\",\"name\":\"Bojan Atanasov\",\"image\":{\"@type\":\"ImageObject\",\"inLanguage\":\"fr-FR\",\"@id\":\"https:\\\/\\\/secure.gravatar.com\\\/avatar\\\/2bed02e9a515199a35221b37b3e7871dfba34ba0309d41356bb19e8e3795914d?s=96&d=mm&r=g\",\"url\":\"https:\\\/\\\/secure.gravatar.com\\\/avatar\\\/2bed02e9a515199a35221b37b3e7871dfba34ba0309d41356bb19e8e3795914d?s=96&d=mm&r=g\",\"contentUrl\":\"https:\\\/\\\/secure.gravatar.com\\\/avatar\\\/2bed02e9a515199a35221b37b3e7871dfba34ba0309d41356bb19e8e3795914d?s=96&d=mm&r=g\",\"caption\":\"Bojan Atanasov\"},\"sameAs\":[\"https:\\\/\\\/lumovo.ch\"],\"url\":\"https:\\\/\\\/nisacar.ch\\\/fr\\\/author\\\/atanasov1995\\\/\"}]}<\/script>\n<!-- \/ Yoast SEO plugin. -->","yoast_head_json":{"title":"Windschutzscheibe wechseln Sursee & Sempach \u2013 Scheibenservice","description":"Windschutzscheibe wechseln Sursee & Sempach: Wann ein Austausch notwendig ist und wie ein professioneller Scheibenservice hilft.","robots":{"index":"index","follow":"follow","max-snippet":"max-snippet:-1","max-image-preview":"max-image-preview:large","max-video-preview":"max-video-preview:-1"},"canonical":"https:\/\/nisacar.ch\/fr\/windschutzscheibe-wechseln-sursee-sempach\/","og_locale":"fr_FR","og_type":"article","og_title":"Windschutzscheibe wechseln Sursee & Sempach \u2013 Scheibenservice","og_description":"Windschutzscheibe wechseln Sursee & Sempach: Wann ein Austausch notwendig ist und wie ein professioneller Scheibenservice hilft.","og_url":"https:\/\/nisacar.ch\/fr\/windschutzscheibe-wechseln-sursee-sempach\/","og_site_name":"NISA Car","article_publisher":"https:\/\/www.facebook.com\/nisacar.ch1","article_published_time":"2026-02-28T12:04:48+00:00","article_modified_time":"2026-03-09T12:15:33+00:00","og_image":[{"width":1200,"height":850,"url":"https:\/\/nisacar.ch\/wp-content\/uploads\/2026\/03\/Windschutzscheibe-wechseln-Sursee-Sempach-Scheibenservice-Tags-Windschutzscheibe-wechseln-Scheibenservice-Autoglas-Autoservice-Sursee.jpg","type":"image\/jpeg"}],"author":"Bojan Atanasov","twitter_card":"summary_large_image","twitter_misc":{"\u00c9crit par":"Bojan Atanasov","Dur\u00e9e de lecture estim\u00e9e":"2 minutes"},"schema":{"@context":"https:\/\/schema.org","@graph":[{"@type":"Article","@id":"https:\/\/nisacar.ch\/fr\/windschutzscheibe-wechseln-sursee-sempach\/#article","isPartOf":{"@id":"https:\/\/nisacar.ch\/fr\/windschutzscheibe-wechseln-sursee-sempach\/"},"author":{"name":"Bojan Atanasov","@id":"https:\/\/nisacar.ch\/fr\/#\/schema\/person\/d92360346fc54e6f3ccb5f67baa14403"},"headline":"Windschutzscheibe wechseln Sursee &#038; Sempach \u2013 Wann ist ein Austausch notwendig?","datePublished":"2026-02-28T12:04:48+00:00","dateModified":"2026-03-09T12:15:33+00:00","mainEntityOfPage":{"@id":"https:\/\/nisacar.ch\/fr\/windschutzscheibe-wechseln-sursee-sempach\/"},"wordCount":409,"publisher":{"@id":"https:\/\/nisacar.ch\/fr\/#organization"},"image":{"@id":"https:\/\/nisacar.ch\/fr\/windschutzscheibe-wechseln-sursee-sempach\/#primaryimage"},"thumbnailUrl":"https:\/\/i0.wp.com\/nisacar.ch\/wp-content\/uploads\/2026\/03\/Windschutzscheibe-wechseln-Sursee-Sempach-Scheibenservice-Tags-Windschutzscheibe-wechseln-Scheibenservice-Autoglas-Autoservice-Sursee.jpg?fit=1200%2C850&ssl=1","keywords":["Autoglas","Autoservice","Luzern","Scheibenservice"],"articleSection":["Scheibenservice"],"inLanguage":"fr-FR"},{"@type":"WebPage","@id":"https:\/\/nisacar.ch\/fr\/windschutzscheibe-wechseln-sursee-sempach\/","url":"https:\/\/nisacar.ch\/fr\/windschutzscheibe-wechseln-sursee-sempach\/","name":"Windschutzscheibe wechseln Sursee & Sempach \u2013 Scheibenservice","isPartOf":{"@id":"https:\/\/nisacar.ch\/fr\/#website"},"primaryImageOfPage":{"@id":"https:\/\/nisacar.ch\/fr\/windschutzscheibe-wechseln-sursee-sempach\/#primaryimage"},"image":{"@id":"https:\/\/nisacar.ch\/fr\/windschutzscheibe-wechseln-sursee-sempach\/#primaryimage"},"thumbnailUrl":"https:\/\/i0.wp.com\/nisacar.ch\/wp-content\/uploads\/2026\/03\/Windschutzscheibe-wechseln-Sursee-Sempach-Scheibenservice-Tags-Windschutzscheibe-wechseln-Scheibenservice-Autoglas-Autoservice-Sursee.jpg?fit=1200%2C850&ssl=1","datePublished":"2026-02-28T12:04:48+00:00","dateModified":"2026-03-09T12:15:33+00:00","description":"Windschutzscheibe wechseln Sursee & Sempach: Wann ein Austausch notwendig ist und wie ein professioneller Scheibenservice hilft.","breadcrumb":{"@id":"https:\/\/nisacar.ch\/fr\/windschutzscheibe-wechseln-sursee-sempach\/#breadcrumb"},"inLanguage":"fr-FR","potentialAction":[{"@type":"ReadAction","target":["https:\/\/nisacar.ch\/fr\/windschutzscheibe-wechseln-sursee-sempach\/"]}]},{"@type":"ImageObject","inLanguage":"fr-FR","@id":"https:\/\/nisacar.ch\/fr\/windschutzscheibe-wechseln-sursee-sempach\/#primaryimage","url":"https:\/\/i0.wp.com\/nisacar.ch\/wp-content\/uploads\/2026\/03\/Windschutzscheibe-wechseln-Sursee-Sempach-Scheibenservice-Tags-Windschutzscheibe-wechseln-Scheibenservice-Autoglas-Autoservice-Sursee.jpg?fit=1200%2C850&ssl=1","contentUrl":"https:\/\/i0.wp.com\/nisacar.ch\/wp-content\/uploads\/2026\/03\/Windschutzscheibe-wechseln-Sursee-Sempach-Scheibenservice-Tags-Windschutzscheibe-wechseln-Scheibenservice-Autoglas-Autoservice-Sursee.jpg?fit=1200%2C850&ssl=1","width":1200,"height":850,"caption":"Windschutzscheibe wechseln Sursee Sempach Scheibenservice Tags Windschutzscheibe wechseln, Scheibenservice, Autoglas, Autoservice, Sursee"},{"@type":"BreadcrumbList","@id":"https:\/\/nisacar.ch\/fr\/windschutzscheibe-wechseln-sursee-sempach\/#breadcrumb","itemListElement":[{"@type":"ListItem","position":1,"name":"Home","item":"https:\/\/nisacar.ch\/fr\/"},{"@type":"ListItem","position":2,"name":"Windschutzscheibe wechseln Sursee &#038; Sempach \u2013 Wann ist ein Austausch notwendig?"}]},{"@type":"WebSite","@id":"https:\/\/nisacar.ch\/fr\/#website","url":"https:\/\/nisacar.ch\/fr\/","name":"NISA Car","description":"Perfekte Pflege. Faire Preise. Schweizer Qualit\u00e4t.","publisher":{"@id":"https:\/\/nisacar.ch\/fr\/#organization"},"potentialAction":[{"@type":"SearchAction","target":{"@type":"EntryPoint","urlTemplate":"https:\/\/nisacar.ch\/fr\/?s={search_term_string}"},"query-input":{"@type":"PropertyValueSpecification","valueRequired":true,"valueName":"search_term_string"}}],"inLanguage":"fr-FR"},{"@type":"Organization","@id":"https:\/\/nisacar.ch\/fr\/#organization","name":"NISA Car Angelov","url":"https:\/\/nisacar.ch\/fr\/","logo":{"@type":"ImageObject","inLanguage":"fr-FR","@id":"https:\/\/nisacar.ch\/fr\/#\/schema\/logo\/image\/","url":"https:\/\/i0.wp.com\/nisacar.ch\/wp-content\/uploads\/2025\/10\/cropped-za_autoscout-removebg-preview-Copy.png?fit=420%2C150&ssl=1","contentUrl":"https:\/\/i0.wp.com\/nisacar.ch\/wp-content\/uploads\/2025\/10\/cropped-za_autoscout-removebg-preview-Copy.png?fit=420%2C150&ssl=1","width":420,"height":150,"caption":"NISA Car Angelov"},"image":{"@id":"https:\/\/nisacar.ch\/fr\/#\/schema\/logo\/image\/"},"sameAs":["https:\/\/www.facebook.com\/nisacar.ch1","https:\/\/www.instagram.com\/nisacar_ch\/"]},{"@type":"Person","@id":"https:\/\/nisacar.ch\/fr\/#\/schema\/person\/d92360346fc54e6f3ccb5f67baa14403","name":"Bojan Atanasov","image":{"@type":"ImageObject","inLanguage":"fr-FR","@id":"https:\/\/secure.gravatar.com\/avatar\/2bed02e9a515199a35221b37b3e7871dfba34ba0309d41356bb19e8e3795914d?s=96&d=mm&r=g","url":"https:\/\/secure.gravatar.com\/avatar\/2bed02e9a515199a35221b37b3e7871dfba34ba0309d41356bb19e8e3795914d?s=96&d=mm&r=g","contentUrl":"https:\/\/secure.gravatar.com\/avatar\/2bed02e9a515199a35221b37b3e7871dfba34ba0309d41356bb19e8e3795914d?s=96&d=mm&r=g","caption":"Bojan Atanasov"},"sameAs":["https:\/\/lumovo.ch"],"url":"https:\/\/nisacar.ch\/fr\/author\/atanasov1995\/"}]}},"jetpack_featured_media_url":"https:\/\/i0.wp.com\/nisacar.ch\/wp-content\/uploads\/2026\/03\/Windschutzscheibe-wechseln-Sursee-Sempach-Scheibenservice-Tags-Windschutzscheibe-wechseln-Scheibenservice-Autoglas-Autoservice-Sursee.jpg?fit=1200%2C850&ssl=1","jetpack_sharing_enabled":true,"_links":{"self":[{"href":"https:\/\/nisacar.ch\/fr\/wp-json\/wp\/v2\/posts\/2561","targetHints":{"allow":["GET"]}}],"collection":[{"href":"https:\/\/nisacar.ch\/fr\/wp-json\/wp\/v2\/posts"}],"about":[{"href":"https:\/\/nisacar.ch\/fr\/wp-json\/wp\/v2\/types\/post"}],"author":[{"embeddable":true,"href":"https:\/\/nisacar.ch\/fr\/wp-json\/wp\/v2\/users\/2"}],"replies":[{"embeddable":true,"href":"https:\/\/nisacar.ch\/fr\/wp-json\/wp\/v2\/comments?post=2561"}],"version-history":[{"count":2,"href":"https:\/\/nisacar.ch\/fr\/wp-json\/wp\/v2\/posts\/2561\/revisions"}],"predecessor-version":[{"id":2564,"href":"https:\/\/nisacar.ch\/fr\/wp-json\/wp\/v2\/posts\/2561\/revisions\/2564"}],"wp:featuredmedia":[{"embeddable":true,"href":"https:\/\/nisacar.ch\/fr\/wp-json\/wp\/v2\/media\/2562"}],"wp:attachment":[{"href":"https:\/\/nisacar.ch\/fr\/wp-json\/wp\/v2\/media?parent=2561"}],"wp:term":[{"taxonomy":"category","embeddable":true,"href":"https:\/\/nisacar.ch\/fr\/wp-json\/wp\/v2\/categories?post=2561"},{"taxonomy":"post_tag","embeddable":true,"href":"https:\/\/nisacar.ch\/fr\/wp-json\/wp\/v2\/tags?post=2561"}],"curies":[{"name":"wp","href":"https:\/\/api.w.org\/{rel}","templated":true}]}}