{"id":2553,"date":"2026-02-26T12:58:57","date_gmt":"2026-02-26T11:58:57","guid":{"rendered":"https:\/\/nisacar.ch\/?p=2553"},"modified":"2026-03-09T13:15:08","modified_gmt":"2026-03-09T12:15:08","slug":"fahrzeugaufbereitung-vor-verkauf","status":"publish","type":"post","link":"https:\/\/nisacar.ch\/fr\/fahrzeugaufbereitung-vor-verkauf\/","title":{"rendered":"Fahrzeugaufbereitung vor Verkauf \u2013 Mehr Wert f\u00fcr Ihr Auto"},"content":{"rendered":"\n<p class=\"\">Wer sein Auto verkaufen m\u00f6chte, sollte nicht nur auf den Preis achten, sondern auch auf den Zustand des Fahrzeugs. Eine professionelle Fahrzeugaufbereitung kann dabei helfen, das Auto optisch aufzuwerten und einen besseren Eindruck bei potenziellen K\u00e4ufern zu hinterlassen.<\/p>\n\n\n\n<p class=\"\">Gerade in der Region Luzern achten viele K\u00e4ufer stark auf den Zustand eines Fahrzeugs. Ein gepflegtes Auto wirkt vertrauensw\u00fcrdiger und kann den Verkaufspreis positiv beeinflussen.<\/p>\n\n\n\n<h2 class=\"wp-block-heading\">Warum ist Fahrzeugaufbereitung vor dem Verkauf sinnvoll?<\/h2>\n\n\n\n<p class=\"\">Ein sauberes und gepflegtes Fahrzeug hinterl\u00e4sst bei K\u00e4ufern einen deutlich besseren Eindruck. Kleine Kratzer, Verschmutzungen oder ein ungepflegter Innenraum k\u00f6nnen den Wert eines Autos negativ beeinflussen.<\/p>\n\n\n\n<p class=\"\">Eine professionelle <a href=\"https:\/\/nisacar.ch\/leistungen\/autoaufbereitung-detailing\/\">Autoaufbereitung &amp; Detailing<\/a> kann helfen, das Fahrzeug wieder in einen sehr guten optischen Zustand zu bringen.<\/p>\n\n\n\n<p class=\"\">Die wichtigsten Vorteile sind:<\/p>\n\n\n\n<ul class=\"wp-block-list\">\n<li class=\"\">besserer erster Eindruck f\u00fcr K\u00e4ufer<\/li>\n\n\n\n<li class=\"\">h\u00f6herer m\u00f6glicher Verkaufspreis<\/li>\n\n\n\n<li class=\"\">schnellerer Verkaufsprozess<\/li>\n\n\n\n<li class=\"\">mehr Vertrauen beim K\u00e4ufer<\/li>\n<\/ul>\n\n\n\n<h2 class=\"wp-block-heading\">Welche Arbeiten geh\u00f6ren zur Fahrzeugaufbereitung?<\/h2>\n\n\n\n<p class=\"\">Eine professionelle Aufbereitung umfasst mehrere Schritte, um das Fahrzeug gr\u00fcndlich zu reinigen und aufzuwerten.<\/p>\n\n\n\n<ul class=\"wp-block-list\">\n<li class=\"\">Au\u00dfenw\u00e4sche und Lackreinigung<\/li>\n\n\n\n<li class=\"\">Lackpolitur zur Entfernung kleiner Kratzer<\/li>\n\n\n\n<li class=\"\">Innenreinigung von Sitzen und Teppichen<\/li>\n\n\n\n<li class=\"\">Reinigung von Felgen und Kunststoffteilen<\/li>\n<\/ul>\n\n\n\n<p class=\"\">Mehr \u00fcber Lackpflege erfahren Sie auch in unserem Artikel \u00fcber <a href=\"https:\/\/nisacar.ch\/fr\/autopolitur-sursee-oberkirch\/\">Autopolitur Sursee &amp; Oberkirch<\/a>.<\/p>\n\n\n\n<h2 class=\"wp-block-heading\">Innenreinigung f\u00fcr einen besseren Eindruck<\/h2>\n\n\n\n<p class=\"\">Der Innenraum spielt beim Fahrzeugverkauf eine gro\u00dfe Rolle. K\u00e4ufer achten besonders auf saubere Sitze, Teppiche und Kunststofffl\u00e4chen.<\/p>\n\n\n\n<p class=\"\">Mehr dar\u00fcber erfahren Sie auch in unserem Artikel \u00fcber <a href=\"https:\/\/nisacar.ch\/fr\/fahrzeug-innenreinigung-sursee-sempach\/\">Fahrzeug Innenreinigung Sursee &amp; Sempach<\/a>.<\/p>\n\n\n\n<h2 class=\"wp-block-heading\">Weitere Tipps f\u00fcr den Autoverkauf<\/h2>\n\n\n\n<p class=\"\">Neben der Fahrzeugpflege gibt es weitere Punkte, die beim Verkauf eines Autos wichtig sind. Dazu geh\u00f6ren eine vollst\u00e4ndige Servicehistorie und ein technisch einwandfreier Zustand.<\/p>\n\n\n\n<p class=\"\">Mehr Tipps dazu finden Sie auch in unserem Artikel \u00fcber <a href=\"https:\/\/nisacar.ch\/fr\/auto-verkaufen-luzern-bester-preis\/\">Auto verkaufen Luzern<\/a>.<\/p>\n\n\n\n<h2 class=\"wp-block-heading\">Technischer Zustand des Fahrzeugs<\/h2>\n\n\n\n<p class=\"\">Vor dem Verkauf kann es sinnvoll sein, das Fahrzeug technisch \u00fcberpr\u00fcfen zu lassen. Ein funktionierendes Bremssystem und gute Reifen sind f\u00fcr K\u00e4ufer besonders wichtig.<\/p>\n\n\n\n<p class=\"\">Ein professioneller <a href=\"https:\/\/nisacar.ch\/leistungen\/reifen-bremsenservice\/\">Reifen- &amp; Bremsenservice<\/a> kann helfen, den Zustand des Fahrzeugs zu pr\u00fcfen.<\/p>\n\n\n\n<p class=\"\">Auch ein <a href=\"https:\/\/nisacar.ch\/leistungen\/scheibenservice\/\">Scheibenservice<\/a> kann kleine Sch\u00e4den an der Windschutzscheibe reparieren.<\/p>\n\n\n\n<h2 class=\"wp-block-heading\">Auto verkaufen in der Region Luzern<\/h2>\n\n\n\n<p class=\"\">NISA Car unterst\u00fctzt Kunden beim <a href=\"https:\/\/nisacar.ch\/leistungen\/fahrzeugverkauf-ankauf\/\">Fahrzeugverkauf und Ankauf<\/a>. Das Unternehmen befindet sich in Schenkon und betreut Kunden aus Luzern, Sursee, Sempach und der gesamten Region.<\/p>\n\n\n\n<p class=\"\">Wenn Sie au\u00dferdem nach einem Fahrzeug suchen, k\u00f6nnen Sie sich die aktuellen <a href=\"https:\/\/nisacar.ch\/automobile\/\">Occasion Fahrzeuge<\/a> ansehen.<\/p>\n\n\n\n<p class=\"\">F\u00fcr eine Beratung oder Terminvereinbarung k\u00f6nnen Sie jederzeit <a href=\"https:\/\/nisacar.ch\/kontakt\/\">Kontakt mit NISA Car aufnehmen<\/a>.<\/p>\n\n\n\n<p class=\"\">Mehr \u00fcber das Unternehmen erfahren Sie auf der Seite <a href=\"https:\/\/nisacar.ch\/uber-uns\/\">\u00dcber uns<\/a>.<\/p>\n\n\n\n<h3 class=\"wp-block-heading\">Weitere hilfreiche Artikel<\/h3>\n\n\n\n<ul class=\"wp-block-list\">\n<li class=\"\"><a href=\"https:\/\/nisacar.ch\/fr\/autodetailing-luzern\/\">Autodetailing Luzern \u2013 Professionelle Fahrzeugpflege<\/a><\/li>\n\n\n\n<li class=\"\"><a href=\"https:\/\/nisacar.ch\/fr\/autoaufbereitung-emmen-kriens\/\">Autoaufbereitung Emmen &amp; Kriens<\/a><\/li>\n\n\n\n<li class=\"\"><a href=\"https:\/\/nisacar.ch\/fr\/autopolitur-sursee-oberkirch\/\">Autopolitur Sursee &amp; Oberkirch<\/a><\/li>\n<\/ul>\n\n\n\n<hr class=\"wp-block-separator has-alpha-channel-opacity\"\/>\n\n\n\n<p class=\"\"><strong>Kategorie:<\/strong> Autokauf &amp; Verkauf<\/p>\n\n\n\n<p class=\"\"><strong>Tags:<\/strong> Fahrzeugaufbereitung, Autoverkauf, Autoaufbereitung, Fahrzeugpflege, Luzern<\/p>\n","protected":false},"excerpt":{"rendered":"<p>Wer sein Auto verkaufen m\u00f6chte, sollte nicht nur auf den Preis achten, sondern auch auf den Zustand des Fahrzeugs. Eine professionelle Fahrzeugaufbereitung kann dabei helfen, das<span class=\"excerpt-hellip\"> [\u2026]<\/span><\/p>\n","protected":false},"author":2,"featured_media":2554,"comment_status":"closed","ping_status":"closed","sticky":false,"template":"","format":"standard","meta":{"_acf_changed":false,"nf_dc_page":"","_jetpack_memberships_contains_paid_content":false,"footnotes":""},"categories":[23],"tags":[35,81,41,55],"class_list":["post-2553","post","type-post","status-publish","format-standard","has-post-thumbnail","hentry","category-autokauf-verkauf","tag-autoaufbereitung","tag-autoverkauf","tag-fahrzeugpflege","tag-luzern"],"acf":[],"yoast_head":"<!-- This site is optimized with the Yoast SEO plugin v27.5 - https:\/\/yoast.com\/product\/yoast-seo-wordpress\/ -->\n<title>Fahrzeugaufbereitung vor Verkauf \u2013 Mehr Wert<\/title>\n<meta name=\"description\" content=\"Fahrzeugaufbereitung vor Verkauf: Warum professionelle Reinigung und Pflege den Fahrzeugwert erh\u00f6hen kann. NISA Car.\" \/>\n<meta name=\"robots\" content=\"index, follow, max-snippet:-1, max-image-preview:large, max-video-preview:-1\" \/>\n<link rel=\"canonical\" href=\"https:\/\/nisacar.ch\/fr\/fahrzeugaufbereitung-vor-verkauf\/\" \/>\n<meta property=\"og:locale\" content=\"fr_FR\" \/>\n<meta property=\"og:type\" content=\"article\" \/>\n<meta property=\"og:title\" content=\"Fahrzeugaufbereitung vor Verkauf \u2013 Mehr Wert\" \/>\n<meta property=\"og:description\" content=\"Fahrzeugaufbereitung vor Verkauf: Warum professionelle Reinigung und Pflege den Fahrzeugwert erh\u00f6hen kann.\" \/>\n<meta property=\"og:url\" content=\"https:\/\/nisacar.ch\/fr\/fahrzeugaufbereitung-vor-verkauf\/\" \/>\n<meta property=\"og:site_name\" content=\"NISA Car\" \/>\n<meta property=\"article:publisher\" content=\"https:\/\/www.facebook.com\/nisacar.ch1\" \/>\n<meta property=\"article:published_time\" content=\"2026-02-26T11:58:57+00:00\" \/>\n<meta property=\"article:modified_time\" content=\"2026-03-09T12:15:08+00:00\" \/>\n<meta property=\"og:image\" content=\"https:\/\/nisacar.ch\/wp-content\/uploads\/2026\/03\/Fahrzeugaufbereitung-vor-Verkauf-\u2013-Mehr-Wert-Autokauf-Verkauf-Tags-Fahrzeugaufbereitung-Autoverkauf-Autoaufbereitung-Fahrzeugpflege-Luzern.jpg\" \/>\n\t<meta property=\"og:image:width\" content=\"1200\" \/>\n\t<meta property=\"og:image:height\" content=\"850\" \/>\n\t<meta property=\"og:image:type\" content=\"image\/jpeg\" \/>\n<meta name=\"author\" content=\"Bojan Atanasov\" \/>\n<meta name=\"twitter:card\" content=\"summary_large_image\" \/>\n<meta name=\"twitter:label1\" content=\"\u00c9crit par\" \/>\n\t<meta name=\"twitter:data1\" content=\"Bojan Atanasov\" \/>\n\t<meta name=\"twitter:label2\" content=\"Dur\u00e9e de lecture estim\u00e9e\" \/>\n\t<meta name=\"twitter:data2\" content=\"2 minutes\" \/>\n<script type=\"application\/ld+json\" class=\"yoast-schema-graph\">{\"@context\":\"https:\\\/\\\/schema.org\",\"@graph\":[{\"@type\":\"Article\",\"@id\":\"https:\\\/\\\/nisacar.ch\\\/fr\\\/fahrzeugaufbereitung-vor-verkauf\\\/#article\",\"isPartOf\":{\"@id\":\"https:\\\/\\\/nisacar.ch\\\/fr\\\/fahrzeugaufbereitung-vor-verkauf\\\/\"},\"author\":{\"name\":\"Bojan Atanasov\",\"@id\":\"https:\\\/\\\/nisacar.ch\\\/fr\\\/#\\\/schema\\\/person\\\/d92360346fc54e6f3ccb5f67baa14403\"},\"headline\":\"Fahrzeugaufbereitung vor Verkauf \u2013 Mehr Wert f\u00fcr Ihr Auto\",\"datePublished\":\"2026-02-26T11:58:57+00:00\",\"dateModified\":\"2026-03-09T12:15:08+00:00\",\"mainEntityOfPage\":{\"@id\":\"https:\\\/\\\/nisacar.ch\\\/fr\\\/fahrzeugaufbereitung-vor-verkauf\\\/\"},\"wordCount\":450,\"publisher\":{\"@id\":\"https:\\\/\\\/nisacar.ch\\\/fr\\\/#organization\"},\"image\":{\"@id\":\"https:\\\/\\\/nisacar.ch\\\/fr\\\/fahrzeugaufbereitung-vor-verkauf\\\/#primaryimage\"},\"thumbnailUrl\":\"https:\\\/\\\/i0.wp.com\\\/nisacar.ch\\\/wp-content\\\/uploads\\\/2026\\\/03\\\/Fahrzeugaufbereitung-vor-Verkauf-%E2%80%93-Mehr-Wert-Autokauf-Verkauf-Tags-Fahrzeugaufbereitung-Autoverkauf-Autoaufbereitung-Fahrzeugpflege-Luzern.jpg?fit=1200%2C850&ssl=1\",\"keywords\":[\"Autoaufbereitung\",\"Autoverkauf\",\"Fahrzeugpflege\",\"Luzern\"],\"articleSection\":[\"Autokauf &amp; Verkauf\"],\"inLanguage\":\"fr-FR\"},{\"@type\":\"WebPage\",\"@id\":\"https:\\\/\\\/nisacar.ch\\\/fr\\\/fahrzeugaufbereitung-vor-verkauf\\\/\",\"url\":\"https:\\\/\\\/nisacar.ch\\\/fr\\\/fahrzeugaufbereitung-vor-verkauf\\\/\",\"name\":\"Fahrzeugaufbereitung vor Verkauf \u2013 Mehr Wert\",\"isPartOf\":{\"@id\":\"https:\\\/\\\/nisacar.ch\\\/fr\\\/#website\"},\"primaryImageOfPage\":{\"@id\":\"https:\\\/\\\/nisacar.ch\\\/fr\\\/fahrzeugaufbereitung-vor-verkauf\\\/#primaryimage\"},\"image\":{\"@id\":\"https:\\\/\\\/nisacar.ch\\\/fr\\\/fahrzeugaufbereitung-vor-verkauf\\\/#primaryimage\"},\"thumbnailUrl\":\"https:\\\/\\\/i0.wp.com\\\/nisacar.ch\\\/wp-content\\\/uploads\\\/2026\\\/03\\\/Fahrzeugaufbereitung-vor-Verkauf-%E2%80%93-Mehr-Wert-Autokauf-Verkauf-Tags-Fahrzeugaufbereitung-Autoverkauf-Autoaufbereitung-Fahrzeugpflege-Luzern.jpg?fit=1200%2C850&ssl=1\",\"datePublished\":\"2026-02-26T11:58:57+00:00\",\"dateModified\":\"2026-03-09T12:15:08+00:00\",\"description\":\"Fahrzeugaufbereitung vor Verkauf: Warum professionelle Reinigung und Pflege den Fahrzeugwert erh\u00f6hen kann. NISA Car.\",\"breadcrumb\":{\"@id\":\"https:\\\/\\\/nisacar.ch\\\/fr\\\/fahrzeugaufbereitung-vor-verkauf\\\/#breadcrumb\"},\"inLanguage\":\"fr-FR\",\"potentialAction\":[{\"@type\":\"ReadAction\",\"target\":[\"https:\\\/\\\/nisacar.ch\\\/fr\\\/fahrzeugaufbereitung-vor-verkauf\\\/\"]}]},{\"@type\":\"ImageObject\",\"inLanguage\":\"fr-FR\",\"@id\":\"https:\\\/\\\/nisacar.ch\\\/fr\\\/fahrzeugaufbereitung-vor-verkauf\\\/#primaryimage\",\"url\":\"https:\\\/\\\/i0.wp.com\\\/nisacar.ch\\\/wp-content\\\/uploads\\\/2026\\\/03\\\/Fahrzeugaufbereitung-vor-Verkauf-%E2%80%93-Mehr-Wert-Autokauf-Verkauf-Tags-Fahrzeugaufbereitung-Autoverkauf-Autoaufbereitung-Fahrzeugpflege-Luzern.jpg?fit=1200%2C850&ssl=1\",\"contentUrl\":\"https:\\\/\\\/i0.wp.com\\\/nisacar.ch\\\/wp-content\\\/uploads\\\/2026\\\/03\\\/Fahrzeugaufbereitung-vor-Verkauf-%E2%80%93-Mehr-Wert-Autokauf-Verkauf-Tags-Fahrzeugaufbereitung-Autoverkauf-Autoaufbereitung-Fahrzeugpflege-Luzern.jpg?fit=1200%2C850&ssl=1\",\"width\":1200,\"height\":850,\"caption\":\"Fahrzeugaufbereitung vor Verkauf \u2013 Mehr Wert Autokauf & Verkauf Tags Fahrzeugaufbereitung, Autoverkauf, Autoaufbereitung, Fahrzeugpflege, Luzern\"},{\"@type\":\"BreadcrumbList\",\"@id\":\"https:\\\/\\\/nisacar.ch\\\/fr\\\/fahrzeugaufbereitung-vor-verkauf\\\/#breadcrumb\",\"itemListElement\":[{\"@type\":\"ListItem\",\"position\":1,\"name\":\"Home\",\"item\":\"https:\\\/\\\/nisacar.ch\\\/fr\\\/\"},{\"@type\":\"ListItem\",\"position\":2,\"name\":\"Fahrzeugaufbereitung vor Verkauf \u2013 Mehr Wert f\u00fcr Ihr Auto\"}]},{\"@type\":\"WebSite\",\"@id\":\"https:\\\/\\\/nisacar.ch\\\/fr\\\/#website\",\"url\":\"https:\\\/\\\/nisacar.ch\\\/fr\\\/\",\"name\":\"NISA Car\",\"description\":\"Perfekte Pflege. Faire Preise. Schweizer Qualit\u00e4t.\",\"publisher\":{\"@id\":\"https:\\\/\\\/nisacar.ch\\\/fr\\\/#organization\"},\"potentialAction\":[{\"@type\":\"SearchAction\",\"target\":{\"@type\":\"EntryPoint\",\"urlTemplate\":\"https:\\\/\\\/nisacar.ch\\\/fr\\\/?s={search_term_string}\"},\"query-input\":{\"@type\":\"PropertyValueSpecification\",\"valueRequired\":true,\"valueName\":\"search_term_string\"}}],\"inLanguage\":\"fr-FR\"},{\"@type\":\"Organization\",\"@id\":\"https:\\\/\\\/nisacar.ch\\\/fr\\\/#organization\",\"name\":\"NISA Car Angelov\",\"url\":\"https:\\\/\\\/nisacar.ch\\\/fr\\\/\",\"logo\":{\"@type\":\"ImageObject\",\"inLanguage\":\"fr-FR\",\"@id\":\"https:\\\/\\\/nisacar.ch\\\/fr\\\/#\\\/schema\\\/logo\\\/image\\\/\",\"url\":\"https:\\\/\\\/i0.wp.com\\\/nisacar.ch\\\/wp-content\\\/uploads\\\/2025\\\/10\\\/cropped-za_autoscout-removebg-preview-Copy.png?fit=420%2C150&ssl=1\",\"contentUrl\":\"https:\\\/\\\/i0.wp.com\\\/nisacar.ch\\\/wp-content\\\/uploads\\\/2025\\\/10\\\/cropped-za_autoscout-removebg-preview-Copy.png?fit=420%2C150&ssl=1\",\"width\":420,\"height\":150,\"caption\":\"NISA Car Angelov\"},\"image\":{\"@id\":\"https:\\\/\\\/nisacar.ch\\\/fr\\\/#\\\/schema\\\/logo\\\/image\\\/\"},\"sameAs\":[\"https:\\\/\\\/www.facebook.com\\\/nisacar.ch1\",\"https:\\\/\\\/www.instagram.com\\\/nisacar_ch\\\/\"]},{\"@type\":\"Person\",\"@id\":\"https:\\\/\\\/nisacar.ch\\\/fr\\\/#\\\/schema\\\/person\\\/d92360346fc54e6f3ccb5f67baa14403\",\"name\":\"Bojan Atanasov\",\"image\":{\"@type\":\"ImageObject\",\"inLanguage\":\"fr-FR\",\"@id\":\"https:\\\/\\\/secure.gravatar.com\\\/avatar\\\/2bed02e9a515199a35221b37b3e7871dfba34ba0309d41356bb19e8e3795914d?s=96&d=mm&r=g\",\"url\":\"https:\\\/\\\/secure.gravatar.com\\\/avatar\\\/2bed02e9a515199a35221b37b3e7871dfba34ba0309d41356bb19e8e3795914d?s=96&d=mm&r=g\",\"contentUrl\":\"https:\\\/\\\/secure.gravatar.com\\\/avatar\\\/2bed02e9a515199a35221b37b3e7871dfba34ba0309d41356bb19e8e3795914d?s=96&d=mm&r=g\",\"caption\":\"Bojan Atanasov\"},\"sameAs\":[\"https:\\\/\\\/lumovo.ch\"],\"url\":\"https:\\\/\\\/nisacar.ch\\\/fr\\\/author\\\/atanasov1995\\\/\"}]}<\/script>\n<!-- \/ Yoast SEO plugin. -->","yoast_head_json":{"title":"Fahrzeugaufbereitung vor Verkauf \u2013 Mehr Wert","description":"Fahrzeugaufbereitung vor Verkauf: Warum professionelle Reinigung und Pflege den Fahrzeugwert erh\u00f6hen kann. NISA Car.","robots":{"index":"index","follow":"follow","max-snippet":"max-snippet:-1","max-image-preview":"max-image-preview:large","max-video-preview":"max-video-preview:-1"},"canonical":"https:\/\/nisacar.ch\/fr\/fahrzeugaufbereitung-vor-verkauf\/","og_locale":"fr_FR","og_type":"article","og_title":"Fahrzeugaufbereitung vor Verkauf \u2013 Mehr Wert","og_description":"Fahrzeugaufbereitung vor Verkauf: Warum professionelle Reinigung und Pflege den Fahrzeugwert erh\u00f6hen kann.","og_url":"https:\/\/nisacar.ch\/fr\/fahrzeugaufbereitung-vor-verkauf\/","og_site_name":"NISA Car","article_publisher":"https:\/\/www.facebook.com\/nisacar.ch1","article_published_time":"2026-02-26T11:58:57+00:00","article_modified_time":"2026-03-09T12:15:08+00:00","og_image":[{"width":1200,"height":850,"url":"https:\/\/nisacar.ch\/wp-content\/uploads\/2026\/03\/Fahrzeugaufbereitung-vor-Verkauf-\u2013-Mehr-Wert-Autokauf-Verkauf-Tags-Fahrzeugaufbereitung-Autoverkauf-Autoaufbereitung-Fahrzeugpflege-Luzern.jpg","type":"image\/jpeg"}],"author":"Bojan Atanasov","twitter_card":"summary_large_image","twitter_misc":{"\u00c9crit par":"Bojan Atanasov","Dur\u00e9e de lecture estim\u00e9e":"2 minutes"},"schema":{"@context":"https:\/\/schema.org","@graph":[{"@type":"Article","@id":"https:\/\/nisacar.ch\/fr\/fahrzeugaufbereitung-vor-verkauf\/#article","isPartOf":{"@id":"https:\/\/nisacar.ch\/fr\/fahrzeugaufbereitung-vor-verkauf\/"},"author":{"name":"Bojan Atanasov","@id":"https:\/\/nisacar.ch\/fr\/#\/schema\/person\/d92360346fc54e6f3ccb5f67baa14403"},"headline":"Fahrzeugaufbereitung vor Verkauf \u2013 Mehr Wert f\u00fcr Ihr Auto","datePublished":"2026-02-26T11:58:57+00:00","dateModified":"2026-03-09T12:15:08+00:00","mainEntityOfPage":{"@id":"https:\/\/nisacar.ch\/fr\/fahrzeugaufbereitung-vor-verkauf\/"},"wordCount":450,"publisher":{"@id":"https:\/\/nisacar.ch\/fr\/#organization"},"image":{"@id":"https:\/\/nisacar.ch\/fr\/fahrzeugaufbereitung-vor-verkauf\/#primaryimage"},"thumbnailUrl":"https:\/\/i0.wp.com\/nisacar.ch\/wp-content\/uploads\/2026\/03\/Fahrzeugaufbereitung-vor-Verkauf-%E2%80%93-Mehr-Wert-Autokauf-Verkauf-Tags-Fahrzeugaufbereitung-Autoverkauf-Autoaufbereitung-Fahrzeugpflege-Luzern.jpg?fit=1200%2C850&ssl=1","keywords":["Autoaufbereitung","Autoverkauf","Fahrzeugpflege","Luzern"],"articleSection":["Autokauf &amp; Verkauf"],"inLanguage":"fr-FR"},{"@type":"WebPage","@id":"https:\/\/nisacar.ch\/fr\/fahrzeugaufbereitung-vor-verkauf\/","url":"https:\/\/nisacar.ch\/fr\/fahrzeugaufbereitung-vor-verkauf\/","name":"Fahrzeugaufbereitung vor Verkauf \u2013 Mehr Wert","isPartOf":{"@id":"https:\/\/nisacar.ch\/fr\/#website"},"primaryImageOfPage":{"@id":"https:\/\/nisacar.ch\/fr\/fahrzeugaufbereitung-vor-verkauf\/#primaryimage"},"image":{"@id":"https:\/\/nisacar.ch\/fr\/fahrzeugaufbereitung-vor-verkauf\/#primaryimage"},"thumbnailUrl":"https:\/\/i0.wp.com\/nisacar.ch\/wp-content\/uploads\/2026\/03\/Fahrzeugaufbereitung-vor-Verkauf-%E2%80%93-Mehr-Wert-Autokauf-Verkauf-Tags-Fahrzeugaufbereitung-Autoverkauf-Autoaufbereitung-Fahrzeugpflege-Luzern.jpg?fit=1200%2C850&ssl=1","datePublished":"2026-02-26T11:58:57+00:00","dateModified":"2026-03-09T12:15:08+00:00","description":"Fahrzeugaufbereitung vor Verkauf: Warum professionelle Reinigung und Pflege den Fahrzeugwert erh\u00f6hen kann. NISA Car.","breadcrumb":{"@id":"https:\/\/nisacar.ch\/fr\/fahrzeugaufbereitung-vor-verkauf\/#breadcrumb"},"inLanguage":"fr-FR","potentialAction":[{"@type":"ReadAction","target":["https:\/\/nisacar.ch\/fr\/fahrzeugaufbereitung-vor-verkauf\/"]}]},{"@type":"ImageObject","inLanguage":"fr-FR","@id":"https:\/\/nisacar.ch\/fr\/fahrzeugaufbereitung-vor-verkauf\/#primaryimage","url":"https:\/\/i0.wp.com\/nisacar.ch\/wp-content\/uploads\/2026\/03\/Fahrzeugaufbereitung-vor-Verkauf-%E2%80%93-Mehr-Wert-Autokauf-Verkauf-Tags-Fahrzeugaufbereitung-Autoverkauf-Autoaufbereitung-Fahrzeugpflege-Luzern.jpg?fit=1200%2C850&ssl=1","contentUrl":"https:\/\/i0.wp.com\/nisacar.ch\/wp-content\/uploads\/2026\/03\/Fahrzeugaufbereitung-vor-Verkauf-%E2%80%93-Mehr-Wert-Autokauf-Verkauf-Tags-Fahrzeugaufbereitung-Autoverkauf-Autoaufbereitung-Fahrzeugpflege-Luzern.jpg?fit=1200%2C850&ssl=1","width":1200,"height":850,"caption":"Fahrzeugaufbereitung vor Verkauf \u2013 Mehr Wert Autokauf & Verkauf Tags Fahrzeugaufbereitung, Autoverkauf, Autoaufbereitung, Fahrzeugpflege, Luzern"},{"@type":"BreadcrumbList","@id":"https:\/\/nisacar.ch\/fr\/fahrzeugaufbereitung-vor-verkauf\/#breadcrumb","itemListElement":[{"@type":"ListItem","position":1,"name":"Home","item":"https:\/\/nisacar.ch\/fr\/"},{"@type":"ListItem","position":2,"name":"Fahrzeugaufbereitung vor Verkauf \u2013 Mehr Wert f\u00fcr Ihr Auto"}]},{"@type":"WebSite","@id":"https:\/\/nisacar.ch\/fr\/#website","url":"https:\/\/nisacar.ch\/fr\/","name":"NISA Car","description":"Perfekte Pflege. Faire Preise. Schweizer Qualit\u00e4t.","publisher":{"@id":"https:\/\/nisacar.ch\/fr\/#organization"},"potentialAction":[{"@type":"SearchAction","target":{"@type":"EntryPoint","urlTemplate":"https:\/\/nisacar.ch\/fr\/?s={search_term_string}"},"query-input":{"@type":"PropertyValueSpecification","valueRequired":true,"valueName":"search_term_string"}}],"inLanguage":"fr-FR"},{"@type":"Organization","@id":"https:\/\/nisacar.ch\/fr\/#organization","name":"NISA Car Angelov","url":"https:\/\/nisacar.ch\/fr\/","logo":{"@type":"ImageObject","inLanguage":"fr-FR","@id":"https:\/\/nisacar.ch\/fr\/#\/schema\/logo\/image\/","url":"https:\/\/i0.wp.com\/nisacar.ch\/wp-content\/uploads\/2025\/10\/cropped-za_autoscout-removebg-preview-Copy.png?fit=420%2C150&ssl=1","contentUrl":"https:\/\/i0.wp.com\/nisacar.ch\/wp-content\/uploads\/2025\/10\/cropped-za_autoscout-removebg-preview-Copy.png?fit=420%2C150&ssl=1","width":420,"height":150,"caption":"NISA Car Angelov"},"image":{"@id":"https:\/\/nisacar.ch\/fr\/#\/schema\/logo\/image\/"},"sameAs":["https:\/\/www.facebook.com\/nisacar.ch1","https:\/\/www.instagram.com\/nisacar_ch\/"]},{"@type":"Person","@id":"https:\/\/nisacar.ch\/fr\/#\/schema\/person\/d92360346fc54e6f3ccb5f67baa14403","name":"Bojan Atanasov","image":{"@type":"ImageObject","inLanguage":"fr-FR","@id":"https:\/\/secure.gravatar.com\/avatar\/2bed02e9a515199a35221b37b3e7871dfba34ba0309d41356bb19e8e3795914d?s=96&d=mm&r=g","url":"https:\/\/secure.gravatar.com\/avatar\/2bed02e9a515199a35221b37b3e7871dfba34ba0309d41356bb19e8e3795914d?s=96&d=mm&r=g","contentUrl":"https:\/\/secure.gravatar.com\/avatar\/2bed02e9a515199a35221b37b3e7871dfba34ba0309d41356bb19e8e3795914d?s=96&d=mm&r=g","caption":"Bojan Atanasov"},"sameAs":["https:\/\/lumovo.ch"],"url":"https:\/\/nisacar.ch\/fr\/author\/atanasov1995\/"}]}},"jetpack_featured_media_url":"https:\/\/i0.wp.com\/nisacar.ch\/wp-content\/uploads\/2026\/03\/Fahrzeugaufbereitung-vor-Verkauf-%E2%80%93-Mehr-Wert-Autokauf-Verkauf-Tags-Fahrzeugaufbereitung-Autoverkauf-Autoaufbereitung-Fahrzeugpflege-Luzern.jpg?fit=1200%2C850&ssl=1","jetpack_sharing_enabled":true,"_links":{"self":[{"href":"https:\/\/nisacar.ch\/fr\/wp-json\/wp\/v2\/posts\/2553","targetHints":{"allow":["GET"]}}],"collection":[{"href":"https:\/\/nisacar.ch\/fr\/wp-json\/wp\/v2\/posts"}],"about":[{"href":"https:\/\/nisacar.ch\/fr\/wp-json\/wp\/v2\/types\/post"}],"author":[{"embeddable":true,"href":"https:\/\/nisacar.ch\/fr\/wp-json\/wp\/v2\/users\/2"}],"replies":[{"embeddable":true,"href":"https:\/\/nisacar.ch\/fr\/wp-json\/wp\/v2\/comments?post=2553"}],"version-history":[{"count":2,"href":"https:\/\/nisacar.ch\/fr\/wp-json\/wp\/v2\/posts\/2553\/revisions"}],"predecessor-version":[{"id":2556,"href":"https:\/\/nisacar.ch\/fr\/wp-json\/wp\/v2\/posts\/2553\/revisions\/2556"}],"wp:featuredmedia":[{"embeddable":true,"href":"https:\/\/nisacar.ch\/fr\/wp-json\/wp\/v2\/media\/2554"}],"wp:attachment":[{"href":"https:\/\/nisacar.ch\/fr\/wp-json\/wp\/v2\/media?parent=2553"}],"wp:term":[{"taxonomy":"category","embeddable":true,"href":"https:\/\/nisacar.ch\/fr\/wp-json\/wp\/v2\/categories?post=2553"},{"taxonomy":"post_tag","embeddable":true,"href":"https:\/\/nisacar.ch\/fr\/wp-json\/wp\/v2\/tags?post=2553"}],"curies":[{"name":"wp","href":"https:\/\/api.w.org\/{rel}","templated":true}]}}