{"id":2549,"date":"2026-02-25T12:55:56","date_gmt":"2026-02-25T11:55:56","guid":{"rendered":"https:\/\/nisacar.ch\/?p=2549"},"modified":"2026-03-09T13:14:56","modified_gmt":"2026-03-09T12:14:56","slug":"autodetailing-luzern","status":"publish","type":"post","link":"https:\/\/nisacar.ch\/fr\/autodetailing-luzern\/","title":{"rendered":"Autodetailing Luzern \u2013 Professionelle Fahrzeugpflege"},"content":{"rendered":"\n<p class=\"\">Autodetailing ist eine besonders gr\u00fcndliche Form der Fahrzeugpflege. Dabei wird das Fahrzeug bis ins kleinste Detail gereinigt, gepflegt und aufbereitet. Ziel ist es, das Auto optisch und technisch in einen m\u00f6glichst perfekten Zustand zu bringen.<\/p>\n\n\n\n<p class=\"\">Gerade in der Region Luzern legen viele Autobesitzer gro\u00dfen Wert auf ein gepflegtes Fahrzeug. Professionelles Autodetailing sorgt nicht nur f\u00fcr ein sauberes Auto, sondern tr\u00e4gt auch zum langfristigen Werterhalt bei.<\/p>\n\n\n\n<h2 class=\"wp-block-heading\">Was ist Autodetailing?<\/h2>\n\n\n\n<p class=\"\">Autodetailing geht weit \u00fcber eine normale Autow\u00e4sche hinaus. W\u00e4hrend eine einfache Reinigung meist nur oberfl\u00e4chlich erfolgt, umfasst Detailing eine intensive Pflege aller Fahrzeugbereiche.<\/p>\n\n\n\n<p class=\"\">Eine professionelle <a href=\"https:\/\/nisacar.ch\/leistungen\/autoaufbereitung-detailing\/\">Autoaufbereitung &amp; Detailing<\/a> kann sowohl den Innenraum als auch den Au\u00dfenbereich des Fahrzeugs deutlich verbessern.<\/p>\n\n\n\n<p class=\"\">Zum Autodetailing geh\u00f6ren unter anderem:<\/p>\n\n\n\n<ul class=\"wp-block-list\">\n<li class=\"\">gr\u00fcndliche Lackreinigung<\/li>\n\n\n\n<li class=\"\">Lackpolitur<\/li>\n\n\n\n<li class=\"\">Innenreinigung von Sitzen und Teppichen<\/li>\n\n\n\n<li class=\"\">Reinigung von Felgen und Kunststoffteilen<\/li>\n<\/ul>\n\n\n\n<h2 class=\"wp-block-heading\">Warum lohnt sich Autodetailing?<\/h2>\n\n\n\n<p class=\"\">Professionelles Detailing bietet mehrere Vorteile. Neben dem optischen Effekt sch\u00fctzt es auch verschiedene Fahrzeugteile vor Abnutzung.<\/p>\n\n\n\n<ul class=\"wp-block-list\">\n<li class=\"\">Verbesserung des Fahrzeugglanzes<\/li>\n\n\n\n<li class=\"\">Schutz des Lacks vor Umwelteinfl\u00fcssen<\/li>\n\n\n\n<li class=\"\">Werterhalt des Fahrzeugs<\/li>\n\n\n\n<li class=\"\">angenehmer und sauberer Innenraum<\/li>\n<\/ul>\n\n\n\n<p class=\"\">Mehr \u00fcber Lackpflege erfahren Sie auch in unserem Artikel \u00fcber <a href=\"https:\/\/nisacar.ch\/fr\/autopolitur-sursee-oberkirch\/\">Autopolitur Sursee &amp; Oberkirch<\/a>.<\/p>\n\n\n\n<h2 class=\"wp-block-heading\">Autodetailing vor dem Fahrzeugverkauf<\/h2>\n\n\n\n<p class=\"\">Eine professionelle Fahrzeugaufbereitung kann besonders vor dem Verkauf eines Autos sinnvoll sein. Ein gepflegtes Fahrzeug hinterl\u00e4sst bei potenziellen K\u00e4ufern einen deutlich besseren Eindruck.<\/p>\n\n\n\n<p class=\"\">Weitere Tipps dazu finden Sie auch in unserem Artikel \u00fcber <a href=\"https:\/\/nisacar.ch\/fr\/auto-verkaufen-luzern-bester-preis\/\">Auto verkaufen Luzern<\/a>.<\/p>\n\n\n\n<h2 class=\"wp-block-heading\">Innenreinigung als wichtiger Teil des Detailings<\/h2>\n\n\n\n<p class=\"\">Ein wichtiger Bestandteil des Autodetailings ist die gr\u00fcndliche Innenreinigung. Staub, Schmutz und Flecken werden entfernt, sodass der Innenraum wieder gepflegt wirkt.<\/p>\n\n\n\n<p class=\"\">Mehr dar\u00fcber erfahren Sie auch in unserem Artikel \u00fcber <a href=\"https:\/\/nisacar.ch\/fr\/fahrzeug-innenreinigung-sursee-sempach\/\">Fahrzeug Innenreinigung Sursee &amp; Sempach<\/a>.<\/p>\n\n\n\n<h2 class=\"wp-block-heading\">Weitere wichtige Fahrzeugservices<\/h2>\n\n\n\n<p class=\"\">Neben der Fahrzeugpflege sollten auch technische Komponenten regelm\u00e4\u00dfig \u00fcberpr\u00fcft werden.<\/p>\n\n\n\n<p class=\"\">Ein professioneller <a href=\"https:\/\/nisacar.ch\/leistungen\/reifen-bremsenservice\/\">Reifen- &amp; Bremsenservice<\/a> sorgt daf\u00fcr, dass Ihr Fahrzeug sicher unterwegs ist.<\/p>\n\n\n\n<p class=\"\">Auch ein <a href=\"https:\/\/nisacar.ch\/leistungen\/scheibenservice\/\">Scheibenservice<\/a> kann Sch\u00e4den an der Windschutzscheibe fr\u00fchzeitig reparieren.<\/p>\n\n\n\n<h2 class=\"wp-block-heading\">Autodetailing in der Region Luzern<\/h2>\n\n\n\n<p class=\"\">NISA Car befindet sich in Schenkon und betreut Kunden aus Luzern, Sursee, Sempach und der gesamten Region. Das Team bietet professionelle Fahrzeugpflege sowie umfassende Dienstleistungen rund ums Auto.<\/p>\n\n\n\n<p class=\"\">Wenn Sie au\u00dferdem ein Fahrzeug suchen, k\u00f6nnen Sie sich die aktuellen <a href=\"https:\/\/nisacar.ch\/automobile\/\">Occasion Fahrzeuge<\/a> ansehen.<\/p>\n\n\n\n<p class=\"\">F\u00fcr eine Beratung oder Terminvereinbarung k\u00f6nnen Sie jederzeit <a href=\"https:\/\/nisacar.ch\/kontakt\/\">Kontakt mit NISA Car aufnehmen<\/a>.<\/p>\n\n\n\n<p class=\"\">Mehr \u00fcber das Unternehmen erfahren Sie auf der Seite <a href=\"https:\/\/nisacar.ch\/uber-uns\/\">\u00dcber uns<\/a>.<\/p>\n\n\n\n<h3 class=\"wp-block-heading\">Weitere hilfreiche Artikel<\/h3>\n\n\n\n<ul class=\"wp-block-list\">\n<li class=\"\"><a href=\"https:\/\/nisacar.ch\/fr\/autoaufbereitung-emmen-kriens\/\">Autoaufbereitung Emmen &amp; Kriens<\/a><\/li>\n\n\n\n<li class=\"\"><a href=\"https:\/\/nisacar.ch\/fr\/autopolitur-sursee-oberkirch\/\">Autopolitur Sursee &amp; Oberkirch<\/a><\/li>\n\n\n\n<li class=\"\"><a href=\"https:\/\/nisacar.ch\/fr\/fahrzeug-innenreinigung-sursee-sempach\/\">Fahrzeug Innenreinigung Sursee &amp; Sempach<\/a><\/li>\n<\/ul>\n\n\n\n<hr class=\"wp-block-separator has-alpha-channel-opacity\"\/>\n\n\n\n<p class=\"\"><strong>Kategorie:<\/strong> Autoaufbereitung<\/p>\n\n\n\n<p class=\"\"><strong>Tags:<\/strong> Autodetailing, Autoaufbereitung, Fahrzeugpflege, Lackpflege, Luzern<\/p>\n","protected":false},"excerpt":{"rendered":"<p>Autodetailing ist eine besonders gr\u00fcndliche Form der Fahrzeugpflege. Dabei wird das Fahrzeug bis ins kleinste Detail gereinigt, gepflegt und aufbereitet. Ziel ist es, das Auto optisch<span class=\"excerpt-hellip\"> [\u2026]<\/span><\/p>\n","protected":false},"author":2,"featured_media":2550,"comment_status":"closed","ping_status":"closed","sticky":false,"template":"","format":"standard","meta":{"_acf_changed":false,"nf_dc_page":"","_jetpack_memberships_contains_paid_content":false,"footnotes":""},"categories":[20],"tags":[35,41,78,55],"class_list":["post-2549","post","type-post","status-publish","format-standard","has-post-thumbnail","hentry","category-autoaufbereitung","tag-autoaufbereitung","tag-fahrzeugpflege","tag-lackpflege","tag-luzern"],"acf":[],"yoast_head":"<!-- This site is optimized with the Yoast SEO plugin v27.5 - https:\/\/yoast.com\/product\/yoast-seo-wordpress\/ -->\n<title>Autodetailing Luzern \u2013 Professionelle Fahrzeugpflege<\/title>\n<meta name=\"description\" content=\"Autodetailing Luzern: Was bringt professionelle Fahrzeugaufbereitung und warum lohnt sich Detailing f\u00fcr Ihr Auto?\" \/>\n<meta name=\"robots\" content=\"index, follow, max-snippet:-1, max-image-preview:large, max-video-preview:-1\" \/>\n<link rel=\"canonical\" href=\"https:\/\/nisacar.ch\/fr\/autodetailing-luzern\/\" \/>\n<meta property=\"og:locale\" content=\"fr_FR\" \/>\n<meta property=\"og:type\" content=\"article\" \/>\n<meta property=\"og:title\" content=\"Autodetailing Luzern \u2013 Professionelle Fahrzeugpflege\" \/>\n<meta property=\"og:description\" content=\"Autodetailing Luzern: Was bringt professionelle Fahrzeugaufbereitung und warum lohnt sich Detailing f\u00fcr Ihr Auto?\" \/>\n<meta property=\"og:url\" content=\"https:\/\/nisacar.ch\/fr\/autodetailing-luzern\/\" \/>\n<meta property=\"og:site_name\" content=\"NISA Car\" \/>\n<meta property=\"article:publisher\" content=\"https:\/\/www.facebook.com\/nisacar.ch1\" \/>\n<meta property=\"article:published_time\" content=\"2026-02-25T11:55:56+00:00\" \/>\n<meta property=\"article:modified_time\" content=\"2026-03-09T12:14:56+00:00\" \/>\n<meta property=\"og:image\" content=\"https:\/\/nisacar.ch\/wp-content\/uploads\/2026\/03\/Autodetailing-Luzern-Autodetailing-Luzern-Was-bringt-professionelle-Fahrzeugaufbereitung-und-warum-lohnt-sich-Detailing-fur-Ihr-Auto-Category-Autoaufbereitung-Tags-Autodetailing-Autoaufbereitun.jpg\" \/>\n\t<meta property=\"og:image:width\" content=\"1200\" \/>\n\t<meta property=\"og:image:height\" content=\"850\" \/>\n\t<meta property=\"og:image:type\" content=\"image\/jpeg\" \/>\n<meta name=\"author\" content=\"Bojan Atanasov\" \/>\n<meta name=\"twitter:card\" content=\"summary_large_image\" \/>\n<meta name=\"twitter:label1\" content=\"\u00c9crit par\" \/>\n\t<meta name=\"twitter:data1\" content=\"Bojan Atanasov\" \/>\n\t<meta name=\"twitter:label2\" content=\"Dur\u00e9e de lecture estim\u00e9e\" \/>\n\t<meta name=\"twitter:data2\" content=\"2 minutes\" \/>\n<script type=\"application\/ld+json\" class=\"yoast-schema-graph\">{\"@context\":\"https:\\\/\\\/schema.org\",\"@graph\":[{\"@type\":\"Article\",\"@id\":\"https:\\\/\\\/nisacar.ch\\\/fr\\\/autodetailing-luzern\\\/#article\",\"isPartOf\":{\"@id\":\"https:\\\/\\\/nisacar.ch\\\/fr\\\/autodetailing-luzern\\\/\"},\"author\":{\"name\":\"Bojan Atanasov\",\"@id\":\"https:\\\/\\\/nisacar.ch\\\/fr\\\/#\\\/schema\\\/person\\\/d92360346fc54e6f3ccb5f67baa14403\"},\"headline\":\"Autodetailing Luzern \u2013 Professionelle Fahrzeugpflege\",\"datePublished\":\"2026-02-25T11:55:56+00:00\",\"dateModified\":\"2026-03-09T12:14:56+00:00\",\"mainEntityOfPage\":{\"@id\":\"https:\\\/\\\/nisacar.ch\\\/fr\\\/autodetailing-luzern\\\/\"},\"wordCount\":417,\"publisher\":{\"@id\":\"https:\\\/\\\/nisacar.ch\\\/fr\\\/#organization\"},\"image\":{\"@id\":\"https:\\\/\\\/nisacar.ch\\\/fr\\\/autodetailing-luzern\\\/#primaryimage\"},\"thumbnailUrl\":\"https:\\\/\\\/i0.wp.com\\\/nisacar.ch\\\/wp-content\\\/uploads\\\/2026\\\/03\\\/Autodetailing-Luzern-Autodetailing-Luzern-Was-bringt-professionelle-Fahrzeugaufbereitung-und-warum-lohnt-sich-Detailing-fur-Ihr-Auto-Category-Autoaufbereitung-Tags-Autodetailing-Autoaufbereitun.jpg?fit=1200%2C850&ssl=1\",\"keywords\":[\"Autoaufbereitung\",\"Fahrzeugpflege\",\"Lackpflege\",\"Luzern\"],\"articleSection\":[\"Autoaufbereitung\"],\"inLanguage\":\"fr-FR\"},{\"@type\":\"WebPage\",\"@id\":\"https:\\\/\\\/nisacar.ch\\\/fr\\\/autodetailing-luzern\\\/\",\"url\":\"https:\\\/\\\/nisacar.ch\\\/fr\\\/autodetailing-luzern\\\/\",\"name\":\"Autodetailing Luzern \u2013 Professionelle Fahrzeugpflege\",\"isPartOf\":{\"@id\":\"https:\\\/\\\/nisacar.ch\\\/fr\\\/#website\"},\"primaryImageOfPage\":{\"@id\":\"https:\\\/\\\/nisacar.ch\\\/fr\\\/autodetailing-luzern\\\/#primaryimage\"},\"image\":{\"@id\":\"https:\\\/\\\/nisacar.ch\\\/fr\\\/autodetailing-luzern\\\/#primaryimage\"},\"thumbnailUrl\":\"https:\\\/\\\/i0.wp.com\\\/nisacar.ch\\\/wp-content\\\/uploads\\\/2026\\\/03\\\/Autodetailing-Luzern-Autodetailing-Luzern-Was-bringt-professionelle-Fahrzeugaufbereitung-und-warum-lohnt-sich-Detailing-fur-Ihr-Auto-Category-Autoaufbereitung-Tags-Autodetailing-Autoaufbereitun.jpg?fit=1200%2C850&ssl=1\",\"datePublished\":\"2026-02-25T11:55:56+00:00\",\"dateModified\":\"2026-03-09T12:14:56+00:00\",\"description\":\"Autodetailing Luzern: Was bringt professionelle Fahrzeugaufbereitung und warum lohnt sich Detailing f\u00fcr Ihr Auto?\",\"breadcrumb\":{\"@id\":\"https:\\\/\\\/nisacar.ch\\\/fr\\\/autodetailing-luzern\\\/#breadcrumb\"},\"inLanguage\":\"fr-FR\",\"potentialAction\":[{\"@type\":\"ReadAction\",\"target\":[\"https:\\\/\\\/nisacar.ch\\\/fr\\\/autodetailing-luzern\\\/\"]}]},{\"@type\":\"ImageObject\",\"inLanguage\":\"fr-FR\",\"@id\":\"https:\\\/\\\/nisacar.ch\\\/fr\\\/autodetailing-luzern\\\/#primaryimage\",\"url\":\"https:\\\/\\\/i0.wp.com\\\/nisacar.ch\\\/wp-content\\\/uploads\\\/2026\\\/03\\\/Autodetailing-Luzern-Autodetailing-Luzern-Was-bringt-professionelle-Fahrzeugaufbereitung-und-warum-lohnt-sich-Detailing-fur-Ihr-Auto-Category-Autoaufbereitung-Tags-Autodetailing-Autoaufbereitun.jpg?fit=1200%2C850&ssl=1\",\"contentUrl\":\"https:\\\/\\\/i0.wp.com\\\/nisacar.ch\\\/wp-content\\\/uploads\\\/2026\\\/03\\\/Autodetailing-Luzern-Autodetailing-Luzern-Was-bringt-professionelle-Fahrzeugaufbereitung-und-warum-lohnt-sich-Detailing-fur-Ihr-Auto-Category-Autoaufbereitung-Tags-Autodetailing-Autoaufbereitun.jpg?fit=1200%2C850&ssl=1\",\"width\":1200,\"height\":850,\"caption\":\"Autodetailing Luzern Autodetailing Luzern Was bringt professionelle Fahrzeugaufbereitung und warum lohnt sich Detailing f\u00fcr Ihr Auto Category Autoaufbereitung Tags Autodetailing, Autoaufbereitun\"},{\"@type\":\"BreadcrumbList\",\"@id\":\"https:\\\/\\\/nisacar.ch\\\/fr\\\/autodetailing-luzern\\\/#breadcrumb\",\"itemListElement\":[{\"@type\":\"ListItem\",\"position\":1,\"name\":\"Home\",\"item\":\"https:\\\/\\\/nisacar.ch\\\/fr\\\/\"},{\"@type\":\"ListItem\",\"position\":2,\"name\":\"Autodetailing Luzern \u2013 Professionelle Fahrzeugpflege\"}]},{\"@type\":\"WebSite\",\"@id\":\"https:\\\/\\\/nisacar.ch\\\/fr\\\/#website\",\"url\":\"https:\\\/\\\/nisacar.ch\\\/fr\\\/\",\"name\":\"NISA Car\",\"description\":\"Perfekte Pflege. Faire Preise. Schweizer Qualit\u00e4t.\",\"publisher\":{\"@id\":\"https:\\\/\\\/nisacar.ch\\\/fr\\\/#organization\"},\"potentialAction\":[{\"@type\":\"SearchAction\",\"target\":{\"@type\":\"EntryPoint\",\"urlTemplate\":\"https:\\\/\\\/nisacar.ch\\\/fr\\\/?s={search_term_string}\"},\"query-input\":{\"@type\":\"PropertyValueSpecification\",\"valueRequired\":true,\"valueName\":\"search_term_string\"}}],\"inLanguage\":\"fr-FR\"},{\"@type\":\"Organization\",\"@id\":\"https:\\\/\\\/nisacar.ch\\\/fr\\\/#organization\",\"name\":\"NISA Car Angelov\",\"url\":\"https:\\\/\\\/nisacar.ch\\\/fr\\\/\",\"logo\":{\"@type\":\"ImageObject\",\"inLanguage\":\"fr-FR\",\"@id\":\"https:\\\/\\\/nisacar.ch\\\/fr\\\/#\\\/schema\\\/logo\\\/image\\\/\",\"url\":\"https:\\\/\\\/i0.wp.com\\\/nisacar.ch\\\/wp-content\\\/uploads\\\/2025\\\/10\\\/cropped-za_autoscout-removebg-preview-Copy.png?fit=420%2C150&ssl=1\",\"contentUrl\":\"https:\\\/\\\/i0.wp.com\\\/nisacar.ch\\\/wp-content\\\/uploads\\\/2025\\\/10\\\/cropped-za_autoscout-removebg-preview-Copy.png?fit=420%2C150&ssl=1\",\"width\":420,\"height\":150,\"caption\":\"NISA Car Angelov\"},\"image\":{\"@id\":\"https:\\\/\\\/nisacar.ch\\\/fr\\\/#\\\/schema\\\/logo\\\/image\\\/\"},\"sameAs\":[\"https:\\\/\\\/www.facebook.com\\\/nisacar.ch1\",\"https:\\\/\\\/www.instagram.com\\\/nisacar_ch\\\/\"]},{\"@type\":\"Person\",\"@id\":\"https:\\\/\\\/nisacar.ch\\\/fr\\\/#\\\/schema\\\/person\\\/d92360346fc54e6f3ccb5f67baa14403\",\"name\":\"Bojan Atanasov\",\"image\":{\"@type\":\"ImageObject\",\"inLanguage\":\"fr-FR\",\"@id\":\"https:\\\/\\\/secure.gravatar.com\\\/avatar\\\/2bed02e9a515199a35221b37b3e7871dfba34ba0309d41356bb19e8e3795914d?s=96&d=mm&r=g\",\"url\":\"https:\\\/\\\/secure.gravatar.com\\\/avatar\\\/2bed02e9a515199a35221b37b3e7871dfba34ba0309d41356bb19e8e3795914d?s=96&d=mm&r=g\",\"contentUrl\":\"https:\\\/\\\/secure.gravatar.com\\\/avatar\\\/2bed02e9a515199a35221b37b3e7871dfba34ba0309d41356bb19e8e3795914d?s=96&d=mm&r=g\",\"caption\":\"Bojan Atanasov\"},\"sameAs\":[\"https:\\\/\\\/lumovo.ch\"],\"url\":\"https:\\\/\\\/nisacar.ch\\\/fr\\\/author\\\/atanasov1995\\\/\"}]}<\/script>\n<!-- \/ Yoast SEO plugin. -->","yoast_head_json":{"title":"Autodetailing Luzern \u2013 Professionelle Fahrzeugpflege","description":"Autodetailing Luzern: Was bringt professionelle Fahrzeugaufbereitung und warum lohnt sich Detailing f\u00fcr Ihr Auto?","robots":{"index":"index","follow":"follow","max-snippet":"max-snippet:-1","max-image-preview":"max-image-preview:large","max-video-preview":"max-video-preview:-1"},"canonical":"https:\/\/nisacar.ch\/fr\/autodetailing-luzern\/","og_locale":"fr_FR","og_type":"article","og_title":"Autodetailing Luzern \u2013 Professionelle Fahrzeugpflege","og_description":"Autodetailing Luzern: Was bringt professionelle Fahrzeugaufbereitung und warum lohnt sich Detailing f\u00fcr Ihr Auto?","og_url":"https:\/\/nisacar.ch\/fr\/autodetailing-luzern\/","og_site_name":"NISA Car","article_publisher":"https:\/\/www.facebook.com\/nisacar.ch1","article_published_time":"2026-02-25T11:55:56+00:00","article_modified_time":"2026-03-09T12:14:56+00:00","og_image":[{"width":1200,"height":850,"url":"https:\/\/nisacar.ch\/wp-content\/uploads\/2026\/03\/Autodetailing-Luzern-Autodetailing-Luzern-Was-bringt-professionelle-Fahrzeugaufbereitung-und-warum-lohnt-sich-Detailing-fur-Ihr-Auto-Category-Autoaufbereitung-Tags-Autodetailing-Autoaufbereitun.jpg","type":"image\/jpeg"}],"author":"Bojan Atanasov","twitter_card":"summary_large_image","twitter_misc":{"\u00c9crit par":"Bojan Atanasov","Dur\u00e9e de lecture estim\u00e9e":"2 minutes"},"schema":{"@context":"https:\/\/schema.org","@graph":[{"@type":"Article","@id":"https:\/\/nisacar.ch\/fr\/autodetailing-luzern\/#article","isPartOf":{"@id":"https:\/\/nisacar.ch\/fr\/autodetailing-luzern\/"},"author":{"name":"Bojan Atanasov","@id":"https:\/\/nisacar.ch\/fr\/#\/schema\/person\/d92360346fc54e6f3ccb5f67baa14403"},"headline":"Autodetailing Luzern \u2013 Professionelle Fahrzeugpflege","datePublished":"2026-02-25T11:55:56+00:00","dateModified":"2026-03-09T12:14:56+00:00","mainEntityOfPage":{"@id":"https:\/\/nisacar.ch\/fr\/autodetailing-luzern\/"},"wordCount":417,"publisher":{"@id":"https:\/\/nisacar.ch\/fr\/#organization"},"image":{"@id":"https:\/\/nisacar.ch\/fr\/autodetailing-luzern\/#primaryimage"},"thumbnailUrl":"https:\/\/i0.wp.com\/nisacar.ch\/wp-content\/uploads\/2026\/03\/Autodetailing-Luzern-Autodetailing-Luzern-Was-bringt-professionelle-Fahrzeugaufbereitung-und-warum-lohnt-sich-Detailing-fur-Ihr-Auto-Category-Autoaufbereitung-Tags-Autodetailing-Autoaufbereitun.jpg?fit=1200%2C850&ssl=1","keywords":["Autoaufbereitung","Fahrzeugpflege","Lackpflege","Luzern"],"articleSection":["Autoaufbereitung"],"inLanguage":"fr-FR"},{"@type":"WebPage","@id":"https:\/\/nisacar.ch\/fr\/autodetailing-luzern\/","url":"https:\/\/nisacar.ch\/fr\/autodetailing-luzern\/","name":"Autodetailing Luzern \u2013 Professionelle Fahrzeugpflege","isPartOf":{"@id":"https:\/\/nisacar.ch\/fr\/#website"},"primaryImageOfPage":{"@id":"https:\/\/nisacar.ch\/fr\/autodetailing-luzern\/#primaryimage"},"image":{"@id":"https:\/\/nisacar.ch\/fr\/autodetailing-luzern\/#primaryimage"},"thumbnailUrl":"https:\/\/i0.wp.com\/nisacar.ch\/wp-content\/uploads\/2026\/03\/Autodetailing-Luzern-Autodetailing-Luzern-Was-bringt-professionelle-Fahrzeugaufbereitung-und-warum-lohnt-sich-Detailing-fur-Ihr-Auto-Category-Autoaufbereitung-Tags-Autodetailing-Autoaufbereitun.jpg?fit=1200%2C850&ssl=1","datePublished":"2026-02-25T11:55:56+00:00","dateModified":"2026-03-09T12:14:56+00:00","description":"Autodetailing Luzern: Was bringt professionelle Fahrzeugaufbereitung und warum lohnt sich Detailing f\u00fcr Ihr Auto?","breadcrumb":{"@id":"https:\/\/nisacar.ch\/fr\/autodetailing-luzern\/#breadcrumb"},"inLanguage":"fr-FR","potentialAction":[{"@type":"ReadAction","target":["https:\/\/nisacar.ch\/fr\/autodetailing-luzern\/"]}]},{"@type":"ImageObject","inLanguage":"fr-FR","@id":"https:\/\/nisacar.ch\/fr\/autodetailing-luzern\/#primaryimage","url":"https:\/\/i0.wp.com\/nisacar.ch\/wp-content\/uploads\/2026\/03\/Autodetailing-Luzern-Autodetailing-Luzern-Was-bringt-professionelle-Fahrzeugaufbereitung-und-warum-lohnt-sich-Detailing-fur-Ihr-Auto-Category-Autoaufbereitung-Tags-Autodetailing-Autoaufbereitun.jpg?fit=1200%2C850&ssl=1","contentUrl":"https:\/\/i0.wp.com\/nisacar.ch\/wp-content\/uploads\/2026\/03\/Autodetailing-Luzern-Autodetailing-Luzern-Was-bringt-professionelle-Fahrzeugaufbereitung-und-warum-lohnt-sich-Detailing-fur-Ihr-Auto-Category-Autoaufbereitung-Tags-Autodetailing-Autoaufbereitun.jpg?fit=1200%2C850&ssl=1","width":1200,"height":850,"caption":"Autodetailing Luzern Autodetailing Luzern Was bringt professionelle Fahrzeugaufbereitung und warum lohnt sich Detailing f\u00fcr Ihr Auto Category Autoaufbereitung Tags Autodetailing, Autoaufbereitun"},{"@type":"BreadcrumbList","@id":"https:\/\/nisacar.ch\/fr\/autodetailing-luzern\/#breadcrumb","itemListElement":[{"@type":"ListItem","position":1,"name":"Home","item":"https:\/\/nisacar.ch\/fr\/"},{"@type":"ListItem","position":2,"name":"Autodetailing Luzern \u2013 Professionelle Fahrzeugpflege"}]},{"@type":"WebSite","@id":"https:\/\/nisacar.ch\/fr\/#website","url":"https:\/\/nisacar.ch\/fr\/","name":"NISA Car","description":"Perfekte Pflege. Faire Preise. Schweizer Qualit\u00e4t.","publisher":{"@id":"https:\/\/nisacar.ch\/fr\/#organization"},"potentialAction":[{"@type":"SearchAction","target":{"@type":"EntryPoint","urlTemplate":"https:\/\/nisacar.ch\/fr\/?s={search_term_string}"},"query-input":{"@type":"PropertyValueSpecification","valueRequired":true,"valueName":"search_term_string"}}],"inLanguage":"fr-FR"},{"@type":"Organization","@id":"https:\/\/nisacar.ch\/fr\/#organization","name":"NISA Car Angelov","url":"https:\/\/nisacar.ch\/fr\/","logo":{"@type":"ImageObject","inLanguage":"fr-FR","@id":"https:\/\/nisacar.ch\/fr\/#\/schema\/logo\/image\/","url":"https:\/\/i0.wp.com\/nisacar.ch\/wp-content\/uploads\/2025\/10\/cropped-za_autoscout-removebg-preview-Copy.png?fit=420%2C150&ssl=1","contentUrl":"https:\/\/i0.wp.com\/nisacar.ch\/wp-content\/uploads\/2025\/10\/cropped-za_autoscout-removebg-preview-Copy.png?fit=420%2C150&ssl=1","width":420,"height":150,"caption":"NISA Car Angelov"},"image":{"@id":"https:\/\/nisacar.ch\/fr\/#\/schema\/logo\/image\/"},"sameAs":["https:\/\/www.facebook.com\/nisacar.ch1","https:\/\/www.instagram.com\/nisacar_ch\/"]},{"@type":"Person","@id":"https:\/\/nisacar.ch\/fr\/#\/schema\/person\/d92360346fc54e6f3ccb5f67baa14403","name":"Bojan Atanasov","image":{"@type":"ImageObject","inLanguage":"fr-FR","@id":"https:\/\/secure.gravatar.com\/avatar\/2bed02e9a515199a35221b37b3e7871dfba34ba0309d41356bb19e8e3795914d?s=96&d=mm&r=g","url":"https:\/\/secure.gravatar.com\/avatar\/2bed02e9a515199a35221b37b3e7871dfba34ba0309d41356bb19e8e3795914d?s=96&d=mm&r=g","contentUrl":"https:\/\/secure.gravatar.com\/avatar\/2bed02e9a515199a35221b37b3e7871dfba34ba0309d41356bb19e8e3795914d?s=96&d=mm&r=g","caption":"Bojan Atanasov"},"sameAs":["https:\/\/lumovo.ch"],"url":"https:\/\/nisacar.ch\/fr\/author\/atanasov1995\/"}]}},"jetpack_featured_media_url":"https:\/\/i0.wp.com\/nisacar.ch\/wp-content\/uploads\/2026\/03\/Autodetailing-Luzern-Autodetailing-Luzern-Was-bringt-professionelle-Fahrzeugaufbereitung-und-warum-lohnt-sich-Detailing-fur-Ihr-Auto-Category-Autoaufbereitung-Tags-Autodetailing-Autoaufbereitun.jpg?fit=1200%2C850&ssl=1","jetpack_sharing_enabled":true,"_links":{"self":[{"href":"https:\/\/nisacar.ch\/fr\/wp-json\/wp\/v2\/posts\/2549","targetHints":{"allow":["GET"]}}],"collection":[{"href":"https:\/\/nisacar.ch\/fr\/wp-json\/wp\/v2\/posts"}],"about":[{"href":"https:\/\/nisacar.ch\/fr\/wp-json\/wp\/v2\/types\/post"}],"author":[{"embeddable":true,"href":"https:\/\/nisacar.ch\/fr\/wp-json\/wp\/v2\/users\/2"}],"replies":[{"embeddable":true,"href":"https:\/\/nisacar.ch\/fr\/wp-json\/wp\/v2\/comments?post=2549"}],"version-history":[{"count":2,"href":"https:\/\/nisacar.ch\/fr\/wp-json\/wp\/v2\/posts\/2549\/revisions"}],"predecessor-version":[{"id":2552,"href":"https:\/\/nisacar.ch\/fr\/wp-json\/wp\/v2\/posts\/2549\/revisions\/2552"}],"wp:featuredmedia":[{"embeddable":true,"href":"https:\/\/nisacar.ch\/fr\/wp-json\/wp\/v2\/media\/2550"}],"wp:attachment":[{"href":"https:\/\/nisacar.ch\/fr\/wp-json\/wp\/v2\/media?parent=2549"}],"wp:term":[{"taxonomy":"category","embeddable":true,"href":"https:\/\/nisacar.ch\/fr\/wp-json\/wp\/v2\/categories?post=2549"},{"taxonomy":"post_tag","embeddable":true,"href":"https:\/\/nisacar.ch\/fr\/wp-json\/wp\/v2\/tags?post=2549"}],"curies":[{"name":"wp","href":"https:\/\/api.w.org\/{rel}","templated":true}]}}