{"id":2499,"date":"2026-02-16T15:38:38","date_gmt":"2026-02-16T14:38:38","guid":{"rendered":"https:\/\/nisacar.ch\/?p=2499"},"modified":"2026-03-08T16:39:43","modified_gmt":"2026-03-08T15:39:43","slug":"bremsbelaege-wechseln-luzern","status":"publish","type":"post","link":"https:\/\/nisacar.ch\/fr\/bremsbelaege-wechseln-luzern\/","title":{"rendered":"Bremsbel\u00e4ge wechseln Luzern \u2013 Wann ist es notwendig?"},"content":{"rendered":"\n<p class=\"\">Bremsbel\u00e4ge geh\u00f6ren zu den wichtigsten Verschlei\u00dfteilen eines Fahrzeugs. Sie sorgen daf\u00fcr, dass Ihr Auto sicher zum Stillstand kommt. Mit der Zeit nutzen sich die Bremsbel\u00e4ge jedoch ab und m\u00fcssen ersetzt werden.<\/p>\n\n\n\n<p class=\"\">Gerade im dichten Verkehr rund um Luzern ist ein funktionierendes Bremssystem besonders wichtig. In diesem Artikel erfahren Sie, wann Bremsbel\u00e4ge gewechselt werden sollten und worauf Autofahrer achten sollten.<\/p>\n\n\n\n<h2 class=\"wp-block-heading\">Warum sind Bremsbel\u00e4ge so wichtig?<\/h2>\n\n\n\n<p class=\"\">Bremsbel\u00e4ge dr\u00fccken beim Bremsen gegen die Bremsscheiben und erzeugen dadurch die notwendige Reibung, um das Fahrzeug zu verlangsamen. Wenn die Bremsbel\u00e4ge abgenutzt sind, verl\u00e4ngert sich der Bremsweg und die Fahrsicherheit kann deutlich beeintr\u00e4chtigt werden.<\/p>\n\n\n\n<p class=\"\">Ein regelm\u00e4\u00dfiger <a href=\"https:\/\/nisacar.ch\/leistungen\/reifen-bremsenservice\/\">Reifen- &amp; Bremsenservice<\/a> hilft dabei, den Zustand der Bremsanlage fr\u00fchzeitig zu \u00fcberpr\u00fcfen.<\/p>\n\n\n\n<h2 class=\"wp-block-heading\">Typische Anzeichen f\u00fcr abgenutzte Bremsbel\u00e4ge<\/h2>\n\n\n\n<p class=\"\">Es gibt mehrere Hinweise darauf, dass Bremsbel\u00e4ge ersetzt werden sollten.<\/p>\n\n\n\n<ul class=\"wp-block-list\">\n<li class=\"\">quietschende oder schleifende Ger\u00e4usche beim Bremsen<\/li>\n\n\n\n<li class=\"\">Vibrationen beim Bremsvorgang<\/li>\n\n\n\n<li class=\"\">l\u00e4ngerer Bremsweg<\/li>\n\n\n\n<li class=\"\">Warnleuchte im Armaturenbrett<\/li>\n<\/ul>\n\n\n\n<p class=\"\">Mehr \u00fcber m\u00f6gliche Bremsprobleme erfahren Sie auch in unserem Artikel \u00fcber <a href=\"https:\/\/nisacar.ch\/fr\/bremsenservice-luzern-anzeichen-abgenutzte-bremsen\/\">Bremsenservice Luzern<\/a>.<\/p>\n\n\n\n<h2 class=\"wp-block-heading\">Wie lange halten Bremsbel\u00e4ge?<\/h2>\n\n\n\n<p class=\"\">Die Lebensdauer von Bremsbel\u00e4gen h\u00e4ngt stark von der Fahrweise, dem Fahrzeugtyp und den Stra\u00dfenbedingungen ab. Im Durchschnitt m\u00fcssen Bremsbel\u00e4ge nach etwa 30.000 bis 70.000 Kilometern ersetzt werden.<\/p>\n\n\n\n<p class=\"\">Wer h\u00e4ufig im Stadtverkehr f\u00e4hrt oder stark bremst, wird einen h\u00f6heren Verschlei\u00df feststellen.<\/p>\n\n\n\n<h2 class=\"wp-block-heading\">Was passiert beim Wechsel der Bremsbel\u00e4ge?<\/h2>\n\n\n\n<p class=\"\">Beim Wechsel der Bremsbel\u00e4ge werden die alten Bel\u00e4ge entfernt und durch neue ersetzt. Gleichzeitig werden auch die Bremsscheiben \u00fcberpr\u00fcft.<\/p>\n\n\n\n<p class=\"\">Zu einem professionellen Bremsenservice geh\u00f6ren:<\/p>\n\n\n\n<ul class=\"wp-block-list\">\n<li class=\"\">Kontrolle der Bremsscheiben<\/li>\n\n\n\n<li class=\"\">\u00dcberpr\u00fcfung der Bremsfl\u00fcssigkeit<\/li>\n\n\n\n<li class=\"\">Funktionspr\u00fcfung des Bremssystems<\/li>\n<\/ul>\n\n\n\n<p class=\"\">Eine regelm\u00e4\u00dfige Wartung des Bremssystems erh\u00f6ht die Sicherheit im Stra\u00dfenverkehr.<\/p>\n\n\n\n<p class=\"\">Weitere wichtige Wartungsarbeiten erfahren Sie auch in unserem Artikel \u00fcber <a href=\"\/autoservice-luzern-wichtige-wartung-auto\/\">Autoservice Luzern<\/a>.<\/p>\n\n\n\n<h2 class=\"wp-block-heading\">Weitere wichtige Fahrzeugwartungen<\/h2>\n\n\n\n<p class=\"\">Neben der Bremsanlage sollten auch andere Fahrzeugteile regelm\u00e4\u00dfig \u00fcberpr\u00fcft werden. Dazu geh\u00f6ren insbesondere Reifen und die Windschutzscheibe.<\/p>\n\n\n\n<p class=\"\">Ein professioneller <a href=\"https:\/\/nisacar.ch\/leistungen\/scheibenservice\/\">Scheibenservice<\/a> hilft beispielsweise bei Sch\u00e4den an der Windschutzscheibe.<\/p>\n\n\n\n<p class=\"\">Auch eine regelm\u00e4\u00dfige <a href=\"https:\/\/nisacar.ch\/leistungen\/autoaufbereitung-detailing\/\">Autoaufbereitung &amp; Detailing<\/a> kann den Wert und den Zustand eines Fahrzeugs langfristig erhalten.<\/p>\n\n\n\n<h2 class=\"wp-block-heading\">Bremsenservice bei NISA Car in Schenkon<\/h2>\n\n\n\n<p class=\"\">NISA Car bietet professionellen Bremsenservice f\u00fcr Kunden aus Luzern und der gesamten Region. Das Team \u00fcberpr\u00fcft die Bremsanlage sorgf\u00e4ltig und sorgt daf\u00fcr, dass Ihr Fahrzeug sicher unterwegs ist.<\/p>\n\n\n\n<p class=\"\">Wenn Sie au\u00dferdem nach einem Fahrzeug suchen, k\u00f6nnen Sie sich die aktuellen <a href=\"https:\/\/nisacar.ch\/automobile\/\">Occasion Fahrzeuge<\/a> ansehen.<\/p>\n\n\n\n<p class=\"\">F\u00fcr einen Termin k\u00f6nnen Sie jederzeit <a href=\"https:\/\/nisacar.ch\/kontakt\/\">Kontakt mit NISA Car aufnehmen<\/a>.<\/p>\n\n\n\n<p class=\"\">Mehr \u00fcber das Unternehmen erfahren Sie auf der Seite <a href=\"https:\/\/nisacar.ch\/uber-uns\/\">\u00dcber uns<\/a>.<\/p>\n\n\n\n<h3 class=\"wp-block-heading\">Weitere hilfreiche Artikel<\/h3>\n\n\n\n<ul class=\"wp-block-list\">\n<li class=\"\"><a href=\"https:\/\/nisacar.ch\/fr\/bremsenservice-luzern-anzeichen-abgenutzte-bremsen\/\">Bremsenservice Luzern \u2013 Woran erkennt man abgenutzte Bremsen?<\/a><\/li>\n\n\n\n<li class=\"\"><a href=\"https:\/\/nisacar.ch\/fr\/reifenservice-luzern-wann-reifen-wechseln\/\">Reifenservice Luzern \u2013 Wann sollten Reifen gewechselt werden?<\/a><\/li>\n\n\n\n<li class=\"\"><a href=\"\/autoservice-luzern-wichtige-wartung-auto\/\">Autoservice Luzern \u2013 Wichtige Wartung f\u00fcr Ihr Auto<\/a><\/li>\n<\/ul>\n\n\n\n<hr class=\"wp-block-separator has-alpha-channel-opacity\"\/>\n\n\n\n<p class=\"\"><strong>Kategorie:<\/strong> Reifen &amp; Bremsen<\/p>\n\n\n\n<p class=\"\"><strong>Tags:<\/strong> Bremsbel\u00e4ge, Bremsenservice, Bremsen wechseln, Autoservice, Luzern<\/p>\n","protected":false},"excerpt":{"rendered":"<p>Bremsbel\u00e4ge geh\u00f6ren zu den wichtigsten Verschlei\u00dfteilen eines Fahrzeugs. Sie sorgen daf\u00fcr, dass Ihr Auto sicher zum Stillstand kommt. Mit der Zeit nutzen sich die Bremsbel\u00e4ge jedoch<span class=\"excerpt-hellip\"> [\u2026]<\/span><\/p>\n","protected":false},"author":2,"featured_media":2502,"comment_status":"closed","ping_status":"closed","sticky":false,"template":"","format":"standard","meta":{"_acf_changed":false,"nf_dc_page":"","_jetpack_memberships_contains_paid_content":false,"footnotes":""},"categories":[19],"tags":[50,33,55],"class_list":["post-2499","post","type-post","status-publish","format-standard","has-post-thumbnail","hentry","category-reifen-bremsen","tag-autoservice","tag-bremsbelaege","tag-luzern"],"acf":[],"yoast_head":"<!-- This site is optimized with the Yoast SEO plugin v27.5 - https:\/\/yoast.com\/product\/yoast-seo-wordpress\/ -->\n<title>Bremsbel\u00e4ge wechseln Luzern \u2013 Wann ist es notwendig?<\/title>\n<meta name=\"description\" content=\"Bremsbel\u00e4ge wechseln Luzern: Woran erkennt man abgenutzte Bremsbel\u00e4ge und wann sollte ein Bremsenservice durchgef\u00fchrt werden?\" \/>\n<meta name=\"robots\" content=\"index, follow, max-snippet:-1, max-image-preview:large, max-video-preview:-1\" \/>\n<link rel=\"canonical\" href=\"https:\/\/nisacar.ch\/fr\/bremsbelaege-wechseln-luzern\/\" \/>\n<meta property=\"og:locale\" content=\"fr_FR\" \/>\n<meta property=\"og:type\" content=\"article\" \/>\n<meta property=\"og:title\" content=\"Bremsbel\u00e4ge wechseln Luzern \u2013 Wann ist es notwendig?\" \/>\n<meta property=\"og:description\" content=\"Bremsbel\u00e4ge wechseln Luzern: Woran erkennt man abgenutzte Bremsbel\u00e4ge und wann sollte ein Bremsenservice durchgef\u00fchrt werden?\" \/>\n<meta property=\"og:url\" content=\"https:\/\/nisacar.ch\/fr\/bremsbelaege-wechseln-luzern\/\" \/>\n<meta property=\"og:site_name\" content=\"NISA Car\" \/>\n<meta property=\"article:publisher\" content=\"https:\/\/www.facebook.com\/nisacar.ch1\" \/>\n<meta property=\"article:published_time\" content=\"2026-02-16T14:38:38+00:00\" \/>\n<meta property=\"article:modified_time\" content=\"2026-03-08T15:39:43+00:00\" \/>\n<meta property=\"og:image\" content=\"https:\/\/nisacar.ch\/wp-content\/uploads\/2026\/03\/Bremsbelage-wechseln-Luzern-Reifen-Bremsen-Tags-Bremsbelage-Bremsenservice-Bremsen-wechseln-Autoservice-Luzern.jpg\" \/>\n\t<meta property=\"og:image:width\" content=\"1200\" \/>\n\t<meta property=\"og:image:height\" content=\"850\" \/>\n\t<meta property=\"og:image:type\" content=\"image\/jpeg\" \/>\n<meta name=\"author\" content=\"Bojan Atanasov\" \/>\n<meta name=\"twitter:card\" content=\"summary_large_image\" \/>\n<meta name=\"twitter:label1\" content=\"\u00c9crit par\" \/>\n\t<meta name=\"twitter:data1\" content=\"Bojan Atanasov\" \/>\n\t<meta name=\"twitter:label2\" content=\"Dur\u00e9e de lecture estim\u00e9e\" \/>\n\t<meta name=\"twitter:data2\" content=\"2 minutes\" \/>\n<script type=\"application\/ld+json\" class=\"yoast-schema-graph\">{\"@context\":\"https:\\\/\\\/schema.org\",\"@graph\":[{\"@type\":\"Article\",\"@id\":\"https:\\\/\\\/nisacar.ch\\\/fr\\\/bremsbelaege-wechseln-luzern\\\/#article\",\"isPartOf\":{\"@id\":\"https:\\\/\\\/nisacar.ch\\\/fr\\\/bremsbelaege-wechseln-luzern\\\/\"},\"author\":{\"name\":\"Bojan Atanasov\",\"@id\":\"https:\\\/\\\/nisacar.ch\\\/fr\\\/#\\\/schema\\\/person\\\/d92360346fc54e6f3ccb5f67baa14403\"},\"headline\":\"Bremsbel\u00e4ge wechseln Luzern \u2013 Wann ist es notwendig?\",\"datePublished\":\"2026-02-16T14:38:38+00:00\",\"dateModified\":\"2026-03-08T15:39:43+00:00\",\"mainEntityOfPage\":{\"@id\":\"https:\\\/\\\/nisacar.ch\\\/fr\\\/bremsbelaege-wechseln-luzern\\\/\"},\"wordCount\":474,\"publisher\":{\"@id\":\"https:\\\/\\\/nisacar.ch\\\/fr\\\/#organization\"},\"image\":{\"@id\":\"https:\\\/\\\/nisacar.ch\\\/fr\\\/bremsbelaege-wechseln-luzern\\\/#primaryimage\"},\"thumbnailUrl\":\"https:\\\/\\\/i0.wp.com\\\/nisacar.ch\\\/wp-content\\\/uploads\\\/2026\\\/03\\\/Bremsbelage-wechseln-Luzern-Reifen-Bremsen-Tags-Bremsbelage-Bremsenservice-Bremsen-wechseln-Autoservice-Luzern.jpg?fit=1200%2C850&ssl=1\",\"keywords\":[\"Autoservice\",\"Bremsbel\u00e4ge\",\"Luzern\"],\"articleSection\":[\"Reifen &amp; Bremsen\"],\"inLanguage\":\"fr-FR\"},{\"@type\":\"WebPage\",\"@id\":\"https:\\\/\\\/nisacar.ch\\\/fr\\\/bremsbelaege-wechseln-luzern\\\/\",\"url\":\"https:\\\/\\\/nisacar.ch\\\/fr\\\/bremsbelaege-wechseln-luzern\\\/\",\"name\":\"Bremsbel\u00e4ge wechseln Luzern \u2013 Wann ist es notwendig?\",\"isPartOf\":{\"@id\":\"https:\\\/\\\/nisacar.ch\\\/fr\\\/#website\"},\"primaryImageOfPage\":{\"@id\":\"https:\\\/\\\/nisacar.ch\\\/fr\\\/bremsbelaege-wechseln-luzern\\\/#primaryimage\"},\"image\":{\"@id\":\"https:\\\/\\\/nisacar.ch\\\/fr\\\/bremsbelaege-wechseln-luzern\\\/#primaryimage\"},\"thumbnailUrl\":\"https:\\\/\\\/i0.wp.com\\\/nisacar.ch\\\/wp-content\\\/uploads\\\/2026\\\/03\\\/Bremsbelage-wechseln-Luzern-Reifen-Bremsen-Tags-Bremsbelage-Bremsenservice-Bremsen-wechseln-Autoservice-Luzern.jpg?fit=1200%2C850&ssl=1\",\"datePublished\":\"2026-02-16T14:38:38+00:00\",\"dateModified\":\"2026-03-08T15:39:43+00:00\",\"description\":\"Bremsbel\u00e4ge wechseln Luzern: Woran erkennt man abgenutzte Bremsbel\u00e4ge und wann sollte ein Bremsenservice durchgef\u00fchrt werden?\",\"breadcrumb\":{\"@id\":\"https:\\\/\\\/nisacar.ch\\\/fr\\\/bremsbelaege-wechseln-luzern\\\/#breadcrumb\"},\"inLanguage\":\"fr-FR\",\"potentialAction\":[{\"@type\":\"ReadAction\",\"target\":[\"https:\\\/\\\/nisacar.ch\\\/fr\\\/bremsbelaege-wechseln-luzern\\\/\"]}]},{\"@type\":\"ImageObject\",\"inLanguage\":\"fr-FR\",\"@id\":\"https:\\\/\\\/nisacar.ch\\\/fr\\\/bremsbelaege-wechseln-luzern\\\/#primaryimage\",\"url\":\"https:\\\/\\\/i0.wp.com\\\/nisacar.ch\\\/wp-content\\\/uploads\\\/2026\\\/03\\\/Bremsbelage-wechseln-Luzern-Reifen-Bremsen-Tags-Bremsbelage-Bremsenservice-Bremsen-wechseln-Autoservice-Luzern.jpg?fit=1200%2C850&ssl=1\",\"contentUrl\":\"https:\\\/\\\/i0.wp.com\\\/nisacar.ch\\\/wp-content\\\/uploads\\\/2026\\\/03\\\/Bremsbelage-wechseln-Luzern-Reifen-Bremsen-Tags-Bremsbelage-Bremsenservice-Bremsen-wechseln-Autoservice-Luzern.jpg?fit=1200%2C850&ssl=1\",\"width\":1200,\"height\":850,\"caption\":\"Bremsbel\u00e4ge wechseln Luzern Reifen & Bremsen Tags Bremsbel\u00e4ge, Bremsenservice, Bremsen wechseln, Autoservice, Luzern\"},{\"@type\":\"BreadcrumbList\",\"@id\":\"https:\\\/\\\/nisacar.ch\\\/fr\\\/bremsbelaege-wechseln-luzern\\\/#breadcrumb\",\"itemListElement\":[{\"@type\":\"ListItem\",\"position\":1,\"name\":\"Home\",\"item\":\"https:\\\/\\\/nisacar.ch\\\/fr\\\/\"},{\"@type\":\"ListItem\",\"position\":2,\"name\":\"Bremsbel\u00e4ge wechseln Luzern \u2013 Wann ist es notwendig?\"}]},{\"@type\":\"WebSite\",\"@id\":\"https:\\\/\\\/nisacar.ch\\\/fr\\\/#website\",\"url\":\"https:\\\/\\\/nisacar.ch\\\/fr\\\/\",\"name\":\"NISA Car\",\"description\":\"Perfekte Pflege. Faire Preise. Schweizer Qualit\u00e4t.\",\"publisher\":{\"@id\":\"https:\\\/\\\/nisacar.ch\\\/fr\\\/#organization\"},\"potentialAction\":[{\"@type\":\"SearchAction\",\"target\":{\"@type\":\"EntryPoint\",\"urlTemplate\":\"https:\\\/\\\/nisacar.ch\\\/fr\\\/?s={search_term_string}\"},\"query-input\":{\"@type\":\"PropertyValueSpecification\",\"valueRequired\":true,\"valueName\":\"search_term_string\"}}],\"inLanguage\":\"fr-FR\"},{\"@type\":\"Organization\",\"@id\":\"https:\\\/\\\/nisacar.ch\\\/fr\\\/#organization\",\"name\":\"NISA Car Angelov\",\"url\":\"https:\\\/\\\/nisacar.ch\\\/fr\\\/\",\"logo\":{\"@type\":\"ImageObject\",\"inLanguage\":\"fr-FR\",\"@id\":\"https:\\\/\\\/nisacar.ch\\\/fr\\\/#\\\/schema\\\/logo\\\/image\\\/\",\"url\":\"https:\\\/\\\/i0.wp.com\\\/nisacar.ch\\\/wp-content\\\/uploads\\\/2025\\\/10\\\/cropped-za_autoscout-removebg-preview-Copy.png?fit=420%2C150&ssl=1\",\"contentUrl\":\"https:\\\/\\\/i0.wp.com\\\/nisacar.ch\\\/wp-content\\\/uploads\\\/2025\\\/10\\\/cropped-za_autoscout-removebg-preview-Copy.png?fit=420%2C150&ssl=1\",\"width\":420,\"height\":150,\"caption\":\"NISA Car Angelov\"},\"image\":{\"@id\":\"https:\\\/\\\/nisacar.ch\\\/fr\\\/#\\\/schema\\\/logo\\\/image\\\/\"},\"sameAs\":[\"https:\\\/\\\/www.facebook.com\\\/nisacar.ch1\",\"https:\\\/\\\/www.instagram.com\\\/nisacar_ch\\\/\"]},{\"@type\":\"Person\",\"@id\":\"https:\\\/\\\/nisacar.ch\\\/fr\\\/#\\\/schema\\\/person\\\/d92360346fc54e6f3ccb5f67baa14403\",\"name\":\"Bojan Atanasov\",\"image\":{\"@type\":\"ImageObject\",\"inLanguage\":\"fr-FR\",\"@id\":\"https:\\\/\\\/secure.gravatar.com\\\/avatar\\\/2bed02e9a515199a35221b37b3e7871dfba34ba0309d41356bb19e8e3795914d?s=96&d=mm&r=g\",\"url\":\"https:\\\/\\\/secure.gravatar.com\\\/avatar\\\/2bed02e9a515199a35221b37b3e7871dfba34ba0309d41356bb19e8e3795914d?s=96&d=mm&r=g\",\"contentUrl\":\"https:\\\/\\\/secure.gravatar.com\\\/avatar\\\/2bed02e9a515199a35221b37b3e7871dfba34ba0309d41356bb19e8e3795914d?s=96&d=mm&r=g\",\"caption\":\"Bojan Atanasov\"},\"sameAs\":[\"https:\\\/\\\/lumovo.ch\"],\"url\":\"https:\\\/\\\/nisacar.ch\\\/fr\\\/author\\\/atanasov1995\\\/\"}]}<\/script>\n<!-- \/ Yoast SEO plugin. -->","yoast_head_json":{"title":"Bremsbel\u00e4ge wechseln Luzern \u2013 Wann ist es notwendig?","description":"Bremsbel\u00e4ge wechseln Luzern: Woran erkennt man abgenutzte Bremsbel\u00e4ge und wann sollte ein Bremsenservice durchgef\u00fchrt werden?","robots":{"index":"index","follow":"follow","max-snippet":"max-snippet:-1","max-image-preview":"max-image-preview:large","max-video-preview":"max-video-preview:-1"},"canonical":"https:\/\/nisacar.ch\/fr\/bremsbelaege-wechseln-luzern\/","og_locale":"fr_FR","og_type":"article","og_title":"Bremsbel\u00e4ge wechseln Luzern \u2013 Wann ist es notwendig?","og_description":"Bremsbel\u00e4ge wechseln Luzern: Woran erkennt man abgenutzte Bremsbel\u00e4ge und wann sollte ein Bremsenservice durchgef\u00fchrt werden?","og_url":"https:\/\/nisacar.ch\/fr\/bremsbelaege-wechseln-luzern\/","og_site_name":"NISA Car","article_publisher":"https:\/\/www.facebook.com\/nisacar.ch1","article_published_time":"2026-02-16T14:38:38+00:00","article_modified_time":"2026-03-08T15:39:43+00:00","og_image":[{"width":1200,"height":850,"url":"https:\/\/nisacar.ch\/wp-content\/uploads\/2026\/03\/Bremsbelage-wechseln-Luzern-Reifen-Bremsen-Tags-Bremsbelage-Bremsenservice-Bremsen-wechseln-Autoservice-Luzern.jpg","type":"image\/jpeg"}],"author":"Bojan Atanasov","twitter_card":"summary_large_image","twitter_misc":{"\u00c9crit par":"Bojan Atanasov","Dur\u00e9e de lecture estim\u00e9e":"2 minutes"},"schema":{"@context":"https:\/\/schema.org","@graph":[{"@type":"Article","@id":"https:\/\/nisacar.ch\/fr\/bremsbelaege-wechseln-luzern\/#article","isPartOf":{"@id":"https:\/\/nisacar.ch\/fr\/bremsbelaege-wechseln-luzern\/"},"author":{"name":"Bojan Atanasov","@id":"https:\/\/nisacar.ch\/fr\/#\/schema\/person\/d92360346fc54e6f3ccb5f67baa14403"},"headline":"Bremsbel\u00e4ge wechseln Luzern \u2013 Wann ist es notwendig?","datePublished":"2026-02-16T14:38:38+00:00","dateModified":"2026-03-08T15:39:43+00:00","mainEntityOfPage":{"@id":"https:\/\/nisacar.ch\/fr\/bremsbelaege-wechseln-luzern\/"},"wordCount":474,"publisher":{"@id":"https:\/\/nisacar.ch\/fr\/#organization"},"image":{"@id":"https:\/\/nisacar.ch\/fr\/bremsbelaege-wechseln-luzern\/#primaryimage"},"thumbnailUrl":"https:\/\/i0.wp.com\/nisacar.ch\/wp-content\/uploads\/2026\/03\/Bremsbelage-wechseln-Luzern-Reifen-Bremsen-Tags-Bremsbelage-Bremsenservice-Bremsen-wechseln-Autoservice-Luzern.jpg?fit=1200%2C850&ssl=1","keywords":["Autoservice","Bremsbel\u00e4ge","Luzern"],"articleSection":["Reifen &amp; Bremsen"],"inLanguage":"fr-FR"},{"@type":"WebPage","@id":"https:\/\/nisacar.ch\/fr\/bremsbelaege-wechseln-luzern\/","url":"https:\/\/nisacar.ch\/fr\/bremsbelaege-wechseln-luzern\/","name":"Bremsbel\u00e4ge wechseln Luzern \u2013 Wann ist es notwendig?","isPartOf":{"@id":"https:\/\/nisacar.ch\/fr\/#website"},"primaryImageOfPage":{"@id":"https:\/\/nisacar.ch\/fr\/bremsbelaege-wechseln-luzern\/#primaryimage"},"image":{"@id":"https:\/\/nisacar.ch\/fr\/bremsbelaege-wechseln-luzern\/#primaryimage"},"thumbnailUrl":"https:\/\/i0.wp.com\/nisacar.ch\/wp-content\/uploads\/2026\/03\/Bremsbelage-wechseln-Luzern-Reifen-Bremsen-Tags-Bremsbelage-Bremsenservice-Bremsen-wechseln-Autoservice-Luzern.jpg?fit=1200%2C850&ssl=1","datePublished":"2026-02-16T14:38:38+00:00","dateModified":"2026-03-08T15:39:43+00:00","description":"Bremsbel\u00e4ge wechseln Luzern: Woran erkennt man abgenutzte Bremsbel\u00e4ge und wann sollte ein Bremsenservice durchgef\u00fchrt werden?","breadcrumb":{"@id":"https:\/\/nisacar.ch\/fr\/bremsbelaege-wechseln-luzern\/#breadcrumb"},"inLanguage":"fr-FR","potentialAction":[{"@type":"ReadAction","target":["https:\/\/nisacar.ch\/fr\/bremsbelaege-wechseln-luzern\/"]}]},{"@type":"ImageObject","inLanguage":"fr-FR","@id":"https:\/\/nisacar.ch\/fr\/bremsbelaege-wechseln-luzern\/#primaryimage","url":"https:\/\/i0.wp.com\/nisacar.ch\/wp-content\/uploads\/2026\/03\/Bremsbelage-wechseln-Luzern-Reifen-Bremsen-Tags-Bremsbelage-Bremsenservice-Bremsen-wechseln-Autoservice-Luzern.jpg?fit=1200%2C850&ssl=1","contentUrl":"https:\/\/i0.wp.com\/nisacar.ch\/wp-content\/uploads\/2026\/03\/Bremsbelage-wechseln-Luzern-Reifen-Bremsen-Tags-Bremsbelage-Bremsenservice-Bremsen-wechseln-Autoservice-Luzern.jpg?fit=1200%2C850&ssl=1","width":1200,"height":850,"caption":"Bremsbel\u00e4ge wechseln Luzern Reifen & Bremsen Tags Bremsbel\u00e4ge, Bremsenservice, Bremsen wechseln, Autoservice, Luzern"},{"@type":"BreadcrumbList","@id":"https:\/\/nisacar.ch\/fr\/bremsbelaege-wechseln-luzern\/#breadcrumb","itemListElement":[{"@type":"ListItem","position":1,"name":"Home","item":"https:\/\/nisacar.ch\/fr\/"},{"@type":"ListItem","position":2,"name":"Bremsbel\u00e4ge wechseln Luzern \u2013 Wann ist es notwendig?"}]},{"@type":"WebSite","@id":"https:\/\/nisacar.ch\/fr\/#website","url":"https:\/\/nisacar.ch\/fr\/","name":"NISA Car","description":"Perfekte Pflege. Faire Preise. Schweizer Qualit\u00e4t.","publisher":{"@id":"https:\/\/nisacar.ch\/fr\/#organization"},"potentialAction":[{"@type":"SearchAction","target":{"@type":"EntryPoint","urlTemplate":"https:\/\/nisacar.ch\/fr\/?s={search_term_string}"},"query-input":{"@type":"PropertyValueSpecification","valueRequired":true,"valueName":"search_term_string"}}],"inLanguage":"fr-FR"},{"@type":"Organization","@id":"https:\/\/nisacar.ch\/fr\/#organization","name":"NISA Car Angelov","url":"https:\/\/nisacar.ch\/fr\/","logo":{"@type":"ImageObject","inLanguage":"fr-FR","@id":"https:\/\/nisacar.ch\/fr\/#\/schema\/logo\/image\/","url":"https:\/\/i0.wp.com\/nisacar.ch\/wp-content\/uploads\/2025\/10\/cropped-za_autoscout-removebg-preview-Copy.png?fit=420%2C150&ssl=1","contentUrl":"https:\/\/i0.wp.com\/nisacar.ch\/wp-content\/uploads\/2025\/10\/cropped-za_autoscout-removebg-preview-Copy.png?fit=420%2C150&ssl=1","width":420,"height":150,"caption":"NISA Car Angelov"},"image":{"@id":"https:\/\/nisacar.ch\/fr\/#\/schema\/logo\/image\/"},"sameAs":["https:\/\/www.facebook.com\/nisacar.ch1","https:\/\/www.instagram.com\/nisacar_ch\/"]},{"@type":"Person","@id":"https:\/\/nisacar.ch\/fr\/#\/schema\/person\/d92360346fc54e6f3ccb5f67baa14403","name":"Bojan Atanasov","image":{"@type":"ImageObject","inLanguage":"fr-FR","@id":"https:\/\/secure.gravatar.com\/avatar\/2bed02e9a515199a35221b37b3e7871dfba34ba0309d41356bb19e8e3795914d?s=96&d=mm&r=g","url":"https:\/\/secure.gravatar.com\/avatar\/2bed02e9a515199a35221b37b3e7871dfba34ba0309d41356bb19e8e3795914d?s=96&d=mm&r=g","contentUrl":"https:\/\/secure.gravatar.com\/avatar\/2bed02e9a515199a35221b37b3e7871dfba34ba0309d41356bb19e8e3795914d?s=96&d=mm&r=g","caption":"Bojan Atanasov"},"sameAs":["https:\/\/lumovo.ch"],"url":"https:\/\/nisacar.ch\/fr\/author\/atanasov1995\/"}]}},"jetpack_featured_media_url":"https:\/\/i0.wp.com\/nisacar.ch\/wp-content\/uploads\/2026\/03\/Bremsbelage-wechseln-Luzern-Reifen-Bremsen-Tags-Bremsbelage-Bremsenservice-Bremsen-wechseln-Autoservice-Luzern.jpg?fit=1200%2C850&ssl=1","jetpack_sharing_enabled":true,"_links":{"self":[{"href":"https:\/\/nisacar.ch\/fr\/wp-json\/wp\/v2\/posts\/2499","targetHints":{"allow":["GET"]}}],"collection":[{"href":"https:\/\/nisacar.ch\/fr\/wp-json\/wp\/v2\/posts"}],"about":[{"href":"https:\/\/nisacar.ch\/fr\/wp-json\/wp\/v2\/types\/post"}],"author":[{"embeddable":true,"href":"https:\/\/nisacar.ch\/fr\/wp-json\/wp\/v2\/users\/2"}],"replies":[{"embeddable":true,"href":"https:\/\/nisacar.ch\/fr\/wp-json\/wp\/v2\/comments?post=2499"}],"version-history":[{"count":2,"href":"https:\/\/nisacar.ch\/fr\/wp-json\/wp\/v2\/posts\/2499\/revisions"}],"predecessor-version":[{"id":2504,"href":"https:\/\/nisacar.ch\/fr\/wp-json\/wp\/v2\/posts\/2499\/revisions\/2504"}],"wp:featuredmedia":[{"embeddable":true,"href":"https:\/\/nisacar.ch\/fr\/wp-json\/wp\/v2\/media\/2502"}],"wp:attachment":[{"href":"https:\/\/nisacar.ch\/fr\/wp-json\/wp\/v2\/media?parent=2499"}],"wp:term":[{"taxonomy":"category","embeddable":true,"href":"https:\/\/nisacar.ch\/fr\/wp-json\/wp\/v2\/categories?post=2499"},{"taxonomy":"post_tag","embeddable":true,"href":"https:\/\/nisacar.ch\/fr\/wp-json\/wp\/v2\/tags?post=2499"}],"curies":[{"name":"wp","href":"https:\/\/api.w.org\/{rel}","templated":true}]}}