{"id":2489,"date":"2026-02-14T15:32:00","date_gmt":"2026-02-14T14:32:00","guid":{"rendered":"https:\/\/nisacar.ch\/?p=2489"},"modified":"2026-03-08T16:39:20","modified_gmt":"2026-03-08T15:39:20","slug":"reifenservice-luzern-wann-reifen-wechseln","status":"publish","type":"post","link":"https:\/\/nisacar.ch\/fr\/reifenservice-luzern-wann-reifen-wechseln\/","title":{"rendered":"Reifenservice Luzern \u2013 Wann sollten Reifen gewechselt werden?"},"content":{"rendered":"\n<p class=\"\">Reifen geh\u00f6ren zu den wichtigsten Sicherheitskomponenten eines Fahrzeugs. Sie sorgen f\u00fcr den Kontakt zur Stra\u00dfe und beeinflussen sowohl den Bremsweg als auch die Fahrzeugkontrolle. Deshalb ist es wichtig, Reifen regelm\u00e4\u00dfig zu \u00fcberpr\u00fcfen und rechtzeitig zu wechseln.<\/p>\n\n\n\n<p class=\"\">Gerade in der Region Luzern mit wechselnden Wetterbedingungen sollten Autofahrer besonders auf den Zustand ihrer Reifen achten. In diesem Artikel erfahren Sie, wann ein Reifenwechsel notwendig ist und warum ein professioneller <a href=\"https:\/\/nisacar.ch\/leistungen\/reifen-bremsenservice\/\">Reifen- &amp; Bremsenservice<\/a> sinnvoll ist.<\/p>\n\n\n\n<h2 class=\"wp-block-heading\">Wann sollten Winterreifen montiert werden?<\/h2>\n\n\n\n<p class=\"\">Eine bekannte Faustregel in der Schweiz lautet <strong>O bis O \u2013 Oktober bis Ostern<\/strong>. Das bedeutet, dass Winterreifen idealerweise von Oktober bis etwa Ostern montiert sein sollten.<\/p>\n\n\n\n<p class=\"\">Der wichtigste Faktor ist jedoch die Temperatur. Sobald die Temperaturen dauerhaft unter etwa 7 Grad Celsius fallen, sollten Winterreifen montiert werden.<\/p>\n\n\n\n<p class=\"\">Mehr \u00fcber den richtigen Zeitpunkt erfahren Sie auch in unserem Artikel \u00fcber <a href=\"https:\/\/nisacar.ch\/fr\/reifenwechsel-luzern-wann-sommer-winterreifen\/\">Reifenwechsel Luzern<\/a>.<\/p>\n\n\n\n<h2 class=\"wp-block-heading\">Wann sollte man wieder auf Sommerreifen wechseln?<\/h2>\n\n\n\n<p class=\"\">Sobald die Temperaturen im Fr\u00fchling dauerhaft \u00fcber etwa 7 Grad Celsius steigen, ist es Zeit f\u00fcr Sommerreifen. Diese bieten bei warmen Temperaturen bessere Fahreigenschaften und einen k\u00fcrzeren Bremsweg.<\/p>\n\n\n\n<p class=\"\">Sommerreifen bieten mehrere Vorteile:<\/p>\n\n\n\n<ul class=\"wp-block-list\">\n<li class=\"\">besseren Grip auf trockener Fahrbahn<\/li>\n\n\n\n<li class=\"\">k\u00fcrzere Bremswege bei warmen Temperaturen<\/li>\n\n\n\n<li class=\"\">geringeren Reifenverschlei\u00df<\/li>\n\n\n\n<li class=\"\">besseren Fahrkomfort<\/li>\n<\/ul>\n\n\n\n<h2 class=\"wp-block-heading\">Wie erkennt man abgenutzte Reifen?<\/h2>\n\n\n\n<p class=\"\">Der Zustand der Reifen spielt eine wichtige Rolle f\u00fcr die Fahrsicherheit. Abgenutzte Reifen k\u00f6nnen den Bremsweg verl\u00e4ngern und die Kontrolle \u00fcber das Fahrzeug verschlechtern.<\/p>\n\n\n\n<p class=\"\">Typische Anzeichen f\u00fcr verschlissene Reifen sind:<\/p>\n\n\n\n<ul class=\"wp-block-list\">\n<li class=\"\">geringe Profiltiefe<\/li>\n\n\n\n<li class=\"\">Risse im Reifen<\/li>\n\n\n\n<li class=\"\">unregelm\u00e4\u00dfiger Reifenverschlei\u00df<\/li>\n\n\n\n<li class=\"\">Vibrationen beim Fahren<\/li>\n<\/ul>\n\n\n\n<p class=\"\">In der Schweiz betr\u00e4gt die gesetzliche Mindestprofiltiefe 1,6 mm. Sicherheitsexperten empfehlen jedoch mindestens 4 mm f\u00fcr Winterreifen.<\/p>\n\n\n\n<p class=\"\">Weitere Informationen zur Fahrzeugsicherheit finden Sie auch beim <a href=\"https:\/\/www.tcs.ch\" target=\"_blank\" rel=\"noreferrer noopener\">Touring Club Schweiz (TCS)<\/a>.<\/p>\n\n\n\n<h2 class=\"wp-block-heading\">Warum ist ein professioneller Reifenservice wichtig?<\/h2>\n\n\n\n<p class=\"\">Ein professioneller Reifenservice umfasst mehr als nur den Reifenwechsel. In einer Werkstatt werden zus\u00e4tzlich mehrere wichtige Punkte \u00fcberpr\u00fcft.<\/p>\n\n\n\n<p class=\"\">Dazu geh\u00f6ren:<\/p>\n\n\n\n<ul class=\"wp-block-list\">\n<li class=\"\">Reifendruckkontrolle<\/li>\n\n\n\n<li class=\"\">\u00dcberpr\u00fcfung der Reifenprofiltiefe<\/li>\n\n\n\n<li class=\"\">Auswuchten der R\u00e4der<\/li>\n\n\n\n<li class=\"\">Kontrolle der Bremsanlage<\/li>\n<\/ul>\n\n\n\n<p class=\"\">Mehr \u00fcber m\u00f6gliche Bremsprobleme erfahren Sie auch in unserem Artikel \u00fcber <a href=\"https:\/\/nisacar.ch\/fr\/bremsenservice-luzern-anzeichen-abgenutzte-bremsen\/\">Bremsenservice Luzern<\/a>.<\/p>\n\n\n\n<h2 class=\"wp-block-heading\">Weitere wichtige Wartungsarbeiten am Fahrzeug<\/h2>\n\n\n\n<p class=\"\">Neben den Reifen sollten auch andere sicherheitsrelevante Fahrzeugteile regelm\u00e4\u00dfig \u00fcberpr\u00fcft werden.<\/p>\n\n\n\n<p class=\"\">Ein professioneller <a href=\"https:\/\/nisacar.ch\/leistungen\/scheibenservice\/\">Scheibenservice<\/a> hilft beispielsweise bei Sch\u00e4den an der Windschutzscheibe.<\/p>\n\n\n\n<p class=\"\">Auch eine regelm\u00e4\u00dfige <a href=\"https:\/\/nisacar.ch\/leistungen\/autoaufbereitung-detailing\/\">Autoaufbereitung &amp; Detailing<\/a> kann den Zustand und den Wert Ihres Fahrzeugs langfristig erhalten.<\/p>\n\n\n\n<h2 class=\"wp-block-heading\">Reifenservice bei NISA Car in Schenkon<\/h2>\n\n\n\n<p class=\"\">NISA Car bietet professionellen Reifenservice f\u00fcr Kunden aus Luzern und der gesamten Region. Dazu geh\u00f6ren Reifenwechsel, Wartung sowie weitere Dienstleistungen rund ums Fahrzeug.<\/p>\n\n\n\n<p class=\"\">Wenn Sie au\u00dferdem auf der Suche nach einem Fahrzeug sind, k\u00f6nnen Sie sich die aktuellen <a href=\"https:\/\/nisacar.ch\/automobile\/\">Occasion Fahrzeuge<\/a> ansehen.<\/p>\n\n\n\n<p class=\"\">F\u00fcr einen Termin k\u00f6nnen Sie jederzeit <a href=\"https:\/\/nisacar.ch\/kontakt\/\">Kontakt mit NISA Car aufnehmen<\/a>.<\/p>\n\n\n\n<p class=\"\">Mehr \u00fcber das Unternehmen erfahren Sie auch auf der Seite <a href=\"https:\/\/nisacar.ch\/uber-uns\/\">\u00dcber uns<\/a>.<\/p>\n\n\n\n<h3 class=\"wp-block-heading\">Weitere hilfreiche Artikel<\/h3>\n\n\n\n<ul class=\"wp-block-list\">\n<li class=\"\"><a href=\"https:\/\/nisacar.ch\/fr\/reifenwechsel-luzern-wann-sommer-winterreifen\/\">Reifenwechsel Luzern \u2013 Wann wechseln?<\/a><\/li>\n\n\n\n<li class=\"\"><a href=\"https:\/\/nisacar.ch\/fr\/bremsenservice-luzern-anzeichen-abgenutzte-bremsen\/\">Bremsenservice Luzern \u2013 Woran erkennt man abgenutzte Bremsen?<\/a><\/li>\n\n\n\n<li class=\"\"><a href=\"\/autoservice-luzern-wichtige-wartung-auto\/\">Autoservice Luzern \u2013 Wichtige Wartung f\u00fcr Ihr Auto<\/a><\/li>\n<\/ul>\n\n\n\n<hr class=\"wp-block-separator has-alpha-channel-opacity\"\/>\n\n\n\n<p class=\"\"><strong>Kategorie:<\/strong> Reifen &amp; Bremsen<\/p>\n\n\n\n<p class=\"\"><strong>Tags:<\/strong> Reifenservice, Reifenwechsel, Sommerreifen, Winterreifen, Luzern<\/p>\n","protected":false},"excerpt":{"rendered":"<p>Reifen geh\u00f6ren zu den wichtigsten Sicherheitskomponenten eines Fahrzeugs. Sie sorgen f\u00fcr den Kontakt zur Stra\u00dfe und beeinflussen sowohl den Bremsweg als auch die Fahrzeugkontrolle. Deshalb ist<span class=\"excerpt-hellip\"> [\u2026]<\/span><\/p>\n","protected":false},"author":2,"featured_media":2490,"comment_status":"closed","ping_status":"closed","sticky":false,"template":"","format":"standard","meta":{"_acf_changed":false,"nf_dc_page":"","_jetpack_memberships_contains_paid_content":false,"footnotes":""},"categories":[19],"tags":[55,70,28,30,29],"class_list":["post-2489","post","type-post","status-publish","format-standard","has-post-thumbnail","hentry","category-reifen-bremsen","tag-luzern","tag-reifenservice","tag-reifenwechsel","tag-sommerreifen","tag-winterreifen"],"acf":[],"yoast_head":"<!-- This site is optimized with the Yoast SEO plugin v27.5 - https:\/\/yoast.com\/product\/yoast-seo-wordpress\/ -->\n<title>Reifenservice Luzern \u2013 Wann sollten Reifen gewechselt werden?<\/title>\n<meta name=\"description\" content=\"Reifenservice Luzern: Wann sollten Sommer- oder Winterreifen gewechselt werden und worauf Autofahrer bei Sicherheit und Profiltiefe achten sollten.\" \/>\n<meta name=\"robots\" content=\"index, follow, max-snippet:-1, max-image-preview:large, max-video-preview:-1\" \/>\n<link rel=\"canonical\" href=\"https:\/\/nisacar.ch\/fr\/reifenservice-luzern-wann-reifen-wechseln\/\" \/>\n<meta property=\"og:locale\" content=\"fr_FR\" \/>\n<meta property=\"og:type\" content=\"article\" \/>\n<meta property=\"og:title\" content=\"Reifenservice Luzern \u2013 Wann sollten Reifen gewechselt werden?\" \/>\n<meta property=\"og:description\" content=\"Reifenservice Luzern: Wann sollten Sommer- oder Winterreifen gewechselt werden und worauf Autofahrer bei Sicherheit und Profiltiefe achten sollten.\" \/>\n<meta property=\"og:url\" content=\"https:\/\/nisacar.ch\/fr\/reifenservice-luzern-wann-reifen-wechseln\/\" \/>\n<meta property=\"og:site_name\" content=\"NISA Car\" \/>\n<meta property=\"article:publisher\" content=\"https:\/\/www.facebook.com\/nisacar.ch1\" \/>\n<meta property=\"article:published_time\" content=\"2026-02-14T14:32:00+00:00\" \/>\n<meta property=\"article:modified_time\" content=\"2026-03-08T15:39:20+00:00\" \/>\n<meta property=\"og:image\" content=\"https:\/\/nisacar.ch\/wp-content\/uploads\/2026\/03\/Reifenservice-Luzern-reifenservice-luzern-wann-reifen-wechseln-Reifen-Bremsen-Tags-Reifenservice-Reifenwechsel-Sommerreifen-Winterreifen-Luzern.jpg\" \/>\n\t<meta property=\"og:image:width\" content=\"1200\" \/>\n\t<meta property=\"og:image:height\" content=\"850\" \/>\n\t<meta property=\"og:image:type\" content=\"image\/jpeg\" \/>\n<meta name=\"author\" content=\"Bojan Atanasov\" \/>\n<meta name=\"twitter:card\" content=\"summary_large_image\" \/>\n<meta name=\"twitter:label1\" content=\"\u00c9crit par\" \/>\n\t<meta name=\"twitter:data1\" content=\"Bojan Atanasov\" \/>\n\t<meta name=\"twitter:label2\" content=\"Dur\u00e9e de lecture estim\u00e9e\" \/>\n\t<meta name=\"twitter:data2\" content=\"3 minutes\" \/>\n<script type=\"application\/ld+json\" class=\"yoast-schema-graph\">{\"@context\":\"https:\\\/\\\/schema.org\",\"@graph\":[{\"@type\":\"Article\",\"@id\":\"https:\\\/\\\/nisacar.ch\\\/fr\\\/reifenservice-luzern-wann-reifen-wechseln\\\/#article\",\"isPartOf\":{\"@id\":\"https:\\\/\\\/nisacar.ch\\\/fr\\\/reifenservice-luzern-wann-reifen-wechseln\\\/\"},\"author\":{\"name\":\"Bojan Atanasov\",\"@id\":\"https:\\\/\\\/nisacar.ch\\\/fr\\\/#\\\/schema\\\/person\\\/d92360346fc54e6f3ccb5f67baa14403\"},\"headline\":\"Reifenservice Luzern \u2013 Wann sollten Reifen gewechselt werden?\",\"datePublished\":\"2026-02-14T14:32:00+00:00\",\"dateModified\":\"2026-03-08T15:39:20+00:00\",\"mainEntityOfPage\":{\"@id\":\"https:\\\/\\\/nisacar.ch\\\/fr\\\/reifenservice-luzern-wann-reifen-wechseln\\\/\"},\"wordCount\":493,\"publisher\":{\"@id\":\"https:\\\/\\\/nisacar.ch\\\/fr\\\/#organization\"},\"image\":{\"@id\":\"https:\\\/\\\/nisacar.ch\\\/fr\\\/reifenservice-luzern-wann-reifen-wechseln\\\/#primaryimage\"},\"thumbnailUrl\":\"https:\\\/\\\/i0.wp.com\\\/nisacar.ch\\\/wp-content\\\/uploads\\\/2026\\\/03\\\/Reifenservice-Luzern-reifenservice-luzern-wann-reifen-wechseln-Reifen-Bremsen-Tags-Reifenservice-Reifenwechsel-Sommerreifen-Winterreifen-Luzern.jpg?fit=1200%2C850&ssl=1\",\"keywords\":[\"Luzern\",\"Reifenservice\",\"Reifenwechsel\",\"Sommerreifen\",\"Winterreifen\"],\"articleSection\":[\"Reifen &amp; Bremsen\"],\"inLanguage\":\"fr-FR\"},{\"@type\":\"WebPage\",\"@id\":\"https:\\\/\\\/nisacar.ch\\\/fr\\\/reifenservice-luzern-wann-reifen-wechseln\\\/\",\"url\":\"https:\\\/\\\/nisacar.ch\\\/fr\\\/reifenservice-luzern-wann-reifen-wechseln\\\/\",\"name\":\"Reifenservice Luzern \u2013 Wann sollten Reifen gewechselt werden?\",\"isPartOf\":{\"@id\":\"https:\\\/\\\/nisacar.ch\\\/fr\\\/#website\"},\"primaryImageOfPage\":{\"@id\":\"https:\\\/\\\/nisacar.ch\\\/fr\\\/reifenservice-luzern-wann-reifen-wechseln\\\/#primaryimage\"},\"image\":{\"@id\":\"https:\\\/\\\/nisacar.ch\\\/fr\\\/reifenservice-luzern-wann-reifen-wechseln\\\/#primaryimage\"},\"thumbnailUrl\":\"https:\\\/\\\/i0.wp.com\\\/nisacar.ch\\\/wp-content\\\/uploads\\\/2026\\\/03\\\/Reifenservice-Luzern-reifenservice-luzern-wann-reifen-wechseln-Reifen-Bremsen-Tags-Reifenservice-Reifenwechsel-Sommerreifen-Winterreifen-Luzern.jpg?fit=1200%2C850&ssl=1\",\"datePublished\":\"2026-02-14T14:32:00+00:00\",\"dateModified\":\"2026-03-08T15:39:20+00:00\",\"description\":\"Reifenservice Luzern: Wann sollten Sommer- oder Winterreifen gewechselt werden und worauf Autofahrer bei Sicherheit und Profiltiefe achten sollten.\",\"breadcrumb\":{\"@id\":\"https:\\\/\\\/nisacar.ch\\\/fr\\\/reifenservice-luzern-wann-reifen-wechseln\\\/#breadcrumb\"},\"inLanguage\":\"fr-FR\",\"potentialAction\":[{\"@type\":\"ReadAction\",\"target\":[\"https:\\\/\\\/nisacar.ch\\\/fr\\\/reifenservice-luzern-wann-reifen-wechseln\\\/\"]}]},{\"@type\":\"ImageObject\",\"inLanguage\":\"fr-FR\",\"@id\":\"https:\\\/\\\/nisacar.ch\\\/fr\\\/reifenservice-luzern-wann-reifen-wechseln\\\/#primaryimage\",\"url\":\"https:\\\/\\\/i0.wp.com\\\/nisacar.ch\\\/wp-content\\\/uploads\\\/2026\\\/03\\\/Reifenservice-Luzern-reifenservice-luzern-wann-reifen-wechseln-Reifen-Bremsen-Tags-Reifenservice-Reifenwechsel-Sommerreifen-Winterreifen-Luzern.jpg?fit=1200%2C850&ssl=1\",\"contentUrl\":\"https:\\\/\\\/i0.wp.com\\\/nisacar.ch\\\/wp-content\\\/uploads\\\/2026\\\/03\\\/Reifenservice-Luzern-reifenservice-luzern-wann-reifen-wechseln-Reifen-Bremsen-Tags-Reifenservice-Reifenwechsel-Sommerreifen-Winterreifen-Luzern.jpg?fit=1200%2C850&ssl=1\",\"width\":1200,\"height\":850,\"caption\":\"Reifenservice Luzern reifenservice-luzern-wann-reifen-wechseln Reifen & Bremsen Tags Reifenservice, Reifenwechsel, Sommerreifen, Winterreifen, Luzern\"},{\"@type\":\"BreadcrumbList\",\"@id\":\"https:\\\/\\\/nisacar.ch\\\/fr\\\/reifenservice-luzern-wann-reifen-wechseln\\\/#breadcrumb\",\"itemListElement\":[{\"@type\":\"ListItem\",\"position\":1,\"name\":\"Home\",\"item\":\"https:\\\/\\\/nisacar.ch\\\/fr\\\/\"},{\"@type\":\"ListItem\",\"position\":2,\"name\":\"Reifenservice Luzern \u2013 Wann sollten Reifen gewechselt werden?\"}]},{\"@type\":\"WebSite\",\"@id\":\"https:\\\/\\\/nisacar.ch\\\/fr\\\/#website\",\"url\":\"https:\\\/\\\/nisacar.ch\\\/fr\\\/\",\"name\":\"NISA Car\",\"description\":\"Perfekte Pflege. Faire Preise. Schweizer Qualit\u00e4t.\",\"publisher\":{\"@id\":\"https:\\\/\\\/nisacar.ch\\\/fr\\\/#organization\"},\"potentialAction\":[{\"@type\":\"SearchAction\",\"target\":{\"@type\":\"EntryPoint\",\"urlTemplate\":\"https:\\\/\\\/nisacar.ch\\\/fr\\\/?s={search_term_string}\"},\"query-input\":{\"@type\":\"PropertyValueSpecification\",\"valueRequired\":true,\"valueName\":\"search_term_string\"}}],\"inLanguage\":\"fr-FR\"},{\"@type\":\"Organization\",\"@id\":\"https:\\\/\\\/nisacar.ch\\\/fr\\\/#organization\",\"name\":\"NISA Car Angelov\",\"url\":\"https:\\\/\\\/nisacar.ch\\\/fr\\\/\",\"logo\":{\"@type\":\"ImageObject\",\"inLanguage\":\"fr-FR\",\"@id\":\"https:\\\/\\\/nisacar.ch\\\/fr\\\/#\\\/schema\\\/logo\\\/image\\\/\",\"url\":\"https:\\\/\\\/i0.wp.com\\\/nisacar.ch\\\/wp-content\\\/uploads\\\/2025\\\/10\\\/cropped-za_autoscout-removebg-preview-Copy.png?fit=420%2C150&ssl=1\",\"contentUrl\":\"https:\\\/\\\/i0.wp.com\\\/nisacar.ch\\\/wp-content\\\/uploads\\\/2025\\\/10\\\/cropped-za_autoscout-removebg-preview-Copy.png?fit=420%2C150&ssl=1\",\"width\":420,\"height\":150,\"caption\":\"NISA Car Angelov\"},\"image\":{\"@id\":\"https:\\\/\\\/nisacar.ch\\\/fr\\\/#\\\/schema\\\/logo\\\/image\\\/\"},\"sameAs\":[\"https:\\\/\\\/www.facebook.com\\\/nisacar.ch1\",\"https:\\\/\\\/www.instagram.com\\\/nisacar_ch\\\/\"]},{\"@type\":\"Person\",\"@id\":\"https:\\\/\\\/nisacar.ch\\\/fr\\\/#\\\/schema\\\/person\\\/d92360346fc54e6f3ccb5f67baa14403\",\"name\":\"Bojan Atanasov\",\"image\":{\"@type\":\"ImageObject\",\"inLanguage\":\"fr-FR\",\"@id\":\"https:\\\/\\\/secure.gravatar.com\\\/avatar\\\/2bed02e9a515199a35221b37b3e7871dfba34ba0309d41356bb19e8e3795914d?s=96&d=mm&r=g\",\"url\":\"https:\\\/\\\/secure.gravatar.com\\\/avatar\\\/2bed02e9a515199a35221b37b3e7871dfba34ba0309d41356bb19e8e3795914d?s=96&d=mm&r=g\",\"contentUrl\":\"https:\\\/\\\/secure.gravatar.com\\\/avatar\\\/2bed02e9a515199a35221b37b3e7871dfba34ba0309d41356bb19e8e3795914d?s=96&d=mm&r=g\",\"caption\":\"Bojan Atanasov\"},\"sameAs\":[\"https:\\\/\\\/lumovo.ch\"],\"url\":\"https:\\\/\\\/nisacar.ch\\\/fr\\\/author\\\/atanasov1995\\\/\"}]}<\/script>\n<!-- \/ Yoast SEO plugin. -->","yoast_head_json":{"title":"Reifenservice Luzern \u2013 Wann sollten Reifen gewechselt werden?","description":"Reifenservice Luzern: Wann sollten Sommer- oder Winterreifen gewechselt werden und worauf Autofahrer bei Sicherheit und Profiltiefe achten sollten.","robots":{"index":"index","follow":"follow","max-snippet":"max-snippet:-1","max-image-preview":"max-image-preview:large","max-video-preview":"max-video-preview:-1"},"canonical":"https:\/\/nisacar.ch\/fr\/reifenservice-luzern-wann-reifen-wechseln\/","og_locale":"fr_FR","og_type":"article","og_title":"Reifenservice Luzern \u2013 Wann sollten Reifen gewechselt werden?","og_description":"Reifenservice Luzern: Wann sollten Sommer- oder Winterreifen gewechselt werden und worauf Autofahrer bei Sicherheit und Profiltiefe achten sollten.","og_url":"https:\/\/nisacar.ch\/fr\/reifenservice-luzern-wann-reifen-wechseln\/","og_site_name":"NISA Car","article_publisher":"https:\/\/www.facebook.com\/nisacar.ch1","article_published_time":"2026-02-14T14:32:00+00:00","article_modified_time":"2026-03-08T15:39:20+00:00","og_image":[{"width":1200,"height":850,"url":"https:\/\/nisacar.ch\/wp-content\/uploads\/2026\/03\/Reifenservice-Luzern-reifenservice-luzern-wann-reifen-wechseln-Reifen-Bremsen-Tags-Reifenservice-Reifenwechsel-Sommerreifen-Winterreifen-Luzern.jpg","type":"image\/jpeg"}],"author":"Bojan Atanasov","twitter_card":"summary_large_image","twitter_misc":{"\u00c9crit par":"Bojan Atanasov","Dur\u00e9e de lecture estim\u00e9e":"3 minutes"},"schema":{"@context":"https:\/\/schema.org","@graph":[{"@type":"Article","@id":"https:\/\/nisacar.ch\/fr\/reifenservice-luzern-wann-reifen-wechseln\/#article","isPartOf":{"@id":"https:\/\/nisacar.ch\/fr\/reifenservice-luzern-wann-reifen-wechseln\/"},"author":{"name":"Bojan Atanasov","@id":"https:\/\/nisacar.ch\/fr\/#\/schema\/person\/d92360346fc54e6f3ccb5f67baa14403"},"headline":"Reifenservice Luzern \u2013 Wann sollten Reifen gewechselt werden?","datePublished":"2026-02-14T14:32:00+00:00","dateModified":"2026-03-08T15:39:20+00:00","mainEntityOfPage":{"@id":"https:\/\/nisacar.ch\/fr\/reifenservice-luzern-wann-reifen-wechseln\/"},"wordCount":493,"publisher":{"@id":"https:\/\/nisacar.ch\/fr\/#organization"},"image":{"@id":"https:\/\/nisacar.ch\/fr\/reifenservice-luzern-wann-reifen-wechseln\/#primaryimage"},"thumbnailUrl":"https:\/\/i0.wp.com\/nisacar.ch\/wp-content\/uploads\/2026\/03\/Reifenservice-Luzern-reifenservice-luzern-wann-reifen-wechseln-Reifen-Bremsen-Tags-Reifenservice-Reifenwechsel-Sommerreifen-Winterreifen-Luzern.jpg?fit=1200%2C850&ssl=1","keywords":["Luzern","Reifenservice","Reifenwechsel","Sommerreifen","Winterreifen"],"articleSection":["Reifen &amp; Bremsen"],"inLanguage":"fr-FR"},{"@type":"WebPage","@id":"https:\/\/nisacar.ch\/fr\/reifenservice-luzern-wann-reifen-wechseln\/","url":"https:\/\/nisacar.ch\/fr\/reifenservice-luzern-wann-reifen-wechseln\/","name":"Reifenservice Luzern \u2013 Wann sollten Reifen gewechselt werden?","isPartOf":{"@id":"https:\/\/nisacar.ch\/fr\/#website"},"primaryImageOfPage":{"@id":"https:\/\/nisacar.ch\/fr\/reifenservice-luzern-wann-reifen-wechseln\/#primaryimage"},"image":{"@id":"https:\/\/nisacar.ch\/fr\/reifenservice-luzern-wann-reifen-wechseln\/#primaryimage"},"thumbnailUrl":"https:\/\/i0.wp.com\/nisacar.ch\/wp-content\/uploads\/2026\/03\/Reifenservice-Luzern-reifenservice-luzern-wann-reifen-wechseln-Reifen-Bremsen-Tags-Reifenservice-Reifenwechsel-Sommerreifen-Winterreifen-Luzern.jpg?fit=1200%2C850&ssl=1","datePublished":"2026-02-14T14:32:00+00:00","dateModified":"2026-03-08T15:39:20+00:00","description":"Reifenservice Luzern: Wann sollten Sommer- oder Winterreifen gewechselt werden und worauf Autofahrer bei Sicherheit und Profiltiefe achten sollten.","breadcrumb":{"@id":"https:\/\/nisacar.ch\/fr\/reifenservice-luzern-wann-reifen-wechseln\/#breadcrumb"},"inLanguage":"fr-FR","potentialAction":[{"@type":"ReadAction","target":["https:\/\/nisacar.ch\/fr\/reifenservice-luzern-wann-reifen-wechseln\/"]}]},{"@type":"ImageObject","inLanguage":"fr-FR","@id":"https:\/\/nisacar.ch\/fr\/reifenservice-luzern-wann-reifen-wechseln\/#primaryimage","url":"https:\/\/i0.wp.com\/nisacar.ch\/wp-content\/uploads\/2026\/03\/Reifenservice-Luzern-reifenservice-luzern-wann-reifen-wechseln-Reifen-Bremsen-Tags-Reifenservice-Reifenwechsel-Sommerreifen-Winterreifen-Luzern.jpg?fit=1200%2C850&ssl=1","contentUrl":"https:\/\/i0.wp.com\/nisacar.ch\/wp-content\/uploads\/2026\/03\/Reifenservice-Luzern-reifenservice-luzern-wann-reifen-wechseln-Reifen-Bremsen-Tags-Reifenservice-Reifenwechsel-Sommerreifen-Winterreifen-Luzern.jpg?fit=1200%2C850&ssl=1","width":1200,"height":850,"caption":"Reifenservice Luzern reifenservice-luzern-wann-reifen-wechseln Reifen & Bremsen Tags Reifenservice, Reifenwechsel, Sommerreifen, Winterreifen, Luzern"},{"@type":"BreadcrumbList","@id":"https:\/\/nisacar.ch\/fr\/reifenservice-luzern-wann-reifen-wechseln\/#breadcrumb","itemListElement":[{"@type":"ListItem","position":1,"name":"Home","item":"https:\/\/nisacar.ch\/fr\/"},{"@type":"ListItem","position":2,"name":"Reifenservice Luzern \u2013 Wann sollten Reifen gewechselt werden?"}]},{"@type":"WebSite","@id":"https:\/\/nisacar.ch\/fr\/#website","url":"https:\/\/nisacar.ch\/fr\/","name":"NISA Car","description":"Perfekte Pflege. Faire Preise. Schweizer Qualit\u00e4t.","publisher":{"@id":"https:\/\/nisacar.ch\/fr\/#organization"},"potentialAction":[{"@type":"SearchAction","target":{"@type":"EntryPoint","urlTemplate":"https:\/\/nisacar.ch\/fr\/?s={search_term_string}"},"query-input":{"@type":"PropertyValueSpecification","valueRequired":true,"valueName":"search_term_string"}}],"inLanguage":"fr-FR"},{"@type":"Organization","@id":"https:\/\/nisacar.ch\/fr\/#organization","name":"NISA Car Angelov","url":"https:\/\/nisacar.ch\/fr\/","logo":{"@type":"ImageObject","inLanguage":"fr-FR","@id":"https:\/\/nisacar.ch\/fr\/#\/schema\/logo\/image\/","url":"https:\/\/i0.wp.com\/nisacar.ch\/wp-content\/uploads\/2025\/10\/cropped-za_autoscout-removebg-preview-Copy.png?fit=420%2C150&ssl=1","contentUrl":"https:\/\/i0.wp.com\/nisacar.ch\/wp-content\/uploads\/2025\/10\/cropped-za_autoscout-removebg-preview-Copy.png?fit=420%2C150&ssl=1","width":420,"height":150,"caption":"NISA Car Angelov"},"image":{"@id":"https:\/\/nisacar.ch\/fr\/#\/schema\/logo\/image\/"},"sameAs":["https:\/\/www.facebook.com\/nisacar.ch1","https:\/\/www.instagram.com\/nisacar_ch\/"]},{"@type":"Person","@id":"https:\/\/nisacar.ch\/fr\/#\/schema\/person\/d92360346fc54e6f3ccb5f67baa14403","name":"Bojan Atanasov","image":{"@type":"ImageObject","inLanguage":"fr-FR","@id":"https:\/\/secure.gravatar.com\/avatar\/2bed02e9a515199a35221b37b3e7871dfba34ba0309d41356bb19e8e3795914d?s=96&d=mm&r=g","url":"https:\/\/secure.gravatar.com\/avatar\/2bed02e9a515199a35221b37b3e7871dfba34ba0309d41356bb19e8e3795914d?s=96&d=mm&r=g","contentUrl":"https:\/\/secure.gravatar.com\/avatar\/2bed02e9a515199a35221b37b3e7871dfba34ba0309d41356bb19e8e3795914d?s=96&d=mm&r=g","caption":"Bojan Atanasov"},"sameAs":["https:\/\/lumovo.ch"],"url":"https:\/\/nisacar.ch\/fr\/author\/atanasov1995\/"}]}},"jetpack_featured_media_url":"https:\/\/i0.wp.com\/nisacar.ch\/wp-content\/uploads\/2026\/03\/Reifenservice-Luzern-reifenservice-luzern-wann-reifen-wechseln-Reifen-Bremsen-Tags-Reifenservice-Reifenwechsel-Sommerreifen-Winterreifen-Luzern.jpg?fit=1200%2C850&ssl=1","jetpack_sharing_enabled":true,"_links":{"self":[{"href":"https:\/\/nisacar.ch\/fr\/wp-json\/wp\/v2\/posts\/2489","targetHints":{"allow":["GET"]}}],"collection":[{"href":"https:\/\/nisacar.ch\/fr\/wp-json\/wp\/v2\/posts"}],"about":[{"href":"https:\/\/nisacar.ch\/fr\/wp-json\/wp\/v2\/types\/post"}],"author":[{"embeddable":true,"href":"https:\/\/nisacar.ch\/fr\/wp-json\/wp\/v2\/users\/2"}],"replies":[{"embeddable":true,"href":"https:\/\/nisacar.ch\/fr\/wp-json\/wp\/v2\/comments?post=2489"}],"version-history":[{"count":2,"href":"https:\/\/nisacar.ch\/fr\/wp-json\/wp\/v2\/posts\/2489\/revisions"}],"predecessor-version":[{"id":2492,"href":"https:\/\/nisacar.ch\/fr\/wp-json\/wp\/v2\/posts\/2489\/revisions\/2492"}],"wp:featuredmedia":[{"embeddable":true,"href":"https:\/\/nisacar.ch\/fr\/wp-json\/wp\/v2\/media\/2490"}],"wp:attachment":[{"href":"https:\/\/nisacar.ch\/fr\/wp-json\/wp\/v2\/media?parent=2489"}],"wp:term":[{"taxonomy":"category","embeddable":true,"href":"https:\/\/nisacar.ch\/fr\/wp-json\/wp\/v2\/categories?post=2489"},{"taxonomy":"post_tag","embeddable":true,"href":"https:\/\/nisacar.ch\/fr\/wp-json\/wp\/v2\/tags?post=2489"}],"curies":[{"name":"wp","href":"https:\/\/api.w.org\/{rel}","templated":true}]}}