{"id":2445,"date":"2026-02-03T14:59:49","date_gmt":"2026-02-03T13:59:49","guid":{"rendered":"https:\/\/nisacar.ch\/?p=2445"},"modified":"2026-03-08T16:37:19","modified_gmt":"2026-03-08T15:37:19","slug":"reifenwechsel-luzern-wann-sommer-winterreifen","status":"publish","type":"post","link":"https:\/\/nisacar.ch\/fr\/reifenwechsel-luzern-wann-sommer-winterreifen\/","title":{"rendered":"Reifenwechsel Luzern \u2013 Wann Sommer- und Winterreifen wechseln?"},"content":{"rendered":"\n<p class=\"\">Der richtige Zeitpunkt f\u00fcr den Reifenwechsel ist entscheidend f\u00fcr die Sicherheit im Stra\u00dfenverkehr. Besonders in der Schweiz mit ihren wechselhaften Wetterbedingungen sollten Autofahrer genau darauf achten, wann Winterreifen oder Sommerreifen montiert werden.<\/p>\n\n\n\n<p class=\"\">Viele Fahrer stellen sich jedes Jahr die gleiche Frage: Wann sollte man die Reifen wechseln? In diesem Artikel erkl\u00e4ren wir, worauf Autofahrer aus Luzern, Schenkon und der gesamten Region achten sollten und warum ein professioneller <a href=\"https:\/\/nisacar.ch\/leistungen\/reifen-bremsenservice\/\">Reifen- &amp; Bremsenservice<\/a> sinnvoll ist.<\/p>\n\n\n\n<h2 class=\"wp-block-heading\">Warum ist der richtige Reifenwechsel so wichtig?<\/h2>\n\n\n\n<p class=\"\">Reifen sind der einzige Kontakt zwischen Fahrzeug und Stra\u00dfe. Sie beeinflussen Bremsweg, Fahrstabilit\u00e4t und Fahrkomfort. Werden Reifen nicht rechtzeitig gewechselt, kann dies die Sicherheit erheblich beeintr\u00e4chtigen.<\/p>\n\n\n\n<p class=\"\">Sommerreifen und Winterreifen sind speziell f\u00fcr unterschiedliche Temperaturen und Stra\u00dfenbedingungen entwickelt worden. W\u00e4hrend Winterreifen bei niedrigen Temperaturen besseren Grip bieten, sind Sommerreifen f\u00fcr warme Temperaturen optimiert.<\/p>\n\n\n\n<h2 class=\"wp-block-heading\">Wann sollte man von Sommerreifen auf Winterreifen wechseln?<\/h2>\n\n\n\n<p class=\"\">Eine bekannte Faustregel in der Schweiz lautet: <strong>O bis O \u2013 Oktober bis Ostern<\/strong>. Das bedeutet, dass Winterreifen idealerweise von Oktober bis etwa Ostern montiert sein sollten.<\/p>\n\n\n\n<p class=\"\">Der wichtigste Faktor ist jedoch die Temperatur. Sobald die Temperaturen dauerhaft unter etwa 7 Grad Celsius fallen, sollten Winterreifen montiert werden.<\/p>\n\n\n\n<p class=\"\">Winterreifen bieten Vorteile wie:<\/p>\n\n\n\n<ul class=\"wp-block-list\">\n<li class=\"\">besseren Grip auf Schnee und Eis<\/li>\n\n\n\n<li class=\"\">k\u00fcrzere Bremswege bei niedrigen Temperaturen<\/li>\n\n\n\n<li class=\"\">bessere Fahrzeugkontrolle auf nasser Fahrbahn<\/li>\n<\/ul>\n\n\n\n<p class=\"\">Weitere Informationen zur Fahrzeugsicherheit im Winter stellt auch der <a href=\"https:\/\/www.tcs.ch\" target=\"_blank\" rel=\"noreferrer noopener\">Touring Club Schweiz (TCS)<\/a> bereit.<\/p>\n\n\n\n<h2 class=\"wp-block-heading\">Wann sollte man wieder auf Sommerreifen wechseln?<\/h2>\n\n\n\n<p class=\"\">Sobald die Temperaturen im Fr\u00fchling dauerhaft \u00fcber etwa 7 Grad Celsius liegen, ist es Zeit f\u00fcr Sommerreifen. Diese bieten bei warmen Temperaturen bessere Fahreigenschaften und einen geringeren Verschlei\u00df.<\/p>\n\n\n\n<p class=\"\">Sommerreifen haben mehrere Vorteile:<\/p>\n\n\n\n<ul class=\"wp-block-list\">\n<li class=\"\">besserer Grip auf trockener und nasser Fahrbahn<\/li>\n\n\n\n<li class=\"\">k\u00fcrzere Bremswege im Sommer<\/li>\n\n\n\n<li class=\"\">geringerer Kraftstoffverbrauch<\/li>\n\n\n\n<li class=\"\">weniger Reifenverschlei\u00df<\/li>\n<\/ul>\n\n\n\n<p class=\"\">Wer zu lange mit Winterreifen f\u00e4hrt, riskiert eine schnellere Abnutzung und schlechtere Fahrleistung.<\/p>\n\n\n\n<h2 class=\"wp-block-heading\">Wie erkennt man abgenutzte Reifen?<\/h2>\n\n\n\n<p class=\"\">Neben dem richtigen Zeitpunkt f\u00fcr den Reifenwechsel ist auch der Zustand der Reifen entscheidend. Abgenutzte Reifen k\u00f6nnen die Sicherheit erheblich beeintr\u00e4chtigen.<\/p>\n\n\n\n<p class=\"\">Folgende Anzeichen deuten darauf hin, dass Reifen ersetzt werden sollten:<\/p>\n\n\n\n<ul class=\"wp-block-list\">\n<li class=\"\">zu geringe Profiltiefe<\/li>\n\n\n\n<li class=\"\">sichtbare Risse im Gummi<\/li>\n\n\n\n<li class=\"\">unregelm\u00e4\u00dfiger Reifenverschlei\u00df<\/li>\n\n\n\n<li class=\"\">Vibrationen beim Fahren<\/li>\n<\/ul>\n\n\n\n<p class=\"\">In der Schweiz betr\u00e4gt die gesetzliche Mindestprofiltiefe 1,6 mm. Sicherheitsexperten empfehlen jedoch mindestens 4 mm f\u00fcr Winterreifen.<\/p>\n\n\n\n<h2 class=\"wp-block-heading\">Warum sollte man den Reifenwechsel professionell durchf\u00fchren lassen?<\/h2>\n\n\n\n<p class=\"\">Ein professioneller Reifenwechsel bietet mehrere Vorteile. Neben der korrekten Montage werden auch Reifen, Felgen und Luftdruck \u00fcberpr\u00fcft.<\/p>\n\n\n\n<p class=\"\">Bei einem professionellen Service k\u00f6nnen zus\u00e4tzlich folgende Punkte kontrolliert werden:<\/p>\n\n\n\n<ul class=\"wp-block-list\">\n<li class=\"\">Reifendruck<\/li>\n\n\n\n<li class=\"\">Reifenverschlei\u00df<\/li>\n\n\n\n<li class=\"\">Radbefestigung<\/li>\n\n\n\n<li class=\"\">Auswuchtung der R\u00e4der<\/li>\n<\/ul>\n\n\n\n<p class=\"\">Regelm\u00e4\u00dfige Wartung ist wichtig f\u00fcr die Sicherheit Ihres Fahrzeugs. Neben den Reifen sollten auch Bremsen regelm\u00e4\u00dfig \u00fcberpr\u00fcft werden. Ein professioneller <a href=\"https:\/\/nisacar.ch\/leistungen\/reifen-bremsenservice\/\">Reifen- &amp; Bremsenservice<\/a> hilft dabei, m\u00f6gliche Probleme fr\u00fchzeitig zu erkennen.<\/p>\n\n\n\n<h2 class=\"wp-block-heading\">Autoservice bei NISA Car in der Region Luzern<\/h2>\n\n\n\n<p class=\"\">Das Team von NISA Car in Schenkon bietet professionelle Dienstleistungen rund ums Fahrzeug. Neben Reifenwechsel geh\u00f6ren auch <a href=\"https:\/\/nisacar.ch\/leistungen\/scheibenservice\/\">Scheibenservice<\/a>, <a href=\"https:\/\/nisacar.ch\/leistungen\/autoaufbereitung-detailing\/\">Autoaufbereitung &amp; Detailing<\/a> sowie Unterst\u00fctzung beim <a href=\"https:\/\/nisacar.ch\/leistungen\/fahrzeugverkauf-ankauf\/\">Fahrzeugverkauf und Ankauf<\/a> zum Leistungsangebot.<\/p>\n\n\n\n<p class=\"\">Wenn Sie au\u00dferdem ein Fahrzeug suchen, k\u00f6nnen Sie sich die aktuellen <a href=\"https:\/\/nisacar.ch\/automobile\/\">Occasion Fahrzeuge<\/a> online ansehen.<\/p>\n\n\n\n<h2 class=\"wp-block-heading\">Termin f\u00fcr Reifenwechsel vereinbaren<\/h2>\n\n\n\n<p class=\"\">Ein rechtzeitiger Reifenwechsel sorgt f\u00fcr mehr Sicherheit und Fahrkomfort. Wenn Sie einen Termin f\u00fcr einen professionellen Reifenwechsel vereinbaren m\u00f6chten, k\u00f6nnen Sie jederzeit <a href=\"https:\/\/nisacar.ch\/kontakt\/\">Kontakt mit NISA Car aufnehmen<\/a>.<\/p>\n\n\n\n<p class=\"\">Mehr Informationen \u00fcber unser Unternehmen und unsere Dienstleistungen finden Sie auch auf der Seite <a href=\"https:\/\/nisacar.ch\/uber-uns\/\">\u00dcber uns<\/a>.<\/p>\n","protected":false},"excerpt":{"rendered":"<p>Der richtige Zeitpunkt f\u00fcr den Reifenwechsel ist entscheidend f\u00fcr die Sicherheit im Stra\u00dfenverkehr. Besonders in der Schweiz mit ihren wechselhaften Wetterbedingungen sollten Autofahrer genau darauf achten,<span class=\"excerpt-hellip\"> [\u2026]<\/span><\/p>\n","protected":false},"author":2,"featured_media":2446,"comment_status":"closed","ping_status":"closed","sticky":false,"template":"","format":"standard","meta":{"_acf_changed":false,"nf_dc_page":"","_jetpack_memberships_contains_paid_content":false,"footnotes":""},"categories":[19],"tags":[50,55,28,30,29],"class_list":["post-2445","post","type-post","status-publish","format-standard","has-post-thumbnail","hentry","category-reifen-bremsen","tag-autoservice","tag-luzern","tag-reifenwechsel","tag-sommerreifen","tag-winterreifen"],"acf":[],"yoast_head":"<!-- This site is optimized with the Yoast SEO plugin v27.5 - https:\/\/yoast.com\/product\/yoast-seo-wordpress\/ -->\n<title>Reifenwechsel Luzern \u2013 Wann Sommer- und Winterreifen wechseln?<\/title>\n<meta name=\"description\" content=\"Wann sollte man in Luzern die Reifen wechseln? Tipps zu Sommerreifen, Winterreifen und Sicherheit im Stra\u00dfenverkehr.\" \/>\n<meta name=\"robots\" content=\"index, follow, max-snippet:-1, max-image-preview:large, max-video-preview:-1\" \/>\n<link rel=\"canonical\" href=\"https:\/\/nisacar.ch\/fr\/reifenwechsel-luzern-wann-sommer-winterreifen\/\" \/>\n<meta property=\"og:locale\" content=\"fr_FR\" \/>\n<meta property=\"og:type\" content=\"article\" \/>\n<meta property=\"og:title\" content=\"Reifenwechsel Luzern \u2013 Wann Sommer- und Winterreifen wechseln?\" \/>\n<meta property=\"og:description\" content=\"Wann sollte man in Luzern die Reifen wechseln? Tipps zu Sommerreifen, Winterreifen und Sicherheit im Stra\u00dfenverkehr.\" \/>\n<meta property=\"og:url\" content=\"https:\/\/nisacar.ch\/fr\/reifenwechsel-luzern-wann-sommer-winterreifen\/\" \/>\n<meta property=\"og:site_name\" content=\"NISA Car\" \/>\n<meta property=\"article:publisher\" content=\"https:\/\/www.facebook.com\/nisacar.ch1\" \/>\n<meta property=\"article:published_time\" content=\"2026-02-03T13:59:49+00:00\" \/>\n<meta property=\"article:modified_time\" content=\"2026-03-08T15:37:19+00:00\" \/>\n<meta property=\"og:image\" content=\"https:\/\/nisacar.ch\/wp-content\/uploads\/2026\/03\/Reifenwechsel-Luzern-reifenwechsel-luzern-wann-sommer-winterreifen-Reifen-Bremsen-Tags-Reifenwechsel-Winterreifen-Sommerreifen-Autoservice-Luzern.jpg\" \/>\n\t<meta property=\"og:image:width\" content=\"1200\" \/>\n\t<meta property=\"og:image:height\" content=\"850\" \/>\n\t<meta property=\"og:image:type\" content=\"image\/jpeg\" \/>\n<meta name=\"author\" content=\"Bojan Atanasov\" \/>\n<meta name=\"twitter:card\" content=\"summary_large_image\" \/>\n<meta name=\"twitter:label1\" content=\"\u00c9crit par\" \/>\n\t<meta name=\"twitter:data1\" content=\"Bojan Atanasov\" \/>\n\t<meta name=\"twitter:label2\" content=\"Dur\u00e9e de lecture estim\u00e9e\" \/>\n\t<meta name=\"twitter:data2\" content=\"3 minutes\" \/>\n<script type=\"application\/ld+json\" class=\"yoast-schema-graph\">{\"@context\":\"https:\\\/\\\/schema.org\",\"@graph\":[{\"@type\":\"Article\",\"@id\":\"https:\\\/\\\/nisacar.ch\\\/fr\\\/reifenwechsel-luzern-wann-sommer-winterreifen\\\/#article\",\"isPartOf\":{\"@id\":\"https:\\\/\\\/nisacar.ch\\\/fr\\\/reifenwechsel-luzern-wann-sommer-winterreifen\\\/\"},\"author\":{\"name\":\"Bojan Atanasov\",\"@id\":\"https:\\\/\\\/nisacar.ch\\\/fr\\\/#\\\/schema\\\/person\\\/d92360346fc54e6f3ccb5f67baa14403\"},\"headline\":\"Reifenwechsel Luzern \u2013 Wann Sommer- und Winterreifen wechseln?\",\"datePublished\":\"2026-02-03T13:59:49+00:00\",\"dateModified\":\"2026-03-08T15:37:19+00:00\",\"mainEntityOfPage\":{\"@id\":\"https:\\\/\\\/nisacar.ch\\\/fr\\\/reifenwechsel-luzern-wann-sommer-winterreifen\\\/\"},\"wordCount\":567,\"publisher\":{\"@id\":\"https:\\\/\\\/nisacar.ch\\\/fr\\\/#organization\"},\"image\":{\"@id\":\"https:\\\/\\\/nisacar.ch\\\/fr\\\/reifenwechsel-luzern-wann-sommer-winterreifen\\\/#primaryimage\"},\"thumbnailUrl\":\"https:\\\/\\\/i0.wp.com\\\/nisacar.ch\\\/wp-content\\\/uploads\\\/2026\\\/03\\\/Reifenwechsel-Luzern-reifenwechsel-luzern-wann-sommer-winterreifen-Reifen-Bremsen-Tags-Reifenwechsel-Winterreifen-Sommerreifen-Autoservice-Luzern.jpg?fit=1200%2C850&ssl=1\",\"keywords\":[\"Autoservice\",\"Luzern\",\"Reifenwechsel\",\"Sommerreifen\",\"Winterreifen\"],\"articleSection\":[\"Reifen &amp; Bremsen\"],\"inLanguage\":\"fr-FR\"},{\"@type\":\"WebPage\",\"@id\":\"https:\\\/\\\/nisacar.ch\\\/fr\\\/reifenwechsel-luzern-wann-sommer-winterreifen\\\/\",\"url\":\"https:\\\/\\\/nisacar.ch\\\/fr\\\/reifenwechsel-luzern-wann-sommer-winterreifen\\\/\",\"name\":\"Reifenwechsel Luzern \u2013 Wann Sommer- und Winterreifen wechseln?\",\"isPartOf\":{\"@id\":\"https:\\\/\\\/nisacar.ch\\\/fr\\\/#website\"},\"primaryImageOfPage\":{\"@id\":\"https:\\\/\\\/nisacar.ch\\\/fr\\\/reifenwechsel-luzern-wann-sommer-winterreifen\\\/#primaryimage\"},\"image\":{\"@id\":\"https:\\\/\\\/nisacar.ch\\\/fr\\\/reifenwechsel-luzern-wann-sommer-winterreifen\\\/#primaryimage\"},\"thumbnailUrl\":\"https:\\\/\\\/i0.wp.com\\\/nisacar.ch\\\/wp-content\\\/uploads\\\/2026\\\/03\\\/Reifenwechsel-Luzern-reifenwechsel-luzern-wann-sommer-winterreifen-Reifen-Bremsen-Tags-Reifenwechsel-Winterreifen-Sommerreifen-Autoservice-Luzern.jpg?fit=1200%2C850&ssl=1\",\"datePublished\":\"2026-02-03T13:59:49+00:00\",\"dateModified\":\"2026-03-08T15:37:19+00:00\",\"description\":\"Wann sollte man in Luzern die Reifen wechseln? Tipps zu Sommerreifen, Winterreifen und Sicherheit im Stra\u00dfenverkehr.\",\"breadcrumb\":{\"@id\":\"https:\\\/\\\/nisacar.ch\\\/fr\\\/reifenwechsel-luzern-wann-sommer-winterreifen\\\/#breadcrumb\"},\"inLanguage\":\"fr-FR\",\"potentialAction\":[{\"@type\":\"ReadAction\",\"target\":[\"https:\\\/\\\/nisacar.ch\\\/fr\\\/reifenwechsel-luzern-wann-sommer-winterreifen\\\/\"]}]},{\"@type\":\"ImageObject\",\"inLanguage\":\"fr-FR\",\"@id\":\"https:\\\/\\\/nisacar.ch\\\/fr\\\/reifenwechsel-luzern-wann-sommer-winterreifen\\\/#primaryimage\",\"url\":\"https:\\\/\\\/i0.wp.com\\\/nisacar.ch\\\/wp-content\\\/uploads\\\/2026\\\/03\\\/Reifenwechsel-Luzern-reifenwechsel-luzern-wann-sommer-winterreifen-Reifen-Bremsen-Tags-Reifenwechsel-Winterreifen-Sommerreifen-Autoservice-Luzern.jpg?fit=1200%2C850&ssl=1\",\"contentUrl\":\"https:\\\/\\\/i0.wp.com\\\/nisacar.ch\\\/wp-content\\\/uploads\\\/2026\\\/03\\\/Reifenwechsel-Luzern-reifenwechsel-luzern-wann-sommer-winterreifen-Reifen-Bremsen-Tags-Reifenwechsel-Winterreifen-Sommerreifen-Autoservice-Luzern.jpg?fit=1200%2C850&ssl=1\",\"width\":1200,\"height\":850,\"caption\":\"Reifenwechsel Luzern reifenwechsel-luzern-wann-sommer-winterreifen Reifen & Bremsen Tags Reifenwechsel, Winterreifen, Sommerreifen, Autoservice, Luzern\"},{\"@type\":\"BreadcrumbList\",\"@id\":\"https:\\\/\\\/nisacar.ch\\\/fr\\\/reifenwechsel-luzern-wann-sommer-winterreifen\\\/#breadcrumb\",\"itemListElement\":[{\"@type\":\"ListItem\",\"position\":1,\"name\":\"Home\",\"item\":\"https:\\\/\\\/nisacar.ch\\\/fr\\\/\"},{\"@type\":\"ListItem\",\"position\":2,\"name\":\"Reifenwechsel Luzern \u2013 Wann Sommer- und Winterreifen wechseln?\"}]},{\"@type\":\"WebSite\",\"@id\":\"https:\\\/\\\/nisacar.ch\\\/fr\\\/#website\",\"url\":\"https:\\\/\\\/nisacar.ch\\\/fr\\\/\",\"name\":\"NISA Car\",\"description\":\"Perfekte Pflege. Faire Preise. Schweizer Qualit\u00e4t.\",\"publisher\":{\"@id\":\"https:\\\/\\\/nisacar.ch\\\/fr\\\/#organization\"},\"potentialAction\":[{\"@type\":\"SearchAction\",\"target\":{\"@type\":\"EntryPoint\",\"urlTemplate\":\"https:\\\/\\\/nisacar.ch\\\/fr\\\/?s={search_term_string}\"},\"query-input\":{\"@type\":\"PropertyValueSpecification\",\"valueRequired\":true,\"valueName\":\"search_term_string\"}}],\"inLanguage\":\"fr-FR\"},{\"@type\":\"Organization\",\"@id\":\"https:\\\/\\\/nisacar.ch\\\/fr\\\/#organization\",\"name\":\"NISA Car Angelov\",\"url\":\"https:\\\/\\\/nisacar.ch\\\/fr\\\/\",\"logo\":{\"@type\":\"ImageObject\",\"inLanguage\":\"fr-FR\",\"@id\":\"https:\\\/\\\/nisacar.ch\\\/fr\\\/#\\\/schema\\\/logo\\\/image\\\/\",\"url\":\"https:\\\/\\\/i0.wp.com\\\/nisacar.ch\\\/wp-content\\\/uploads\\\/2025\\\/10\\\/cropped-za_autoscout-removebg-preview-Copy.png?fit=420%2C150&ssl=1\",\"contentUrl\":\"https:\\\/\\\/i0.wp.com\\\/nisacar.ch\\\/wp-content\\\/uploads\\\/2025\\\/10\\\/cropped-za_autoscout-removebg-preview-Copy.png?fit=420%2C150&ssl=1\",\"width\":420,\"height\":150,\"caption\":\"NISA Car Angelov\"},\"image\":{\"@id\":\"https:\\\/\\\/nisacar.ch\\\/fr\\\/#\\\/schema\\\/logo\\\/image\\\/\"},\"sameAs\":[\"https:\\\/\\\/www.facebook.com\\\/nisacar.ch1\",\"https:\\\/\\\/www.instagram.com\\\/nisacar_ch\\\/\"]},{\"@type\":\"Person\",\"@id\":\"https:\\\/\\\/nisacar.ch\\\/fr\\\/#\\\/schema\\\/person\\\/d92360346fc54e6f3ccb5f67baa14403\",\"name\":\"Bojan Atanasov\",\"image\":{\"@type\":\"ImageObject\",\"inLanguage\":\"fr-FR\",\"@id\":\"https:\\\/\\\/secure.gravatar.com\\\/avatar\\\/2bed02e9a515199a35221b37b3e7871dfba34ba0309d41356bb19e8e3795914d?s=96&d=mm&r=g\",\"url\":\"https:\\\/\\\/secure.gravatar.com\\\/avatar\\\/2bed02e9a515199a35221b37b3e7871dfba34ba0309d41356bb19e8e3795914d?s=96&d=mm&r=g\",\"contentUrl\":\"https:\\\/\\\/secure.gravatar.com\\\/avatar\\\/2bed02e9a515199a35221b37b3e7871dfba34ba0309d41356bb19e8e3795914d?s=96&d=mm&r=g\",\"caption\":\"Bojan Atanasov\"},\"sameAs\":[\"https:\\\/\\\/lumovo.ch\"],\"url\":\"https:\\\/\\\/nisacar.ch\\\/fr\\\/author\\\/atanasov1995\\\/\"}]}<\/script>\n<!-- \/ Yoast SEO plugin. -->","yoast_head_json":{"title":"Reifenwechsel Luzern \u2013 Wann Sommer- und Winterreifen wechseln?","description":"Wann sollte man in Luzern die Reifen wechseln? Tipps zu Sommerreifen, Winterreifen und Sicherheit im Stra\u00dfenverkehr.","robots":{"index":"index","follow":"follow","max-snippet":"max-snippet:-1","max-image-preview":"max-image-preview:large","max-video-preview":"max-video-preview:-1"},"canonical":"https:\/\/nisacar.ch\/fr\/reifenwechsel-luzern-wann-sommer-winterreifen\/","og_locale":"fr_FR","og_type":"article","og_title":"Reifenwechsel Luzern \u2013 Wann Sommer- und Winterreifen wechseln?","og_description":"Wann sollte man in Luzern die Reifen wechseln? Tipps zu Sommerreifen, Winterreifen und Sicherheit im Stra\u00dfenverkehr.","og_url":"https:\/\/nisacar.ch\/fr\/reifenwechsel-luzern-wann-sommer-winterreifen\/","og_site_name":"NISA Car","article_publisher":"https:\/\/www.facebook.com\/nisacar.ch1","article_published_time":"2026-02-03T13:59:49+00:00","article_modified_time":"2026-03-08T15:37:19+00:00","og_image":[{"width":1200,"height":850,"url":"https:\/\/nisacar.ch\/wp-content\/uploads\/2026\/03\/Reifenwechsel-Luzern-reifenwechsel-luzern-wann-sommer-winterreifen-Reifen-Bremsen-Tags-Reifenwechsel-Winterreifen-Sommerreifen-Autoservice-Luzern.jpg","type":"image\/jpeg"}],"author":"Bojan Atanasov","twitter_card":"summary_large_image","twitter_misc":{"\u00c9crit par":"Bojan Atanasov","Dur\u00e9e de lecture estim\u00e9e":"3 minutes"},"schema":{"@context":"https:\/\/schema.org","@graph":[{"@type":"Article","@id":"https:\/\/nisacar.ch\/fr\/reifenwechsel-luzern-wann-sommer-winterreifen\/#article","isPartOf":{"@id":"https:\/\/nisacar.ch\/fr\/reifenwechsel-luzern-wann-sommer-winterreifen\/"},"author":{"name":"Bojan Atanasov","@id":"https:\/\/nisacar.ch\/fr\/#\/schema\/person\/d92360346fc54e6f3ccb5f67baa14403"},"headline":"Reifenwechsel Luzern \u2013 Wann Sommer- und Winterreifen wechseln?","datePublished":"2026-02-03T13:59:49+00:00","dateModified":"2026-03-08T15:37:19+00:00","mainEntityOfPage":{"@id":"https:\/\/nisacar.ch\/fr\/reifenwechsel-luzern-wann-sommer-winterreifen\/"},"wordCount":567,"publisher":{"@id":"https:\/\/nisacar.ch\/fr\/#organization"},"image":{"@id":"https:\/\/nisacar.ch\/fr\/reifenwechsel-luzern-wann-sommer-winterreifen\/#primaryimage"},"thumbnailUrl":"https:\/\/i0.wp.com\/nisacar.ch\/wp-content\/uploads\/2026\/03\/Reifenwechsel-Luzern-reifenwechsel-luzern-wann-sommer-winterreifen-Reifen-Bremsen-Tags-Reifenwechsel-Winterreifen-Sommerreifen-Autoservice-Luzern.jpg?fit=1200%2C850&ssl=1","keywords":["Autoservice","Luzern","Reifenwechsel","Sommerreifen","Winterreifen"],"articleSection":["Reifen &amp; Bremsen"],"inLanguage":"fr-FR"},{"@type":"WebPage","@id":"https:\/\/nisacar.ch\/fr\/reifenwechsel-luzern-wann-sommer-winterreifen\/","url":"https:\/\/nisacar.ch\/fr\/reifenwechsel-luzern-wann-sommer-winterreifen\/","name":"Reifenwechsel Luzern \u2013 Wann Sommer- und Winterreifen wechseln?","isPartOf":{"@id":"https:\/\/nisacar.ch\/fr\/#website"},"primaryImageOfPage":{"@id":"https:\/\/nisacar.ch\/fr\/reifenwechsel-luzern-wann-sommer-winterreifen\/#primaryimage"},"image":{"@id":"https:\/\/nisacar.ch\/fr\/reifenwechsel-luzern-wann-sommer-winterreifen\/#primaryimage"},"thumbnailUrl":"https:\/\/i0.wp.com\/nisacar.ch\/wp-content\/uploads\/2026\/03\/Reifenwechsel-Luzern-reifenwechsel-luzern-wann-sommer-winterreifen-Reifen-Bremsen-Tags-Reifenwechsel-Winterreifen-Sommerreifen-Autoservice-Luzern.jpg?fit=1200%2C850&ssl=1","datePublished":"2026-02-03T13:59:49+00:00","dateModified":"2026-03-08T15:37:19+00:00","description":"Wann sollte man in Luzern die Reifen wechseln? Tipps zu Sommerreifen, Winterreifen und Sicherheit im Stra\u00dfenverkehr.","breadcrumb":{"@id":"https:\/\/nisacar.ch\/fr\/reifenwechsel-luzern-wann-sommer-winterreifen\/#breadcrumb"},"inLanguage":"fr-FR","potentialAction":[{"@type":"ReadAction","target":["https:\/\/nisacar.ch\/fr\/reifenwechsel-luzern-wann-sommer-winterreifen\/"]}]},{"@type":"ImageObject","inLanguage":"fr-FR","@id":"https:\/\/nisacar.ch\/fr\/reifenwechsel-luzern-wann-sommer-winterreifen\/#primaryimage","url":"https:\/\/i0.wp.com\/nisacar.ch\/wp-content\/uploads\/2026\/03\/Reifenwechsel-Luzern-reifenwechsel-luzern-wann-sommer-winterreifen-Reifen-Bremsen-Tags-Reifenwechsel-Winterreifen-Sommerreifen-Autoservice-Luzern.jpg?fit=1200%2C850&ssl=1","contentUrl":"https:\/\/i0.wp.com\/nisacar.ch\/wp-content\/uploads\/2026\/03\/Reifenwechsel-Luzern-reifenwechsel-luzern-wann-sommer-winterreifen-Reifen-Bremsen-Tags-Reifenwechsel-Winterreifen-Sommerreifen-Autoservice-Luzern.jpg?fit=1200%2C850&ssl=1","width":1200,"height":850,"caption":"Reifenwechsel Luzern reifenwechsel-luzern-wann-sommer-winterreifen Reifen & Bremsen Tags Reifenwechsel, Winterreifen, Sommerreifen, Autoservice, Luzern"},{"@type":"BreadcrumbList","@id":"https:\/\/nisacar.ch\/fr\/reifenwechsel-luzern-wann-sommer-winterreifen\/#breadcrumb","itemListElement":[{"@type":"ListItem","position":1,"name":"Home","item":"https:\/\/nisacar.ch\/fr\/"},{"@type":"ListItem","position":2,"name":"Reifenwechsel Luzern \u2013 Wann Sommer- und Winterreifen wechseln?"}]},{"@type":"WebSite","@id":"https:\/\/nisacar.ch\/fr\/#website","url":"https:\/\/nisacar.ch\/fr\/","name":"NISA Car","description":"Perfekte Pflege. Faire Preise. Schweizer Qualit\u00e4t.","publisher":{"@id":"https:\/\/nisacar.ch\/fr\/#organization"},"potentialAction":[{"@type":"SearchAction","target":{"@type":"EntryPoint","urlTemplate":"https:\/\/nisacar.ch\/fr\/?s={search_term_string}"},"query-input":{"@type":"PropertyValueSpecification","valueRequired":true,"valueName":"search_term_string"}}],"inLanguage":"fr-FR"},{"@type":"Organization","@id":"https:\/\/nisacar.ch\/fr\/#organization","name":"NISA Car Angelov","url":"https:\/\/nisacar.ch\/fr\/","logo":{"@type":"ImageObject","inLanguage":"fr-FR","@id":"https:\/\/nisacar.ch\/fr\/#\/schema\/logo\/image\/","url":"https:\/\/i0.wp.com\/nisacar.ch\/wp-content\/uploads\/2025\/10\/cropped-za_autoscout-removebg-preview-Copy.png?fit=420%2C150&ssl=1","contentUrl":"https:\/\/i0.wp.com\/nisacar.ch\/wp-content\/uploads\/2025\/10\/cropped-za_autoscout-removebg-preview-Copy.png?fit=420%2C150&ssl=1","width":420,"height":150,"caption":"NISA Car Angelov"},"image":{"@id":"https:\/\/nisacar.ch\/fr\/#\/schema\/logo\/image\/"},"sameAs":["https:\/\/www.facebook.com\/nisacar.ch1","https:\/\/www.instagram.com\/nisacar_ch\/"]},{"@type":"Person","@id":"https:\/\/nisacar.ch\/fr\/#\/schema\/person\/d92360346fc54e6f3ccb5f67baa14403","name":"Bojan Atanasov","image":{"@type":"ImageObject","inLanguage":"fr-FR","@id":"https:\/\/secure.gravatar.com\/avatar\/2bed02e9a515199a35221b37b3e7871dfba34ba0309d41356bb19e8e3795914d?s=96&d=mm&r=g","url":"https:\/\/secure.gravatar.com\/avatar\/2bed02e9a515199a35221b37b3e7871dfba34ba0309d41356bb19e8e3795914d?s=96&d=mm&r=g","contentUrl":"https:\/\/secure.gravatar.com\/avatar\/2bed02e9a515199a35221b37b3e7871dfba34ba0309d41356bb19e8e3795914d?s=96&d=mm&r=g","caption":"Bojan Atanasov"},"sameAs":["https:\/\/lumovo.ch"],"url":"https:\/\/nisacar.ch\/fr\/author\/atanasov1995\/"}]}},"jetpack_featured_media_url":"https:\/\/i0.wp.com\/nisacar.ch\/wp-content\/uploads\/2026\/03\/Reifenwechsel-Luzern-reifenwechsel-luzern-wann-sommer-winterreifen-Reifen-Bremsen-Tags-Reifenwechsel-Winterreifen-Sommerreifen-Autoservice-Luzern.jpg?fit=1200%2C850&ssl=1","jetpack_sharing_enabled":true,"_links":{"self":[{"href":"https:\/\/nisacar.ch\/fr\/wp-json\/wp\/v2\/posts\/2445","targetHints":{"allow":["GET"]}}],"collection":[{"href":"https:\/\/nisacar.ch\/fr\/wp-json\/wp\/v2\/posts"}],"about":[{"href":"https:\/\/nisacar.ch\/fr\/wp-json\/wp\/v2\/types\/post"}],"author":[{"embeddable":true,"href":"https:\/\/nisacar.ch\/fr\/wp-json\/wp\/v2\/users\/2"}],"replies":[{"embeddable":true,"href":"https:\/\/nisacar.ch\/fr\/wp-json\/wp\/v2\/comments?post=2445"}],"version-history":[{"count":4,"href":"https:\/\/nisacar.ch\/fr\/wp-json\/wp\/v2\/posts\/2445\/revisions"}],"predecessor-version":[{"id":2451,"href":"https:\/\/nisacar.ch\/fr\/wp-json\/wp\/v2\/posts\/2445\/revisions\/2451"}],"wp:featuredmedia":[{"embeddable":true,"href":"https:\/\/nisacar.ch\/fr\/wp-json\/wp\/v2\/media\/2446"}],"wp:attachment":[{"href":"https:\/\/nisacar.ch\/fr\/wp-json\/wp\/v2\/media?parent=2445"}],"wp:term":[{"taxonomy":"category","embeddable":true,"href":"https:\/\/nisacar.ch\/fr\/wp-json\/wp\/v2\/categories?post=2445"},{"taxonomy":"post_tag","embeddable":true,"href":"https:\/\/nisacar.ch\/fr\/wp-json\/wp\/v2\/tags?post=2445"}],"curies":[{"name":"wp","href":"https:\/\/api.w.org\/{rel}","templated":true}]}}